{"id":150085,"date":"2025-10-25T20:37:24","date_gmt":"2025-10-25T23:37:24","guid":{"rendered":"https:\/\/www.blogsoestado.com\/danielmatos\/?p=150085"},"modified":"2025-10-25T20:37:27","modified_gmt":"2025-10-25T23:37:27","slug":"hu-ufma-celebra-encerramento-do-internato-da-turma-111-de-medicina-da-ufma","status":"publish","type":"post","link":"https:\/\/www.blogsoestado.com\/danielmatos\/hu-ufma-celebra-encerramento-do-internato-da-turma-111-de-medicina-da-ufma\/","title":{"rendered":"HU-UFMA celebra encerramento do internato da turma 111 de Medicina da UFMA"},"content":{"rendered":"\n<p><strong><mark style=\"color:#cf2e2e\" class=\"has-inline-color\">50 acad\u00eamicos conclu\u00edram etapa de forma\u00e7\u00e3o profissional no hospital<\/mark><\/strong><\/p>\n\n\n\n<figure class=\"wp-block-image aligncenter size-full\"><img fetchpriority=\"high\" decoding=\"async\" width=\"768\" height=\"345\" src=\"https:\/\/www.blogsoestado.com\/danielmatos\/wp-content\/uploads\/sites\/2\/2025\/10\/1004081210.jpg\" alt=\"\" class=\"wp-image-150086\" srcset=\"https:\/\/www.blogsoestado.com\/danielmatos\/wp-content\/uploads\/sites\/2\/2025\/10\/1004081210.jpg 768w, https:\/\/www.blogsoestado.com\/danielmatos\/wp-content\/uploads\/sites\/2\/2025\/10\/1004081210-300x135.jpg 300w\" sizes=\"(max-width: 768px) 100vw, 768px\" \/><figcaption class=\"wp-element-caption\">Turma 111 de Medicina da UFMA encerrou ciclo de internato no Hospital Universit\u00e1rio<\/figcaption><\/figure>\n\n\n\n<p><strong>S\u00e3o Lu\u00eds (MA)-<\/strong>\u00a0O Hospital Universit\u00e1rio da UFMA (HU-UFMA), gerido pela Empresa Brasileira de Servi\u00e7os Hospitalares (Ebserh), realizou nesta sexta-feira, 24, o encerramento de mais um ciclo na vida acad\u00eamica dos alunos da turma 111 do curso de Medicina da Universidade Federal do\u00a0Maranh\u00e3o\u00a0(UFMA). Ap\u00f3s dois anos de est\u00e1gio obrigat\u00f3rio no hospital, 50 alunos conclu\u00edram o internato hospitalar, per\u00edodo em que vivenciaram, na pr\u00e1tica, atividades nas \u00e1reas de Sa\u00fade Coletiva, Cl\u00ednica M\u00e9dica, Pediatria, Ginecologia, Obstetr\u00edcia e Cirurgia Geral.<\/p>\n\n\n\n<p>O evento ocorreu no audit\u00f3rio vermelho da Unidade Presidente Dutra. Uma das coordenadoras do Internato, Adriana Reis, destacou que o est\u00e1gio tem como objetivo preparar o aluno para atuar nos diferentes n\u00edveis de aten\u00e7\u00e3o \u00e0 sa\u00fade, proporcionando uma rica experi\u00eancia para lidar com situa\u00e7\u00f5es reais que ser\u00e3o fundamentais no in\u00edcio da vida profissional.<\/p>\n\n\n\n<figure class=\"wp-block-image aligncenter size-full\"><img decoding=\"async\" width=\"768\" height=\"345\" src=\"https:\/\/www.blogsoestado.com\/danielmatos\/wp-content\/uploads\/sites\/2\/2025\/10\/1004081213.jpg\" alt=\"\" class=\"wp-image-150087\" srcset=\"https:\/\/www.blogsoestado.com\/danielmatos\/wp-content\/uploads\/sites\/2\/2025\/10\/1004081213.jpg 768w, https:\/\/www.blogsoestado.com\/danielmatos\/wp-content\/uploads\/sites\/2\/2025\/10\/1004081213-300x135.jpg 300w\" sizes=\"(max-width: 768px) 100vw, 768px\" \/><figcaption class=\"wp-element-caption\">O ato de encerramento do internato aconteceu no audit\u00f3rio vermelho da Unidade Presidente Dutra<\/figcaption><\/figure>\n\n\n\n<p>Para o acad\u00eamico Elder Teles, o per\u00edodo foi marcado por intensos aprendizados e desafios. \u201cA gente foi aprendendo a ser m\u00e9dico ao longo dos quatro anos anteriores do curso, mas nesses dois \u00faltimos anos tudo muda completamente. Aprendemos a lidar com pessoas, com equipes e com pacientes. Foram anos desafiadores, tanto por quest\u00f5es pessoais quanto pela intensidade do trabalho\u201d, afirmou Elder, que iniciou o curso em 2020, ap\u00f3s sair de Coelho Neto, no interior do&nbsp;Maranh\u00e3o. Hoje, ele j\u00e1 se v\u00ea seguindo carreira na \u00e1rea de Cl\u00ednica M\u00e9dica.<\/p>\n\n\n\n<p>A tamb\u00e9m concluinte Marina Gomes, do 12\u00ba per\u00edodo, ressaltou o amadurecimento proporcionado pela viv\u00eancia hospitalar. \u201cConsigo perceber claramente a diferen\u00e7a de como era antes de come\u00e7ar o internato. Depois de todo esse processo, reconhe\u00e7o o quanto cresci, tanto pessoal quanto profissionalmente. Foi um per\u00edodo que realmente nos moldou para chegarmos at\u00e9 aqui, prestes a nos tornarmos m\u00e9dicos. A partir de agora, quero atuar como uma profissional dedicada, sempre embasada na ci\u00eancia, em constante atualiza\u00e7\u00e3o, buscando oferecer o melhor aos pacientes\u201d, afirmou emocionada. Marina j\u00e1 decidiu seguir carreira na Pediatria, \u00e1rea pela qual se apaixonou durante o est\u00e1gio.<\/p>\n\n\n\n<figure class=\"wp-block-image aligncenter size-full\"><img decoding=\"async\" width=\"768\" height=\"345\" src=\"https:\/\/www.blogsoestado.com\/danielmatos\/wp-content\/uploads\/sites\/2\/2025\/10\/1004081217.jpg\" alt=\"\" class=\"wp-image-150088\" srcset=\"https:\/\/www.blogsoestado.com\/danielmatos\/wp-content\/uploads\/sites\/2\/2025\/10\/1004081217.jpg 768w, https:\/\/www.blogsoestado.com\/danielmatos\/wp-content\/uploads\/sites\/2\/2025\/10\/1004081217-300x135.jpg 300w\" sizes=\"(max-width: 768px) 100vw, 768px\" \/><figcaption class=\"wp-element-caption\">Acad\u00eamicos de Medicina da UFMA atuaram nos diferentes n\u00edveis de aten\u00e7\u00e3o \u00e0 sa\u00fade, proporcionando uma rica experi\u00eancia para lidar com situa\u00e7\u00f5es reais que ser\u00e3o fundamentais no in\u00edcio da vida profissional.<\/figcaption><\/figure>\n\n\n\n<p>A hematologista e preceptora do 11\u00ba per\u00edodo, Ana Ranoy Gomes, fez quest\u00e3o de deixar uma mensagem de reflex\u00e3o aos formandos: \u201cEstudem sempre, busquem se especializar continuamente. Sigam o pr\u00f3prio caminho, sem jamais se afastar do conhecimento e do compromisso de ajudar o paciente\u201d.<\/p>\n\n\n\n<p>Durante o internato, os acad\u00eamicos foram supervisionados diretamente por m\u00e9dicos respons\u00e1veis pelos servi\u00e7os e acompanhados por residentes, o que possibilitou o aprimoramento pr\u00e1tico e o desenvolvimento de compet\u00eancias cl\u00ednicas e t\u00e9cnicas. A turma iniciou o est\u00e1gio no HU-UFMA no 9\u00ba per\u00edodo do curso, pela \u00e1rea de Pediatria, e, ao longo de quatro per\u00edodos, passou por diversas especialidades at\u00e9 concluir com \u00eaxito o 12\u00ba per\u00edodo, encerrando uma importante etapa formativa.<\/p>\n\n\n\n<figure class=\"wp-block-image aligncenter size-full\"><img loading=\"lazy\" decoding=\"async\" width=\"768\" height=\"345\" src=\"https:\/\/www.blogsoestado.com\/danielmatos\/wp-content\/uploads\/sites\/2\/2025\/10\/1004081209.jpg\" alt=\"\" class=\"wp-image-150089\" srcset=\"https:\/\/www.blogsoestado.com\/danielmatos\/wp-content\/uploads\/sites\/2\/2025\/10\/1004081209.jpg 768w, https:\/\/www.blogsoestado.com\/danielmatos\/wp-content\/uploads\/sites\/2\/2025\/10\/1004081209-300x135.jpg 300w\" sizes=\"(max-width: 768px) 100vw, 768px\" \/><figcaption class=\"wp-element-caption\">Durante o internato, os acad\u00eamicos foram supervisionados diretamente por m\u00e9dicos respons\u00e1veis pelos servi\u00e7os e acompanhados por residentes<\/figcaption><\/figure>\n\n\n\n<p><strong>Sobre a Ebserh<\/strong><\/p>\n\n\n\n<p>O HU-UFMA faz parte da Rede Ebserh desde 2013. Vinculada ao Minist\u00e9rio da Educa\u00e7\u00e3o (MEC), a Ebserh foi criada em 2011 e, atualmente, administra 41 hospitais universit\u00e1rios federais, apoiando e impulsionando suas atividades por meio de uma gest\u00e3o de excel\u00eancia. Como hospitais vinculados a universidades federais, essas unidades t\u00eam caracter\u00edsticas espec\u00edficas: atendem pacientes do Sistema \u00danico de Sa\u00fade (SUS) ao mesmo tempo que apoiam a forma\u00e7\u00e3o de profissionais de sa\u00fade e o desenvolvimento de pesquisas e inova\u00e7\u00e3o.<\/p>\n","protected":false},"excerpt":{"rendered":"<p>50 acad\u00eamicos conclu\u00edram etapa de forma\u00e7\u00e3o profissional no hospital S\u00e3o Lu\u00eds (MA)-\u00a0O Hospital Universit\u00e1rio da UFMA (HU-UFMA), gerido pela Empresa [&hellip;]<\/p>\n","protected":false},"author":2,"featured_media":0,"comment_status":"open","ping_status":"open","sticky":false,"template":"","format":"standard","meta":{"site-sidebar-layout":"default","site-content-layout":"","ast-site-content-layout":"default","site-content-style":"default","site-sidebar-style":"default","ast-global-header-display":"","ast-banner-title-visibility":"","ast-main-header-display":"","ast-hfb-above-header-display":"","ast-hfb-below-header-display":"","ast-hfb-mobile-header-display":"","site-post-title":"","ast-breadcrumbs-content":"","ast-featured-img":"","footer-sml-layout":"","ast-disable-related-posts":"","theme-transparent-header-meta":"","adv-header-id-meta":"","stick-header-meta":"","header-above-stick-meta":"","header-main-stick-meta":"","header-below-stick-meta":"","astra-migrate-meta-layouts":"default","ast-page-background-enabled":"default","ast-page-background-meta":{"desktop":{"background-color":"var(--ast-global-color-5)","background-image":"","background-repeat":"repeat","background-position":"center center","background-size":"auto","background-attachment":"scroll","background-type":"","background-media":"","overlay-type":"","overlay-color":"","overlay-opacity":"","overlay-gradient":""},"tablet":{"background-color":"","background-image":"","background-repeat":"repeat","background-position":"center center","background-size":"auto","background-attachment":"scroll","background-type":"","background-media":"","overlay-type":"","overlay-color":"","overlay-opacity":"","overlay-gradient":""},"mobile":{"background-color":"","background-image":"","background-repeat":"repeat","background-position":"center center","background-size":"auto","background-attachment":"scroll","background-type":"","background-media":"","overlay-type":"","overlay-color":"","overlay-opacity":"","overlay-gradient":""}},"ast-content-background-meta":{"desktop":{"background-color":"var(--ast-global-color-4)","background-image":"","background-repeat":"repeat","background-position":"center center","background-size":"auto","background-attachment":"scroll","background-type":"","background-media":"","overlay-type":"","overlay-color":"","overlay-opacity":"","overlay-gradient":""},"tablet":{"background-color":"var(--ast-global-color-4)","background-image":"","background-repeat":"repeat","background-position":"center center","background-size":"auto","background-attachment":"scroll","background-type":"","background-media":"","overlay-type":"","overlay-color":"","overlay-opacity":"","overlay-gradient":""},"mobile":{"background-color":"var(--ast-global-color-4)","background-image":"","background-repeat":"repeat","background-position":"center center","background-size":"auto","background-attachment":"scroll","background-type":"","background-media":"","overlay-type":"","overlay-color":"","overlay-opacity":"","overlay-gradient":""}},"footnotes":""},"categories":[1],"tags":[],"class_list":["post-150085","post","type-post","status-publish","format-standard","hentry","category-sem-categoria"],"yoast_head":"<!-- This site is optimized with the Yoast SEO plugin v26.6 - https:\/\/yoast.com\/wordpress\/plugins\/seo\/ -->\n<title>HU-UFMA celebra encerramento do internato da turma 111 de Medicina da UFMA - Daniel Matos<\/title>\n<meta name=\"robots\" content=\"index, follow, max-snippet:-1, max-image-preview:large, max-video-preview:-1\" \/>\n<link rel=\"canonical\" href=\"https:\/\/www.blogsoestado.com\/danielmatos\/hu-ufma-celebra-encerramento-do-internato-da-turma-111-de-medicina-da-ufma\/\" \/>\n<meta property=\"og:locale\" content=\"pt_BR\" \/>\n<meta property=\"og:type\" content=\"article\" \/>\n<meta property=\"og:title\" content=\"HU-UFMA celebra encerramento do internato da turma 111 de Medicina da UFMA - Daniel Matos\" \/>\n<meta property=\"og:description\" content=\"50 acad\u00eamicos conclu\u00edram etapa de forma\u00e7\u00e3o profissional no hospital S\u00e3o Lu\u00eds (MA)-\u00a0O Hospital Universit\u00e1rio da UFMA (HU-UFMA), gerido pela Empresa [&hellip;]\" \/>\n<meta property=\"og:url\" content=\"https:\/\/www.blogsoestado.com\/danielmatos\/hu-ufma-celebra-encerramento-do-internato-da-turma-111-de-medicina-da-ufma\/\" \/>\n<meta property=\"og:site_name\" content=\"Daniel Matos\" \/>\n<meta property=\"article:published_time\" content=\"2025-10-25T23:37:24+00:00\" \/>\n<meta property=\"article:modified_time\" content=\"2025-10-25T23:37:27+00:00\" \/>\n<meta property=\"og:image\" content=\"https:\/\/www.blogsoestado.com\/danielmatos\/wp-content\/uploads\/sites\/2\/2025\/10\/1004081210.jpg\" \/>\n\t<meta property=\"og:image:width\" content=\"768\" \/>\n\t<meta property=\"og:image:height\" content=\"345\" \/>\n\t<meta property=\"og:image:type\" content=\"image\/jpeg\" \/>\n<meta name=\"author\" content=\"Daniel Matos\" \/>\n<meta name=\"twitter:card\" content=\"summary_large_image\" \/>\n<meta name=\"twitter:label1\" content=\"Escrito por\" \/>\n\t<meta name=\"twitter:data1\" content=\"Daniel Matos\" \/>\n\t<meta name=\"twitter:label2\" content=\"Est. tempo de leitura\" \/>\n\t<meta name=\"twitter:data2\" content=\"5 minutos\" \/>\n<script type=\"application\/ld+json\" class=\"yoast-schema-graph\">{\"@context\":\"https:\/\/schema.org\",\"@graph\":[{\"@type\":\"WebPage\",\"@id\":\"https:\/\/www.blogsoestado.com\/danielmatos\/hu-ufma-celebra-encerramento-do-internato-da-turma-111-de-medicina-da-ufma\/\",\"url\":\"https:\/\/www.blogsoestado.com\/danielmatos\/hu-ufma-celebra-encerramento-do-internato-da-turma-111-de-medicina-da-ufma\/\",\"name\":\"HU-UFMA celebra encerramento do internato da turma 111 de Medicina da UFMA - Daniel Matos\",\"isPartOf\":{\"@id\":\"https:\/\/www.blogsoestado.com\/danielmatos\/#website\"},\"primaryImageOfPage\":{\"@id\":\"https:\/\/www.blogsoestado.com\/danielmatos\/hu-ufma-celebra-encerramento-do-internato-da-turma-111-de-medicina-da-ufma\/#primaryimage\"},\"image\":{\"@id\":\"https:\/\/www.blogsoestado.com\/danielmatos\/hu-ufma-celebra-encerramento-do-internato-da-turma-111-de-medicina-da-ufma\/#primaryimage\"},\"thumbnailUrl\":\"https:\/\/www.blogsoestado.com\/danielmatos\/wp-content\/uploads\/sites\/2\/2025\/10\/1004081210.jpg\",\"datePublished\":\"2025-10-25T23:37:24+00:00\",\"dateModified\":\"2025-10-25T23:37:27+00:00\",\"author\":{\"@id\":\"https:\/\/www.blogsoestado.com\/danielmatos\/#\/schema\/person\/9a209d407cd45631f131e1285b661bb0\"},\"breadcrumb\":{\"@id\":\"https:\/\/www.blogsoestado.com\/danielmatos\/hu-ufma-celebra-encerramento-do-internato-da-turma-111-de-medicina-da-ufma\/#breadcrumb\"},\"inLanguage\":\"pt-BR\",\"potentialAction\":[{\"@type\":\"ReadAction\",\"target\":[\"https:\/\/www.blogsoestado.com\/danielmatos\/hu-ufma-celebra-encerramento-do-internato-da-turma-111-de-medicina-da-ufma\/\"]}]},{\"@type\":\"ImageObject\",\"inLanguage\":\"pt-BR\",\"@id\":\"https:\/\/www.blogsoestado.com\/danielmatos\/hu-ufma-celebra-encerramento-do-internato-da-turma-111-de-medicina-da-ufma\/#primaryimage\",\"url\":\"https:\/\/www.blogsoestado.com\/danielmatos\/wp-content\/uploads\/sites\/2\/2025\/10\/1004081210.jpg\",\"contentUrl\":\"https:\/\/www.blogsoestado.com\/danielmatos\/wp-content\/uploads\/sites\/2\/2025\/10\/1004081210.jpg\",\"width\":768,\"height\":345},{\"@type\":\"BreadcrumbList\",\"@id\":\"https:\/\/www.blogsoestado.com\/danielmatos\/hu-ufma-celebra-encerramento-do-internato-da-turma-111-de-medicina-da-ufma\/#breadcrumb\",\"itemListElement\":[{\"@type\":\"ListItem\",\"position\":1,\"name\":\"In\u00edcio\",\"item\":\"https:\/\/www.blogsoestado.com\/danielmatos\/\"},{\"@type\":\"ListItem\",\"position\":2,\"name\":\"HU-UFMA celebra encerramento do internato da turma 111 de Medicina da UFMA\"}]},{\"@type\":\"WebSite\",\"@id\":\"https:\/\/www.blogsoestado.com\/danielmatos\/#website\",\"url\":\"https:\/\/www.blogsoestado.com\/danielmatos\/\",\"name\":\"Daniel Matos\",\"description\":\"\",\"potentialAction\":[{\"@type\":\"SearchAction\",\"target\":{\"@type\":\"EntryPoint\",\"urlTemplate\":\"https:\/\/www.blogsoestado.com\/danielmatos\/?s={search_term_string}\"},\"query-input\":{\"@type\":\"PropertyValueSpecification\",\"valueRequired\":true,\"valueName\":\"search_term_string\"}}],\"inLanguage\":\"pt-BR\"},{\"@type\":\"Person\",\"@id\":\"https:\/\/www.blogsoestado.com\/danielmatos\/#\/schema\/person\/9a209d407cd45631f131e1285b661bb0\",\"name\":\"Daniel Matos\",\"image\":{\"@type\":\"ImageObject\",\"inLanguage\":\"pt-BR\",\"@id\":\"https:\/\/www.blogsoestado.com\/danielmatos\/#\/schema\/person\/image\/\",\"url\":\"https:\/\/secure.gravatar.com\/avatar\/2f26c36ee355da19a257f0dfef43952a2588b324ca35d6719e859fe338ac0392?s=96&d=mm&r=g\",\"contentUrl\":\"https:\/\/secure.gravatar.com\/avatar\/2f26c36ee355da19a257f0dfef43952a2588b324ca35d6719e859fe338ac0392?s=96&d=mm&r=g\",\"caption\":\"Daniel Matos\"},\"url\":\"https:\/\/www.blogsoestado.com\/danielmatos\/author\/danielmatos\/\"}]}<\/script>\n<!-- \/ Yoast SEO plugin. -->","yoast_head_json":{"title":"HU-UFMA celebra encerramento do internato da turma 111 de Medicina da UFMA - Daniel Matos","robots":{"index":"index","follow":"follow","max-snippet":"max-snippet:-1","max-image-preview":"max-image-preview:large","max-video-preview":"max-video-preview:-1"},"canonical":"https:\/\/www.blogsoestado.com\/danielmatos\/hu-ufma-celebra-encerramento-do-internato-da-turma-111-de-medicina-da-ufma\/","og_locale":"pt_BR","og_type":"article","og_title":"HU-UFMA celebra encerramento do internato da turma 111 de Medicina da UFMA - Daniel Matos","og_description":"50 acad\u00eamicos conclu\u00edram etapa de forma\u00e7\u00e3o profissional no hospital S\u00e3o Lu\u00eds (MA)-\u00a0O Hospital Universit\u00e1rio da UFMA (HU-UFMA), gerido pela Empresa [&hellip;]","og_url":"https:\/\/www.blogsoestado.com\/danielmatos\/hu-ufma-celebra-encerramento-do-internato-da-turma-111-de-medicina-da-ufma\/","og_site_name":"Daniel Matos","article_published_time":"2025-10-25T23:37:24+00:00","article_modified_time":"2025-10-25T23:37:27+00:00","og_image":[{"width":768,"height":345,"url":"https:\/\/www.blogsoestado.com\/danielmatos\/wp-content\/uploads\/sites\/2\/2025\/10\/1004081210.jpg","type":"image\/jpeg"}],"author":"Daniel Matos","twitter_card":"summary_large_image","twitter_misc":{"Escrito por":"Daniel Matos","Est. tempo de leitura":"5 minutos"},"schema":{"@context":"https:\/\/schema.org","@graph":[{"@type":"WebPage","@id":"https:\/\/www.blogsoestado.com\/danielmatos\/hu-ufma-celebra-encerramento-do-internato-da-turma-111-de-medicina-da-ufma\/","url":"https:\/\/www.blogsoestado.com\/danielmatos\/hu-ufma-celebra-encerramento-do-internato-da-turma-111-de-medicina-da-ufma\/","name":"HU-UFMA celebra encerramento do internato da turma 111 de Medicina da UFMA - Daniel Matos","isPartOf":{"@id":"https:\/\/www.blogsoestado.com\/danielmatos\/#website"},"primaryImageOfPage":{"@id":"https:\/\/www.blogsoestado.com\/danielmatos\/hu-ufma-celebra-encerramento-do-internato-da-turma-111-de-medicina-da-ufma\/#primaryimage"},"image":{"@id":"https:\/\/www.blogsoestado.com\/danielmatos\/hu-ufma-celebra-encerramento-do-internato-da-turma-111-de-medicina-da-ufma\/#primaryimage"},"thumbnailUrl":"https:\/\/www.blogsoestado.com\/danielmatos\/wp-content\/uploads\/sites\/2\/2025\/10\/1004081210.jpg","datePublished":"2025-10-25T23:37:24+00:00","dateModified":"2025-10-25T23:37:27+00:00","author":{"@id":"https:\/\/www.blogsoestado.com\/danielmatos\/#\/schema\/person\/9a209d407cd45631f131e1285b661bb0"},"breadcrumb":{"@id":"https:\/\/www.blogsoestado.com\/danielmatos\/hu-ufma-celebra-encerramento-do-internato-da-turma-111-de-medicina-da-ufma\/#breadcrumb"},"inLanguage":"pt-BR","potentialAction":[{"@type":"ReadAction","target":["https:\/\/www.blogsoestado.com\/danielmatos\/hu-ufma-celebra-encerramento-do-internato-da-turma-111-de-medicina-da-ufma\/"]}]},{"@type":"ImageObject","inLanguage":"pt-BR","@id":"https:\/\/www.blogsoestado.com\/danielmatos\/hu-ufma-celebra-encerramento-do-internato-da-turma-111-de-medicina-da-ufma\/#primaryimage","url":"https:\/\/www.blogsoestado.com\/danielmatos\/wp-content\/uploads\/sites\/2\/2025\/10\/1004081210.jpg","contentUrl":"https:\/\/www.blogsoestado.com\/danielmatos\/wp-content\/uploads\/sites\/2\/2025\/10\/1004081210.jpg","width":768,"height":345},{"@type":"BreadcrumbList","@id":"https:\/\/www.blogsoestado.com\/danielmatos\/hu-ufma-celebra-encerramento-do-internato-da-turma-111-de-medicina-da-ufma\/#breadcrumb","itemListElement":[{"@type":"ListItem","position":1,"name":"In\u00edcio","item":"https:\/\/www.blogsoestado.com\/danielmatos\/"},{"@type":"ListItem","position":2,"name":"HU-UFMA celebra encerramento do internato da turma 111 de Medicina da UFMA"}]},{"@type":"WebSite","@id":"https:\/\/www.blogsoestado.com\/danielmatos\/#website","url":"https:\/\/www.blogsoestado.com\/danielmatos\/","name":"Daniel Matos","description":"","potentialAction":[{"@type":"SearchAction","target":{"@type":"EntryPoint","urlTemplate":"https:\/\/www.blogsoestado.com\/danielmatos\/?s={search_term_string}"},"query-input":{"@type":"PropertyValueSpecification","valueRequired":true,"valueName":"search_term_string"}}],"inLanguage":"pt-BR"},{"@type":"Person","@id":"https:\/\/www.blogsoestado.com\/danielmatos\/#\/schema\/person\/9a209d407cd45631f131e1285b661bb0","name":"Daniel Matos","image":{"@type":"ImageObject","inLanguage":"pt-BR","@id":"https:\/\/www.blogsoestado.com\/danielmatos\/#\/schema\/person\/image\/","url":"https:\/\/secure.gravatar.com\/avatar\/2f26c36ee355da19a257f0dfef43952a2588b324ca35d6719e859fe338ac0392?s=96&d=mm&r=g","contentUrl":"https:\/\/secure.gravatar.com\/avatar\/2f26c36ee355da19a257f0dfef43952a2588b324ca35d6719e859fe338ac0392?s=96&d=mm&r=g","caption":"Daniel Matos"},"url":"https:\/\/www.blogsoestado.com\/danielmatos\/author\/danielmatos\/"}]}},"jetpack_featured_media_url":"","_links":{"self":[{"href":"https:\/\/www.blogsoestado.com\/danielmatos\/wp-json\/wp\/v2\/posts\/150085","targetHints":{"allow":["GET"]}}],"collection":[{"href":"https:\/\/www.blogsoestado.com\/danielmatos\/wp-json\/wp\/v2\/posts"}],"about":[{"href":"https:\/\/www.blogsoestado.com\/danielmatos\/wp-json\/wp\/v2\/types\/post"}],"author":[{"embeddable":true,"href":"https:\/\/www.blogsoestado.com\/danielmatos\/wp-json\/wp\/v2\/users\/2"}],"replies":[{"embeddable":true,"href":"https:\/\/www.blogsoestado.com\/danielmatos\/wp-json\/wp\/v2\/comments?post=150085"}],"version-history":[{"count":1,"href":"https:\/\/www.blogsoestado.com\/danielmatos\/wp-json\/wp\/v2\/posts\/150085\/revisions"}],"predecessor-version":[{"id":150090,"href":"https:\/\/www.blogsoestado.com\/danielmatos\/wp-json\/wp\/v2\/posts\/150085\/revisions\/150090"}],"wp:attachment":[{"href":"https:\/\/www.blogsoestado.com\/danielmatos\/wp-json\/wp\/v2\/media?parent=150085"}],"wp:term":[{"taxonomy":"category","embeddable":true,"href":"https:\/\/www.blogsoestado.com\/danielmatos\/wp-json\/wp\/v2\/categories?post=150085"},{"taxonomy":"post_tag","embeddable":true,"href":"https:\/\/www.blogsoestado.com\/danielmatos\/wp-json\/wp\/v2\/tags?post=150085"}],"curies":[{"name":"wp","href":"https:\/\/api.w.org\/{rel}","templated":true}]}}