{"id":1505,"date":"2009-10-23T10:33:43","date_gmt":"2009-10-23T12:33:43","guid":{"rendered":"https:\/\/www.blogsoestado.com\/danielmatos\/?p=1505"},"modified":"2009-10-23T10:33:43","modified_gmt":"2009-10-23T12:33:43","slug":"ladrao-que-usava-disfarce-de-gari-e-preso-mas-deixa-cadeia-apos-depoimento","status":"publish","type":"post","link":"https:\/\/www.blogsoestado.com\/danielmatos\/ladrao-que-usava-disfarce-de-gari-e-preso-mas-deixa-cadeia-apos-depoimento\/","title":{"rendered":"Ladr\u00e3o que usava disfarce de gari \u00e9 preso, mas deixa cadeia ap\u00f3s depoimento"},"content":{"rendered":"<p><a href=\"https:\/\/www.blogsoestado.com\/danielmatos\/files\/2009\/10\/ladrao-limpel.jpg\"><img fetchpriority=\"high\" decoding=\"async\" class=\"alignright size-medium wp-image-1506\" src=\"https:\/\/www.blogsoestado.com\/danielmatos\/files\/2009\/10\/ladrao-limpel.jpg\" alt=\"\" width=\"336\" height=\"445\" \/><\/a>Um achado inusitado surpreendeu, ontem,\u00a0policiais do 12\u00ba Distrito Policial, em Pedrinhas. Ao fazer uma busca na casa de Cleomar Oliveira Carvalho (foto), 19 anos, preso momentos antes acusado de praticar v\u00e1rios assaltos na Vila Esperan\u00e7a, bairro vizinho ao Maracan\u00e3, a equipe de capturas da delegacia encontrou um fardamento semi-novo da Limpel, uma das empresas respons\u00e1veis pelo servi\u00e7o de limpeza p\u00fablica na capital.<\/p>\n<p>Ao ser interrogado, o ladr\u00e3o logo confessou que usava o uniforme para praticar furtos e assaltos a \u00f4nibus e transeuntes.\u00a0A t\u00e1tica era a seguinte: ele\u00a0fingia ser um simples gari e, ao menor vacilo da v\u00edtima, praticava o crime. Al\u00e9m de fardado, ele portava vassoura, p\u00e1 e\u00a0outros utens\u00edlios comuns ao trabalho dos agentes de limpeza.\u00a0<\/p>\n<p>Em seu servi\u00e7o di\u00e1rio, Cleomar n\u00e3o dispensava um fac\u00e3o. Para enganar suas presas, simulava usar o instrumento para capinar. Mas,\u00a0assim que enxergava uma oportunidade, transformava a ferramenta em arma.\u00a0<\/p>\n<p>O curioso \u00e9 que apesar de todos os ind\u00edcios, o ladr\u00e3o foi liberado ap\u00f3s prestar depoimento. A justificativa \u00e9 que n\u00e3o fora preso em\u00a0flagrante. Assim, permanecer\u00e1 livre para usar sua criatividade e inventar outros golpes.<\/p>\n<p><strong>Foto:<\/strong> Secretaria de Seguran\u00e7a P\u00fablica<\/p>\n","protected":false},"excerpt":{"rendered":"<p>Um achado inusitado surpreendeu, ontem,\u00a0policiais do 12\u00ba Distrito Policial, em Pedrinhas. Ao fazer uma busca na casa de Cleomar Oliveira [&hellip;]<\/p>\n","protected":false},"author":0,"featured_media":0,"comment_status":"open","ping_status":"open","sticky":false,"template":"","format":"standard","meta":{"site-sidebar-layout":"default","site-content-layout":"","ast-site-content-layout":"default","site-content-style":"default","site-sidebar-style":"default","ast-global-header-display":"","ast-banner-title-visibility":"","ast-main-header-display":"","ast-hfb-above-header-display":"","ast-hfb-below-header-display":"","ast-hfb-mobile-header-display":"","site-post-title":"","ast-breadcrumbs-content":"","ast-featured-img":"","footer-sml-layout":"","ast-disable-related-posts":"","theme-transparent-header-meta":"","adv-header-id-meta":"","stick-header-meta":"","header-above-stick-meta":"","header-main-stick-meta":"","header-below-stick-meta":"","astra-migrate-meta-layouts":"default","ast-page-background-enabled":"default","ast-page-background-meta":{"desktop":{"background-color":"var(--ast-global-color-5)","background-image":"","background-repeat":"repeat","background-position":"center center","background-size":"auto","background-attachment":"scroll","background-type":"","background-media":"","overlay-type":"","overlay-color":"","overlay-opacity":"","overlay-gradient":""},"tablet":{"background-color":"","background-image":"","background-repeat":"repeat","background-position":"center center","background-size":"auto","background-attachment":"scroll","background-type":"","background-media":"","overlay-type":"","overlay-color":"","overlay-opacity":"","overlay-gradient":""},"mobile":{"background-color":"","background-image":"","background-repeat":"repeat","background-position":"center center","background-size":"auto","background-attachment":"scroll","background-type":"","background-media":"","overlay-type":"","overlay-color":"","overlay-opacity":"","overlay-gradient":""}},"ast-content-background-meta":{"desktop":{"background-color":"var(--ast-global-color-4)","background-image":"","background-repeat":"repeat","background-position":"center center","background-size":"auto","background-attachment":"scroll","background-type":"","background-media":"","overlay-type":"","overlay-color":"","overlay-opacity":"","overlay-gradient":""},"tablet":{"background-color":"var(--ast-global-color-4)","background-image":"","background-repeat":"repeat","background-position":"center center","background-size":"auto","background-attachment":"scroll","background-type":"","background-media":"","overlay-type":"","overlay-color":"","overlay-opacity":"","overlay-gradient":""},"mobile":{"background-color":"var(--ast-global-color-4)","background-image":"","background-repeat":"repeat","background-position":"center center","background-size":"auto","background-attachment":"scroll","background-type":"","background-media":"","overlay-type":"","overlay-color":"","overlay-opacity":"","overlay-gradient":""}},"footnotes":""},"categories":[1],"tags":[],"class_list":["post-1505","post","type-post","status-publish","format-standard","hentry","category-sem-categoria"],"yoast_head":"<!-- This site is optimized with the Yoast SEO plugin v26.6 - https:\/\/yoast.com\/wordpress\/plugins\/seo\/ -->\n<title>Ladr\u00e3o que usava disfarce de gari \u00e9 preso, mas deixa cadeia ap\u00f3s depoimento - Daniel Matos<\/title>\n<meta name=\"robots\" content=\"index, follow, max-snippet:-1, max-image-preview:large, max-video-preview:-1\" \/>\n<link rel=\"canonical\" href=\"https:\/\/www.blogsoestado.com\/danielmatos\/ladrao-que-usava-disfarce-de-gari-e-preso-mas-deixa-cadeia-apos-depoimento\/\" \/>\n<meta property=\"og:locale\" content=\"pt_BR\" \/>\n<meta property=\"og:type\" content=\"article\" \/>\n<meta property=\"og:title\" content=\"Ladr\u00e3o que usava disfarce de gari \u00e9 preso, mas deixa cadeia ap\u00f3s depoimento - Daniel Matos\" \/>\n<meta property=\"og:description\" content=\"Um achado inusitado surpreendeu, ontem,\u00a0policiais do 12\u00ba Distrito Policial, em Pedrinhas. Ao fazer uma busca na casa de Cleomar Oliveira [&hellip;]\" \/>\n<meta property=\"og:url\" content=\"https:\/\/www.blogsoestado.com\/danielmatos\/ladrao-que-usava-disfarce-de-gari-e-preso-mas-deixa-cadeia-apos-depoimento\/\" \/>\n<meta property=\"og:site_name\" content=\"Daniel Matos\" \/>\n<meta property=\"article:published_time\" content=\"2009-10-23T12:33:43+00:00\" \/>\n<meta property=\"og:image\" content=\"https:\/\/www.blogsoestado.com\/danielmatos\/files\/2009\/10\/ladrao-limpel.jpg\" \/>\n<meta name=\"twitter:card\" content=\"summary_large_image\" \/>\n<meta name=\"twitter:label1\" content=\"Est. tempo de leitura\" \/>\n\t<meta name=\"twitter:data1\" content=\"1 minuto\" \/>\n<script type=\"application\/ld+json\" class=\"yoast-schema-graph\">{\"@context\":\"https:\/\/schema.org\",\"@graph\":[{\"@type\":\"WebPage\",\"@id\":\"https:\/\/www.blogsoestado.com\/danielmatos\/ladrao-que-usava-disfarce-de-gari-e-preso-mas-deixa-cadeia-apos-depoimento\/\",\"url\":\"https:\/\/www.blogsoestado.com\/danielmatos\/ladrao-que-usava-disfarce-de-gari-e-preso-mas-deixa-cadeia-apos-depoimento\/\",\"name\":\"Ladr\u00e3o que usava disfarce de gari \u00e9 preso, mas deixa cadeia ap\u00f3s depoimento - Daniel Matos\",\"isPartOf\":{\"@id\":\"https:\/\/www.blogsoestado.com\/danielmatos\/#website\"},\"primaryImageOfPage\":{\"@id\":\"https:\/\/www.blogsoestado.com\/danielmatos\/ladrao-que-usava-disfarce-de-gari-e-preso-mas-deixa-cadeia-apos-depoimento\/#primaryimage\"},\"image\":{\"@id\":\"https:\/\/www.blogsoestado.com\/danielmatos\/ladrao-que-usava-disfarce-de-gari-e-preso-mas-deixa-cadeia-apos-depoimento\/#primaryimage\"},\"thumbnailUrl\":\"https:\/\/www.blogsoestado.com\/danielmatos\/files\/2009\/10\/ladrao-limpel.jpg\",\"datePublished\":\"2009-10-23T12:33:43+00:00\",\"author\":{\"@id\":\"\"},\"breadcrumb\":{\"@id\":\"https:\/\/www.blogsoestado.com\/danielmatos\/ladrao-que-usava-disfarce-de-gari-e-preso-mas-deixa-cadeia-apos-depoimento\/#breadcrumb\"},\"inLanguage\":\"pt-BR\",\"potentialAction\":[{\"@type\":\"ReadAction\",\"target\":[\"https:\/\/www.blogsoestado.com\/danielmatos\/ladrao-que-usava-disfarce-de-gari-e-preso-mas-deixa-cadeia-apos-depoimento\/\"]}]},{\"@type\":\"ImageObject\",\"inLanguage\":\"pt-BR\",\"@id\":\"https:\/\/www.blogsoestado.com\/danielmatos\/ladrao-que-usava-disfarce-de-gari-e-preso-mas-deixa-cadeia-apos-depoimento\/#primaryimage\",\"url\":\"https:\/\/www.blogsoestado.com\/danielmatos\/files\/2009\/10\/ladrao-limpel.jpg\",\"contentUrl\":\"https:\/\/www.blogsoestado.com\/danielmatos\/files\/2009\/10\/ladrao-limpel.jpg\"},{\"@type\":\"BreadcrumbList\",\"@id\":\"https:\/\/www.blogsoestado.com\/danielmatos\/ladrao-que-usava-disfarce-de-gari-e-preso-mas-deixa-cadeia-apos-depoimento\/#breadcrumb\",\"itemListElement\":[{\"@type\":\"ListItem\",\"position\":1,\"name\":\"In\u00edcio\",\"item\":\"https:\/\/www.blogsoestado.com\/danielmatos\/\"},{\"@type\":\"ListItem\",\"position\":2,\"name\":\"Ladr\u00e3o que usava disfarce de gari \u00e9 preso, mas deixa cadeia ap\u00f3s depoimento\"}]},{\"@type\":\"WebSite\",\"@id\":\"https:\/\/www.blogsoestado.com\/danielmatos\/#website\",\"url\":\"https:\/\/www.blogsoestado.com\/danielmatos\/\",\"name\":\"Daniel Matos\",\"description\":\"\",\"potentialAction\":[{\"@type\":\"SearchAction\",\"target\":{\"@type\":\"EntryPoint\",\"urlTemplate\":\"https:\/\/www.blogsoestado.com\/danielmatos\/?s={search_term_string}\"},\"query-input\":{\"@type\":\"PropertyValueSpecification\",\"valueRequired\":true,\"valueName\":\"search_term_string\"}}],\"inLanguage\":\"pt-BR\"}]}<\/script>\n<!-- \/ Yoast SEO plugin. -->","yoast_head_json":{"title":"Ladr\u00e3o que usava disfarce de gari \u00e9 preso, mas deixa cadeia ap\u00f3s depoimento - Daniel Matos","robots":{"index":"index","follow":"follow","max-snippet":"max-snippet:-1","max-image-preview":"max-image-preview:large","max-video-preview":"max-video-preview:-1"},"canonical":"https:\/\/www.blogsoestado.com\/danielmatos\/ladrao-que-usava-disfarce-de-gari-e-preso-mas-deixa-cadeia-apos-depoimento\/","og_locale":"pt_BR","og_type":"article","og_title":"Ladr\u00e3o que usava disfarce de gari \u00e9 preso, mas deixa cadeia ap\u00f3s depoimento - Daniel Matos","og_description":"Um achado inusitado surpreendeu, ontem,\u00a0policiais do 12\u00ba Distrito Policial, em Pedrinhas. Ao fazer uma busca na casa de Cleomar Oliveira [&hellip;]","og_url":"https:\/\/www.blogsoestado.com\/danielmatos\/ladrao-que-usava-disfarce-de-gari-e-preso-mas-deixa-cadeia-apos-depoimento\/","og_site_name":"Daniel Matos","article_published_time":"2009-10-23T12:33:43+00:00","og_image":[{"url":"https:\/\/www.blogsoestado.com\/danielmatos\/files\/2009\/10\/ladrao-limpel.jpg","type":"","width":"","height":""}],"twitter_card":"summary_large_image","twitter_misc":{"Est. tempo de leitura":"1 minuto"},"schema":{"@context":"https:\/\/schema.org","@graph":[{"@type":"WebPage","@id":"https:\/\/www.blogsoestado.com\/danielmatos\/ladrao-que-usava-disfarce-de-gari-e-preso-mas-deixa-cadeia-apos-depoimento\/","url":"https:\/\/www.blogsoestado.com\/danielmatos\/ladrao-que-usava-disfarce-de-gari-e-preso-mas-deixa-cadeia-apos-depoimento\/","name":"Ladr\u00e3o que usava disfarce de gari \u00e9 preso, mas deixa cadeia ap\u00f3s depoimento - Daniel Matos","isPartOf":{"@id":"https:\/\/www.blogsoestado.com\/danielmatos\/#website"},"primaryImageOfPage":{"@id":"https:\/\/www.blogsoestado.com\/danielmatos\/ladrao-que-usava-disfarce-de-gari-e-preso-mas-deixa-cadeia-apos-depoimento\/#primaryimage"},"image":{"@id":"https:\/\/www.blogsoestado.com\/danielmatos\/ladrao-que-usava-disfarce-de-gari-e-preso-mas-deixa-cadeia-apos-depoimento\/#primaryimage"},"thumbnailUrl":"https:\/\/www.blogsoestado.com\/danielmatos\/files\/2009\/10\/ladrao-limpel.jpg","datePublished":"2009-10-23T12:33:43+00:00","author":{"@id":""},"breadcrumb":{"@id":"https:\/\/www.blogsoestado.com\/danielmatos\/ladrao-que-usava-disfarce-de-gari-e-preso-mas-deixa-cadeia-apos-depoimento\/#breadcrumb"},"inLanguage":"pt-BR","potentialAction":[{"@type":"ReadAction","target":["https:\/\/www.blogsoestado.com\/danielmatos\/ladrao-que-usava-disfarce-de-gari-e-preso-mas-deixa-cadeia-apos-depoimento\/"]}]},{"@type":"ImageObject","inLanguage":"pt-BR","@id":"https:\/\/www.blogsoestado.com\/danielmatos\/ladrao-que-usava-disfarce-de-gari-e-preso-mas-deixa-cadeia-apos-depoimento\/#primaryimage","url":"https:\/\/www.blogsoestado.com\/danielmatos\/files\/2009\/10\/ladrao-limpel.jpg","contentUrl":"https:\/\/www.blogsoestado.com\/danielmatos\/files\/2009\/10\/ladrao-limpel.jpg"},{"@type":"BreadcrumbList","@id":"https:\/\/www.blogsoestado.com\/danielmatos\/ladrao-que-usava-disfarce-de-gari-e-preso-mas-deixa-cadeia-apos-depoimento\/#breadcrumb","itemListElement":[{"@type":"ListItem","position":1,"name":"In\u00edcio","item":"https:\/\/www.blogsoestado.com\/danielmatos\/"},{"@type":"ListItem","position":2,"name":"Ladr\u00e3o que usava disfarce de gari \u00e9 preso, mas deixa cadeia ap\u00f3s depoimento"}]},{"@type":"WebSite","@id":"https:\/\/www.blogsoestado.com\/danielmatos\/#website","url":"https:\/\/www.blogsoestado.com\/danielmatos\/","name":"Daniel Matos","description":"","potentialAction":[{"@type":"SearchAction","target":{"@type":"EntryPoint","urlTemplate":"https:\/\/www.blogsoestado.com\/danielmatos\/?s={search_term_string}"},"query-input":{"@type":"PropertyValueSpecification","valueRequired":true,"valueName":"search_term_string"}}],"inLanguage":"pt-BR"}]}},"jetpack_featured_media_url":"","_links":{"self":[{"href":"https:\/\/www.blogsoestado.com\/danielmatos\/wp-json\/wp\/v2\/posts\/1505","targetHints":{"allow":["GET"]}}],"collection":[{"href":"https:\/\/www.blogsoestado.com\/danielmatos\/wp-json\/wp\/v2\/posts"}],"about":[{"href":"https:\/\/www.blogsoestado.com\/danielmatos\/wp-json\/wp\/v2\/types\/post"}],"replies":[{"embeddable":true,"href":"https:\/\/www.blogsoestado.com\/danielmatos\/wp-json\/wp\/v2\/comments?post=1505"}],"version-history":[{"count":0,"href":"https:\/\/www.blogsoestado.com\/danielmatos\/wp-json\/wp\/v2\/posts\/1505\/revisions"}],"wp:attachment":[{"href":"https:\/\/www.blogsoestado.com\/danielmatos\/wp-json\/wp\/v2\/media?parent=1505"}],"wp:term":[{"taxonomy":"category","embeddable":true,"href":"https:\/\/www.blogsoestado.com\/danielmatos\/wp-json\/wp\/v2\/categories?post=1505"},{"taxonomy":"post_tag","embeddable":true,"href":"https:\/\/www.blogsoestado.com\/danielmatos\/wp-json\/wp\/v2\/tags?post=1505"}],"curies":[{"name":"wp","href":"https:\/\/api.w.org\/{rel}","templated":true}]}}