{"id":150726,"date":"2025-11-08T00:13:57","date_gmt":"2025-11-08T03:13:57","guid":{"rendered":"https:\/\/www.blogsoestado.com\/danielmatos\/?p=150726"},"modified":"2025-11-08T00:13:59","modified_gmt":"2025-11-08T03:13:59","slug":"escola-upaon-acu-promove-corredor-das-boas-vibracoes-para-estudantes-que-farao-o-enem","status":"publish","type":"post","link":"https:\/\/www.blogsoestado.com\/danielmatos\/escola-upaon-acu-promove-corredor-das-boas-vibracoes-para-estudantes-que-farao-o-enem\/","title":{"rendered":"Escola Upaon-A\u00e7u promove corredor das boas vibra\u00e7\u00f5es para estudantes que far\u00e3o o Enem"},"content":{"rendered":"\n<p><strong><mark style=\"color:#cf2e2e\" class=\"has-inline-color\">A\u00e7\u00e3o envolveu alunos e professores de todos os segmentos e refor\u00e7ou o apoio da comunidade escolar aos estudantes que far\u00e3o o exame neste fim de semana<\/mark><\/strong><\/p>\n\n\n\n<figure class=\"wp-block-image aligncenter size-large\"><img fetchpriority=\"high\" decoding=\"async\" width=\"1024\" height=\"576\" src=\"https:\/\/www.blogsoestado.com\/danielmatos\/wp-content\/uploads\/sites\/2\/2025\/11\/1004204791-1024x576.jpg\" alt=\"\" class=\"wp-image-150727\" srcset=\"https:\/\/www.blogsoestado.com\/danielmatos\/wp-content\/uploads\/sites\/2\/2025\/11\/1004204791-1024x576.jpg 1024w, https:\/\/www.blogsoestado.com\/danielmatos\/wp-content\/uploads\/sites\/2\/2025\/11\/1004204791-300x169.jpg 300w, https:\/\/www.blogsoestado.com\/danielmatos\/wp-content\/uploads\/sites\/2\/2025\/11\/1004204791-768x432.jpg 768w, https:\/\/www.blogsoestado.com\/danielmatos\/wp-content\/uploads\/sites\/2\/2025\/11\/1004204791.jpg 1280w\" sizes=\"(max-width: 1024px) 100vw, 1024px\" \/><\/figure>\n\n\n\n<p>Na manh\u00e3 desta quinta-feira (6), a escola Upaon-A\u00e7u, em S\u00e3o Lu\u00eds, realizou um momento especial de incentivo e acolhimento aos estudantes que far\u00e3o as provas do Exame Nacional do Ensino M\u00e9dio (Enem), marcadas para os pr\u00f3ximos dois domingos, 09 e 16. Os alunos foram surpreendidos com a entrega de kits preparados pela escola para os dias de prova e, em seguida, participaram de uma passagem simb\u00f3lica pelo \u201ccorredor das boas vibra\u00e7\u00f5es\u201d, formado por professores e estudantes de todos os segmentos.<\/p>\n\n\n\n<figure class=\"wp-block-image aligncenter size-large\"><img decoding=\"async\" width=\"1024\" height=\"576\" src=\"https:\/\/www.blogsoestado.com\/danielmatos\/wp-content\/uploads\/sites\/2\/2025\/11\/1004204792-1024x576.jpg\" alt=\"\" class=\"wp-image-150728\" srcset=\"https:\/\/www.blogsoestado.com\/danielmatos\/wp-content\/uploads\/sites\/2\/2025\/11\/1004204792-1024x576.jpg 1024w, https:\/\/www.blogsoestado.com\/danielmatos\/wp-content\/uploads\/sites\/2\/2025\/11\/1004204792-300x169.jpg 300w, https:\/\/www.blogsoestado.com\/danielmatos\/wp-content\/uploads\/sites\/2\/2025\/11\/1004204792-768x432.jpg 768w, https:\/\/www.blogsoestado.com\/danielmatos\/wp-content\/uploads\/sites\/2\/2025\/11\/1004204792.jpg 1280w\" sizes=\"(max-width: 1024px) 100vw, 1024px\" \/><\/figure>\n\n\n\n<p>Durante a a\u00e7\u00e3o, o clima foi de emo\u00e7\u00e3o e torcida positiva. Com aplausos, cartazes, abra\u00e7os, ora\u00e7\u00f5es e palavras de incentivo, a comunidade escolar expressou o apoio aos alunos que se preparam h\u00e1 meses, at\u00e9 mesmo anos, para o exame.<\/p>\n\n\n\n<figure class=\"wp-block-image aligncenter size-large\"><img decoding=\"async\" width=\"768\" height=\"1024\" src=\"https:\/\/www.blogsoestado.com\/danielmatos\/wp-content\/uploads\/sites\/2\/2025\/11\/1004204795-768x1024.jpg\" alt=\"\" class=\"wp-image-150729\" srcset=\"https:\/\/www.blogsoestado.com\/danielmatos\/wp-content\/uploads\/sites\/2\/2025\/11\/1004204795-768x1024.jpg 768w, https:\/\/www.blogsoestado.com\/danielmatos\/wp-content\/uploads\/sites\/2\/2025\/11\/1004204795-225x300.jpg 225w, https:\/\/www.blogsoestado.com\/danielmatos\/wp-content\/uploads\/sites\/2\/2025\/11\/1004204795.jpg 960w\" sizes=\"(max-width: 768px) 100vw, 768px\" \/><\/figure>\n\n\n\n<p>\u201cMais do que um momento simb\u00f3lico, o corredor das boas vibra\u00e7\u00f5es \u00e9 uma forma de reafirmar que ningu\u00e9m caminha sozinho. Cada estudante que far\u00e1 o Enem leva com ele a for\u00e7a, o carinho e a confian\u00e7a de toda a nossa escola\u201d, destacou Bruno Costa, coordenador pedag\u00f3gico da Upaon-A\u00e7u.<\/p>\n\n\n\n<figure class=\"wp-block-image aligncenter size-large\"><img loading=\"lazy\" decoding=\"async\" width=\"1024\" height=\"576\" src=\"https:\/\/www.blogsoestado.com\/danielmatos\/wp-content\/uploads\/sites\/2\/2025\/11\/1004204794-1024x576.jpg\" alt=\"\" class=\"wp-image-150730\" srcset=\"https:\/\/www.blogsoestado.com\/danielmatos\/wp-content\/uploads\/sites\/2\/2025\/11\/1004204794-1024x576.jpg 1024w, https:\/\/www.blogsoestado.com\/danielmatos\/wp-content\/uploads\/sites\/2\/2025\/11\/1004204794-300x169.jpg 300w, https:\/\/www.blogsoestado.com\/danielmatos\/wp-content\/uploads\/sites\/2\/2025\/11\/1004204794-768x432.jpg 768w, https:\/\/www.blogsoestado.com\/danielmatos\/wp-content\/uploads\/sites\/2\/2025\/11\/1004204794.jpg 1280w\" sizes=\"(max-width: 1024px) 100vw, 1024px\" \/><\/figure>\n\n\n\n<p>Para o diretor-geral do Upaon, Bruno Cicalise, a iniciativa reflete o compromisso da escola com o desenvolvimento integral dos alunos, desde o aspecto acad\u00eamico at\u00e9 o emocional. \u201cNosso papel \u00e9 formar pessoas preparadas para o mundo, e isso inclui apoiar nossos estudantes em momentos decisivos como o Enem. O clima de afeto, uni\u00e3o e incentivo \u00e9 parte essencial da nossa proposta pedag\u00f3gica\u201d, destacou o diretor.<\/p>\n\n\n\n<figure class=\"wp-block-image aligncenter size-large\"><img loading=\"lazy\" decoding=\"async\" width=\"1024\" height=\"768\" src=\"https:\/\/www.blogsoestado.com\/danielmatos\/wp-content\/uploads\/sites\/2\/2025\/11\/1004204790-1024x768.jpg\" alt=\"\" class=\"wp-image-150731\" srcset=\"https:\/\/www.blogsoestado.com\/danielmatos\/wp-content\/uploads\/sites\/2\/2025\/11\/1004204790-1024x768.jpg 1024w, https:\/\/www.blogsoestado.com\/danielmatos\/wp-content\/uploads\/sites\/2\/2025\/11\/1004204790-300x225.jpg 300w, https:\/\/www.blogsoestado.com\/danielmatos\/wp-content\/uploads\/sites\/2\/2025\/11\/1004204790-768x576.jpg 768w, https:\/\/www.blogsoestado.com\/danielmatos\/wp-content\/uploads\/sites\/2\/2025\/11\/1004204790.jpg 1280w\" sizes=\"(max-width: 1024px) 100vw, 1024px\" \/><\/figure>\n\n\n\n<p>A estudante do 3\u00ba ano Maria Eduarda Rodrigues, que far\u00e1 o Enem pela primeira vez, contou que o gesto da escola ajudou a reduzir a ansiedade para o exame. \u201cA gente se sente muito acolhida. Ver todos os professores e colegas torcendo por n\u00f3s d\u00e1 mais seguran\u00e7a e tranquilidade. Foi um momento lindo que vou levar comigo para a prova\u201d, comentou a aluna.As provas do Enem 2025 acontecem nos dias 9 e 16 de novembro, em todo o pa\u00eds. No entanto, nos munic\u00edpios de Bel\u00e9m, Ananindeua e Marituba, no estado do Par\u00e1, o exame ser\u00e1 aplicado nos dias 30 de novembro e 7 de dezembro, devido \u00e0 coincid\u00eancia das datas com a realiza\u00e7\u00e3o da COP 30 no Par\u00e1.<\/p>\n\n\n\n<figure class=\"wp-block-image aligncenter size-large\"><img loading=\"lazy\" decoding=\"async\" width=\"1024\" height=\"768\" src=\"https:\/\/www.blogsoestado.com\/danielmatos\/wp-content\/uploads\/sites\/2\/2025\/11\/1004204793-1024x768.jpg\" alt=\"\" class=\"wp-image-150732\" srcset=\"https:\/\/www.blogsoestado.com\/danielmatos\/wp-content\/uploads\/sites\/2\/2025\/11\/1004204793-1024x768.jpg 1024w, https:\/\/www.blogsoestado.com\/danielmatos\/wp-content\/uploads\/sites\/2\/2025\/11\/1004204793-300x225.jpg 300w, https:\/\/www.blogsoestado.com\/danielmatos\/wp-content\/uploads\/sites\/2\/2025\/11\/1004204793-768x576.jpg 768w, https:\/\/www.blogsoestado.com\/danielmatos\/wp-content\/uploads\/sites\/2\/2025\/11\/1004204793.jpg 1280w\" sizes=\"(max-width: 1024px) 100vw, 1024px\" \/><\/figure>\n\n\n\n<p>No primeiro domingo (9 ou 30 de novembro), os estudantes responder\u00e3o \u00e0s quest\u00f5es de linguagens e de ci\u00eancias humanas, al\u00e9m de produzirem a reda\u00e7\u00e3o. J\u00e1 no segundo domingo (6 de novembro ou 7 de dezembro), ser\u00e1 a vez das provas de matem\u00e1tica e de ci\u00eancias da natureza.<\/p>\n","protected":false},"excerpt":{"rendered":"<p>A\u00e7\u00e3o envolveu alunos e professores de todos os segmentos e refor\u00e7ou o apoio da comunidade escolar aos estudantes que far\u00e3o [&hellip;]<\/p>\n","protected":false},"author":2,"featured_media":0,"comment_status":"open","ping_status":"open","sticky":false,"template":"","format":"standard","meta":{"site-sidebar-layout":"default","site-content-layout":"","ast-site-content-layout":"default","site-content-style":"default","site-sidebar-style":"default","ast-global-header-display":"","ast-banner-title-visibility":"","ast-main-header-display":"","ast-hfb-above-header-display":"","ast-hfb-below-header-display":"","ast-hfb-mobile-header-display":"","site-post-title":"","ast-breadcrumbs-content":"","ast-featured-img":"","footer-sml-layout":"","ast-disable-related-posts":"","theme-transparent-header-meta":"","adv-header-id-meta":"","stick-header-meta":"","header-above-stick-meta":"","header-main-stick-meta":"","header-below-stick-meta":"","astra-migrate-meta-layouts":"default","ast-page-background-enabled":"default","ast-page-background-meta":{"desktop":{"background-color":"var(--ast-global-color-5)","background-image":"","background-repeat":"repeat","background-position":"center center","background-size":"auto","background-attachment":"scroll","background-type":"","background-media":"","overlay-type":"","overlay-color":"","overlay-opacity":"","overlay-gradient":""},"tablet":{"background-color":"","background-image":"","background-repeat":"repeat","background-position":"center center","background-size":"auto","background-attachment":"scroll","background-type":"","background-media":"","overlay-type":"","overlay-color":"","overlay-opacity":"","overlay-gradient":""},"mobile":{"background-color":"","background-image":"","background-repeat":"repeat","background-position":"center center","background-size":"auto","background-attachment":"scroll","background-type":"","background-media":"","overlay-type":"","overlay-color":"","overlay-opacity":"","overlay-gradient":""}},"ast-content-background-meta":{"desktop":{"background-color":"var(--ast-global-color-4)","background-image":"","background-repeat":"repeat","background-position":"center center","background-size":"auto","background-attachment":"scroll","background-type":"","background-media":"","overlay-type":"","overlay-color":"","overlay-opacity":"","overlay-gradient":""},"tablet":{"background-color":"var(--ast-global-color-4)","background-image":"","background-repeat":"repeat","background-position":"center center","background-size":"auto","background-attachment":"scroll","background-type":"","background-media":"","overlay-type":"","overlay-color":"","overlay-opacity":"","overlay-gradient":""},"mobile":{"background-color":"var(--ast-global-color-4)","background-image":"","background-repeat":"repeat","background-position":"center center","background-size":"auto","background-attachment":"scroll","background-type":"","background-media":"","overlay-type":"","overlay-color":"","overlay-opacity":"","overlay-gradient":""}},"footnotes":""},"categories":[1],"tags":[],"class_list":["post-150726","post","type-post","status-publish","format-standard","hentry","category-sem-categoria"],"yoast_head":"<!-- This site is optimized with the Yoast SEO plugin v26.6 - https:\/\/yoast.com\/wordpress\/plugins\/seo\/ -->\n<title>Escola Upaon-A\u00e7u promove corredor das boas vibra\u00e7\u00f5es para estudantes que far\u00e3o o Enem - Daniel Matos<\/title>\n<meta name=\"robots\" content=\"index, follow, max-snippet:-1, max-image-preview:large, max-video-preview:-1\" \/>\n<link rel=\"canonical\" href=\"https:\/\/www.blogsoestado.com\/danielmatos\/escola-upaon-acu-promove-corredor-das-boas-vibracoes-para-estudantes-que-farao-o-enem\/\" \/>\n<meta property=\"og:locale\" content=\"pt_BR\" \/>\n<meta property=\"og:type\" content=\"article\" \/>\n<meta property=\"og:title\" content=\"Escola Upaon-A\u00e7u promove corredor das boas vibra\u00e7\u00f5es para estudantes que far\u00e3o o Enem - Daniel Matos\" \/>\n<meta property=\"og:description\" content=\"A\u00e7\u00e3o envolveu alunos e professores de todos os segmentos e refor\u00e7ou o apoio da comunidade escolar aos estudantes que far\u00e3o [&hellip;]\" \/>\n<meta property=\"og:url\" content=\"https:\/\/www.blogsoestado.com\/danielmatos\/escola-upaon-acu-promove-corredor-das-boas-vibracoes-para-estudantes-que-farao-o-enem\/\" \/>\n<meta property=\"og:site_name\" content=\"Daniel Matos\" \/>\n<meta property=\"article:published_time\" content=\"2025-11-08T03:13:57+00:00\" \/>\n<meta property=\"article:modified_time\" content=\"2025-11-08T03:13:59+00:00\" \/>\n<meta property=\"og:image\" content=\"https:\/\/www.blogsoestado.com\/danielmatos\/wp-content\/uploads\/sites\/2\/2025\/11\/1004204791.jpg\" \/>\n\t<meta property=\"og:image:width\" content=\"1280\" \/>\n\t<meta property=\"og:image:height\" content=\"720\" \/>\n\t<meta property=\"og:image:type\" content=\"image\/jpeg\" \/>\n<meta name=\"author\" content=\"Daniel Matos\" \/>\n<meta name=\"twitter:card\" content=\"summary_large_image\" \/>\n<meta name=\"twitter:label1\" content=\"Escrito por\" \/>\n\t<meta name=\"twitter:data1\" content=\"Daniel Matos\" \/>\n\t<meta name=\"twitter:label2\" content=\"Est. tempo de leitura\" \/>\n\t<meta name=\"twitter:data2\" content=\"4 minutos\" \/>\n<script type=\"application\/ld+json\" class=\"yoast-schema-graph\">{\"@context\":\"https:\/\/schema.org\",\"@graph\":[{\"@type\":\"WebPage\",\"@id\":\"https:\/\/www.blogsoestado.com\/danielmatos\/escola-upaon-acu-promove-corredor-das-boas-vibracoes-para-estudantes-que-farao-o-enem\/\",\"url\":\"https:\/\/www.blogsoestado.com\/danielmatos\/escola-upaon-acu-promove-corredor-das-boas-vibracoes-para-estudantes-que-farao-o-enem\/\",\"name\":\"Escola Upaon-A\u00e7u promove corredor das boas vibra\u00e7\u00f5es para estudantes que far\u00e3o o Enem - Daniel Matos\",\"isPartOf\":{\"@id\":\"https:\/\/www.blogsoestado.com\/danielmatos\/#website\"},\"primaryImageOfPage\":{\"@id\":\"https:\/\/www.blogsoestado.com\/danielmatos\/escola-upaon-acu-promove-corredor-das-boas-vibracoes-para-estudantes-que-farao-o-enem\/#primaryimage\"},\"image\":{\"@id\":\"https:\/\/www.blogsoestado.com\/danielmatos\/escola-upaon-acu-promove-corredor-das-boas-vibracoes-para-estudantes-que-farao-o-enem\/#primaryimage\"},\"thumbnailUrl\":\"https:\/\/www.blogsoestado.com\/danielmatos\/wp-content\/uploads\/sites\/2\/2025\/11\/1004204791-1024x576.jpg\",\"datePublished\":\"2025-11-08T03:13:57+00:00\",\"dateModified\":\"2025-11-08T03:13:59+00:00\",\"author\":{\"@id\":\"https:\/\/www.blogsoestado.com\/danielmatos\/#\/schema\/person\/9a209d407cd45631f131e1285b661bb0\"},\"breadcrumb\":{\"@id\":\"https:\/\/www.blogsoestado.com\/danielmatos\/escola-upaon-acu-promove-corredor-das-boas-vibracoes-para-estudantes-que-farao-o-enem\/#breadcrumb\"},\"inLanguage\":\"pt-BR\",\"potentialAction\":[{\"@type\":\"ReadAction\",\"target\":[\"https:\/\/www.blogsoestado.com\/danielmatos\/escola-upaon-acu-promove-corredor-das-boas-vibracoes-para-estudantes-que-farao-o-enem\/\"]}]},{\"@type\":\"ImageObject\",\"inLanguage\":\"pt-BR\",\"@id\":\"https:\/\/www.blogsoestado.com\/danielmatos\/escola-upaon-acu-promove-corredor-das-boas-vibracoes-para-estudantes-que-farao-o-enem\/#primaryimage\",\"url\":\"https:\/\/www.blogsoestado.com\/danielmatos\/wp-content\/uploads\/sites\/2\/2025\/11\/1004204791.jpg\",\"contentUrl\":\"https:\/\/www.blogsoestado.com\/danielmatos\/wp-content\/uploads\/sites\/2\/2025\/11\/1004204791.jpg\",\"width\":1280,\"height\":720},{\"@type\":\"BreadcrumbList\",\"@id\":\"https:\/\/www.blogsoestado.com\/danielmatos\/escola-upaon-acu-promove-corredor-das-boas-vibracoes-para-estudantes-que-farao-o-enem\/#breadcrumb\",\"itemListElement\":[{\"@type\":\"ListItem\",\"position\":1,\"name\":\"In\u00edcio\",\"item\":\"https:\/\/www.blogsoestado.com\/danielmatos\/\"},{\"@type\":\"ListItem\",\"position\":2,\"name\":\"Escola Upaon-A\u00e7u promove corredor das boas vibra\u00e7\u00f5es para estudantes que far\u00e3o o Enem\"}]},{\"@type\":\"WebSite\",\"@id\":\"https:\/\/www.blogsoestado.com\/danielmatos\/#website\",\"url\":\"https:\/\/www.blogsoestado.com\/danielmatos\/\",\"name\":\"Daniel Matos\",\"description\":\"\",\"potentialAction\":[{\"@type\":\"SearchAction\",\"target\":{\"@type\":\"EntryPoint\",\"urlTemplate\":\"https:\/\/www.blogsoestado.com\/danielmatos\/?s={search_term_string}\"},\"query-input\":{\"@type\":\"PropertyValueSpecification\",\"valueRequired\":true,\"valueName\":\"search_term_string\"}}],\"inLanguage\":\"pt-BR\"},{\"@type\":\"Person\",\"@id\":\"https:\/\/www.blogsoestado.com\/danielmatos\/#\/schema\/person\/9a209d407cd45631f131e1285b661bb0\",\"name\":\"Daniel Matos\",\"image\":{\"@type\":\"ImageObject\",\"inLanguage\":\"pt-BR\",\"@id\":\"https:\/\/www.blogsoestado.com\/danielmatos\/#\/schema\/person\/image\/\",\"url\":\"https:\/\/secure.gravatar.com\/avatar\/2f26c36ee355da19a257f0dfef43952a2588b324ca35d6719e859fe338ac0392?s=96&d=mm&r=g\",\"contentUrl\":\"https:\/\/secure.gravatar.com\/avatar\/2f26c36ee355da19a257f0dfef43952a2588b324ca35d6719e859fe338ac0392?s=96&d=mm&r=g\",\"caption\":\"Daniel Matos\"},\"url\":\"https:\/\/www.blogsoestado.com\/danielmatos\/author\/danielmatos\/\"}]}<\/script>\n<!-- \/ Yoast SEO plugin. -->","yoast_head_json":{"title":"Escola Upaon-A\u00e7u promove corredor das boas vibra\u00e7\u00f5es para estudantes que far\u00e3o o Enem - Daniel Matos","robots":{"index":"index","follow":"follow","max-snippet":"max-snippet:-1","max-image-preview":"max-image-preview:large","max-video-preview":"max-video-preview:-1"},"canonical":"https:\/\/www.blogsoestado.com\/danielmatos\/escola-upaon-acu-promove-corredor-das-boas-vibracoes-para-estudantes-que-farao-o-enem\/","og_locale":"pt_BR","og_type":"article","og_title":"Escola Upaon-A\u00e7u promove corredor das boas vibra\u00e7\u00f5es para estudantes que far\u00e3o o Enem - Daniel Matos","og_description":"A\u00e7\u00e3o envolveu alunos e professores de todos os segmentos e refor\u00e7ou o apoio da comunidade escolar aos estudantes que far\u00e3o [&hellip;]","og_url":"https:\/\/www.blogsoestado.com\/danielmatos\/escola-upaon-acu-promove-corredor-das-boas-vibracoes-para-estudantes-que-farao-o-enem\/","og_site_name":"Daniel Matos","article_published_time":"2025-11-08T03:13:57+00:00","article_modified_time":"2025-11-08T03:13:59+00:00","og_image":[{"width":1280,"height":720,"url":"https:\/\/www.blogsoestado.com\/danielmatos\/wp-content\/uploads\/sites\/2\/2025\/11\/1004204791.jpg","type":"image\/jpeg"}],"author":"Daniel Matos","twitter_card":"summary_large_image","twitter_misc":{"Escrito por":"Daniel Matos","Est. tempo de leitura":"4 minutos"},"schema":{"@context":"https:\/\/schema.org","@graph":[{"@type":"WebPage","@id":"https:\/\/www.blogsoestado.com\/danielmatos\/escola-upaon-acu-promove-corredor-das-boas-vibracoes-para-estudantes-que-farao-o-enem\/","url":"https:\/\/www.blogsoestado.com\/danielmatos\/escola-upaon-acu-promove-corredor-das-boas-vibracoes-para-estudantes-que-farao-o-enem\/","name":"Escola Upaon-A\u00e7u promove corredor das boas vibra\u00e7\u00f5es para estudantes que far\u00e3o o Enem - Daniel Matos","isPartOf":{"@id":"https:\/\/www.blogsoestado.com\/danielmatos\/#website"},"primaryImageOfPage":{"@id":"https:\/\/www.blogsoestado.com\/danielmatos\/escola-upaon-acu-promove-corredor-das-boas-vibracoes-para-estudantes-que-farao-o-enem\/#primaryimage"},"image":{"@id":"https:\/\/www.blogsoestado.com\/danielmatos\/escola-upaon-acu-promove-corredor-das-boas-vibracoes-para-estudantes-que-farao-o-enem\/#primaryimage"},"thumbnailUrl":"https:\/\/www.blogsoestado.com\/danielmatos\/wp-content\/uploads\/sites\/2\/2025\/11\/1004204791-1024x576.jpg","datePublished":"2025-11-08T03:13:57+00:00","dateModified":"2025-11-08T03:13:59+00:00","author":{"@id":"https:\/\/www.blogsoestado.com\/danielmatos\/#\/schema\/person\/9a209d407cd45631f131e1285b661bb0"},"breadcrumb":{"@id":"https:\/\/www.blogsoestado.com\/danielmatos\/escola-upaon-acu-promove-corredor-das-boas-vibracoes-para-estudantes-que-farao-o-enem\/#breadcrumb"},"inLanguage":"pt-BR","potentialAction":[{"@type":"ReadAction","target":["https:\/\/www.blogsoestado.com\/danielmatos\/escola-upaon-acu-promove-corredor-das-boas-vibracoes-para-estudantes-que-farao-o-enem\/"]}]},{"@type":"ImageObject","inLanguage":"pt-BR","@id":"https:\/\/www.blogsoestado.com\/danielmatos\/escola-upaon-acu-promove-corredor-das-boas-vibracoes-para-estudantes-que-farao-o-enem\/#primaryimage","url":"https:\/\/www.blogsoestado.com\/danielmatos\/wp-content\/uploads\/sites\/2\/2025\/11\/1004204791.jpg","contentUrl":"https:\/\/www.blogsoestado.com\/danielmatos\/wp-content\/uploads\/sites\/2\/2025\/11\/1004204791.jpg","width":1280,"height":720},{"@type":"BreadcrumbList","@id":"https:\/\/www.blogsoestado.com\/danielmatos\/escola-upaon-acu-promove-corredor-das-boas-vibracoes-para-estudantes-que-farao-o-enem\/#breadcrumb","itemListElement":[{"@type":"ListItem","position":1,"name":"In\u00edcio","item":"https:\/\/www.blogsoestado.com\/danielmatos\/"},{"@type":"ListItem","position":2,"name":"Escola Upaon-A\u00e7u promove corredor das boas vibra\u00e7\u00f5es para estudantes que far\u00e3o o Enem"}]},{"@type":"WebSite","@id":"https:\/\/www.blogsoestado.com\/danielmatos\/#website","url":"https:\/\/www.blogsoestado.com\/danielmatos\/","name":"Daniel Matos","description":"","potentialAction":[{"@type":"SearchAction","target":{"@type":"EntryPoint","urlTemplate":"https:\/\/www.blogsoestado.com\/danielmatos\/?s={search_term_string}"},"query-input":{"@type":"PropertyValueSpecification","valueRequired":true,"valueName":"search_term_string"}}],"inLanguage":"pt-BR"},{"@type":"Person","@id":"https:\/\/www.blogsoestado.com\/danielmatos\/#\/schema\/person\/9a209d407cd45631f131e1285b661bb0","name":"Daniel Matos","image":{"@type":"ImageObject","inLanguage":"pt-BR","@id":"https:\/\/www.blogsoestado.com\/danielmatos\/#\/schema\/person\/image\/","url":"https:\/\/secure.gravatar.com\/avatar\/2f26c36ee355da19a257f0dfef43952a2588b324ca35d6719e859fe338ac0392?s=96&d=mm&r=g","contentUrl":"https:\/\/secure.gravatar.com\/avatar\/2f26c36ee355da19a257f0dfef43952a2588b324ca35d6719e859fe338ac0392?s=96&d=mm&r=g","caption":"Daniel Matos"},"url":"https:\/\/www.blogsoestado.com\/danielmatos\/author\/danielmatos\/"}]}},"jetpack_featured_media_url":"","_links":{"self":[{"href":"https:\/\/www.blogsoestado.com\/danielmatos\/wp-json\/wp\/v2\/posts\/150726","targetHints":{"allow":["GET"]}}],"collection":[{"href":"https:\/\/www.blogsoestado.com\/danielmatos\/wp-json\/wp\/v2\/posts"}],"about":[{"href":"https:\/\/www.blogsoestado.com\/danielmatos\/wp-json\/wp\/v2\/types\/post"}],"author":[{"embeddable":true,"href":"https:\/\/www.blogsoestado.com\/danielmatos\/wp-json\/wp\/v2\/users\/2"}],"replies":[{"embeddable":true,"href":"https:\/\/www.blogsoestado.com\/danielmatos\/wp-json\/wp\/v2\/comments?post=150726"}],"version-history":[{"count":1,"href":"https:\/\/www.blogsoestado.com\/danielmatos\/wp-json\/wp\/v2\/posts\/150726\/revisions"}],"predecessor-version":[{"id":150733,"href":"https:\/\/www.blogsoestado.com\/danielmatos\/wp-json\/wp\/v2\/posts\/150726\/revisions\/150733"}],"wp:attachment":[{"href":"https:\/\/www.blogsoestado.com\/danielmatos\/wp-json\/wp\/v2\/media?parent=150726"}],"wp:term":[{"taxonomy":"category","embeddable":true,"href":"https:\/\/www.blogsoestado.com\/danielmatos\/wp-json\/wp\/v2\/categories?post=150726"},{"taxonomy":"post_tag","embeddable":true,"href":"https:\/\/www.blogsoestado.com\/danielmatos\/wp-json\/wp\/v2\/tags?post=150726"}],"curies":[{"name":"wp","href":"https:\/\/api.w.org\/{rel}","templated":true}]}}