{"id":150737,"date":"2025-11-08T11:53:44","date_gmt":"2025-11-08T14:53:44","guid":{"rendered":"https:\/\/www.blogsoestado.com\/danielmatos\/?p=150737"},"modified":"2025-11-08T11:53:47","modified_gmt":"2025-11-08T14:53:47","slug":"apos-parecer-do-mp-paulo-marinho-jr-tenta-descredibilizar-o-ministerio-publico-e-ataca-o-judiciario","status":"publish","type":"post","link":"https:\/\/www.blogsoestado.com\/danielmatos\/apos-parecer-do-mp-paulo-marinho-jr-tenta-descredibilizar-o-ministerio-publico-e-ataca-o-judiciario\/","title":{"rendered":"Ap\u00f3s parecer do MP, Paulo Marinho Jr. tenta descredibilizar o Minist\u00e9rio P\u00fablico e ataca o Judici\u00e1rio"},"content":{"rendered":"\n<figure class=\"wp-block-image aligncenter size-large\"><img fetchpriority=\"high\" decoding=\"async\" width=\"678\" height=\"1024\" src=\"https:\/\/www.blogsoestado.com\/danielmatos\/wp-content\/uploads\/sites\/2\/2025\/11\/1004207310-678x1024.jpg\" alt=\"\" class=\"wp-image-150738\" srcset=\"https:\/\/www.blogsoestado.com\/danielmatos\/wp-content\/uploads\/sites\/2\/2025\/11\/1004207310-678x1024.jpg 678w, https:\/\/www.blogsoestado.com\/danielmatos\/wp-content\/uploads\/sites\/2\/2025\/11\/1004207310-199x300.jpg 199w, https:\/\/www.blogsoestado.com\/danielmatos\/wp-content\/uploads\/sites\/2\/2025\/11\/1004207310-768x1159.jpg 768w, https:\/\/www.blogsoestado.com\/danielmatos\/wp-content\/uploads\/sites\/2\/2025\/11\/1004207310.jpg 848w\" sizes=\"(max-width: 678px) 100vw, 678px\" \/><figcaption class=\"wp-element-caption\">Paulo Marinho Jr. tentou desqualificar o parecer do Minist\u00e9rio P\u00fablico Eleitoral contr\u00e1rio \u00e0 sua pretens\u00e3o pol\u00edtica<\/figcaption><\/figure>\n\n\n\n<p>Depois do parecer do Minist\u00e9rio P\u00fablico Eleitoral (MPE) pela improced\u00eancia da a\u00e7\u00e3o sobre o suposto uso de deepfake, o candidato derrotado Paulo Marinho Jr. voltou \u00e0s redes sociais, desta vez para criticar o pr\u00f3prio Minist\u00e9rio P\u00fablico e o Judici\u00e1rio, insinuando que as institui\u00e7\u00f5es \u201cn\u00e3o est\u00e3o cumprindo as leis\u201d.<\/p>\n\n\n\n<p>A declara\u00e7\u00e3o gerou repercuss\u00e3o negativa, principalmente pelo tom tendencioso e de ataque \u00e0s institui\u00e7\u00f5es que s\u00e3o pilares da democracia. O Minist\u00e9rio P\u00fablico, \u00f3rg\u00e3o independente, tem a fun\u00e7\u00e3o constitucional de defender a ordem jur\u00eddica e o Estado Democr\u00e1tico de Direito, e sua manifesta\u00e7\u00e3o t\u00e9cnica foi baseada em laudos oficiais da Pol\u00edcia Federal, que n\u00e3o comprovaram nenhuma manipula\u00e7\u00e3o de \u00e1udio.<\/p>\n\n\n\n<p>A postura de Paulo Marinho Jr. Mostra inconformismo diante da falta de provas em suas pr\u00f3prias acusa\u00e7\u00f5es e refor\u00e7a a tentativa de criar uma narrativa pol\u00edtica para desgastar seus advers\u00e1rios, mesmo ap\u00f3s o parecer claro e fundamentado do MPE.<\/p>\n","protected":false},"excerpt":{"rendered":"<p>Depois do parecer do Minist\u00e9rio P\u00fablico Eleitoral (MPE) pela improced\u00eancia da a\u00e7\u00e3o sobre o suposto uso de deepfake, o candidato [&hellip;]<\/p>\n","protected":false},"author":2,"featured_media":0,"comment_status":"open","ping_status":"open","sticky":false,"template":"","format":"standard","meta":{"site-sidebar-layout":"default","site-content-layout":"","ast-site-content-layout":"default","site-content-style":"default","site-sidebar-style":"default","ast-global-header-display":"","ast-banner-title-visibility":"","ast-main-header-display":"","ast-hfb-above-header-display":"","ast-hfb-below-header-display":"","ast-hfb-mobile-header-display":"","site-post-title":"","ast-breadcrumbs-content":"","ast-featured-img":"","footer-sml-layout":"","ast-disable-related-posts":"","theme-transparent-header-meta":"","adv-header-id-meta":"","stick-header-meta":"","header-above-stick-meta":"","header-main-stick-meta":"","header-below-stick-meta":"","astra-migrate-meta-layouts":"default","ast-page-background-enabled":"default","ast-page-background-meta":{"desktop":{"background-color":"var(--ast-global-color-5)","background-image":"","background-repeat":"repeat","background-position":"center center","background-size":"auto","background-attachment":"scroll","background-type":"","background-media":"","overlay-type":"","overlay-color":"","overlay-opacity":"","overlay-gradient":""},"tablet":{"background-color":"","background-image":"","background-repeat":"repeat","background-position":"center center","background-size":"auto","background-attachment":"scroll","background-type":"","background-media":"","overlay-type":"","overlay-color":"","overlay-opacity":"","overlay-gradient":""},"mobile":{"background-color":"","background-image":"","background-repeat":"repeat","background-position":"center center","background-size":"auto","background-attachment":"scroll","background-type":"","background-media":"","overlay-type":"","overlay-color":"","overlay-opacity":"","overlay-gradient":""}},"ast-content-background-meta":{"desktop":{"background-color":"var(--ast-global-color-4)","background-image":"","background-repeat":"repeat","background-position":"center center","background-size":"auto","background-attachment":"scroll","background-type":"","background-media":"","overlay-type":"","overlay-color":"","overlay-opacity":"","overlay-gradient":""},"tablet":{"background-color":"var(--ast-global-color-4)","background-image":"","background-repeat":"repeat","background-position":"center center","background-size":"auto","background-attachment":"scroll","background-type":"","background-media":"","overlay-type":"","overlay-color":"","overlay-opacity":"","overlay-gradient":""},"mobile":{"background-color":"var(--ast-global-color-4)","background-image":"","background-repeat":"repeat","background-position":"center center","background-size":"auto","background-attachment":"scroll","background-type":"","background-media":"","overlay-type":"","overlay-color":"","overlay-opacity":"","overlay-gradient":""}},"footnotes":""},"categories":[1],"tags":[],"class_list":["post-150737","post","type-post","status-publish","format-standard","hentry","category-sem-categoria"],"yoast_head":"<!-- This site is optimized with the Yoast SEO plugin v26.6 - https:\/\/yoast.com\/wordpress\/plugins\/seo\/ -->\n<title>Ap\u00f3s parecer do MP, Paulo Marinho Jr. tenta descredibilizar o Minist\u00e9rio P\u00fablico e ataca o Judici\u00e1rio - Daniel Matos<\/title>\n<meta name=\"robots\" content=\"index, follow, max-snippet:-1, max-image-preview:large, max-video-preview:-1\" \/>\n<link rel=\"canonical\" href=\"https:\/\/www.blogsoestado.com\/danielmatos\/apos-parecer-do-mp-paulo-marinho-jr-tenta-descredibilizar-o-ministerio-publico-e-ataca-o-judiciario\/\" \/>\n<meta property=\"og:locale\" content=\"pt_BR\" \/>\n<meta property=\"og:type\" content=\"article\" \/>\n<meta property=\"og:title\" content=\"Ap\u00f3s parecer do MP, Paulo Marinho Jr. tenta descredibilizar o Minist\u00e9rio P\u00fablico e ataca o Judici\u00e1rio - Daniel Matos\" \/>\n<meta property=\"og:description\" content=\"Depois do parecer do Minist\u00e9rio P\u00fablico Eleitoral (MPE) pela improced\u00eancia da a\u00e7\u00e3o sobre o suposto uso de deepfake, o candidato [&hellip;]\" \/>\n<meta property=\"og:url\" content=\"https:\/\/www.blogsoestado.com\/danielmatos\/apos-parecer-do-mp-paulo-marinho-jr-tenta-descredibilizar-o-ministerio-publico-e-ataca-o-judiciario\/\" \/>\n<meta property=\"og:site_name\" content=\"Daniel Matos\" \/>\n<meta property=\"article:published_time\" content=\"2025-11-08T14:53:44+00:00\" \/>\n<meta property=\"article:modified_time\" content=\"2025-11-08T14:53:47+00:00\" \/>\n<meta property=\"og:image\" content=\"https:\/\/www.blogsoestado.com\/danielmatos\/wp-content\/uploads\/sites\/2\/2025\/11\/1004207310.jpg\" \/>\n\t<meta property=\"og:image:width\" content=\"848\" \/>\n\t<meta property=\"og:image:height\" content=\"1280\" \/>\n\t<meta property=\"og:image:type\" content=\"image\/jpeg\" \/>\n<meta name=\"author\" content=\"Daniel Matos\" \/>\n<meta name=\"twitter:card\" content=\"summary_large_image\" \/>\n<meta name=\"twitter:label1\" content=\"Escrito por\" \/>\n\t<meta name=\"twitter:data1\" content=\"Daniel Matos\" \/>\n\t<meta name=\"twitter:label2\" content=\"Est. tempo de leitura\" \/>\n\t<meta name=\"twitter:data2\" content=\"2 minutos\" \/>\n<script type=\"application\/ld+json\" class=\"yoast-schema-graph\">{\"@context\":\"https:\/\/schema.org\",\"@graph\":[{\"@type\":\"WebPage\",\"@id\":\"https:\/\/www.blogsoestado.com\/danielmatos\/apos-parecer-do-mp-paulo-marinho-jr-tenta-descredibilizar-o-ministerio-publico-e-ataca-o-judiciario\/\",\"url\":\"https:\/\/www.blogsoestado.com\/danielmatos\/apos-parecer-do-mp-paulo-marinho-jr-tenta-descredibilizar-o-ministerio-publico-e-ataca-o-judiciario\/\",\"name\":\"Ap\u00f3s parecer do MP, Paulo Marinho Jr. tenta descredibilizar o Minist\u00e9rio P\u00fablico e ataca o Judici\u00e1rio - Daniel Matos\",\"isPartOf\":{\"@id\":\"https:\/\/www.blogsoestado.com\/danielmatos\/#website\"},\"primaryImageOfPage\":{\"@id\":\"https:\/\/www.blogsoestado.com\/danielmatos\/apos-parecer-do-mp-paulo-marinho-jr-tenta-descredibilizar-o-ministerio-publico-e-ataca-o-judiciario\/#primaryimage\"},\"image\":{\"@id\":\"https:\/\/www.blogsoestado.com\/danielmatos\/apos-parecer-do-mp-paulo-marinho-jr-tenta-descredibilizar-o-ministerio-publico-e-ataca-o-judiciario\/#primaryimage\"},\"thumbnailUrl\":\"https:\/\/www.blogsoestado.com\/danielmatos\/wp-content\/uploads\/sites\/2\/2025\/11\/1004207310-678x1024.jpg\",\"datePublished\":\"2025-11-08T14:53:44+00:00\",\"dateModified\":\"2025-11-08T14:53:47+00:00\",\"author\":{\"@id\":\"https:\/\/www.blogsoestado.com\/danielmatos\/#\/schema\/person\/9a209d407cd45631f131e1285b661bb0\"},\"breadcrumb\":{\"@id\":\"https:\/\/www.blogsoestado.com\/danielmatos\/apos-parecer-do-mp-paulo-marinho-jr-tenta-descredibilizar-o-ministerio-publico-e-ataca-o-judiciario\/#breadcrumb\"},\"inLanguage\":\"pt-BR\",\"potentialAction\":[{\"@type\":\"ReadAction\",\"target\":[\"https:\/\/www.blogsoestado.com\/danielmatos\/apos-parecer-do-mp-paulo-marinho-jr-tenta-descredibilizar-o-ministerio-publico-e-ataca-o-judiciario\/\"]}]},{\"@type\":\"ImageObject\",\"inLanguage\":\"pt-BR\",\"@id\":\"https:\/\/www.blogsoestado.com\/danielmatos\/apos-parecer-do-mp-paulo-marinho-jr-tenta-descredibilizar-o-ministerio-publico-e-ataca-o-judiciario\/#primaryimage\",\"url\":\"https:\/\/www.blogsoestado.com\/danielmatos\/wp-content\/uploads\/sites\/2\/2025\/11\/1004207310.jpg\",\"contentUrl\":\"https:\/\/www.blogsoestado.com\/danielmatos\/wp-content\/uploads\/sites\/2\/2025\/11\/1004207310.jpg\",\"width\":848,\"height\":1280},{\"@type\":\"BreadcrumbList\",\"@id\":\"https:\/\/www.blogsoestado.com\/danielmatos\/apos-parecer-do-mp-paulo-marinho-jr-tenta-descredibilizar-o-ministerio-publico-e-ataca-o-judiciario\/#breadcrumb\",\"itemListElement\":[{\"@type\":\"ListItem\",\"position\":1,\"name\":\"In\u00edcio\",\"item\":\"https:\/\/www.blogsoestado.com\/danielmatos\/\"},{\"@type\":\"ListItem\",\"position\":2,\"name\":\"Ap\u00f3s parecer do MP, Paulo Marinho Jr. tenta descredibilizar o Minist\u00e9rio P\u00fablico e ataca o Judici\u00e1rio\"}]},{\"@type\":\"WebSite\",\"@id\":\"https:\/\/www.blogsoestado.com\/danielmatos\/#website\",\"url\":\"https:\/\/www.blogsoestado.com\/danielmatos\/\",\"name\":\"Daniel Matos\",\"description\":\"\",\"potentialAction\":[{\"@type\":\"SearchAction\",\"target\":{\"@type\":\"EntryPoint\",\"urlTemplate\":\"https:\/\/www.blogsoestado.com\/danielmatos\/?s={search_term_string}\"},\"query-input\":{\"@type\":\"PropertyValueSpecification\",\"valueRequired\":true,\"valueName\":\"search_term_string\"}}],\"inLanguage\":\"pt-BR\"},{\"@type\":\"Person\",\"@id\":\"https:\/\/www.blogsoestado.com\/danielmatos\/#\/schema\/person\/9a209d407cd45631f131e1285b661bb0\",\"name\":\"Daniel Matos\",\"image\":{\"@type\":\"ImageObject\",\"inLanguage\":\"pt-BR\",\"@id\":\"https:\/\/www.blogsoestado.com\/danielmatos\/#\/schema\/person\/image\/\",\"url\":\"https:\/\/secure.gravatar.com\/avatar\/2f26c36ee355da19a257f0dfef43952a2588b324ca35d6719e859fe338ac0392?s=96&d=mm&r=g\",\"contentUrl\":\"https:\/\/secure.gravatar.com\/avatar\/2f26c36ee355da19a257f0dfef43952a2588b324ca35d6719e859fe338ac0392?s=96&d=mm&r=g\",\"caption\":\"Daniel Matos\"},\"url\":\"https:\/\/www.blogsoestado.com\/danielmatos\/author\/danielmatos\/\"}]}<\/script>\n<!-- \/ Yoast SEO plugin. -->","yoast_head_json":{"title":"Ap\u00f3s parecer do MP, Paulo Marinho Jr. tenta descredibilizar o Minist\u00e9rio P\u00fablico e ataca o Judici\u00e1rio - Daniel Matos","robots":{"index":"index","follow":"follow","max-snippet":"max-snippet:-1","max-image-preview":"max-image-preview:large","max-video-preview":"max-video-preview:-1"},"canonical":"https:\/\/www.blogsoestado.com\/danielmatos\/apos-parecer-do-mp-paulo-marinho-jr-tenta-descredibilizar-o-ministerio-publico-e-ataca-o-judiciario\/","og_locale":"pt_BR","og_type":"article","og_title":"Ap\u00f3s parecer do MP, Paulo Marinho Jr. tenta descredibilizar o Minist\u00e9rio P\u00fablico e ataca o Judici\u00e1rio - Daniel Matos","og_description":"Depois do parecer do Minist\u00e9rio P\u00fablico Eleitoral (MPE) pela improced\u00eancia da a\u00e7\u00e3o sobre o suposto uso de deepfake, o candidato [&hellip;]","og_url":"https:\/\/www.blogsoestado.com\/danielmatos\/apos-parecer-do-mp-paulo-marinho-jr-tenta-descredibilizar-o-ministerio-publico-e-ataca-o-judiciario\/","og_site_name":"Daniel Matos","article_published_time":"2025-11-08T14:53:44+00:00","article_modified_time":"2025-11-08T14:53:47+00:00","og_image":[{"width":848,"height":1280,"url":"https:\/\/www.blogsoestado.com\/danielmatos\/wp-content\/uploads\/sites\/2\/2025\/11\/1004207310.jpg","type":"image\/jpeg"}],"author":"Daniel Matos","twitter_card":"summary_large_image","twitter_misc":{"Escrito por":"Daniel Matos","Est. tempo de leitura":"2 minutos"},"schema":{"@context":"https:\/\/schema.org","@graph":[{"@type":"WebPage","@id":"https:\/\/www.blogsoestado.com\/danielmatos\/apos-parecer-do-mp-paulo-marinho-jr-tenta-descredibilizar-o-ministerio-publico-e-ataca-o-judiciario\/","url":"https:\/\/www.blogsoestado.com\/danielmatos\/apos-parecer-do-mp-paulo-marinho-jr-tenta-descredibilizar-o-ministerio-publico-e-ataca-o-judiciario\/","name":"Ap\u00f3s parecer do MP, Paulo Marinho Jr. tenta descredibilizar o Minist\u00e9rio P\u00fablico e ataca o Judici\u00e1rio - Daniel Matos","isPartOf":{"@id":"https:\/\/www.blogsoestado.com\/danielmatos\/#website"},"primaryImageOfPage":{"@id":"https:\/\/www.blogsoestado.com\/danielmatos\/apos-parecer-do-mp-paulo-marinho-jr-tenta-descredibilizar-o-ministerio-publico-e-ataca-o-judiciario\/#primaryimage"},"image":{"@id":"https:\/\/www.blogsoestado.com\/danielmatos\/apos-parecer-do-mp-paulo-marinho-jr-tenta-descredibilizar-o-ministerio-publico-e-ataca-o-judiciario\/#primaryimage"},"thumbnailUrl":"https:\/\/www.blogsoestado.com\/danielmatos\/wp-content\/uploads\/sites\/2\/2025\/11\/1004207310-678x1024.jpg","datePublished":"2025-11-08T14:53:44+00:00","dateModified":"2025-11-08T14:53:47+00:00","author":{"@id":"https:\/\/www.blogsoestado.com\/danielmatos\/#\/schema\/person\/9a209d407cd45631f131e1285b661bb0"},"breadcrumb":{"@id":"https:\/\/www.blogsoestado.com\/danielmatos\/apos-parecer-do-mp-paulo-marinho-jr-tenta-descredibilizar-o-ministerio-publico-e-ataca-o-judiciario\/#breadcrumb"},"inLanguage":"pt-BR","potentialAction":[{"@type":"ReadAction","target":["https:\/\/www.blogsoestado.com\/danielmatos\/apos-parecer-do-mp-paulo-marinho-jr-tenta-descredibilizar-o-ministerio-publico-e-ataca-o-judiciario\/"]}]},{"@type":"ImageObject","inLanguage":"pt-BR","@id":"https:\/\/www.blogsoestado.com\/danielmatos\/apos-parecer-do-mp-paulo-marinho-jr-tenta-descredibilizar-o-ministerio-publico-e-ataca-o-judiciario\/#primaryimage","url":"https:\/\/www.blogsoestado.com\/danielmatos\/wp-content\/uploads\/sites\/2\/2025\/11\/1004207310.jpg","contentUrl":"https:\/\/www.blogsoestado.com\/danielmatos\/wp-content\/uploads\/sites\/2\/2025\/11\/1004207310.jpg","width":848,"height":1280},{"@type":"BreadcrumbList","@id":"https:\/\/www.blogsoestado.com\/danielmatos\/apos-parecer-do-mp-paulo-marinho-jr-tenta-descredibilizar-o-ministerio-publico-e-ataca-o-judiciario\/#breadcrumb","itemListElement":[{"@type":"ListItem","position":1,"name":"In\u00edcio","item":"https:\/\/www.blogsoestado.com\/danielmatos\/"},{"@type":"ListItem","position":2,"name":"Ap\u00f3s parecer do MP, Paulo Marinho Jr. tenta descredibilizar o Minist\u00e9rio P\u00fablico e ataca o Judici\u00e1rio"}]},{"@type":"WebSite","@id":"https:\/\/www.blogsoestado.com\/danielmatos\/#website","url":"https:\/\/www.blogsoestado.com\/danielmatos\/","name":"Daniel Matos","description":"","potentialAction":[{"@type":"SearchAction","target":{"@type":"EntryPoint","urlTemplate":"https:\/\/www.blogsoestado.com\/danielmatos\/?s={search_term_string}"},"query-input":{"@type":"PropertyValueSpecification","valueRequired":true,"valueName":"search_term_string"}}],"inLanguage":"pt-BR"},{"@type":"Person","@id":"https:\/\/www.blogsoestado.com\/danielmatos\/#\/schema\/person\/9a209d407cd45631f131e1285b661bb0","name":"Daniel Matos","image":{"@type":"ImageObject","inLanguage":"pt-BR","@id":"https:\/\/www.blogsoestado.com\/danielmatos\/#\/schema\/person\/image\/","url":"https:\/\/secure.gravatar.com\/avatar\/2f26c36ee355da19a257f0dfef43952a2588b324ca35d6719e859fe338ac0392?s=96&d=mm&r=g","contentUrl":"https:\/\/secure.gravatar.com\/avatar\/2f26c36ee355da19a257f0dfef43952a2588b324ca35d6719e859fe338ac0392?s=96&d=mm&r=g","caption":"Daniel Matos"},"url":"https:\/\/www.blogsoestado.com\/danielmatos\/author\/danielmatos\/"}]}},"jetpack_featured_media_url":"","_links":{"self":[{"href":"https:\/\/www.blogsoestado.com\/danielmatos\/wp-json\/wp\/v2\/posts\/150737","targetHints":{"allow":["GET"]}}],"collection":[{"href":"https:\/\/www.blogsoestado.com\/danielmatos\/wp-json\/wp\/v2\/posts"}],"about":[{"href":"https:\/\/www.blogsoestado.com\/danielmatos\/wp-json\/wp\/v2\/types\/post"}],"author":[{"embeddable":true,"href":"https:\/\/www.blogsoestado.com\/danielmatos\/wp-json\/wp\/v2\/users\/2"}],"replies":[{"embeddable":true,"href":"https:\/\/www.blogsoestado.com\/danielmatos\/wp-json\/wp\/v2\/comments?post=150737"}],"version-history":[{"count":1,"href":"https:\/\/www.blogsoestado.com\/danielmatos\/wp-json\/wp\/v2\/posts\/150737\/revisions"}],"predecessor-version":[{"id":150739,"href":"https:\/\/www.blogsoestado.com\/danielmatos\/wp-json\/wp\/v2\/posts\/150737\/revisions\/150739"}],"wp:attachment":[{"href":"https:\/\/www.blogsoestado.com\/danielmatos\/wp-json\/wp\/v2\/media?parent=150737"}],"wp:term":[{"taxonomy":"category","embeddable":true,"href":"https:\/\/www.blogsoestado.com\/danielmatos\/wp-json\/wp\/v2\/categories?post=150737"},{"taxonomy":"post_tag","embeddable":true,"href":"https:\/\/www.blogsoestado.com\/danielmatos\/wp-json\/wp\/v2\/tags?post=150737"}],"curies":[{"name":"wp","href":"https:\/\/api.w.org\/{rel}","templated":true}]}}