{"id":150757,"date":"2025-11-09T12:46:15","date_gmt":"2025-11-09T15:46:15","guid":{"rendered":"https:\/\/www.blogsoestado.com\/danielmatos\/?p=150757"},"modified":"2025-11-09T12:46:17","modified_gmt":"2025-11-09T15:46:17","slug":"feira-de-negocios-do-sebrae-chega-a-estreito-em-cenario-de-reorganizacao-da-economia-local","status":"publish","type":"post","link":"https:\/\/www.blogsoestado.com\/danielmatos\/feira-de-negocios-do-sebrae-chega-a-estreito-em-cenario-de-reorganizacao-da-economia-local\/","title":{"rendered":"Feira de Neg\u00f3cios do Sebrae chega a Estreito em cen\u00e1rio de reorganiza\u00e7\u00e3o da economia local"},"content":{"rendered":"\n<p><em><strong><mark style=\"color:#cf2e2e\" class=\"has-inline-color\">O evento ser\u00e1<\/mark><\/strong> <strong><mark style=\"color:#cf2e2e\" class=\"has-inline-color\">realizado de 12 a 14 de novembro, na Pra\u00e7a da Vila S\u00e3o Francisco, reunindo com programa\u00e7\u00e3o de capacita\u00e7\u00e3o e espa\u00e7o para gera\u00e7\u00e3o de oportunidades Feira de Neg\u00f3cios do Sebrae chega a Estreito em cen\u00e1rio de reorganiza\u00e7\u00e3o da economia local<\/mark><\/strong><\/em><\/p>\n\n\n\n<figure class=\"wp-block-image aligncenter size-large\"><img fetchpriority=\"high\" decoding=\"async\" width=\"1024\" height=\"576\" src=\"https:\/\/www.blogsoestado.com\/danielmatos\/wp-content\/uploads\/sites\/2\/2025\/11\/1004214499-1024x576.jpg\" alt=\"\" class=\"wp-image-150760\" srcset=\"https:\/\/www.blogsoestado.com\/danielmatos\/wp-content\/uploads\/sites\/2\/2025\/11\/1004214499-1024x576.jpg 1024w, https:\/\/www.blogsoestado.com\/danielmatos\/wp-content\/uploads\/sites\/2\/2025\/11\/1004214499-300x169.jpg 300w, https:\/\/www.blogsoestado.com\/danielmatos\/wp-content\/uploads\/sites\/2\/2025\/11\/1004214499-768x432.jpg 768w, https:\/\/www.blogsoestado.com\/danielmatos\/wp-content\/uploads\/sites\/2\/2025\/11\/1004214499-1536x864.jpg 1536w, https:\/\/www.blogsoestado.com\/danielmatos\/wp-content\/uploads\/sites\/2\/2025\/11\/1004214499-2048x1152.jpg 2048w\" sizes=\"(max-width: 1024px) 100vw, 1024px\" \/><figcaption class=\"wp-element-caption\">A programa\u00e7\u00e3o de conhecimento vem trazer insights e tirar d\u00favidas nas \u00e1reas gest\u00e3o, vendas, finan\u00e7as, inova\u00e7\u00e3o, marketing e sustentabilidade (<strong>Arte\/fotos: <\/strong>Sebrae\/divulga\u00e7\u00e3o)<\/figcaption><\/figure>\n\n\n\n<p>Estreito se prepara para receber, de 12 a 14 de novembro, a Feira de Neg\u00f3cios do Sebrae, evento que coloca o munic\u00edpio no centro das aten\u00e7\u00f5es do empreendedorismo regional. O evento acontece em um momento em que a cidade busca retomar seu ritmo econ\u00f4mico e reorganizar o com\u00e9rcio local, ap\u00f3s os impactos do colapso da Ponte Juscelino Kubitschek, em dezembro de 2024.<\/p>\n\n\n\n<p>Desde o in\u00edcio da crise, o Sebrae atuou de forma cont\u00ednua no territ\u00f3rio, estruturando ainda em dezembro um plano emergencial que come\u00e7ou a ser executado em janeiro de 2025. Foram realizadas visitas t\u00e9cnicas, escutas a empres\u00e1rios e representantes do poder p\u00fablico, al\u00e9m de consultorias, mentorias, oficinas e o projeto Reconstruindo Neg\u00f3cios, que apoiou empreendedores diante da queda no fluxo de consumidores e das dificuldades do varejo local<\/p>\n\n\n\n<p>O diretor-superintendente do Sebrae, Albertino Leal, destaca que a feira \u00e9 a culmin\u00e2ncia dessas iniciativas. \u201cNo final do ano passado, a ponte de Estreito caiu, mas ao longo deste ano novas pontes foram constru\u00eddas. Desde o primeiro momento, trabalhamos para que aquela situa\u00e7\u00e3o grave n\u00e3o tivesse consequ\u00eancias ainda maiores, atuando junto aos parceiros e acompanhando de perto os empreendedores para transformar um cen\u00e1rio dif\u00edcil em impactos menores para essa comunidade t\u00e3o rica culturalmente e economicamente. A Feira de Neg\u00f3cios em Estreito vai ser um momento importante para novos encontros, novos neg\u00f3cios, para a divulga\u00e7\u00e3o dos produtos locais, al\u00e9m de conhecimento e inova\u00e7\u00e3o. Convidamos toda a comunidade a participar e aproveitar esse novo momento para fortalecer ainda mais a economia de Estreito\u201d, destaca.<\/p>\n\n\n\n<p><strong>Novos projetos e esperan\u00e7as renovadas<\/strong><\/p>\n\n\n\n<p>Entre os empreendedores que participam dessa etapa de retomada est\u00e1 a nutricionista Vera L\u00facia Arruda, 47 anos, que abriu, neste ano, seu primeiro neg\u00f3cio em Estreito, especializado em produtos naturais. A decis\u00e3o nasceu de sua paix\u00e3o pela nutri\u00e7\u00e3o e do desejo de incentivar h\u00e1bitos mais saud\u00e1veis na comunidade. &#8220;Percebi que muita gente buscava op\u00e7\u00f5es acess\u00edveis e confi\u00e1veis para manter uma rotina mais equilibrada. A alimenta\u00e7\u00e3o \u00e9 um dos pilares da sa\u00fade, e eu queria criar um espa\u00e7o que unisse qualidade, cuidado e bem-estar!&#8221;, conta.<\/p>\n\n\n\n<figure class=\"wp-block-image aligncenter size-full\"><img decoding=\"async\" width=\"1000\" height=\"563\" src=\"https:\/\/www.blogsoestado.com\/danielmatos\/wp-content\/uploads\/sites\/2\/2025\/11\/1004214476.jpg\" alt=\"\" class=\"wp-image-150758\" srcset=\"https:\/\/www.blogsoestado.com\/danielmatos\/wp-content\/uploads\/sites\/2\/2025\/11\/1004214476.jpg 1000w, https:\/\/www.blogsoestado.com\/danielmatos\/wp-content\/uploads\/sites\/2\/2025\/11\/1004214476-300x169.jpg 300w, https:\/\/www.blogsoestado.com\/danielmatos\/wp-content\/uploads\/sites\/2\/2025\/11\/1004214476-768x432.jpg 768w\" sizes=\"(max-width: 1000px) 100vw, 1000px\" \/><figcaption class=\"wp-element-caption\">A Feira de Neg\u00f3cios Sebrae tem como objetivo gerar conex\u00f5es e fortalecer neg\u00f3cios<\/figcaption><\/figure>\n\n\n\n<p>Vera estruturou seu plano de neg\u00f3cios com apoio t\u00e9cnico do Sebrae, o que foi decisivo para organizar investimentos, planejar estrat\u00e9gias e compreender melhor o mercado local. &#8220;Colocar tudo no papel deu clareza e seguran\u00e7a. Esse acompanhamento foi fundamental para abrir o empreendimento com solidez&#8221;, relata. Ela participa pela primeira vez da Feira de Neg\u00f3cios e considera o evento um passo importante nessa fase. &#8220;Estou muito animada. Vai ser um momento para mostrar meu trabalho, aprender com outros empreendedores e fortalecer a economia da nossa cidade. Acredito que ser\u00e1 um evento cheio de boas conex\u00f5es&#8221;, ressalta.<\/p>\n\n\n\n<p><strong>O que o p\u00fablico vai encontrar<\/strong><\/p>\n\n\n\n<p>As inscri\u00e7\u00f5es para participar das atividades da feira j\u00e1 est\u00e3o abertas e podem ser feitas pelo link:&nbsp;<a href=\"https:\/\/ma.loja.sebrae.com.br\/feira-de-negocios-sebrae-estreito-184899123\" target=\"_blank\" rel=\"noreferrer noopener\">https:\/\/ma.loja.sebrae.com.br\/feira-de-negocios-sebrae-estreito-184899123<\/a>. A Feira de Neg\u00f3cios contar\u00e1 com uma programa\u00e7\u00e3o robusta, distribu\u00edda em tr\u00eas arenas de conhecimento que receber\u00e3o palestras simult\u00e2neas, oficinas pr\u00e1ticas e atividades sobre gest\u00e3o, vendas, finan\u00e7as, inova\u00e7\u00e3o, marketing e sustentabilidade. As atividades acontecer\u00e3o diariamente, das 17h \u00e0s 22h.<\/p>\n\n\n\n<p>O evento tamb\u00e9m ter\u00e1 um espa\u00e7o de mentorias, onde especialistas v\u00e3o atender empreendedores em sess\u00f5es r\u00e1pidas e personalizadas, auxiliando na solu\u00e7\u00e3o de d\u00favidas espec\u00edficas sobre neg\u00f3cios. Outro ponto forte ser\u00e1 a \u00e1rea voltada para acesso ao cr\u00e9dito, com orienta\u00e7\u00f5es sobre linhas dispon\u00edveis, atendimento de agentes financeiros e apoio para quem deseja se preparar melhor para solicitar financiamento.<\/p>\n\n\n\n<p>Um espa\u00e7o para exposi\u00e7\u00e3o de produtos e servi\u00e7os dos pequenos neg\u00f3cios de Estreito, ao todo ser\u00e3o 50 expositores. Al\u00e9m disso, a Rodada de Neg\u00f3cios que vai reunir fornecedores de diversos segmentos, apresentando solu\u00e7\u00f5es inovadoras e criando oportunidades de contatos e parcerias. O objetivo \u00e9 fomentar neg\u00f3cios concretos entre empresas locais e parceiros, gerando impacto direto na economia do munic\u00edpio.<\/p>\n\n\n\n<figure class=\"wp-block-image aligncenter size-large\"><img decoding=\"async\" width=\"1024\" height=\"768\" src=\"https:\/\/www.blogsoestado.com\/danielmatos\/wp-content\/uploads\/sites\/2\/2025\/11\/1004214498-1024x768.jpg\" alt=\"\" class=\"wp-image-150759\" srcset=\"https:\/\/www.blogsoestado.com\/danielmatos\/wp-content\/uploads\/sites\/2\/2025\/11\/1004214498-1024x768.jpg 1024w, https:\/\/www.blogsoestado.com\/danielmatos\/wp-content\/uploads\/sites\/2\/2025\/11\/1004214498-300x225.jpg 300w, https:\/\/www.blogsoestado.com\/danielmatos\/wp-content\/uploads\/sites\/2\/2025\/11\/1004214498-768x576.jpg 768w, https:\/\/www.blogsoestado.com\/danielmatos\/wp-content\/uploads\/sites\/2\/2025\/11\/1004214498-1536x1152.jpg 1536w, https:\/\/www.blogsoestado.com\/danielmatos\/wp-content\/uploads\/sites\/2\/2025\/11\/1004214498-2048x1536.jpg 2048w\" sizes=\"(max-width: 1024px) 100vw, 1024px\" \/><figcaption class=\"wp-element-caption\">Vera L\u00facia Arruda, abriu seu neg\u00f3cio em meio \u00e0 crise gerada pela ponte, pois acredita na recupera\u00e7\u00e3o do munic\u00edpio<\/figcaption><\/figure>\n\n\n\n<p><strong>Novo local &#8211;<\/strong>&nbsp;Inicialmente prevista para outro ponto da cidade, a feira teve seu local alterado ap\u00f3s uma forte chuva que revelou problemas estruturais na \u00e1rea escolhida. Para garantir seguran\u00e7a, conforto e boa circula\u00e7\u00e3o do p\u00fablico, o Sebrae e a prefeitura atuaram rapidamente, analisaram alternativas e definiram a Pra\u00e7a da Vila S\u00e3o Francisco como novo espa\u00e7o oficial do evento.<\/p>\n\n\n\n<p>A Feira de Neg\u00f3cios Sebrae \u00e9 uma realiza\u00e7\u00e3o do Sebrae Maranh\u00e3o em parceria do Governo do Estado do Maranh\u00e3o, por meio da Secretaria de&nbsp; Estado da Ind\u00fastria e Com\u00e9rcio, e da Prefeitura de Estreito. Conta com o patroc\u00ednio da CESTE &#8211; Cons\u00f3rcio Estreito Energia e apoio da Suzano e J\u00fapiter Internet.<\/p>\n","protected":false},"excerpt":{"rendered":"<p>O evento ser\u00e1 realizado de 12 a 14 de novembro, na Pra\u00e7a da Vila S\u00e3o Francisco, reunindo com programa\u00e7\u00e3o de [&hellip;]<\/p>\n","protected":false},"author":2,"featured_media":0,"comment_status":"open","ping_status":"open","sticky":false,"template":"","format":"standard","meta":{"site-sidebar-layout":"default","site-content-layout":"","ast-site-content-layout":"default","site-content-style":"default","site-sidebar-style":"default","ast-global-header-display":"","ast-banner-title-visibility":"","ast-main-header-display":"","ast-hfb-above-header-display":"","ast-hfb-below-header-display":"","ast-hfb-mobile-header-display":"","site-post-title":"","ast-breadcrumbs-content":"","ast-featured-img":"","footer-sml-layout":"","ast-disable-related-posts":"","theme-transparent-header-meta":"","adv-header-id-meta":"","stick-header-meta":"","header-above-stick-meta":"","header-main-stick-meta":"","header-below-stick-meta":"","astra-migrate-meta-layouts":"default","ast-page-background-enabled":"default","ast-page-background-meta":{"desktop":{"background-color":"var(--ast-global-color-5)","background-image":"","background-repeat":"repeat","background-position":"center center","background-size":"auto","background-attachment":"scroll","background-type":"","background-media":"","overlay-type":"","overlay-color":"","overlay-opacity":"","overlay-gradient":""},"tablet":{"background-color":"","background-image":"","background-repeat":"repeat","background-position":"center center","background-size":"auto","background-attachment":"scroll","background-type":"","background-media":"","overlay-type":"","overlay-color":"","overlay-opacity":"","overlay-gradient":""},"mobile":{"background-color":"","background-image":"","background-repeat":"repeat","background-position":"center center","background-size":"auto","background-attachment":"scroll","background-type":"","background-media":"","overlay-type":"","overlay-color":"","overlay-opacity":"","overlay-gradient":""}},"ast-content-background-meta":{"desktop":{"background-color":"var(--ast-global-color-4)","background-image":"","background-repeat":"repeat","background-position":"center center","background-size":"auto","background-attachment":"scroll","background-type":"","background-media":"","overlay-type":"","overlay-color":"","overlay-opacity":"","overlay-gradient":""},"tablet":{"background-color":"var(--ast-global-color-4)","background-image":"","background-repeat":"repeat","background-position":"center center","background-size":"auto","background-attachment":"scroll","background-type":"","background-media":"","overlay-type":"","overlay-color":"","overlay-opacity":"","overlay-gradient":""},"mobile":{"background-color":"var(--ast-global-color-4)","background-image":"","background-repeat":"repeat","background-position":"center center","background-size":"auto","background-attachment":"scroll","background-type":"","background-media":"","overlay-type":"","overlay-color":"","overlay-opacity":"","overlay-gradient":""}},"footnotes":""},"categories":[1],"tags":[],"class_list":["post-150757","post","type-post","status-publish","format-standard","hentry","category-sem-categoria"],"yoast_head":"<!-- This site is optimized with the Yoast SEO plugin v26.6 - https:\/\/yoast.com\/wordpress\/plugins\/seo\/ -->\n<title>Feira de Neg\u00f3cios do Sebrae chega a Estreito em cen\u00e1rio de reorganiza\u00e7\u00e3o da economia local - Daniel Matos<\/title>\n<meta name=\"robots\" content=\"index, follow, max-snippet:-1, max-image-preview:large, max-video-preview:-1\" \/>\n<link rel=\"canonical\" href=\"https:\/\/www.blogsoestado.com\/danielmatos\/feira-de-negocios-do-sebrae-chega-a-estreito-em-cenario-de-reorganizacao-da-economia-local\/\" \/>\n<meta property=\"og:locale\" content=\"pt_BR\" \/>\n<meta property=\"og:type\" content=\"article\" \/>\n<meta property=\"og:title\" content=\"Feira de Neg\u00f3cios do Sebrae chega a Estreito em cen\u00e1rio de reorganiza\u00e7\u00e3o da economia local - Daniel Matos\" \/>\n<meta property=\"og:description\" content=\"O evento ser\u00e1 realizado de 12 a 14 de novembro, na Pra\u00e7a da Vila S\u00e3o Francisco, reunindo com programa\u00e7\u00e3o de [&hellip;]\" \/>\n<meta property=\"og:url\" content=\"https:\/\/www.blogsoestado.com\/danielmatos\/feira-de-negocios-do-sebrae-chega-a-estreito-em-cenario-de-reorganizacao-da-economia-local\/\" \/>\n<meta property=\"og:site_name\" content=\"Daniel Matos\" \/>\n<meta property=\"article:published_time\" content=\"2025-11-09T15:46:15+00:00\" \/>\n<meta property=\"article:modified_time\" content=\"2025-11-09T15:46:17+00:00\" \/>\n<meta property=\"og:image\" content=\"https:\/\/www.blogsoestado.com\/danielmatos\/wp-content\/uploads\/sites\/2\/2025\/11\/1004214499.jpg\" \/>\n\t<meta property=\"og:image:width\" content=\"2560\" \/>\n\t<meta property=\"og:image:height\" content=\"1440\" \/>\n\t<meta property=\"og:image:type\" content=\"image\/jpeg\" \/>\n<meta name=\"author\" content=\"Daniel Matos\" \/>\n<meta name=\"twitter:card\" content=\"summary_large_image\" \/>\n<meta name=\"twitter:label1\" content=\"Escrito por\" \/>\n\t<meta name=\"twitter:data1\" content=\"Daniel Matos\" \/>\n\t<meta name=\"twitter:label2\" content=\"Est. tempo de leitura\" \/>\n\t<meta name=\"twitter:data2\" content=\"6 minutos\" \/>\n<script type=\"application\/ld+json\" class=\"yoast-schema-graph\">{\"@context\":\"https:\/\/schema.org\",\"@graph\":[{\"@type\":\"WebPage\",\"@id\":\"https:\/\/www.blogsoestado.com\/danielmatos\/feira-de-negocios-do-sebrae-chega-a-estreito-em-cenario-de-reorganizacao-da-economia-local\/\",\"url\":\"https:\/\/www.blogsoestado.com\/danielmatos\/feira-de-negocios-do-sebrae-chega-a-estreito-em-cenario-de-reorganizacao-da-economia-local\/\",\"name\":\"Feira de Neg\u00f3cios do Sebrae chega a Estreito em cen\u00e1rio de reorganiza\u00e7\u00e3o da economia local - Daniel Matos\",\"isPartOf\":{\"@id\":\"https:\/\/www.blogsoestado.com\/danielmatos\/#website\"},\"primaryImageOfPage\":{\"@id\":\"https:\/\/www.blogsoestado.com\/danielmatos\/feira-de-negocios-do-sebrae-chega-a-estreito-em-cenario-de-reorganizacao-da-economia-local\/#primaryimage\"},\"image\":{\"@id\":\"https:\/\/www.blogsoestado.com\/danielmatos\/feira-de-negocios-do-sebrae-chega-a-estreito-em-cenario-de-reorganizacao-da-economia-local\/#primaryimage\"},\"thumbnailUrl\":\"https:\/\/www.blogsoestado.com\/danielmatos\/wp-content\/uploads\/sites\/2\/2025\/11\/1004214499-1024x576.jpg\",\"datePublished\":\"2025-11-09T15:46:15+00:00\",\"dateModified\":\"2025-11-09T15:46:17+00:00\",\"author\":{\"@id\":\"https:\/\/www.blogsoestado.com\/danielmatos\/#\/schema\/person\/9a209d407cd45631f131e1285b661bb0\"},\"breadcrumb\":{\"@id\":\"https:\/\/www.blogsoestado.com\/danielmatos\/feira-de-negocios-do-sebrae-chega-a-estreito-em-cenario-de-reorganizacao-da-economia-local\/#breadcrumb\"},\"inLanguage\":\"pt-BR\",\"potentialAction\":[{\"@type\":\"ReadAction\",\"target\":[\"https:\/\/www.blogsoestado.com\/danielmatos\/feira-de-negocios-do-sebrae-chega-a-estreito-em-cenario-de-reorganizacao-da-economia-local\/\"]}]},{\"@type\":\"ImageObject\",\"inLanguage\":\"pt-BR\",\"@id\":\"https:\/\/www.blogsoestado.com\/danielmatos\/feira-de-negocios-do-sebrae-chega-a-estreito-em-cenario-de-reorganizacao-da-economia-local\/#primaryimage\",\"url\":\"https:\/\/www.blogsoestado.com\/danielmatos\/wp-content\/uploads\/sites\/2\/2025\/11\/1004214499.jpg\",\"contentUrl\":\"https:\/\/www.blogsoestado.com\/danielmatos\/wp-content\/uploads\/sites\/2\/2025\/11\/1004214499.jpg\",\"width\":2560,\"height\":1440},{\"@type\":\"BreadcrumbList\",\"@id\":\"https:\/\/www.blogsoestado.com\/danielmatos\/feira-de-negocios-do-sebrae-chega-a-estreito-em-cenario-de-reorganizacao-da-economia-local\/#breadcrumb\",\"itemListElement\":[{\"@type\":\"ListItem\",\"position\":1,\"name\":\"In\u00edcio\",\"item\":\"https:\/\/www.blogsoestado.com\/danielmatos\/\"},{\"@type\":\"ListItem\",\"position\":2,\"name\":\"Feira de Neg\u00f3cios do Sebrae chega a Estreito em cen\u00e1rio de reorganiza\u00e7\u00e3o da economia local\"}]},{\"@type\":\"WebSite\",\"@id\":\"https:\/\/www.blogsoestado.com\/danielmatos\/#website\",\"url\":\"https:\/\/www.blogsoestado.com\/danielmatos\/\",\"name\":\"Daniel Matos\",\"description\":\"\",\"potentialAction\":[{\"@type\":\"SearchAction\",\"target\":{\"@type\":\"EntryPoint\",\"urlTemplate\":\"https:\/\/www.blogsoestado.com\/danielmatos\/?s={search_term_string}\"},\"query-input\":{\"@type\":\"PropertyValueSpecification\",\"valueRequired\":true,\"valueName\":\"search_term_string\"}}],\"inLanguage\":\"pt-BR\"},{\"@type\":\"Person\",\"@id\":\"https:\/\/www.blogsoestado.com\/danielmatos\/#\/schema\/person\/9a209d407cd45631f131e1285b661bb0\",\"name\":\"Daniel Matos\",\"image\":{\"@type\":\"ImageObject\",\"inLanguage\":\"pt-BR\",\"@id\":\"https:\/\/www.blogsoestado.com\/danielmatos\/#\/schema\/person\/image\/\",\"url\":\"https:\/\/secure.gravatar.com\/avatar\/2f26c36ee355da19a257f0dfef43952a2588b324ca35d6719e859fe338ac0392?s=96&d=mm&r=g\",\"contentUrl\":\"https:\/\/secure.gravatar.com\/avatar\/2f26c36ee355da19a257f0dfef43952a2588b324ca35d6719e859fe338ac0392?s=96&d=mm&r=g\",\"caption\":\"Daniel Matos\"},\"url\":\"https:\/\/www.blogsoestado.com\/danielmatos\/author\/danielmatos\/\"}]}<\/script>\n<!-- \/ Yoast SEO plugin. -->","yoast_head_json":{"title":"Feira de Neg\u00f3cios do Sebrae chega a Estreito em cen\u00e1rio de reorganiza\u00e7\u00e3o da economia local - Daniel Matos","robots":{"index":"index","follow":"follow","max-snippet":"max-snippet:-1","max-image-preview":"max-image-preview:large","max-video-preview":"max-video-preview:-1"},"canonical":"https:\/\/www.blogsoestado.com\/danielmatos\/feira-de-negocios-do-sebrae-chega-a-estreito-em-cenario-de-reorganizacao-da-economia-local\/","og_locale":"pt_BR","og_type":"article","og_title":"Feira de Neg\u00f3cios do Sebrae chega a Estreito em cen\u00e1rio de reorganiza\u00e7\u00e3o da economia local - Daniel Matos","og_description":"O evento ser\u00e1 realizado de 12 a 14 de novembro, na Pra\u00e7a da Vila S\u00e3o Francisco, reunindo com programa\u00e7\u00e3o de [&hellip;]","og_url":"https:\/\/www.blogsoestado.com\/danielmatos\/feira-de-negocios-do-sebrae-chega-a-estreito-em-cenario-de-reorganizacao-da-economia-local\/","og_site_name":"Daniel Matos","article_published_time":"2025-11-09T15:46:15+00:00","article_modified_time":"2025-11-09T15:46:17+00:00","og_image":[{"width":2560,"height":1440,"url":"https:\/\/www.blogsoestado.com\/danielmatos\/wp-content\/uploads\/sites\/2\/2025\/11\/1004214499.jpg","type":"image\/jpeg"}],"author":"Daniel Matos","twitter_card":"summary_large_image","twitter_misc":{"Escrito por":"Daniel Matos","Est. tempo de leitura":"6 minutos"},"schema":{"@context":"https:\/\/schema.org","@graph":[{"@type":"WebPage","@id":"https:\/\/www.blogsoestado.com\/danielmatos\/feira-de-negocios-do-sebrae-chega-a-estreito-em-cenario-de-reorganizacao-da-economia-local\/","url":"https:\/\/www.blogsoestado.com\/danielmatos\/feira-de-negocios-do-sebrae-chega-a-estreito-em-cenario-de-reorganizacao-da-economia-local\/","name":"Feira de Neg\u00f3cios do Sebrae chega a Estreito em cen\u00e1rio de reorganiza\u00e7\u00e3o da economia local - Daniel Matos","isPartOf":{"@id":"https:\/\/www.blogsoestado.com\/danielmatos\/#website"},"primaryImageOfPage":{"@id":"https:\/\/www.blogsoestado.com\/danielmatos\/feira-de-negocios-do-sebrae-chega-a-estreito-em-cenario-de-reorganizacao-da-economia-local\/#primaryimage"},"image":{"@id":"https:\/\/www.blogsoestado.com\/danielmatos\/feira-de-negocios-do-sebrae-chega-a-estreito-em-cenario-de-reorganizacao-da-economia-local\/#primaryimage"},"thumbnailUrl":"https:\/\/www.blogsoestado.com\/danielmatos\/wp-content\/uploads\/sites\/2\/2025\/11\/1004214499-1024x576.jpg","datePublished":"2025-11-09T15:46:15+00:00","dateModified":"2025-11-09T15:46:17+00:00","author":{"@id":"https:\/\/www.blogsoestado.com\/danielmatos\/#\/schema\/person\/9a209d407cd45631f131e1285b661bb0"},"breadcrumb":{"@id":"https:\/\/www.blogsoestado.com\/danielmatos\/feira-de-negocios-do-sebrae-chega-a-estreito-em-cenario-de-reorganizacao-da-economia-local\/#breadcrumb"},"inLanguage":"pt-BR","potentialAction":[{"@type":"ReadAction","target":["https:\/\/www.blogsoestado.com\/danielmatos\/feira-de-negocios-do-sebrae-chega-a-estreito-em-cenario-de-reorganizacao-da-economia-local\/"]}]},{"@type":"ImageObject","inLanguage":"pt-BR","@id":"https:\/\/www.blogsoestado.com\/danielmatos\/feira-de-negocios-do-sebrae-chega-a-estreito-em-cenario-de-reorganizacao-da-economia-local\/#primaryimage","url":"https:\/\/www.blogsoestado.com\/danielmatos\/wp-content\/uploads\/sites\/2\/2025\/11\/1004214499.jpg","contentUrl":"https:\/\/www.blogsoestado.com\/danielmatos\/wp-content\/uploads\/sites\/2\/2025\/11\/1004214499.jpg","width":2560,"height":1440},{"@type":"BreadcrumbList","@id":"https:\/\/www.blogsoestado.com\/danielmatos\/feira-de-negocios-do-sebrae-chega-a-estreito-em-cenario-de-reorganizacao-da-economia-local\/#breadcrumb","itemListElement":[{"@type":"ListItem","position":1,"name":"In\u00edcio","item":"https:\/\/www.blogsoestado.com\/danielmatos\/"},{"@type":"ListItem","position":2,"name":"Feira de Neg\u00f3cios do Sebrae chega a Estreito em cen\u00e1rio de reorganiza\u00e7\u00e3o da economia local"}]},{"@type":"WebSite","@id":"https:\/\/www.blogsoestado.com\/danielmatos\/#website","url":"https:\/\/www.blogsoestado.com\/danielmatos\/","name":"Daniel Matos","description":"","potentialAction":[{"@type":"SearchAction","target":{"@type":"EntryPoint","urlTemplate":"https:\/\/www.blogsoestado.com\/danielmatos\/?s={search_term_string}"},"query-input":{"@type":"PropertyValueSpecification","valueRequired":true,"valueName":"search_term_string"}}],"inLanguage":"pt-BR"},{"@type":"Person","@id":"https:\/\/www.blogsoestado.com\/danielmatos\/#\/schema\/person\/9a209d407cd45631f131e1285b661bb0","name":"Daniel Matos","image":{"@type":"ImageObject","inLanguage":"pt-BR","@id":"https:\/\/www.blogsoestado.com\/danielmatos\/#\/schema\/person\/image\/","url":"https:\/\/secure.gravatar.com\/avatar\/2f26c36ee355da19a257f0dfef43952a2588b324ca35d6719e859fe338ac0392?s=96&d=mm&r=g","contentUrl":"https:\/\/secure.gravatar.com\/avatar\/2f26c36ee355da19a257f0dfef43952a2588b324ca35d6719e859fe338ac0392?s=96&d=mm&r=g","caption":"Daniel Matos"},"url":"https:\/\/www.blogsoestado.com\/danielmatos\/author\/danielmatos\/"}]}},"jetpack_featured_media_url":"","_links":{"self":[{"href":"https:\/\/www.blogsoestado.com\/danielmatos\/wp-json\/wp\/v2\/posts\/150757","targetHints":{"allow":["GET"]}}],"collection":[{"href":"https:\/\/www.blogsoestado.com\/danielmatos\/wp-json\/wp\/v2\/posts"}],"about":[{"href":"https:\/\/www.blogsoestado.com\/danielmatos\/wp-json\/wp\/v2\/types\/post"}],"author":[{"embeddable":true,"href":"https:\/\/www.blogsoestado.com\/danielmatos\/wp-json\/wp\/v2\/users\/2"}],"replies":[{"embeddable":true,"href":"https:\/\/www.blogsoestado.com\/danielmatos\/wp-json\/wp\/v2\/comments?post=150757"}],"version-history":[{"count":1,"href":"https:\/\/www.blogsoestado.com\/danielmatos\/wp-json\/wp\/v2\/posts\/150757\/revisions"}],"predecessor-version":[{"id":150761,"href":"https:\/\/www.blogsoestado.com\/danielmatos\/wp-json\/wp\/v2\/posts\/150757\/revisions\/150761"}],"wp:attachment":[{"href":"https:\/\/www.blogsoestado.com\/danielmatos\/wp-json\/wp\/v2\/media?parent=150757"}],"wp:term":[{"taxonomy":"category","embeddable":true,"href":"https:\/\/www.blogsoestado.com\/danielmatos\/wp-json\/wp\/v2\/categories?post=150757"},{"taxonomy":"post_tag","embeddable":true,"href":"https:\/\/www.blogsoestado.com\/danielmatos\/wp-json\/wp\/v2\/tags?post=150757"}],"curies":[{"name":"wp","href":"https:\/\/api.w.org\/{rel}","templated":true}]}}