{"id":150794,"date":"2025-11-10T16:53:10","date_gmt":"2025-11-10T19:53:10","guid":{"rendered":"https:\/\/www.blogsoestado.com\/danielmatos\/?p=150794"},"modified":"2025-11-10T16:53:13","modified_gmt":"2025-11-10T19:53:13","slug":"consumidores-de-sao-luis-devem-movimentar-r-146-milhoes-com-a-black-friday","status":"publish","type":"post","link":"https:\/\/www.blogsoestado.com\/danielmatos\/consumidores-de-sao-luis-devem-movimentar-r-146-milhoes-com-a-black-friday\/","title":{"rendered":"Consumidores de S\u00e3o Lu\u00eds devem movimentar R$ 146 milh\u00f5es com a Black Friday"},"content":{"rendered":"\n<p><em><strong><mark style=\"color:#cf2e2e\" class=\"has-inline-color\">Pesquisa da Fecom\u00e9rcio-MA mostra crescimento de 10,5% no faturamento e aumento da confian\u00e7a do consumidor ludovicense<\/mark><\/strong><\/em><\/p>\n\n\n\n<figure class=\"wp-block-image aligncenter size-full\"><img fetchpriority=\"high\" decoding=\"async\" width=\"700\" height=\"460\" src=\"https:\/\/www.blogsoestado.com\/danielmatos\/wp-content\/uploads\/sites\/2\/2025\/11\/1004224128.png\" alt=\"\" class=\"wp-image-150795\" srcset=\"https:\/\/www.blogsoestado.com\/danielmatos\/wp-content\/uploads\/sites\/2\/2025\/11\/1004224128.png 700w, https:\/\/www.blogsoestado.com\/danielmatos\/wp-content\/uploads\/sites\/2\/2025\/11\/1004224128-300x197.png 300w\" sizes=\"(max-width: 700px) 100vw, 700px\" \/><\/figure>\n\n\n\n<p>Com o consumidor ludovicense cada vez mais atento \u00e0s promo\u00e7\u00f5es, a Black Friday 2025 promete aquecer a economia local. A Pesquisa de Inten\u00e7\u00e3o de Consumo para o per\u00edodo, realizada pela Federa\u00e7\u00e3o do Com\u00e9rcio de Bens, Servi\u00e7os e Turismo do Estado do Maranh\u00e3o (Fecom\u00e9rcio-MA) pelo segundo ano consecutivo, projeta uma movimenta\u00e7\u00e3o de R$ 146,2 milh\u00f5es, o que representa crescimento nominal de 10,5% em rela\u00e7\u00e3o a 2024. Segundo o levantamento, 47,8% dos consumidores da capital pretendem aproveitar as ofertas \u2014 cerca de 378 mil pessoas, 117 mil a mais do que no ano passado.<\/p>\n\n\n\n<p>O aumento da movimenta\u00e7\u00e3o financeira est\u00e1 diretamente relacionado ao valor m\u00e9dio da compra por pessoa que ficou em R$ 394, indicando uma tend\u00eancia de consumo voltada para produtos de maior valor agregado. Para viabilizar essas aquisi\u00e7\u00f5es, muitos consumidores recorrem ao financiamento, como forma de diluir o impacto no or\u00e7amento. Esse comportamento refor\u00e7a a utiliza\u00e7\u00e3o do cr\u00e9dito e dos parcelamentos longos como mecanismos para sustentar o n\u00edvel de consumo durante a Black Friday.<\/p>\n\n\n\n<p>De acordo com o levantamento, o cart\u00e3o de cr\u00e9dito deve ser o principal meio de pagamento (74,2%), seguido pelas op\u00e7\u00f5es \u00e0 vista, com dinheiro ou d\u00e9bito (24,2%). A ades\u00e3o ao parcelamento tamb\u00e9m \u00e9 expressiva (76,1%), com destaque para pagamentos em 10 vezes (27,3%), 6 vezes (16,2%) e mais de 10 vezes (14%).<\/p>\n\n\n\n<p>Esse padr\u00e3o de consumo acompanha o cen\u00e1rio de endividamento das fam\u00edlias, que apresenta sinais de acomoda\u00e7\u00e3o e recupera\u00e7\u00e3o ao longo de 2025. Dados da Pesquisa de Endividamento e Inadimpl\u00eancia do Consumidor (PEIC), realizada pela Fecom\u00e9rcio-MA, mostram que o endividamento caiu para 71,5%, uma queda de 3% em rela\u00e7\u00e3o a 2024, enquanto a inadimpl\u00eancia atingiu 25,6%, o menor \u00edndice desde 2019. Essa melhora na capacidade de pagamento refor\u00e7a o uso respons\u00e1vel do cr\u00e9dito e viabiliza o consumo de bens de maior valor agregado.<\/p>\n\n\n\n<p>\u201cO consumidor ludovicense entra na Black Friday de 2025 em um cen\u00e1rio mais equilibrado, com melhor capacidade de planejamento e de pagamento. Isso abre espa\u00e7o para que ele invista em produtos de maior valor, aproveitando descontos reais e condi\u00e7\u00f5es de parcelamento mais favor\u00e1veis. \u00c9 uma oportunidade tanto para quem compra, quanto para o com\u00e9rcio, que ganha em volume e em fideliza\u00e7\u00e3o\u201d, avalia o presidente da Fecom\u00e9rcio-MA, Maur\u00edcio Feij\u00f3.<\/p>\n\n\n\n<p><strong>Motiva\u00e7\u00f5es e canais de compra<\/strong><\/p>\n\n\n\n<p>Em rela\u00e7\u00e3o \u00e0 disposi\u00e7\u00e3o para compra, a pesquisa revela que 29,5% dos consumidores apontam o pagamento do 13\u00ba sal\u00e1rio como principal est\u00edmulo para gastar, seguido por pre\u00e7os atrativos (29,3%), reserva financeira acumulada (22,8%) e melhoria salarial (8,5%).<\/p>\n\n\n\n<p>Entre as principais motiva\u00e7\u00f5es de compra, 57,9% dos entrevistados afirmam que pretendem aproveitar a Black Friday para adquirir itens necess\u00e1rios com desconto, 40,4% para antecipar as compras de Natal e 6,2% para aproveitar promo\u00e7\u00f5es mesmo sem necessidade imediata. Os produtos mais procurados s\u00e3o roupas (41,8%), cal\u00e7ados (34,1%), eletrodom\u00e9sticos (33,1%), artigos para casa (20,6%), eletr\u00f4nicos (19,1%) e celulares (11%).<\/p>\n\n\n\n<p>Em rela\u00e7\u00e3o aos canais de compra, observa-se um comportamento h\u00edbrido consolidado: 60,5% dos consumidores pretendem comprar em lojas f\u00edsicas, enquanto 59,4% optam pelo com\u00e9rcio eletr\u00f4nico, e 3,1% ainda n\u00e3o definiram o canal. Essa sobreposi\u00e7\u00e3o reflete a integra\u00e7\u00e3o entre o ambiente f\u00edsico e digital, com consumidores que pesquisam on-line e concluem a compra presencialmente \u2013 ou o inverso.<\/p>\n\n\n\n<p>Entre os principais fatores de decis\u00e3o, destacam-se a pesquisa de pre\u00e7o (56,4%), frete gr\u00e1tis (32,1%), confian\u00e7a em lojas conhecidas (30,2%) e entrega r\u00e1pida (11,1%), elementos que refor\u00e7am o peso da conveni\u00eancia e da credibilidade na escolha do local de compra.<\/p>\n\n\n\n<p>Com esses indicadores, a Black Friday 2025 se consolida como uma das principais datas de est\u00edmulo \u00e0 economia de S\u00e3o Lu\u00eds, funcionando como porta de entrada para o aquecimento das vendas de fim de ano e o fortalecimento do varejo e dos servi\u00e7os locais.<\/p>\n","protected":false},"excerpt":{"rendered":"<p>Pesquisa da Fecom\u00e9rcio-MA mostra crescimento de 10,5% no faturamento e aumento da confian\u00e7a do consumidor ludovicense Com o consumidor ludovicense [&hellip;]<\/p>\n","protected":false},"author":2,"featured_media":0,"comment_status":"open","ping_status":"open","sticky":false,"template":"","format":"standard","meta":{"site-sidebar-layout":"default","site-content-layout":"","ast-site-content-layout":"default","site-content-style":"default","site-sidebar-style":"default","ast-global-header-display":"","ast-banner-title-visibility":"","ast-main-header-display":"","ast-hfb-above-header-display":"","ast-hfb-below-header-display":"","ast-hfb-mobile-header-display":"","site-post-title":"","ast-breadcrumbs-content":"","ast-featured-img":"","footer-sml-layout":"","ast-disable-related-posts":"","theme-transparent-header-meta":"","adv-header-id-meta":"","stick-header-meta":"","header-above-stick-meta":"","header-main-stick-meta":"","header-below-stick-meta":"","astra-migrate-meta-layouts":"default","ast-page-background-enabled":"default","ast-page-background-meta":{"desktop":{"background-color":"var(--ast-global-color-5)","background-image":"","background-repeat":"repeat","background-position":"center center","background-size":"auto","background-attachment":"scroll","background-type":"","background-media":"","overlay-type":"","overlay-color":"","overlay-opacity":"","overlay-gradient":""},"tablet":{"background-color":"","background-image":"","background-repeat":"repeat","background-position":"center center","background-size":"auto","background-attachment":"scroll","background-type":"","background-media":"","overlay-type":"","overlay-color":"","overlay-opacity":"","overlay-gradient":""},"mobile":{"background-color":"","background-image":"","background-repeat":"repeat","background-position":"center center","background-size":"auto","background-attachment":"scroll","background-type":"","background-media":"","overlay-type":"","overlay-color":"","overlay-opacity":"","overlay-gradient":""}},"ast-content-background-meta":{"desktop":{"background-color":"var(--ast-global-color-4)","background-image":"","background-repeat":"repeat","background-position":"center center","background-size":"auto","background-attachment":"scroll","background-type":"","background-media":"","overlay-type":"","overlay-color":"","overlay-opacity":"","overlay-gradient":""},"tablet":{"background-color":"var(--ast-global-color-4)","background-image":"","background-repeat":"repeat","background-position":"center center","background-size":"auto","background-attachment":"scroll","background-type":"","background-media":"","overlay-type":"","overlay-color":"","overlay-opacity":"","overlay-gradient":""},"mobile":{"background-color":"var(--ast-global-color-4)","background-image":"","background-repeat":"repeat","background-position":"center center","background-size":"auto","background-attachment":"scroll","background-type":"","background-media":"","overlay-type":"","overlay-color":"","overlay-opacity":"","overlay-gradient":""}},"footnotes":""},"categories":[1],"tags":[],"class_list":["post-150794","post","type-post","status-publish","format-standard","hentry","category-sem-categoria"],"yoast_head":"<!-- This site is optimized with the Yoast SEO plugin v26.6 - https:\/\/yoast.com\/wordpress\/plugins\/seo\/ -->\n<title>Consumidores de S\u00e3o Lu\u00eds devem movimentar R$ 146 milh\u00f5es com a Black Friday - Daniel Matos<\/title>\n<meta name=\"robots\" content=\"index, follow, max-snippet:-1, max-image-preview:large, max-video-preview:-1\" \/>\n<link rel=\"canonical\" href=\"https:\/\/www.blogsoestado.com\/danielmatos\/consumidores-de-sao-luis-devem-movimentar-r-146-milhoes-com-a-black-friday\/\" \/>\n<meta property=\"og:locale\" content=\"pt_BR\" \/>\n<meta property=\"og:type\" content=\"article\" \/>\n<meta property=\"og:title\" content=\"Consumidores de S\u00e3o Lu\u00eds devem movimentar R$ 146 milh\u00f5es com a Black Friday - Daniel Matos\" \/>\n<meta property=\"og:description\" content=\"Pesquisa da Fecom\u00e9rcio-MA mostra crescimento de 10,5% no faturamento e aumento da confian\u00e7a do consumidor ludovicense Com o consumidor ludovicense [&hellip;]\" \/>\n<meta property=\"og:url\" content=\"https:\/\/www.blogsoestado.com\/danielmatos\/consumidores-de-sao-luis-devem-movimentar-r-146-milhoes-com-a-black-friday\/\" \/>\n<meta property=\"og:site_name\" content=\"Daniel Matos\" \/>\n<meta property=\"article:published_time\" content=\"2025-11-10T19:53:10+00:00\" \/>\n<meta property=\"article:modified_time\" content=\"2025-11-10T19:53:13+00:00\" \/>\n<meta property=\"og:image\" content=\"https:\/\/www.blogsoestado.com\/danielmatos\/wp-content\/uploads\/sites\/2\/2025\/11\/1004224128.png\" \/>\n\t<meta property=\"og:image:width\" content=\"700\" \/>\n\t<meta property=\"og:image:height\" content=\"460\" \/>\n\t<meta property=\"og:image:type\" content=\"image\/png\" \/>\n<meta name=\"author\" content=\"Daniel Matos\" \/>\n<meta name=\"twitter:card\" content=\"summary_large_image\" \/>\n<meta name=\"twitter:label1\" content=\"Escrito por\" \/>\n\t<meta name=\"twitter:data1\" content=\"Daniel Matos\" \/>\n\t<meta name=\"twitter:label2\" content=\"Est. tempo de leitura\" \/>\n\t<meta name=\"twitter:data2\" content=\"4 minutos\" \/>\n<script type=\"application\/ld+json\" class=\"yoast-schema-graph\">{\"@context\":\"https:\/\/schema.org\",\"@graph\":[{\"@type\":\"WebPage\",\"@id\":\"https:\/\/www.blogsoestado.com\/danielmatos\/consumidores-de-sao-luis-devem-movimentar-r-146-milhoes-com-a-black-friday\/\",\"url\":\"https:\/\/www.blogsoestado.com\/danielmatos\/consumidores-de-sao-luis-devem-movimentar-r-146-milhoes-com-a-black-friday\/\",\"name\":\"Consumidores de S\u00e3o Lu\u00eds devem movimentar R$ 146 milh\u00f5es com a Black Friday - Daniel Matos\",\"isPartOf\":{\"@id\":\"https:\/\/www.blogsoestado.com\/danielmatos\/#website\"},\"primaryImageOfPage\":{\"@id\":\"https:\/\/www.blogsoestado.com\/danielmatos\/consumidores-de-sao-luis-devem-movimentar-r-146-milhoes-com-a-black-friday\/#primaryimage\"},\"image\":{\"@id\":\"https:\/\/www.blogsoestado.com\/danielmatos\/consumidores-de-sao-luis-devem-movimentar-r-146-milhoes-com-a-black-friday\/#primaryimage\"},\"thumbnailUrl\":\"https:\/\/www.blogsoestado.com\/danielmatos\/wp-content\/uploads\/sites\/2\/2025\/11\/1004224128.png\",\"datePublished\":\"2025-11-10T19:53:10+00:00\",\"dateModified\":\"2025-11-10T19:53:13+00:00\",\"author\":{\"@id\":\"https:\/\/www.blogsoestado.com\/danielmatos\/#\/schema\/person\/9a209d407cd45631f131e1285b661bb0\"},\"breadcrumb\":{\"@id\":\"https:\/\/www.blogsoestado.com\/danielmatos\/consumidores-de-sao-luis-devem-movimentar-r-146-milhoes-com-a-black-friday\/#breadcrumb\"},\"inLanguage\":\"pt-BR\",\"potentialAction\":[{\"@type\":\"ReadAction\",\"target\":[\"https:\/\/www.blogsoestado.com\/danielmatos\/consumidores-de-sao-luis-devem-movimentar-r-146-milhoes-com-a-black-friday\/\"]}]},{\"@type\":\"ImageObject\",\"inLanguage\":\"pt-BR\",\"@id\":\"https:\/\/www.blogsoestado.com\/danielmatos\/consumidores-de-sao-luis-devem-movimentar-r-146-milhoes-com-a-black-friday\/#primaryimage\",\"url\":\"https:\/\/www.blogsoestado.com\/danielmatos\/wp-content\/uploads\/sites\/2\/2025\/11\/1004224128.png\",\"contentUrl\":\"https:\/\/www.blogsoestado.com\/danielmatos\/wp-content\/uploads\/sites\/2\/2025\/11\/1004224128.png\",\"width\":700,\"height\":460},{\"@type\":\"BreadcrumbList\",\"@id\":\"https:\/\/www.blogsoestado.com\/danielmatos\/consumidores-de-sao-luis-devem-movimentar-r-146-milhoes-com-a-black-friday\/#breadcrumb\",\"itemListElement\":[{\"@type\":\"ListItem\",\"position\":1,\"name\":\"In\u00edcio\",\"item\":\"https:\/\/www.blogsoestado.com\/danielmatos\/\"},{\"@type\":\"ListItem\",\"position\":2,\"name\":\"Consumidores de S\u00e3o Lu\u00eds devem movimentar R$ 146 milh\u00f5es com a Black Friday\"}]},{\"@type\":\"WebSite\",\"@id\":\"https:\/\/www.blogsoestado.com\/danielmatos\/#website\",\"url\":\"https:\/\/www.blogsoestado.com\/danielmatos\/\",\"name\":\"Daniel Matos\",\"description\":\"\",\"potentialAction\":[{\"@type\":\"SearchAction\",\"target\":{\"@type\":\"EntryPoint\",\"urlTemplate\":\"https:\/\/www.blogsoestado.com\/danielmatos\/?s={search_term_string}\"},\"query-input\":{\"@type\":\"PropertyValueSpecification\",\"valueRequired\":true,\"valueName\":\"search_term_string\"}}],\"inLanguage\":\"pt-BR\"},{\"@type\":\"Person\",\"@id\":\"https:\/\/www.blogsoestado.com\/danielmatos\/#\/schema\/person\/9a209d407cd45631f131e1285b661bb0\",\"name\":\"Daniel Matos\",\"image\":{\"@type\":\"ImageObject\",\"inLanguage\":\"pt-BR\",\"@id\":\"https:\/\/www.blogsoestado.com\/danielmatos\/#\/schema\/person\/image\/\",\"url\":\"https:\/\/secure.gravatar.com\/avatar\/2f26c36ee355da19a257f0dfef43952a2588b324ca35d6719e859fe338ac0392?s=96&d=mm&r=g\",\"contentUrl\":\"https:\/\/secure.gravatar.com\/avatar\/2f26c36ee355da19a257f0dfef43952a2588b324ca35d6719e859fe338ac0392?s=96&d=mm&r=g\",\"caption\":\"Daniel Matos\"},\"url\":\"https:\/\/www.blogsoestado.com\/danielmatos\/author\/danielmatos\/\"}]}<\/script>\n<!-- \/ Yoast SEO plugin. -->","yoast_head_json":{"title":"Consumidores de S\u00e3o Lu\u00eds devem movimentar R$ 146 milh\u00f5es com a Black Friday - Daniel Matos","robots":{"index":"index","follow":"follow","max-snippet":"max-snippet:-1","max-image-preview":"max-image-preview:large","max-video-preview":"max-video-preview:-1"},"canonical":"https:\/\/www.blogsoestado.com\/danielmatos\/consumidores-de-sao-luis-devem-movimentar-r-146-milhoes-com-a-black-friday\/","og_locale":"pt_BR","og_type":"article","og_title":"Consumidores de S\u00e3o Lu\u00eds devem movimentar R$ 146 milh\u00f5es com a Black Friday - Daniel Matos","og_description":"Pesquisa da Fecom\u00e9rcio-MA mostra crescimento de 10,5% no faturamento e aumento da confian\u00e7a do consumidor ludovicense Com o consumidor ludovicense [&hellip;]","og_url":"https:\/\/www.blogsoestado.com\/danielmatos\/consumidores-de-sao-luis-devem-movimentar-r-146-milhoes-com-a-black-friday\/","og_site_name":"Daniel Matos","article_published_time":"2025-11-10T19:53:10+00:00","article_modified_time":"2025-11-10T19:53:13+00:00","og_image":[{"width":700,"height":460,"url":"https:\/\/www.blogsoestado.com\/danielmatos\/wp-content\/uploads\/sites\/2\/2025\/11\/1004224128.png","type":"image\/png"}],"author":"Daniel Matos","twitter_card":"summary_large_image","twitter_misc":{"Escrito por":"Daniel Matos","Est. tempo de leitura":"4 minutos"},"schema":{"@context":"https:\/\/schema.org","@graph":[{"@type":"WebPage","@id":"https:\/\/www.blogsoestado.com\/danielmatos\/consumidores-de-sao-luis-devem-movimentar-r-146-milhoes-com-a-black-friday\/","url":"https:\/\/www.blogsoestado.com\/danielmatos\/consumidores-de-sao-luis-devem-movimentar-r-146-milhoes-com-a-black-friday\/","name":"Consumidores de S\u00e3o Lu\u00eds devem movimentar R$ 146 milh\u00f5es com a Black Friday - Daniel Matos","isPartOf":{"@id":"https:\/\/www.blogsoestado.com\/danielmatos\/#website"},"primaryImageOfPage":{"@id":"https:\/\/www.blogsoestado.com\/danielmatos\/consumidores-de-sao-luis-devem-movimentar-r-146-milhoes-com-a-black-friday\/#primaryimage"},"image":{"@id":"https:\/\/www.blogsoestado.com\/danielmatos\/consumidores-de-sao-luis-devem-movimentar-r-146-milhoes-com-a-black-friday\/#primaryimage"},"thumbnailUrl":"https:\/\/www.blogsoestado.com\/danielmatos\/wp-content\/uploads\/sites\/2\/2025\/11\/1004224128.png","datePublished":"2025-11-10T19:53:10+00:00","dateModified":"2025-11-10T19:53:13+00:00","author":{"@id":"https:\/\/www.blogsoestado.com\/danielmatos\/#\/schema\/person\/9a209d407cd45631f131e1285b661bb0"},"breadcrumb":{"@id":"https:\/\/www.blogsoestado.com\/danielmatos\/consumidores-de-sao-luis-devem-movimentar-r-146-milhoes-com-a-black-friday\/#breadcrumb"},"inLanguage":"pt-BR","potentialAction":[{"@type":"ReadAction","target":["https:\/\/www.blogsoestado.com\/danielmatos\/consumidores-de-sao-luis-devem-movimentar-r-146-milhoes-com-a-black-friday\/"]}]},{"@type":"ImageObject","inLanguage":"pt-BR","@id":"https:\/\/www.blogsoestado.com\/danielmatos\/consumidores-de-sao-luis-devem-movimentar-r-146-milhoes-com-a-black-friday\/#primaryimage","url":"https:\/\/www.blogsoestado.com\/danielmatos\/wp-content\/uploads\/sites\/2\/2025\/11\/1004224128.png","contentUrl":"https:\/\/www.blogsoestado.com\/danielmatos\/wp-content\/uploads\/sites\/2\/2025\/11\/1004224128.png","width":700,"height":460},{"@type":"BreadcrumbList","@id":"https:\/\/www.blogsoestado.com\/danielmatos\/consumidores-de-sao-luis-devem-movimentar-r-146-milhoes-com-a-black-friday\/#breadcrumb","itemListElement":[{"@type":"ListItem","position":1,"name":"In\u00edcio","item":"https:\/\/www.blogsoestado.com\/danielmatos\/"},{"@type":"ListItem","position":2,"name":"Consumidores de S\u00e3o Lu\u00eds devem movimentar R$ 146 milh\u00f5es com a Black Friday"}]},{"@type":"WebSite","@id":"https:\/\/www.blogsoestado.com\/danielmatos\/#website","url":"https:\/\/www.blogsoestado.com\/danielmatos\/","name":"Daniel Matos","description":"","potentialAction":[{"@type":"SearchAction","target":{"@type":"EntryPoint","urlTemplate":"https:\/\/www.blogsoestado.com\/danielmatos\/?s={search_term_string}"},"query-input":{"@type":"PropertyValueSpecification","valueRequired":true,"valueName":"search_term_string"}}],"inLanguage":"pt-BR"},{"@type":"Person","@id":"https:\/\/www.blogsoestado.com\/danielmatos\/#\/schema\/person\/9a209d407cd45631f131e1285b661bb0","name":"Daniel Matos","image":{"@type":"ImageObject","inLanguage":"pt-BR","@id":"https:\/\/www.blogsoestado.com\/danielmatos\/#\/schema\/person\/image\/","url":"https:\/\/secure.gravatar.com\/avatar\/2f26c36ee355da19a257f0dfef43952a2588b324ca35d6719e859fe338ac0392?s=96&d=mm&r=g","contentUrl":"https:\/\/secure.gravatar.com\/avatar\/2f26c36ee355da19a257f0dfef43952a2588b324ca35d6719e859fe338ac0392?s=96&d=mm&r=g","caption":"Daniel Matos"},"url":"https:\/\/www.blogsoestado.com\/danielmatos\/author\/danielmatos\/"}]}},"jetpack_featured_media_url":"","_links":{"self":[{"href":"https:\/\/www.blogsoestado.com\/danielmatos\/wp-json\/wp\/v2\/posts\/150794","targetHints":{"allow":["GET"]}}],"collection":[{"href":"https:\/\/www.blogsoestado.com\/danielmatos\/wp-json\/wp\/v2\/posts"}],"about":[{"href":"https:\/\/www.blogsoestado.com\/danielmatos\/wp-json\/wp\/v2\/types\/post"}],"author":[{"embeddable":true,"href":"https:\/\/www.blogsoestado.com\/danielmatos\/wp-json\/wp\/v2\/users\/2"}],"replies":[{"embeddable":true,"href":"https:\/\/www.blogsoestado.com\/danielmatos\/wp-json\/wp\/v2\/comments?post=150794"}],"version-history":[{"count":1,"href":"https:\/\/www.blogsoestado.com\/danielmatos\/wp-json\/wp\/v2\/posts\/150794\/revisions"}],"predecessor-version":[{"id":150796,"href":"https:\/\/www.blogsoestado.com\/danielmatos\/wp-json\/wp\/v2\/posts\/150794\/revisions\/150796"}],"wp:attachment":[{"href":"https:\/\/www.blogsoestado.com\/danielmatos\/wp-json\/wp\/v2\/media?parent=150794"}],"wp:term":[{"taxonomy":"category","embeddable":true,"href":"https:\/\/www.blogsoestado.com\/danielmatos\/wp-json\/wp\/v2\/categories?post=150794"},{"taxonomy":"post_tag","embeddable":true,"href":"https:\/\/www.blogsoestado.com\/danielmatos\/wp-json\/wp\/v2\/tags?post=150794"}],"curies":[{"name":"wp","href":"https:\/\/api.w.org\/{rel}","templated":true}]}}