{"id":150816,"date":"2025-11-10T23:05:28","date_gmt":"2025-11-11T02:05:28","guid":{"rendered":"https:\/\/www.blogsoestado.com\/danielmatos\/?p=150816"},"modified":"2025-11-10T23:05:30","modified_gmt":"2025-11-11T02:05:30","slug":"museu-de-alcantara-se-prepara-para-reabrir-apos-ampla-restauracao-e-nova-montagem-expografica","status":"publish","type":"post","link":"https:\/\/www.blogsoestado.com\/danielmatos\/museu-de-alcantara-se-prepara-para-reabrir-apos-ampla-restauracao-e-nova-montagem-expografica\/","title":{"rendered":"Museu de Alc\u00e2ntara se prepara para reabrir ap\u00f3s ampla restaura\u00e7\u00e3o e nova montagem expogr\u00e1fica"},"content":{"rendered":"\n<figure class=\"wp-block-image aligncenter size-large\"><img fetchpriority=\"high\" decoding=\"async\" width=\"1024\" height=\"768\" src=\"https:\/\/www.blogsoestado.com\/danielmatos\/wp-content\/uploads\/sites\/2\/2025\/11\/1004227922-1024x768.jpg\" alt=\"\" class=\"wp-image-150817\" srcset=\"https:\/\/www.blogsoestado.com\/danielmatos\/wp-content\/uploads\/sites\/2\/2025\/11\/1004227922-1024x768.jpg 1024w, https:\/\/www.blogsoestado.com\/danielmatos\/wp-content\/uploads\/sites\/2\/2025\/11\/1004227922-300x225.jpg 300w, https:\/\/www.blogsoestado.com\/danielmatos\/wp-content\/uploads\/sites\/2\/2025\/11\/1004227922-768x576.jpg 768w, https:\/\/www.blogsoestado.com\/danielmatos\/wp-content\/uploads\/sites\/2\/2025\/11\/1004227922.jpg 1428w\" sizes=\"(max-width: 1024px) 100vw, 1024px\" \/><figcaption class=\"wp-element-caption\">Uma das curiosidades do museu \u00e9 o seu acervo paleontol\u00f3gico, que refor\u00e7a a import\u00e2ncia de Alc\u00e2ntara como s\u00edtio arqueol\u00f3gico e lugar de mem\u00f3ria<\/figcaption><\/figure>\n\n\n\n<p>Fechado desde 2019, o Museu de Alc\u00e2ntara entra em sua fase final de requalifica\u00e7\u00e3o e deve reabrir as portas ao p\u00fablico em breve. Localizado na Pra\u00e7a Gomes de Castro, no centro hist\u00f3rico da cidade, o espa\u00e7o passa atualmente pela terceira etapa do projeto, dedicada \u00e0 expografia, que \u00e9 a montagem da nova exposi\u00e7\u00e3o e marca a conclus\u00e3o de um longo processo de pesquisa, restauro e moderniza\u00e7\u00e3o.<\/p>\n\n\n\n<p>As obras de amplia\u00e7\u00e3o, reforma e restaura\u00e7\u00e3o ocorreram entre 2019 e 2022, em parceria com o Instituto Brasileiro de Museus (IBRAM). O projeto foi dividido em etapas: a primeira consistiu em uma pesquisa intelectual e curadoria, com o envolvimento de diversos profissionais e estudiosos; a segunda contemplou a reforma estrutural do pr\u00e9dio hist\u00f3rico, entregue em maio de 2022; e a terceira, iniciada em janeiro de 2024, corresponde \u00e0 montagem das exposi\u00e7\u00f5es e adequa\u00e7\u00e3o dos espa\u00e7os internos.<\/p>\n\n\n\n<p>Essa fase est\u00e1 sendo realizada com recursos do Fundo Nacional dos Direitos Difusos do Minist\u00e9rio da Justi\u00e7a, repassados ao IBRAM e executados sob gest\u00e3o da Universidade Federal do Maranh\u00e3o (UFMA). O coordenador do projeto pela UFMA, professor Roni Ara\u00fajo, destacou o car\u00e1ter t\u00e9cnico e colaborativo do processo. &#8220;O trabalho de restaura\u00e7\u00e3o e requalifica\u00e7\u00e3o do Museu de Alc\u00e2ntara envolveu uma equipe multidisciplinar e o cuidado de respeitar a mem\u00f3ria local. Essa fase de expografia representa o momento em que o acervo ganha vida novamente, dialogando com o p\u00fablico e valorizando a hist\u00f3ria do munic\u00edpio e do Maranh\u00e3o\u201d, explicou.<\/p>\n\n\n\n<p>O novo projeto museogr\u00e1fico prev\u00ea tanto uma exposi\u00e7\u00e3o permanente, com objetos originais dos s\u00e9culos XIX e XX, quanto uma exposi\u00e7\u00e3o tempor\u00e1ria voltada para o p\u00fablico infantil, com r\u00e9plicas e atividades interativas. O acervo, que re\u00fane m\u00f3veis, utens\u00edlios, documentos e pe\u00e7as arqueol\u00f3gicas, foi preservado durante o per\u00edodo de fechamento e agora retorna em um formato mais acess\u00edvel e educativo.<\/p>\n\n\n\n<p>Uma das curiosidades do museu \u00e9 o seu acervo paleontol\u00f3gico, que refor\u00e7a a import\u00e2ncia de Alc\u00e2ntara como s\u00edtio arqueol\u00f3gico e lugar de mem\u00f3ria. A nova montagem tamb\u00e9m dar\u00e1 visibilidade \u00e0 presen\u00e7a ind\u00edgena na hist\u00f3ria local. Os primeiros escravizados na regi\u00e3o foram ind\u00edgenas, e somente depois os negros se tornaram maioria, compondo o mosaico cultural que faz de Alc\u00e2ntara um territ\u00f3rio de forte heran\u00e7a quilombola e ancestral.<\/p>\n\n\n\n<p>A diretora do Museu de Alc\u00e2ntara, Karina Waleska, destacou o significado simb\u00f3lico da reabertura do espa\u00e7o para a comunidade. &#8220;O museu \u00e9 um ponto de encontro entre passado e presente. Ele preserva a mem\u00f3ria de Alc\u00e2ntara, mas tamb\u00e9m projeta novas narrativas sobre nossa forma\u00e7\u00e3o, a presen\u00e7a ind\u00edgena, africana e o papel das crian\u00e7as nesse processo educativo. A reabertura \u00e9 um convite para que todos redescubram a riqueza do nosso patrim\u00f4nio\u201d, afirmou.<\/p>\n\n\n\n<figure class=\"wp-block-image aligncenter size-large\"><img decoding=\"async\" width=\"1024\" height=\"768\" src=\"https:\/\/www.blogsoestado.com\/danielmatos\/wp-content\/uploads\/sites\/2\/2025\/11\/1004227924-1024x768.jpg\" alt=\"\" class=\"wp-image-150818\" srcset=\"https:\/\/www.blogsoestado.com\/danielmatos\/wp-content\/uploads\/sites\/2\/2025\/11\/1004227924-1024x768.jpg 1024w, https:\/\/www.blogsoestado.com\/danielmatos\/wp-content\/uploads\/sites\/2\/2025\/11\/1004227924-300x225.jpg 300w, https:\/\/www.blogsoestado.com\/danielmatos\/wp-content\/uploads\/sites\/2\/2025\/11\/1004227924-768x576.jpg 768w, https:\/\/www.blogsoestado.com\/danielmatos\/wp-content\/uploads\/sites\/2\/2025\/11\/1004227924.jpg 1428w\" sizes=\"(max-width: 1024px) 100vw, 1024px\" \/><figcaption class=\"wp-element-caption\">Equipe respons\u00e1vel pela restaura\u00e7\u00e3o do Museu de Alc\u00e2ntara, que est\u00e1 em fase de conclus\u00e3o, com montagem de uma nova exposi\u00e7\u00e3o <\/figcaption><\/figure>\n\n\n\n<p><strong>Sobre o Projeto<\/strong><\/p>\n\n\n\n<p>&#8220;Alc\u00e2ntara: dos dinossauros \u00e0 era espacial\u201d \u00e9 um projeto de pesquisa, ensino e extens\u00e3o da Universidade Federal do Maranh\u00e3o (UFMA), desenvolvido pela Pr\u00f3-Reitoria de Extens\u00e3o e Cultura (PROEC) em parceria com o Museu de Alc\u00e2ntara (MUSA) e o Instituto Brasileiro de Museus (IBRAM). A iniciativa prop\u00f5e uma nova concep\u00e7\u00e3o museogr\u00e1fica para o MUSA, reunindo diferentes campos do conhecimento para contar, de forma did\u00e1tica e interativa, a hist\u00f3ria de Alc\u00e2ntara, desde seus registros paleontol\u00f3gicos at\u00e9 a era espacial.<\/p>\n\n\n\n<p>O projeto abrange etapas de pesquisa, produ\u00e7\u00e3o narrativa e montagem expositiva, combinando conte\u00fados hist\u00f3ricos, arqueol\u00f3gicos e antropol\u00f3gicos. A exposi\u00e7\u00e3o integra textos, imagens, maquetes, r\u00e9plicas, dioramas e recursos audiovisuais que dar\u00e3o vida \u00e0 trajet\u00f3ria da cidade, passando por seus povos origin\u00e1rios, o per\u00edodo colonial, a forma\u00e7\u00e3o arquitet\u00f4nica e o legado das comunidades quilombolas, at\u00e9 chegar \u00e0 contemporaneidade marcada pela presen\u00e7a do Centro de Lan\u00e7amento de Alc\u00e2ntara.<\/p>\n\n\n\n<p>Mais do que uma mostra hist\u00f3rica, o projeto prop\u00f5e uma experi\u00eancia imersiva e educativa, voltada \u00e0 populariza\u00e7\u00e3o da ci\u00eancia e \u00e0 valoriza\u00e7\u00e3o do patrim\u00f4nio cultural maranhense. A nova exposi\u00e7\u00e3o busca despertar o interesse de estudantes, pesquisadores e visitantes em geral, estimulando o reconhecimento da diversidade cultural, natural e cient\u00edfica de Alc\u00e2ntara como parte essencial da mem\u00f3ria e da identidade brasileira.<\/p>\n\n\n\n<p>Ao unir ensino, pesquisa e extens\u00e3o, \u201cAlc\u00e2ntara: dos dinossauros \u00e0 era espacial\u201d reafirma o papel da UFMA na preserva\u00e7\u00e3o e difus\u00e3o do patrim\u00f4nio hist\u00f3rico e na promo\u00e7\u00e3o do acesso \u00e0 cultura, \u00e0 ci\u00eancia e \u00e0 educa\u00e7\u00e3o, fortalecendo o v\u00ednculo entre a universidade e a comunidade local.<\/p>\n","protected":false},"excerpt":{"rendered":"<p>Fechado desde 2019, o Museu de Alc\u00e2ntara entra em sua fase final de requalifica\u00e7\u00e3o e deve reabrir as portas ao [&hellip;]<\/p>\n","protected":false},"author":2,"featured_media":0,"comment_status":"open","ping_status":"open","sticky":false,"template":"","format":"standard","meta":{"site-sidebar-layout":"default","site-content-layout":"","ast-site-content-layout":"default","site-content-style":"default","site-sidebar-style":"default","ast-global-header-display":"","ast-banner-title-visibility":"","ast-main-header-display":"","ast-hfb-above-header-display":"","ast-hfb-below-header-display":"","ast-hfb-mobile-header-display":"","site-post-title":"","ast-breadcrumbs-content":"","ast-featured-img":"","footer-sml-layout":"","ast-disable-related-posts":"","theme-transparent-header-meta":"","adv-header-id-meta":"","stick-header-meta":"","header-above-stick-meta":"","header-main-stick-meta":"","header-below-stick-meta":"","astra-migrate-meta-layouts":"default","ast-page-background-enabled":"default","ast-page-background-meta":{"desktop":{"background-color":"var(--ast-global-color-5)","background-image":"","background-repeat":"repeat","background-position":"center center","background-size":"auto","background-attachment":"scroll","background-type":"","background-media":"","overlay-type":"","overlay-color":"","overlay-opacity":"","overlay-gradient":""},"tablet":{"background-color":"","background-image":"","background-repeat":"repeat","background-position":"center center","background-size":"auto","background-attachment":"scroll","background-type":"","background-media":"","overlay-type":"","overlay-color":"","overlay-opacity":"","overlay-gradient":""},"mobile":{"background-color":"","background-image":"","background-repeat":"repeat","background-position":"center center","background-size":"auto","background-attachment":"scroll","background-type":"","background-media":"","overlay-type":"","overlay-color":"","overlay-opacity":"","overlay-gradient":""}},"ast-content-background-meta":{"desktop":{"background-color":"var(--ast-global-color-4)","background-image":"","background-repeat":"repeat","background-position":"center center","background-size":"auto","background-attachment":"scroll","background-type":"","background-media":"","overlay-type":"","overlay-color":"","overlay-opacity":"","overlay-gradient":""},"tablet":{"background-color":"var(--ast-global-color-4)","background-image":"","background-repeat":"repeat","background-position":"center center","background-size":"auto","background-attachment":"scroll","background-type":"","background-media":"","overlay-type":"","overlay-color":"","overlay-opacity":"","overlay-gradient":""},"mobile":{"background-color":"var(--ast-global-color-4)","background-image":"","background-repeat":"repeat","background-position":"center center","background-size":"auto","background-attachment":"scroll","background-type":"","background-media":"","overlay-type":"","overlay-color":"","overlay-opacity":"","overlay-gradient":""}},"footnotes":""},"categories":[1],"tags":[],"class_list":["post-150816","post","type-post","status-publish","format-standard","hentry","category-sem-categoria"],"yoast_head":"<!-- This site is optimized with the Yoast SEO plugin v26.6 - https:\/\/yoast.com\/wordpress\/plugins\/seo\/ -->\n<title>Museu de Alc\u00e2ntara se prepara para reabrir ap\u00f3s ampla restaura\u00e7\u00e3o e nova montagem expogr\u00e1fica - Daniel Matos<\/title>\n<meta name=\"robots\" content=\"index, follow, max-snippet:-1, max-image-preview:large, max-video-preview:-1\" \/>\n<link rel=\"canonical\" href=\"https:\/\/www.blogsoestado.com\/danielmatos\/museu-de-alcantara-se-prepara-para-reabrir-apos-ampla-restauracao-e-nova-montagem-expografica\/\" \/>\n<meta property=\"og:locale\" content=\"pt_BR\" \/>\n<meta property=\"og:type\" content=\"article\" \/>\n<meta property=\"og:title\" content=\"Museu de Alc\u00e2ntara se prepara para reabrir ap\u00f3s ampla restaura\u00e7\u00e3o e nova montagem expogr\u00e1fica - Daniel Matos\" \/>\n<meta property=\"og:description\" content=\"Fechado desde 2019, o Museu de Alc\u00e2ntara entra em sua fase final de requalifica\u00e7\u00e3o e deve reabrir as portas ao [&hellip;]\" \/>\n<meta property=\"og:url\" content=\"https:\/\/www.blogsoestado.com\/danielmatos\/museu-de-alcantara-se-prepara-para-reabrir-apos-ampla-restauracao-e-nova-montagem-expografica\/\" \/>\n<meta property=\"og:site_name\" content=\"Daniel Matos\" \/>\n<meta property=\"article:published_time\" content=\"2025-11-11T02:05:28+00:00\" \/>\n<meta property=\"article:modified_time\" content=\"2025-11-11T02:05:30+00:00\" \/>\n<meta property=\"og:image\" content=\"https:\/\/www.blogsoestado.com\/danielmatos\/wp-content\/uploads\/sites\/2\/2025\/11\/1004227922.jpg\" \/>\n\t<meta property=\"og:image:width\" content=\"1428\" \/>\n\t<meta property=\"og:image:height\" content=\"1071\" \/>\n\t<meta property=\"og:image:type\" content=\"image\/jpeg\" \/>\n<meta name=\"author\" content=\"Daniel Matos\" \/>\n<meta name=\"twitter:card\" content=\"summary_large_image\" \/>\n<meta name=\"twitter:label1\" content=\"Escrito por\" \/>\n\t<meta name=\"twitter:data1\" content=\"Daniel Matos\" \/>\n\t<meta name=\"twitter:label2\" content=\"Est. tempo de leitura\" \/>\n\t<meta name=\"twitter:data2\" content=\"5 minutos\" \/>\n<script type=\"application\/ld+json\" class=\"yoast-schema-graph\">{\"@context\":\"https:\/\/schema.org\",\"@graph\":[{\"@type\":\"WebPage\",\"@id\":\"https:\/\/www.blogsoestado.com\/danielmatos\/museu-de-alcantara-se-prepara-para-reabrir-apos-ampla-restauracao-e-nova-montagem-expografica\/\",\"url\":\"https:\/\/www.blogsoestado.com\/danielmatos\/museu-de-alcantara-se-prepara-para-reabrir-apos-ampla-restauracao-e-nova-montagem-expografica\/\",\"name\":\"Museu de Alc\u00e2ntara se prepara para reabrir ap\u00f3s ampla restaura\u00e7\u00e3o e nova montagem expogr\u00e1fica - Daniel Matos\",\"isPartOf\":{\"@id\":\"https:\/\/www.blogsoestado.com\/danielmatos\/#website\"},\"primaryImageOfPage\":{\"@id\":\"https:\/\/www.blogsoestado.com\/danielmatos\/museu-de-alcantara-se-prepara-para-reabrir-apos-ampla-restauracao-e-nova-montagem-expografica\/#primaryimage\"},\"image\":{\"@id\":\"https:\/\/www.blogsoestado.com\/danielmatos\/museu-de-alcantara-se-prepara-para-reabrir-apos-ampla-restauracao-e-nova-montagem-expografica\/#primaryimage\"},\"thumbnailUrl\":\"https:\/\/www.blogsoestado.com\/danielmatos\/wp-content\/uploads\/sites\/2\/2025\/11\/1004227922-1024x768.jpg\",\"datePublished\":\"2025-11-11T02:05:28+00:00\",\"dateModified\":\"2025-11-11T02:05:30+00:00\",\"author\":{\"@id\":\"https:\/\/www.blogsoestado.com\/danielmatos\/#\/schema\/person\/9a209d407cd45631f131e1285b661bb0\"},\"breadcrumb\":{\"@id\":\"https:\/\/www.blogsoestado.com\/danielmatos\/museu-de-alcantara-se-prepara-para-reabrir-apos-ampla-restauracao-e-nova-montagem-expografica\/#breadcrumb\"},\"inLanguage\":\"pt-BR\",\"potentialAction\":[{\"@type\":\"ReadAction\",\"target\":[\"https:\/\/www.blogsoestado.com\/danielmatos\/museu-de-alcantara-se-prepara-para-reabrir-apos-ampla-restauracao-e-nova-montagem-expografica\/\"]}]},{\"@type\":\"ImageObject\",\"inLanguage\":\"pt-BR\",\"@id\":\"https:\/\/www.blogsoestado.com\/danielmatos\/museu-de-alcantara-se-prepara-para-reabrir-apos-ampla-restauracao-e-nova-montagem-expografica\/#primaryimage\",\"url\":\"https:\/\/www.blogsoestado.com\/danielmatos\/wp-content\/uploads\/sites\/2\/2025\/11\/1004227922.jpg\",\"contentUrl\":\"https:\/\/www.blogsoestado.com\/danielmatos\/wp-content\/uploads\/sites\/2\/2025\/11\/1004227922.jpg\",\"width\":1428,\"height\":1071},{\"@type\":\"BreadcrumbList\",\"@id\":\"https:\/\/www.blogsoestado.com\/danielmatos\/museu-de-alcantara-se-prepara-para-reabrir-apos-ampla-restauracao-e-nova-montagem-expografica\/#breadcrumb\",\"itemListElement\":[{\"@type\":\"ListItem\",\"position\":1,\"name\":\"In\u00edcio\",\"item\":\"https:\/\/www.blogsoestado.com\/danielmatos\/\"},{\"@type\":\"ListItem\",\"position\":2,\"name\":\"Museu de Alc\u00e2ntara se prepara para reabrir ap\u00f3s ampla restaura\u00e7\u00e3o e nova montagem expogr\u00e1fica\"}]},{\"@type\":\"WebSite\",\"@id\":\"https:\/\/www.blogsoestado.com\/danielmatos\/#website\",\"url\":\"https:\/\/www.blogsoestado.com\/danielmatos\/\",\"name\":\"Daniel Matos\",\"description\":\"\",\"potentialAction\":[{\"@type\":\"SearchAction\",\"target\":{\"@type\":\"EntryPoint\",\"urlTemplate\":\"https:\/\/www.blogsoestado.com\/danielmatos\/?s={search_term_string}\"},\"query-input\":{\"@type\":\"PropertyValueSpecification\",\"valueRequired\":true,\"valueName\":\"search_term_string\"}}],\"inLanguage\":\"pt-BR\"},{\"@type\":\"Person\",\"@id\":\"https:\/\/www.blogsoestado.com\/danielmatos\/#\/schema\/person\/9a209d407cd45631f131e1285b661bb0\",\"name\":\"Daniel Matos\",\"image\":{\"@type\":\"ImageObject\",\"inLanguage\":\"pt-BR\",\"@id\":\"https:\/\/www.blogsoestado.com\/danielmatos\/#\/schema\/person\/image\/\",\"url\":\"https:\/\/secure.gravatar.com\/avatar\/2f26c36ee355da19a257f0dfef43952a2588b324ca35d6719e859fe338ac0392?s=96&d=mm&r=g\",\"contentUrl\":\"https:\/\/secure.gravatar.com\/avatar\/2f26c36ee355da19a257f0dfef43952a2588b324ca35d6719e859fe338ac0392?s=96&d=mm&r=g\",\"caption\":\"Daniel Matos\"},\"url\":\"https:\/\/www.blogsoestado.com\/danielmatos\/author\/danielmatos\/\"}]}<\/script>\n<!-- \/ Yoast SEO plugin. -->","yoast_head_json":{"title":"Museu de Alc\u00e2ntara se prepara para reabrir ap\u00f3s ampla restaura\u00e7\u00e3o e nova montagem expogr\u00e1fica - Daniel Matos","robots":{"index":"index","follow":"follow","max-snippet":"max-snippet:-1","max-image-preview":"max-image-preview:large","max-video-preview":"max-video-preview:-1"},"canonical":"https:\/\/www.blogsoestado.com\/danielmatos\/museu-de-alcantara-se-prepara-para-reabrir-apos-ampla-restauracao-e-nova-montagem-expografica\/","og_locale":"pt_BR","og_type":"article","og_title":"Museu de Alc\u00e2ntara se prepara para reabrir ap\u00f3s ampla restaura\u00e7\u00e3o e nova montagem expogr\u00e1fica - Daniel Matos","og_description":"Fechado desde 2019, o Museu de Alc\u00e2ntara entra em sua fase final de requalifica\u00e7\u00e3o e deve reabrir as portas ao [&hellip;]","og_url":"https:\/\/www.blogsoestado.com\/danielmatos\/museu-de-alcantara-se-prepara-para-reabrir-apos-ampla-restauracao-e-nova-montagem-expografica\/","og_site_name":"Daniel Matos","article_published_time":"2025-11-11T02:05:28+00:00","article_modified_time":"2025-11-11T02:05:30+00:00","og_image":[{"width":1428,"height":1071,"url":"https:\/\/www.blogsoestado.com\/danielmatos\/wp-content\/uploads\/sites\/2\/2025\/11\/1004227922.jpg","type":"image\/jpeg"}],"author":"Daniel Matos","twitter_card":"summary_large_image","twitter_misc":{"Escrito por":"Daniel Matos","Est. tempo de leitura":"5 minutos"},"schema":{"@context":"https:\/\/schema.org","@graph":[{"@type":"WebPage","@id":"https:\/\/www.blogsoestado.com\/danielmatos\/museu-de-alcantara-se-prepara-para-reabrir-apos-ampla-restauracao-e-nova-montagem-expografica\/","url":"https:\/\/www.blogsoestado.com\/danielmatos\/museu-de-alcantara-se-prepara-para-reabrir-apos-ampla-restauracao-e-nova-montagem-expografica\/","name":"Museu de Alc\u00e2ntara se prepara para reabrir ap\u00f3s ampla restaura\u00e7\u00e3o e nova montagem expogr\u00e1fica - Daniel Matos","isPartOf":{"@id":"https:\/\/www.blogsoestado.com\/danielmatos\/#website"},"primaryImageOfPage":{"@id":"https:\/\/www.blogsoestado.com\/danielmatos\/museu-de-alcantara-se-prepara-para-reabrir-apos-ampla-restauracao-e-nova-montagem-expografica\/#primaryimage"},"image":{"@id":"https:\/\/www.blogsoestado.com\/danielmatos\/museu-de-alcantara-se-prepara-para-reabrir-apos-ampla-restauracao-e-nova-montagem-expografica\/#primaryimage"},"thumbnailUrl":"https:\/\/www.blogsoestado.com\/danielmatos\/wp-content\/uploads\/sites\/2\/2025\/11\/1004227922-1024x768.jpg","datePublished":"2025-11-11T02:05:28+00:00","dateModified":"2025-11-11T02:05:30+00:00","author":{"@id":"https:\/\/www.blogsoestado.com\/danielmatos\/#\/schema\/person\/9a209d407cd45631f131e1285b661bb0"},"breadcrumb":{"@id":"https:\/\/www.blogsoestado.com\/danielmatos\/museu-de-alcantara-se-prepara-para-reabrir-apos-ampla-restauracao-e-nova-montagem-expografica\/#breadcrumb"},"inLanguage":"pt-BR","potentialAction":[{"@type":"ReadAction","target":["https:\/\/www.blogsoestado.com\/danielmatos\/museu-de-alcantara-se-prepara-para-reabrir-apos-ampla-restauracao-e-nova-montagem-expografica\/"]}]},{"@type":"ImageObject","inLanguage":"pt-BR","@id":"https:\/\/www.blogsoestado.com\/danielmatos\/museu-de-alcantara-se-prepara-para-reabrir-apos-ampla-restauracao-e-nova-montagem-expografica\/#primaryimage","url":"https:\/\/www.blogsoestado.com\/danielmatos\/wp-content\/uploads\/sites\/2\/2025\/11\/1004227922.jpg","contentUrl":"https:\/\/www.blogsoestado.com\/danielmatos\/wp-content\/uploads\/sites\/2\/2025\/11\/1004227922.jpg","width":1428,"height":1071},{"@type":"BreadcrumbList","@id":"https:\/\/www.blogsoestado.com\/danielmatos\/museu-de-alcantara-se-prepara-para-reabrir-apos-ampla-restauracao-e-nova-montagem-expografica\/#breadcrumb","itemListElement":[{"@type":"ListItem","position":1,"name":"In\u00edcio","item":"https:\/\/www.blogsoestado.com\/danielmatos\/"},{"@type":"ListItem","position":2,"name":"Museu de Alc\u00e2ntara se prepara para reabrir ap\u00f3s ampla restaura\u00e7\u00e3o e nova montagem expogr\u00e1fica"}]},{"@type":"WebSite","@id":"https:\/\/www.blogsoestado.com\/danielmatos\/#website","url":"https:\/\/www.blogsoestado.com\/danielmatos\/","name":"Daniel Matos","description":"","potentialAction":[{"@type":"SearchAction","target":{"@type":"EntryPoint","urlTemplate":"https:\/\/www.blogsoestado.com\/danielmatos\/?s={search_term_string}"},"query-input":{"@type":"PropertyValueSpecification","valueRequired":true,"valueName":"search_term_string"}}],"inLanguage":"pt-BR"},{"@type":"Person","@id":"https:\/\/www.blogsoestado.com\/danielmatos\/#\/schema\/person\/9a209d407cd45631f131e1285b661bb0","name":"Daniel Matos","image":{"@type":"ImageObject","inLanguage":"pt-BR","@id":"https:\/\/www.blogsoestado.com\/danielmatos\/#\/schema\/person\/image\/","url":"https:\/\/secure.gravatar.com\/avatar\/2f26c36ee355da19a257f0dfef43952a2588b324ca35d6719e859fe338ac0392?s=96&d=mm&r=g","contentUrl":"https:\/\/secure.gravatar.com\/avatar\/2f26c36ee355da19a257f0dfef43952a2588b324ca35d6719e859fe338ac0392?s=96&d=mm&r=g","caption":"Daniel Matos"},"url":"https:\/\/www.blogsoestado.com\/danielmatos\/author\/danielmatos\/"}]}},"jetpack_featured_media_url":"","_links":{"self":[{"href":"https:\/\/www.blogsoestado.com\/danielmatos\/wp-json\/wp\/v2\/posts\/150816","targetHints":{"allow":["GET"]}}],"collection":[{"href":"https:\/\/www.blogsoestado.com\/danielmatos\/wp-json\/wp\/v2\/posts"}],"about":[{"href":"https:\/\/www.blogsoestado.com\/danielmatos\/wp-json\/wp\/v2\/types\/post"}],"author":[{"embeddable":true,"href":"https:\/\/www.blogsoestado.com\/danielmatos\/wp-json\/wp\/v2\/users\/2"}],"replies":[{"embeddable":true,"href":"https:\/\/www.blogsoestado.com\/danielmatos\/wp-json\/wp\/v2\/comments?post=150816"}],"version-history":[{"count":1,"href":"https:\/\/www.blogsoestado.com\/danielmatos\/wp-json\/wp\/v2\/posts\/150816\/revisions"}],"predecessor-version":[{"id":150819,"href":"https:\/\/www.blogsoestado.com\/danielmatos\/wp-json\/wp\/v2\/posts\/150816\/revisions\/150819"}],"wp:attachment":[{"href":"https:\/\/www.blogsoestado.com\/danielmatos\/wp-json\/wp\/v2\/media?parent=150816"}],"wp:term":[{"taxonomy":"category","embeddable":true,"href":"https:\/\/www.blogsoestado.com\/danielmatos\/wp-json\/wp\/v2\/categories?post=150816"},{"taxonomy":"post_tag","embeddable":true,"href":"https:\/\/www.blogsoestado.com\/danielmatos\/wp-json\/wp\/v2\/tags?post=150816"}],"curies":[{"name":"wp","href":"https:\/\/api.w.org\/{rel}","templated":true}]}}