{"id":150856,"date":"2025-11-11T17:06:47","date_gmt":"2025-11-11T20:06:47","guid":{"rendered":"https:\/\/www.blogsoestado.com\/danielmatos\/?p=150856"},"modified":"2025-11-11T17:06:50","modified_gmt":"2025-11-11T20:06:50","slug":"dnit-confirma-inauguracao-da-nova-ponte-de-estreito-para-o-final-de-dezembro","status":"publish","type":"post","link":"https:\/\/www.blogsoestado.com\/danielmatos\/dnit-confirma-inauguracao-da-nova-ponte-de-estreito-para-o-final-de-dezembro\/","title":{"rendered":"DNIT confirma inaugura\u00e7\u00e3o da nova ponte de Estreito para o final de dezembro"},"content":{"rendered":"\n<figure class=\"wp-block-image aligncenter size-full\"><img fetchpriority=\"high\" decoding=\"async\" width=\"768\" height=\"432\" src=\"https:\/\/www.blogsoestado.com\/danielmatos\/wp-content\/uploads\/sites\/2\/2025\/11\/1004234771.jpg\" alt=\"\" class=\"wp-image-150857\" srcset=\"https:\/\/www.blogsoestado.com\/danielmatos\/wp-content\/uploads\/sites\/2\/2025\/11\/1004234771.jpg 768w, https:\/\/www.blogsoestado.com\/danielmatos\/wp-content\/uploads\/sites\/2\/2025\/11\/1004234771-300x169.jpg 300w\" sizes=\"(max-width: 768px) 100vw, 768px\" \/><figcaption class=\"wp-element-caption\">Constru\u00e7\u00e3o da nova estrutura entre Estreito (MA) e Aguiarn\u00f3polis (TO)<\/figcaption><\/figure>\n\n\n\n<p>Acompanhando o ministro dos Transportes, Renan Filho, durante a Rota COP30,o diretor de Infraestrutura Rodovi\u00e1ria do Departamento Nacional de Infraestrutura de Transportes (DNIT), F\u00e1bio Pessoa Nunes, visitou, no \u00faltimo dia 7, a constru\u00e7\u00e3o da nova ponte que ligar\u00e1 Estreito (MA) a Aguiarn\u00f3polis (TO), na BR-226. Ele confirmou a inaugura\u00e7\u00e3o da ponte para o final de dezembro, como j\u00e1 havia antecipado Renan Filho.<\/p>\n\n\n\n<p>A constru\u00e7\u00e3o da nova ponte entre o Maranh\u00e3o e o Tocantins, em substitui\u00e7\u00e3o \u00e0 estrutura que desabou no final de 2024, com saldo tr\u00e1gico de 14 pessoas mortas e tr\u00eas desaparecidas, \u00e9 apontada como uma das mais emblem\u00e1ticas do DNIT em 2025, principalmente pela seguran\u00e7a e o compromisso empregados ao empreendimento. &#8220;A nova ponte ser\u00e1 entregue em dezembro, um ano ap\u00f3s o colapso da estrutura antiga&#8221;, garantiu F\u00e1bio Pessoa Nunes.<\/p>\n\n\n\n<figure class=\"wp-block-image aligncenter size-full\"><img decoding=\"async\" width=\"768\" height=\"432\" src=\"https:\/\/www.blogsoestado.com\/danielmatos\/wp-content\/uploads\/sites\/2\/2025\/11\/1004234753.jpg\" alt=\"\" class=\"wp-image-150858\" srcset=\"https:\/\/www.blogsoestado.com\/danielmatos\/wp-content\/uploads\/sites\/2\/2025\/11\/1004234753.jpg 768w, https:\/\/www.blogsoestado.com\/danielmatos\/wp-content\/uploads\/sites\/2\/2025\/11\/1004234753-300x169.jpg 300w\" sizes=\"(max-width: 768px) 100vw, 768px\" \/><figcaption class=\"wp-element-caption\">O governador do Maranh\u00e3o, Carlos Brand\u00e3o, acompanhou o ministro dos Transportes, Renan Filho, na visita \u00e0 obra de constru\u00e7\u00e3o da nova ponte de Estreito<\/figcaption><\/figure>\n\n\n\n<p>Com mais de 80% de avan\u00e7o, a obra recebe R$171 milh\u00f5es em investimentos do Governo Federal, e est\u00e1 sendo erguida com o m\u00e9todo de balan\u00e7o sucessivo, t\u00e9cnica utilizada em grandes v\u00e3os, quando n\u00e3o \u00e9 poss\u00edvel adotar escoramentos convencionais. A nova ponte restabelecer\u00e1 a liga\u00e7\u00e3o plena da rodovia, eixo estrat\u00e9gico para o transporte de cargas e passageiros entre o Norte e o restante do pa\u00eds.<\/p>\n\n\n\n<p>&#8220;Essa obra \u00e9 um marco importante para a engenharia brasileira, dado o tamanho do empreendimento e a agilidade em que ele est\u00e1 acontecendo. Estamos dando o m\u00e1ximo que podemos para restabelecer o fluxo da regi\u00e3o o mais r\u00e1pido poss\u00edvel&#8221;, pontuou F\u00e1bio.<\/p>\n\n\n\n<figure class=\"wp-block-image aligncenter size-full\"><img decoding=\"async\" width=\"768\" height=\"432\" src=\"https:\/\/www.blogsoestado.com\/danielmatos\/wp-content\/uploads\/sites\/2\/2025\/11\/1004234783.jpg\" alt=\"\" class=\"wp-image-150859\" srcset=\"https:\/\/www.blogsoestado.com\/danielmatos\/wp-content\/uploads\/sites\/2\/2025\/11\/1004234783.jpg 768w, https:\/\/www.blogsoestado.com\/danielmatos\/wp-content\/uploads\/sites\/2\/2025\/11\/1004234783-300x169.jpg 300w\" sizes=\"(max-width: 768px) 100vw, 768px\" \/><figcaption class=\"wp-element-caption\">Obra est\u00e1 com mais de 80% de avan\u00e7o<\/figcaption><\/figure>\n\n\n\n<p>A constru\u00e7\u00e3o da nova estrutura est\u00e1 acontecendo em tr\u00eas turnos de trabalho, que funcionam 24h por dia. Tudo para viabilizar a entrega da nova ponte ainda em dezembro.<\/p>\n","protected":false},"excerpt":{"rendered":"<p>Acompanhando o ministro dos Transportes, Renan Filho, durante a Rota COP30,o diretor de Infraestrutura Rodovi\u00e1ria do Departamento Nacional de Infraestrutura [&hellip;]<\/p>\n","protected":false},"author":2,"featured_media":0,"comment_status":"open","ping_status":"open","sticky":false,"template":"","format":"standard","meta":{"site-sidebar-layout":"default","site-content-layout":"","ast-site-content-layout":"default","site-content-style":"default","site-sidebar-style":"default","ast-global-header-display":"","ast-banner-title-visibility":"","ast-main-header-display":"","ast-hfb-above-header-display":"","ast-hfb-below-header-display":"","ast-hfb-mobile-header-display":"","site-post-title":"","ast-breadcrumbs-content":"","ast-featured-img":"","footer-sml-layout":"","ast-disable-related-posts":"","theme-transparent-header-meta":"","adv-header-id-meta":"","stick-header-meta":"","header-above-stick-meta":"","header-main-stick-meta":"","header-below-stick-meta":"","astra-migrate-meta-layouts":"default","ast-page-background-enabled":"default","ast-page-background-meta":{"desktop":{"background-color":"var(--ast-global-color-5)","background-image":"","background-repeat":"repeat","background-position":"center center","background-size":"auto","background-attachment":"scroll","background-type":"","background-media":"","overlay-type":"","overlay-color":"","overlay-opacity":"","overlay-gradient":""},"tablet":{"background-color":"","background-image":"","background-repeat":"repeat","background-position":"center center","background-size":"auto","background-attachment":"scroll","background-type":"","background-media":"","overlay-type":"","overlay-color":"","overlay-opacity":"","overlay-gradient":""},"mobile":{"background-color":"","background-image":"","background-repeat":"repeat","background-position":"center center","background-size":"auto","background-attachment":"scroll","background-type":"","background-media":"","overlay-type":"","overlay-color":"","overlay-opacity":"","overlay-gradient":""}},"ast-content-background-meta":{"desktop":{"background-color":"var(--ast-global-color-4)","background-image":"","background-repeat":"repeat","background-position":"center center","background-size":"auto","background-attachment":"scroll","background-type":"","background-media":"","overlay-type":"","overlay-color":"","overlay-opacity":"","overlay-gradient":""},"tablet":{"background-color":"var(--ast-global-color-4)","background-image":"","background-repeat":"repeat","background-position":"center center","background-size":"auto","background-attachment":"scroll","background-type":"","background-media":"","overlay-type":"","overlay-color":"","overlay-opacity":"","overlay-gradient":""},"mobile":{"background-color":"var(--ast-global-color-4)","background-image":"","background-repeat":"repeat","background-position":"center center","background-size":"auto","background-attachment":"scroll","background-type":"","background-media":"","overlay-type":"","overlay-color":"","overlay-opacity":"","overlay-gradient":""}},"footnotes":""},"categories":[1],"tags":[],"class_list":["post-150856","post","type-post","status-publish","format-standard","hentry","category-sem-categoria"],"yoast_head":"<!-- This site is optimized with the Yoast SEO plugin v26.6 - https:\/\/yoast.com\/wordpress\/plugins\/seo\/ -->\n<title>DNIT confirma inaugura\u00e7\u00e3o da nova ponte de Estreito para o final de dezembro - Daniel Matos<\/title>\n<meta name=\"robots\" content=\"index, follow, max-snippet:-1, max-image-preview:large, max-video-preview:-1\" \/>\n<link rel=\"canonical\" href=\"https:\/\/www.blogsoestado.com\/danielmatos\/dnit-confirma-inauguracao-da-nova-ponte-de-estreito-para-o-final-de-dezembro\/\" \/>\n<meta property=\"og:locale\" content=\"pt_BR\" \/>\n<meta property=\"og:type\" content=\"article\" \/>\n<meta property=\"og:title\" content=\"DNIT confirma inaugura\u00e7\u00e3o da nova ponte de Estreito para o final de dezembro - Daniel Matos\" \/>\n<meta property=\"og:description\" content=\"Acompanhando o ministro dos Transportes, Renan Filho, durante a Rota COP30,o diretor de Infraestrutura Rodovi\u00e1ria do Departamento Nacional de Infraestrutura [&hellip;]\" \/>\n<meta property=\"og:url\" content=\"https:\/\/www.blogsoestado.com\/danielmatos\/dnit-confirma-inauguracao-da-nova-ponte-de-estreito-para-o-final-de-dezembro\/\" \/>\n<meta property=\"og:site_name\" content=\"Daniel Matos\" \/>\n<meta property=\"article:published_time\" content=\"2025-11-11T20:06:47+00:00\" \/>\n<meta property=\"article:modified_time\" content=\"2025-11-11T20:06:50+00:00\" \/>\n<meta property=\"og:image\" content=\"https:\/\/www.blogsoestado.com\/danielmatos\/wp-content\/uploads\/sites\/2\/2025\/11\/1004234771.jpg\" \/>\n\t<meta property=\"og:image:width\" content=\"768\" \/>\n\t<meta property=\"og:image:height\" content=\"432\" \/>\n\t<meta property=\"og:image:type\" content=\"image\/jpeg\" \/>\n<meta name=\"author\" content=\"Daniel Matos\" \/>\n<meta name=\"twitter:card\" content=\"summary_large_image\" \/>\n<meta name=\"twitter:label1\" content=\"Escrito por\" \/>\n\t<meta name=\"twitter:data1\" content=\"Daniel Matos\" \/>\n\t<meta name=\"twitter:label2\" content=\"Est. tempo de leitura\" \/>\n\t<meta name=\"twitter:data2\" content=\"3 minutos\" \/>\n<script type=\"application\/ld+json\" class=\"yoast-schema-graph\">{\"@context\":\"https:\/\/schema.org\",\"@graph\":[{\"@type\":\"WebPage\",\"@id\":\"https:\/\/www.blogsoestado.com\/danielmatos\/dnit-confirma-inauguracao-da-nova-ponte-de-estreito-para-o-final-de-dezembro\/\",\"url\":\"https:\/\/www.blogsoestado.com\/danielmatos\/dnit-confirma-inauguracao-da-nova-ponte-de-estreito-para-o-final-de-dezembro\/\",\"name\":\"DNIT confirma inaugura\u00e7\u00e3o da nova ponte de Estreito para o final de dezembro - Daniel Matos\",\"isPartOf\":{\"@id\":\"https:\/\/www.blogsoestado.com\/danielmatos\/#website\"},\"primaryImageOfPage\":{\"@id\":\"https:\/\/www.blogsoestado.com\/danielmatos\/dnit-confirma-inauguracao-da-nova-ponte-de-estreito-para-o-final-de-dezembro\/#primaryimage\"},\"image\":{\"@id\":\"https:\/\/www.blogsoestado.com\/danielmatos\/dnit-confirma-inauguracao-da-nova-ponte-de-estreito-para-o-final-de-dezembro\/#primaryimage\"},\"thumbnailUrl\":\"https:\/\/www.blogsoestado.com\/danielmatos\/wp-content\/uploads\/sites\/2\/2025\/11\/1004234771.jpg\",\"datePublished\":\"2025-11-11T20:06:47+00:00\",\"dateModified\":\"2025-11-11T20:06:50+00:00\",\"author\":{\"@id\":\"https:\/\/www.blogsoestado.com\/danielmatos\/#\/schema\/person\/9a209d407cd45631f131e1285b661bb0\"},\"breadcrumb\":{\"@id\":\"https:\/\/www.blogsoestado.com\/danielmatos\/dnit-confirma-inauguracao-da-nova-ponte-de-estreito-para-o-final-de-dezembro\/#breadcrumb\"},\"inLanguage\":\"pt-BR\",\"potentialAction\":[{\"@type\":\"ReadAction\",\"target\":[\"https:\/\/www.blogsoestado.com\/danielmatos\/dnit-confirma-inauguracao-da-nova-ponte-de-estreito-para-o-final-de-dezembro\/\"]}]},{\"@type\":\"ImageObject\",\"inLanguage\":\"pt-BR\",\"@id\":\"https:\/\/www.blogsoestado.com\/danielmatos\/dnit-confirma-inauguracao-da-nova-ponte-de-estreito-para-o-final-de-dezembro\/#primaryimage\",\"url\":\"https:\/\/www.blogsoestado.com\/danielmatos\/wp-content\/uploads\/sites\/2\/2025\/11\/1004234771.jpg\",\"contentUrl\":\"https:\/\/www.blogsoestado.com\/danielmatos\/wp-content\/uploads\/sites\/2\/2025\/11\/1004234771.jpg\",\"width\":768,\"height\":432},{\"@type\":\"BreadcrumbList\",\"@id\":\"https:\/\/www.blogsoestado.com\/danielmatos\/dnit-confirma-inauguracao-da-nova-ponte-de-estreito-para-o-final-de-dezembro\/#breadcrumb\",\"itemListElement\":[{\"@type\":\"ListItem\",\"position\":1,\"name\":\"In\u00edcio\",\"item\":\"https:\/\/www.blogsoestado.com\/danielmatos\/\"},{\"@type\":\"ListItem\",\"position\":2,\"name\":\"DNIT confirma inaugura\u00e7\u00e3o da nova ponte de Estreito para o final de dezembro\"}]},{\"@type\":\"WebSite\",\"@id\":\"https:\/\/www.blogsoestado.com\/danielmatos\/#website\",\"url\":\"https:\/\/www.blogsoestado.com\/danielmatos\/\",\"name\":\"Daniel Matos\",\"description\":\"\",\"potentialAction\":[{\"@type\":\"SearchAction\",\"target\":{\"@type\":\"EntryPoint\",\"urlTemplate\":\"https:\/\/www.blogsoestado.com\/danielmatos\/?s={search_term_string}\"},\"query-input\":{\"@type\":\"PropertyValueSpecification\",\"valueRequired\":true,\"valueName\":\"search_term_string\"}}],\"inLanguage\":\"pt-BR\"},{\"@type\":\"Person\",\"@id\":\"https:\/\/www.blogsoestado.com\/danielmatos\/#\/schema\/person\/9a209d407cd45631f131e1285b661bb0\",\"name\":\"Daniel Matos\",\"image\":{\"@type\":\"ImageObject\",\"inLanguage\":\"pt-BR\",\"@id\":\"https:\/\/www.blogsoestado.com\/danielmatos\/#\/schema\/person\/image\/\",\"url\":\"https:\/\/secure.gravatar.com\/avatar\/2f26c36ee355da19a257f0dfef43952a2588b324ca35d6719e859fe338ac0392?s=96&d=mm&r=g\",\"contentUrl\":\"https:\/\/secure.gravatar.com\/avatar\/2f26c36ee355da19a257f0dfef43952a2588b324ca35d6719e859fe338ac0392?s=96&d=mm&r=g\",\"caption\":\"Daniel Matos\"},\"url\":\"https:\/\/www.blogsoestado.com\/danielmatos\/author\/danielmatos\/\"}]}<\/script>\n<!-- \/ Yoast SEO plugin. -->","yoast_head_json":{"title":"DNIT confirma inaugura\u00e7\u00e3o da nova ponte de Estreito para o final de dezembro - Daniel Matos","robots":{"index":"index","follow":"follow","max-snippet":"max-snippet:-1","max-image-preview":"max-image-preview:large","max-video-preview":"max-video-preview:-1"},"canonical":"https:\/\/www.blogsoestado.com\/danielmatos\/dnit-confirma-inauguracao-da-nova-ponte-de-estreito-para-o-final-de-dezembro\/","og_locale":"pt_BR","og_type":"article","og_title":"DNIT confirma inaugura\u00e7\u00e3o da nova ponte de Estreito para o final de dezembro - Daniel Matos","og_description":"Acompanhando o ministro dos Transportes, Renan Filho, durante a Rota COP30,o diretor de Infraestrutura Rodovi\u00e1ria do Departamento Nacional de Infraestrutura [&hellip;]","og_url":"https:\/\/www.blogsoestado.com\/danielmatos\/dnit-confirma-inauguracao-da-nova-ponte-de-estreito-para-o-final-de-dezembro\/","og_site_name":"Daniel Matos","article_published_time":"2025-11-11T20:06:47+00:00","article_modified_time":"2025-11-11T20:06:50+00:00","og_image":[{"width":768,"height":432,"url":"https:\/\/www.blogsoestado.com\/danielmatos\/wp-content\/uploads\/sites\/2\/2025\/11\/1004234771.jpg","type":"image\/jpeg"}],"author":"Daniel Matos","twitter_card":"summary_large_image","twitter_misc":{"Escrito por":"Daniel Matos","Est. tempo de leitura":"3 minutos"},"schema":{"@context":"https:\/\/schema.org","@graph":[{"@type":"WebPage","@id":"https:\/\/www.blogsoestado.com\/danielmatos\/dnit-confirma-inauguracao-da-nova-ponte-de-estreito-para-o-final-de-dezembro\/","url":"https:\/\/www.blogsoestado.com\/danielmatos\/dnit-confirma-inauguracao-da-nova-ponte-de-estreito-para-o-final-de-dezembro\/","name":"DNIT confirma inaugura\u00e7\u00e3o da nova ponte de Estreito para o final de dezembro - Daniel Matos","isPartOf":{"@id":"https:\/\/www.blogsoestado.com\/danielmatos\/#website"},"primaryImageOfPage":{"@id":"https:\/\/www.blogsoestado.com\/danielmatos\/dnit-confirma-inauguracao-da-nova-ponte-de-estreito-para-o-final-de-dezembro\/#primaryimage"},"image":{"@id":"https:\/\/www.blogsoestado.com\/danielmatos\/dnit-confirma-inauguracao-da-nova-ponte-de-estreito-para-o-final-de-dezembro\/#primaryimage"},"thumbnailUrl":"https:\/\/www.blogsoestado.com\/danielmatos\/wp-content\/uploads\/sites\/2\/2025\/11\/1004234771.jpg","datePublished":"2025-11-11T20:06:47+00:00","dateModified":"2025-11-11T20:06:50+00:00","author":{"@id":"https:\/\/www.blogsoestado.com\/danielmatos\/#\/schema\/person\/9a209d407cd45631f131e1285b661bb0"},"breadcrumb":{"@id":"https:\/\/www.blogsoestado.com\/danielmatos\/dnit-confirma-inauguracao-da-nova-ponte-de-estreito-para-o-final-de-dezembro\/#breadcrumb"},"inLanguage":"pt-BR","potentialAction":[{"@type":"ReadAction","target":["https:\/\/www.blogsoestado.com\/danielmatos\/dnit-confirma-inauguracao-da-nova-ponte-de-estreito-para-o-final-de-dezembro\/"]}]},{"@type":"ImageObject","inLanguage":"pt-BR","@id":"https:\/\/www.blogsoestado.com\/danielmatos\/dnit-confirma-inauguracao-da-nova-ponte-de-estreito-para-o-final-de-dezembro\/#primaryimage","url":"https:\/\/www.blogsoestado.com\/danielmatos\/wp-content\/uploads\/sites\/2\/2025\/11\/1004234771.jpg","contentUrl":"https:\/\/www.blogsoestado.com\/danielmatos\/wp-content\/uploads\/sites\/2\/2025\/11\/1004234771.jpg","width":768,"height":432},{"@type":"BreadcrumbList","@id":"https:\/\/www.blogsoestado.com\/danielmatos\/dnit-confirma-inauguracao-da-nova-ponte-de-estreito-para-o-final-de-dezembro\/#breadcrumb","itemListElement":[{"@type":"ListItem","position":1,"name":"In\u00edcio","item":"https:\/\/www.blogsoestado.com\/danielmatos\/"},{"@type":"ListItem","position":2,"name":"DNIT confirma inaugura\u00e7\u00e3o da nova ponte de Estreito para o final de dezembro"}]},{"@type":"WebSite","@id":"https:\/\/www.blogsoestado.com\/danielmatos\/#website","url":"https:\/\/www.blogsoestado.com\/danielmatos\/","name":"Daniel Matos","description":"","potentialAction":[{"@type":"SearchAction","target":{"@type":"EntryPoint","urlTemplate":"https:\/\/www.blogsoestado.com\/danielmatos\/?s={search_term_string}"},"query-input":{"@type":"PropertyValueSpecification","valueRequired":true,"valueName":"search_term_string"}}],"inLanguage":"pt-BR"},{"@type":"Person","@id":"https:\/\/www.blogsoestado.com\/danielmatos\/#\/schema\/person\/9a209d407cd45631f131e1285b661bb0","name":"Daniel Matos","image":{"@type":"ImageObject","inLanguage":"pt-BR","@id":"https:\/\/www.blogsoestado.com\/danielmatos\/#\/schema\/person\/image\/","url":"https:\/\/secure.gravatar.com\/avatar\/2f26c36ee355da19a257f0dfef43952a2588b324ca35d6719e859fe338ac0392?s=96&d=mm&r=g","contentUrl":"https:\/\/secure.gravatar.com\/avatar\/2f26c36ee355da19a257f0dfef43952a2588b324ca35d6719e859fe338ac0392?s=96&d=mm&r=g","caption":"Daniel Matos"},"url":"https:\/\/www.blogsoestado.com\/danielmatos\/author\/danielmatos\/"}]}},"jetpack_featured_media_url":"","_links":{"self":[{"href":"https:\/\/www.blogsoestado.com\/danielmatos\/wp-json\/wp\/v2\/posts\/150856","targetHints":{"allow":["GET"]}}],"collection":[{"href":"https:\/\/www.blogsoestado.com\/danielmatos\/wp-json\/wp\/v2\/posts"}],"about":[{"href":"https:\/\/www.blogsoestado.com\/danielmatos\/wp-json\/wp\/v2\/types\/post"}],"author":[{"embeddable":true,"href":"https:\/\/www.blogsoestado.com\/danielmatos\/wp-json\/wp\/v2\/users\/2"}],"replies":[{"embeddable":true,"href":"https:\/\/www.blogsoestado.com\/danielmatos\/wp-json\/wp\/v2\/comments?post=150856"}],"version-history":[{"count":1,"href":"https:\/\/www.blogsoestado.com\/danielmatos\/wp-json\/wp\/v2\/posts\/150856\/revisions"}],"predecessor-version":[{"id":150860,"href":"https:\/\/www.blogsoestado.com\/danielmatos\/wp-json\/wp\/v2\/posts\/150856\/revisions\/150860"}],"wp:attachment":[{"href":"https:\/\/www.blogsoestado.com\/danielmatos\/wp-json\/wp\/v2\/media?parent=150856"}],"wp:term":[{"taxonomy":"category","embeddable":true,"href":"https:\/\/www.blogsoestado.com\/danielmatos\/wp-json\/wp\/v2\/categories?post=150856"},{"taxonomy":"post_tag","embeddable":true,"href":"https:\/\/www.blogsoestado.com\/danielmatos\/wp-json\/wp\/v2\/tags?post=150856"}],"curies":[{"name":"wp","href":"https:\/\/api.w.org\/{rel}","templated":true}]}}