{"id":1510,"date":"2009-10-23T15:05:15","date_gmt":"2009-10-23T17:05:15","guid":{"rendered":"https:\/\/www.blogsoestado.com\/danielmatos\/?p=1510"},"modified":"2009-10-23T15:05:15","modified_gmt":"2009-10-23T17:05:15","slug":"carro-oficial-castelo-agora-desfila-por-sao-luis-em-omega-de-r-125-mil","status":"publish","type":"post","link":"https:\/\/www.blogsoestado.com\/danielmatos\/carro-oficial-castelo-agora-desfila-por-sao-luis-em-omega-de-r-125-mil\/","title":{"rendered":"Carro oficial: Castelo agora desfila por S\u00e3o Lu\u00eds em \u00d4mega de R$ 125 mil"},"content":{"rendered":"<p><a href=\"https:\/\/www.blogsoestado.com\/danielmatos\/files\/2009\/10\/carro-castelo.jpg\"><img fetchpriority=\"high\" decoding=\"async\" class=\"alignleft size-medium wp-image-1511\" src=\"https:\/\/www.blogsoestado.com\/danielmatos\/files\/2009\/10\/carro-castelo.jpg\" alt=\"\" width=\"448\" height=\"336\" \/><\/a>O prefeito de S\u00e3o Lu\u00eds, Jo\u00e3o Castelo (PSDB), foi o\u00a0centro das aten\u00e7\u00f5es no in\u00edcio desta semana\u00a0em raz\u00e3o\u00a0do seu anivers\u00e1rio de 72 anos. Mas engana-se quem pensa que a data, por si s\u00f3, foi capaz de atrair todos os holofotes para o chefe do Executivo municipal. Na missa em a\u00e7\u00e3o de gra\u00e7as que marcou\u00a0a comemora\u00e7\u00e3o,\u00a0Castelo\u00a0foi alvo de\u00a0olhares\u00a0impressionados, alguns at\u00e9 de cobi\u00e7a, muito mais por conta do possante ve\u00edculo que o levara at\u00e9 a Igreja da\u00a0S\u00e9, um Chevrolet \u00d4mega, avaliado em R$ 125 mil, comprado\u00a0com dinheiro dos cofres municipais.<\/p>\n<p>O luxuoso carro, id\u00eantico ao da foto que ilustra este post,\u00a0passou a ser usado recentemente para levar\u00a0Castelo a eventos oficiais. A placa, de n\u00famero 001, indica que o ve\u00edculo \u00e9 de uso exclusivo do prefeito.<\/p>\n<p>A ironia \u00e9 que tanto requinte destoa das maltratadas vias p\u00fablicas da capital. Com infra-estrutura prec\u00e1ria, as ruas e avenidas de S\u00e3o Lu\u00eds dever\u00e3o ofuscar em pouco tempo\u00a0o brilho da preciosa j\u00f3ia ostentada pelo prefeito.<\/p>\n","protected":false},"excerpt":{"rendered":"<p>O prefeito de S\u00e3o Lu\u00eds, Jo\u00e3o Castelo (PSDB), foi o\u00a0centro das aten\u00e7\u00f5es no in\u00edcio desta semana\u00a0em raz\u00e3o\u00a0do seu anivers\u00e1rio de [&hellip;]<\/p>\n","protected":false},"author":0,"featured_media":0,"comment_status":"open","ping_status":"open","sticky":false,"template":"","format":"standard","meta":{"site-sidebar-layout":"default","site-content-layout":"","ast-site-content-layout":"default","site-content-style":"default","site-sidebar-style":"default","ast-global-header-display":"","ast-banner-title-visibility":"","ast-main-header-display":"","ast-hfb-above-header-display":"","ast-hfb-below-header-display":"","ast-hfb-mobile-header-display":"","site-post-title":"","ast-breadcrumbs-content":"","ast-featured-img":"","footer-sml-layout":"","ast-disable-related-posts":"","theme-transparent-header-meta":"","adv-header-id-meta":"","stick-header-meta":"","header-above-stick-meta":"","header-main-stick-meta":"","header-below-stick-meta":"","astra-migrate-meta-layouts":"default","ast-page-background-enabled":"default","ast-page-background-meta":{"desktop":{"background-color":"var(--ast-global-color-5)","background-image":"","background-repeat":"repeat","background-position":"center center","background-size":"auto","background-attachment":"scroll","background-type":"","background-media":"","overlay-type":"","overlay-color":"","overlay-opacity":"","overlay-gradient":""},"tablet":{"background-color":"","background-image":"","background-repeat":"repeat","background-position":"center center","background-size":"auto","background-attachment":"scroll","background-type":"","background-media":"","overlay-type":"","overlay-color":"","overlay-opacity":"","overlay-gradient":""},"mobile":{"background-color":"","background-image":"","background-repeat":"repeat","background-position":"center center","background-size":"auto","background-attachment":"scroll","background-type":"","background-media":"","overlay-type":"","overlay-color":"","overlay-opacity":"","overlay-gradient":""}},"ast-content-background-meta":{"desktop":{"background-color":"var(--ast-global-color-4)","background-image":"","background-repeat":"repeat","background-position":"center center","background-size":"auto","background-attachment":"scroll","background-type":"","background-media":"","overlay-type":"","overlay-color":"","overlay-opacity":"","overlay-gradient":""},"tablet":{"background-color":"var(--ast-global-color-4)","background-image":"","background-repeat":"repeat","background-position":"center center","background-size":"auto","background-attachment":"scroll","background-type":"","background-media":"","overlay-type":"","overlay-color":"","overlay-opacity":"","overlay-gradient":""},"mobile":{"background-color":"var(--ast-global-color-4)","background-image":"","background-repeat":"repeat","background-position":"center center","background-size":"auto","background-attachment":"scroll","background-type":"","background-media":"","overlay-type":"","overlay-color":"","overlay-opacity":"","overlay-gradient":""}},"footnotes":""},"categories":[1],"tags":[],"class_list":["post-1510","post","type-post","status-publish","format-standard","hentry","category-sem-categoria"],"yoast_head":"<!-- This site is optimized with the Yoast SEO plugin v26.6 - https:\/\/yoast.com\/wordpress\/plugins\/seo\/ -->\n<title>Carro oficial: Castelo agora desfila por S\u00e3o Lu\u00eds em \u00d4mega de R$ 125 mil - Daniel Matos<\/title>\n<meta name=\"robots\" content=\"index, follow, max-snippet:-1, max-image-preview:large, max-video-preview:-1\" \/>\n<link rel=\"canonical\" href=\"https:\/\/www.blogsoestado.com\/danielmatos\/carro-oficial-castelo-agora-desfila-por-sao-luis-em-omega-de-r-125-mil\/\" \/>\n<meta property=\"og:locale\" content=\"pt_BR\" \/>\n<meta property=\"og:type\" content=\"article\" \/>\n<meta property=\"og:title\" content=\"Carro oficial: Castelo agora desfila por S\u00e3o Lu\u00eds em \u00d4mega de R$ 125 mil - Daniel Matos\" \/>\n<meta property=\"og:description\" content=\"O prefeito de S\u00e3o Lu\u00eds, Jo\u00e3o Castelo (PSDB), foi o\u00a0centro das aten\u00e7\u00f5es no in\u00edcio desta semana\u00a0em raz\u00e3o\u00a0do seu anivers\u00e1rio de [&hellip;]\" \/>\n<meta property=\"og:url\" content=\"https:\/\/www.blogsoestado.com\/danielmatos\/carro-oficial-castelo-agora-desfila-por-sao-luis-em-omega-de-r-125-mil\/\" \/>\n<meta property=\"og:site_name\" content=\"Daniel Matos\" \/>\n<meta property=\"article:published_time\" content=\"2009-10-23T17:05:15+00:00\" \/>\n<meta property=\"og:image\" content=\"https:\/\/www.blogsoestado.com\/danielmatos\/files\/2009\/10\/carro-castelo.jpg\" \/>\n<meta name=\"twitter:card\" content=\"summary_large_image\" \/>\n<meta name=\"twitter:label1\" content=\"Est. tempo de leitura\" \/>\n\t<meta name=\"twitter:data1\" content=\"1 minuto\" \/>\n<script type=\"application\/ld+json\" class=\"yoast-schema-graph\">{\"@context\":\"https:\/\/schema.org\",\"@graph\":[{\"@type\":\"WebPage\",\"@id\":\"https:\/\/www.blogsoestado.com\/danielmatos\/carro-oficial-castelo-agora-desfila-por-sao-luis-em-omega-de-r-125-mil\/\",\"url\":\"https:\/\/www.blogsoestado.com\/danielmatos\/carro-oficial-castelo-agora-desfila-por-sao-luis-em-omega-de-r-125-mil\/\",\"name\":\"Carro oficial: Castelo agora desfila por S\u00e3o Lu\u00eds em \u00d4mega de R$ 125 mil - Daniel Matos\",\"isPartOf\":{\"@id\":\"https:\/\/www.blogsoestado.com\/danielmatos\/#website\"},\"primaryImageOfPage\":{\"@id\":\"https:\/\/www.blogsoestado.com\/danielmatos\/carro-oficial-castelo-agora-desfila-por-sao-luis-em-omega-de-r-125-mil\/#primaryimage\"},\"image\":{\"@id\":\"https:\/\/www.blogsoestado.com\/danielmatos\/carro-oficial-castelo-agora-desfila-por-sao-luis-em-omega-de-r-125-mil\/#primaryimage\"},\"thumbnailUrl\":\"https:\/\/www.blogsoestado.com\/danielmatos\/files\/2009\/10\/carro-castelo.jpg\",\"datePublished\":\"2009-10-23T17:05:15+00:00\",\"author\":{\"@id\":\"\"},\"breadcrumb\":{\"@id\":\"https:\/\/www.blogsoestado.com\/danielmatos\/carro-oficial-castelo-agora-desfila-por-sao-luis-em-omega-de-r-125-mil\/#breadcrumb\"},\"inLanguage\":\"pt-BR\",\"potentialAction\":[{\"@type\":\"ReadAction\",\"target\":[\"https:\/\/www.blogsoestado.com\/danielmatos\/carro-oficial-castelo-agora-desfila-por-sao-luis-em-omega-de-r-125-mil\/\"]}]},{\"@type\":\"ImageObject\",\"inLanguage\":\"pt-BR\",\"@id\":\"https:\/\/www.blogsoestado.com\/danielmatos\/carro-oficial-castelo-agora-desfila-por-sao-luis-em-omega-de-r-125-mil\/#primaryimage\",\"url\":\"https:\/\/www.blogsoestado.com\/danielmatos\/files\/2009\/10\/carro-castelo.jpg\",\"contentUrl\":\"https:\/\/www.blogsoestado.com\/danielmatos\/files\/2009\/10\/carro-castelo.jpg\"},{\"@type\":\"BreadcrumbList\",\"@id\":\"https:\/\/www.blogsoestado.com\/danielmatos\/carro-oficial-castelo-agora-desfila-por-sao-luis-em-omega-de-r-125-mil\/#breadcrumb\",\"itemListElement\":[{\"@type\":\"ListItem\",\"position\":1,\"name\":\"In\u00edcio\",\"item\":\"https:\/\/www.blogsoestado.com\/danielmatos\/\"},{\"@type\":\"ListItem\",\"position\":2,\"name\":\"Carro oficial: Castelo agora desfila por S\u00e3o Lu\u00eds em \u00d4mega de R$ 125 mil\"}]},{\"@type\":\"WebSite\",\"@id\":\"https:\/\/www.blogsoestado.com\/danielmatos\/#website\",\"url\":\"https:\/\/www.blogsoestado.com\/danielmatos\/\",\"name\":\"Daniel Matos\",\"description\":\"\",\"potentialAction\":[{\"@type\":\"SearchAction\",\"target\":{\"@type\":\"EntryPoint\",\"urlTemplate\":\"https:\/\/www.blogsoestado.com\/danielmatos\/?s={search_term_string}\"},\"query-input\":{\"@type\":\"PropertyValueSpecification\",\"valueRequired\":true,\"valueName\":\"search_term_string\"}}],\"inLanguage\":\"pt-BR\"}]}<\/script>\n<!-- \/ Yoast SEO plugin. -->","yoast_head_json":{"title":"Carro oficial: Castelo agora desfila por S\u00e3o Lu\u00eds em \u00d4mega de R$ 125 mil - Daniel Matos","robots":{"index":"index","follow":"follow","max-snippet":"max-snippet:-1","max-image-preview":"max-image-preview:large","max-video-preview":"max-video-preview:-1"},"canonical":"https:\/\/www.blogsoestado.com\/danielmatos\/carro-oficial-castelo-agora-desfila-por-sao-luis-em-omega-de-r-125-mil\/","og_locale":"pt_BR","og_type":"article","og_title":"Carro oficial: Castelo agora desfila por S\u00e3o Lu\u00eds em \u00d4mega de R$ 125 mil - Daniel Matos","og_description":"O prefeito de S\u00e3o Lu\u00eds, Jo\u00e3o Castelo (PSDB), foi o\u00a0centro das aten\u00e7\u00f5es no in\u00edcio desta semana\u00a0em raz\u00e3o\u00a0do seu anivers\u00e1rio de [&hellip;]","og_url":"https:\/\/www.blogsoestado.com\/danielmatos\/carro-oficial-castelo-agora-desfila-por-sao-luis-em-omega-de-r-125-mil\/","og_site_name":"Daniel Matos","article_published_time":"2009-10-23T17:05:15+00:00","og_image":[{"url":"https:\/\/www.blogsoestado.com\/danielmatos\/files\/2009\/10\/carro-castelo.jpg","type":"","width":"","height":""}],"twitter_card":"summary_large_image","twitter_misc":{"Est. tempo de leitura":"1 minuto"},"schema":{"@context":"https:\/\/schema.org","@graph":[{"@type":"WebPage","@id":"https:\/\/www.blogsoestado.com\/danielmatos\/carro-oficial-castelo-agora-desfila-por-sao-luis-em-omega-de-r-125-mil\/","url":"https:\/\/www.blogsoestado.com\/danielmatos\/carro-oficial-castelo-agora-desfila-por-sao-luis-em-omega-de-r-125-mil\/","name":"Carro oficial: Castelo agora desfila por S\u00e3o Lu\u00eds em \u00d4mega de R$ 125 mil - Daniel Matos","isPartOf":{"@id":"https:\/\/www.blogsoestado.com\/danielmatos\/#website"},"primaryImageOfPage":{"@id":"https:\/\/www.blogsoestado.com\/danielmatos\/carro-oficial-castelo-agora-desfila-por-sao-luis-em-omega-de-r-125-mil\/#primaryimage"},"image":{"@id":"https:\/\/www.blogsoestado.com\/danielmatos\/carro-oficial-castelo-agora-desfila-por-sao-luis-em-omega-de-r-125-mil\/#primaryimage"},"thumbnailUrl":"https:\/\/www.blogsoestado.com\/danielmatos\/files\/2009\/10\/carro-castelo.jpg","datePublished":"2009-10-23T17:05:15+00:00","author":{"@id":""},"breadcrumb":{"@id":"https:\/\/www.blogsoestado.com\/danielmatos\/carro-oficial-castelo-agora-desfila-por-sao-luis-em-omega-de-r-125-mil\/#breadcrumb"},"inLanguage":"pt-BR","potentialAction":[{"@type":"ReadAction","target":["https:\/\/www.blogsoestado.com\/danielmatos\/carro-oficial-castelo-agora-desfila-por-sao-luis-em-omega-de-r-125-mil\/"]}]},{"@type":"ImageObject","inLanguage":"pt-BR","@id":"https:\/\/www.blogsoestado.com\/danielmatos\/carro-oficial-castelo-agora-desfila-por-sao-luis-em-omega-de-r-125-mil\/#primaryimage","url":"https:\/\/www.blogsoestado.com\/danielmatos\/files\/2009\/10\/carro-castelo.jpg","contentUrl":"https:\/\/www.blogsoestado.com\/danielmatos\/files\/2009\/10\/carro-castelo.jpg"},{"@type":"BreadcrumbList","@id":"https:\/\/www.blogsoestado.com\/danielmatos\/carro-oficial-castelo-agora-desfila-por-sao-luis-em-omega-de-r-125-mil\/#breadcrumb","itemListElement":[{"@type":"ListItem","position":1,"name":"In\u00edcio","item":"https:\/\/www.blogsoestado.com\/danielmatos\/"},{"@type":"ListItem","position":2,"name":"Carro oficial: Castelo agora desfila por S\u00e3o Lu\u00eds em \u00d4mega de R$ 125 mil"}]},{"@type":"WebSite","@id":"https:\/\/www.blogsoestado.com\/danielmatos\/#website","url":"https:\/\/www.blogsoestado.com\/danielmatos\/","name":"Daniel Matos","description":"","potentialAction":[{"@type":"SearchAction","target":{"@type":"EntryPoint","urlTemplate":"https:\/\/www.blogsoestado.com\/danielmatos\/?s={search_term_string}"},"query-input":{"@type":"PropertyValueSpecification","valueRequired":true,"valueName":"search_term_string"}}],"inLanguage":"pt-BR"}]}},"jetpack_featured_media_url":"","_links":{"self":[{"href":"https:\/\/www.blogsoestado.com\/danielmatos\/wp-json\/wp\/v2\/posts\/1510","targetHints":{"allow":["GET"]}}],"collection":[{"href":"https:\/\/www.blogsoestado.com\/danielmatos\/wp-json\/wp\/v2\/posts"}],"about":[{"href":"https:\/\/www.blogsoestado.com\/danielmatos\/wp-json\/wp\/v2\/types\/post"}],"replies":[{"embeddable":true,"href":"https:\/\/www.blogsoestado.com\/danielmatos\/wp-json\/wp\/v2\/comments?post=1510"}],"version-history":[{"count":0,"href":"https:\/\/www.blogsoestado.com\/danielmatos\/wp-json\/wp\/v2\/posts\/1510\/revisions"}],"wp:attachment":[{"href":"https:\/\/www.blogsoestado.com\/danielmatos\/wp-json\/wp\/v2\/media?parent=1510"}],"wp:term":[{"taxonomy":"category","embeddable":true,"href":"https:\/\/www.blogsoestado.com\/danielmatos\/wp-json\/wp\/v2\/categories?post=1510"},{"taxonomy":"post_tag","embeddable":true,"href":"https:\/\/www.blogsoestado.com\/danielmatos\/wp-json\/wp\/v2\/tags?post=1510"}],"curies":[{"name":"wp","href":"https:\/\/api.w.org\/{rel}","templated":true}]}}