{"id":151047,"date":"2025-11-16T12:06:32","date_gmt":"2025-11-16T15:06:32","guid":{"rendered":"https:\/\/www.blogsoestado.com\/danielmatos\/?p=151047"},"modified":"2025-11-16T12:06:36","modified_gmt":"2025-11-16T15:06:36","slug":"empresa-maranhense-em-destaque-na-reuniao-de-acao-pela-agricultura-e-florestas-do-pacto-global-da-onu","status":"publish","type":"post","link":"https:\/\/www.blogsoestado.com\/danielmatos\/empresa-maranhense-em-destaque-na-reuniao-de-acao-pela-agricultura-e-florestas-do-pacto-global-da-onu\/","title":{"rendered":"Empresa maranhense em destaque na reuni\u00e3o de A\u00e7\u00e3o pela Agricultura e Florestas do Pacto Global da ONU"},"content":{"rendered":"\n<p><strong><mark style=\"color:#cf2e2e\" class=\"has-inline-color\">A implanta\u00e7\u00e3o da Reserva<\/mark><\/strong> <strong><mark style=\"color:#cf2e2e\" class=\"has-inline-color\">Particular de Patrim\u00f4nio Natural (RPPN) Shipping Protection em Alc\u00e2ntara foi defendida no evento<\/mark><\/strong><\/p>\n\n\n\n<figure class=\"wp-block-image aligncenter size-full\"><img fetchpriority=\"high\" decoding=\"async\" width=\"907\" height=\"603\" src=\"https:\/\/www.blogsoestado.com\/danielmatos\/wp-content\/uploads\/sites\/2\/2025\/11\/1004275653.jpg\" alt=\"\" class=\"wp-image-151050\" srcset=\"https:\/\/www.blogsoestado.com\/danielmatos\/wp-content\/uploads\/sites\/2\/2025\/11\/1004275653.jpg 907w, https:\/\/www.blogsoestado.com\/danielmatos\/wp-content\/uploads\/sites\/2\/2025\/11\/1004275653-300x199.jpg 300w, https:\/\/www.blogsoestado.com\/danielmatos\/wp-content\/uploads\/sites\/2\/2025\/11\/1004275653-768x511.jpg 768w\" sizes=\"(max-width: 907px) 100vw, 907px\" \/><figcaption class=\"wp-element-caption\">O Coordenador de ESG da ag\u00eancia mar\u00edtima Shipping Protection Renato Lemos com lideran\u00e7as comunit\u00e1rias de Alc\u00e2ntara que apoiam a cria\u00e7\u00e3o da Reserva Particular de Patrim\u00f4nio Natural (RPPN) Shipping Protection<\/figcaption><\/figure>\n\n\n\n<p>A ag\u00eancia mar\u00edtima maranhense Shipping Protection Ship Services \u00e9 signat\u00e1ria do Pacto Global da ONU, maior iniciativa de sustentabilidade corporativa do mundo, comprometida com os \u201cDez Princ\u00edpios Universais\u201d nas \u00e1reas de direitos humanos, trabalho, meio ambiente e combate \u00e0 corrup\u00e7\u00e3o, al\u00e9m de contribuir para o alcance dos Objetivos de Desenvolvimento Sustent\u00e1vel (ODS) da Agenda 2030.<\/p>\n\n\n\n<p>Como parte desse compromisso, a ag\u00eancia mar\u00edtima maranhense aderiu aos seguintes movimentos: Impacto Amaz\u00f4nia \u2013 Prote\u00e7\u00e3o da Amaz\u00f4nia e promo\u00e7\u00e3o do desenvolvimento sustent\u00e1vel da regi\u00e3o; Sal\u00e1rio Digno \u2013 Promo\u00e7\u00e3o de remunera\u00e7\u00e3o justa e condi\u00e7\u00f5es de trabalho dignas; Educa 2030 \u2013 Fomento \u00e0 educa\u00e7\u00e3o de qualidade, inclusiva e equitativa e A\u00e7\u00e3o Contra a Corrup\u00e7\u00e3o \u2013 Fortalecimento da integridade e da transpar\u00eancia empresarial.<\/p>\n\n\n\n<p>E dentro do movimento Impacto Amaz\u00f4nia, a Shipping Protection destaca-se com um projeto que al\u00e9m de relevante, \u00e9 mais que urgente, e que visa preservar e proteger dos crimes ambientais em curso, uma \u00e1rea de floresta com 1.700 hectares e rica em biomas naturais, conhecida como terras de Timbotuba em Alc\u00e2ntara (MA). Essa \u00e1rea abriga um ecosistema riqu\u00edssimo, composto por fauna nativa, manguezais, c\u00f3rregos, lagos, nascentes e brejos, desempenhando um papel fundamental na conserva\u00e7\u00e3o da biodiversidade, no sequestro de carbono e na prote\u00e7\u00e3o das \u00c1reas de Preserva\u00e7\u00e3o Permanente (APPs).<\/p>\n\n\n\n<p>Trata-se do projeto de cria\u00e7\u00e3o da Reserva Particular de Patrim\u00f4nio Natural (RPPN) Shipping Protection, atualmente em processo de cria\u00e7\u00e3o junto ao ICMBio. Um projeto relevante que visa garantir a preserva\u00e7\u00e3o do bioma amaz\u00f4nico maranhense, promovendo conserva\u00e7\u00e3o ambiental, incentivando a pesquisa cient\u00edfica, a educa\u00e7\u00e3o ambiental e o turismo ecol\u00f3gico na regi\u00e3o.<\/p>\n\n\n\n<p>Com uma proposta de sustentabilidade completa, o projeto da RPPN Shipping Protection une preserva\u00e7\u00e3o ambiental, educa\u00e7\u00e3o e melhoria da qualidade de vida das comunidades atrav\u00e9s da oferta gratuita de educa\u00e7\u00e3o e qualifica\u00e7\u00e3o, com a cria\u00e7\u00e3o de uma escola privada comunit\u00e1ria; al\u00e9m da constru\u00e7\u00e3o de um centro de artesanato voltado para a produ\u00e7\u00e3o e comercializa\u00e7\u00e3o de produtos locais, impulsionando a economia familiar e o empoderamento feminino na regi\u00e3o.<\/p>\n\n\n\n<figure class=\"wp-block-image aligncenter size-large\"><img decoding=\"async\" width=\"1024\" height=\"576\" src=\"https:\/\/www.blogsoestado.com\/danielmatos\/wp-content\/uploads\/sites\/2\/2025\/11\/1004275651-1024x576.jpg\" alt=\"\" class=\"wp-image-151048\" srcset=\"https:\/\/www.blogsoestado.com\/danielmatos\/wp-content\/uploads\/sites\/2\/2025\/11\/1004275651-1024x576.jpg 1024w, https:\/\/www.blogsoestado.com\/danielmatos\/wp-content\/uploads\/sites\/2\/2025\/11\/1004275651-300x169.jpg 300w, https:\/\/www.blogsoestado.com\/danielmatos\/wp-content\/uploads\/sites\/2\/2025\/11\/1004275651-768x432.jpg 768w, https:\/\/www.blogsoestado.com\/danielmatos\/wp-content\/uploads\/sites\/2\/2025\/11\/1004275651.jpg 1319w\" sizes=\"(max-width: 1024px) 100vw, 1024px\" \/><figcaption class=\"wp-element-caption\">A \u00e1rea de floresta com 1.700 hectares ricos em biomas naturais, conhecida como Terras de Timbotuba, em Alc\u00e2ntara (MA), foi adquirida pela ag\u00eancia mar\u00edtima Shipping Protection com o objetivo de criar uma \u00e1rea de prote\u00e7\u00e3o ambiental permanente e para isso, s\u00f3 aguarda a libera\u00e7\u00e3o pelo ICMBio<\/figcaption><\/figure>\n\n\n\n<p><strong>Defesa e urg\u00eancia da legaliza\u00e7\u00e3o da RPPN Shipping Protection<\/strong><\/p>\n\n\n\n<p>A 3\u00aa Reuni\u00e3o Trimestral da Plataforma de A\u00e7\u00e3o pela Agricultura e Florestas, promovida pelo Pacto Global da ONU, foi um evento online que reuniu empresas comprometidas com a promo\u00e7\u00e3o de pr\u00e1ticas sustent\u00e1veis na agricultura e na preserva\u00e7\u00e3o das florestas, alinhadas aos Objetivos do Desenvolvimento Sustent\u00e1vel da ONU.<\/p>\n\n\n\n<p>Convidada a participar, a ag\u00eancia marit\u00edma Shipping Protection foi representada pelo Coordenador de ESG Renato Lemos. Ele falou sobre os avan\u00e7os e compromissos da Shipping Protection com o Movimento Impacto Amaz\u00f4nia, destacando em especial, o projeto de cria\u00e7\u00e3o da Reserva Particular do Patrim\u00f4nio Natural (RPPN) Shipping Protection, em Alc\u00e2ntara-MA. Foram detalhadas a\u00e7\u00f5es de prote\u00e7\u00e3o da fauna, al\u00e9m de a\u00e7\u00f5es da empresa que visam o apoio \u00e0 agricultura familiar sustent\u00e1vel, a educa\u00e7\u00e3o ambiental, sa\u00fade e bem-estar comunit\u00e1rios.<\/p>\n\n\n\n<p>Mas enquanto o projeto n\u00e3o sai do papel \u2013 com a demora do ICMBio nessa legaliza\u00e7\u00e3o \u2013 Timbotuba agoniza diariamente, v\u00edtima de crimes ambientais que geram a devasta\u00e7\u00e3o da \u00e1rea; incluindo desmatamentos frequentes e extra\u00e7\u00e3o ilegal de madeira para venda e fabrica\u00e7\u00e3o clandestina de carv\u00e3o. Essa pr\u00e1tica est\u00e1 destruindo habitats e comprometendo a qualidade da \u00e1gua e do solo, como foi demonstrado com fotos e v\u00eddeos dos crimes ambientais em curso, na apresenta\u00e7\u00e3o da Shipping Protection.<\/p>\n\n\n\n<p>\u201cA Shipping Protection se orgulha de ter participado dessa reuni\u00e3o com um case maranhense t\u00e3o relevante. Tudo o que apresentamos reafirma o compromisso da Shipping Protection com a responsabilidade socioambiental e a agenda ESG, colocando a nossa empresa na vanguarda dos servi\u00e7os mar\u00edtimos sustent\u00e1veis no Brasil e no mundo. O projeto da nossa RPPN foi elogiado e defendido por todos\u201d destacou Renato Lemos.<\/p>\n\n\n\n<p>Segundo o fundador da Shipping Protection, o maranhense Kledilton Cutrim Pinto, a rela\u00e7\u00e3o da empresa com as comunidades \u00e9 pr\u00f3xima e colaborativa: \u201cAcreditamos que o sucesso do nosso neg\u00f3cio est\u00e1 intrinsecamente ligado \u00e0 prosperidade das comunidades onde atuamos e \u00e0 sa\u00fade do nosso planeta. Com a RPPN Shipping Protection queremos deixar como legado o exemplo de que \u00e9 poss\u00edvel preservar a natureza; desenvolver as pessoas; al\u00e9m de gerar trabalho e renda para as comunidades locais. S\u00f3 precisamos que o ICMBio agilize essa legaliza\u00e7\u00e3o, antes que seja tarde demais para salvar a floresta\u201d destaca o empres\u00e1rio.<\/p>\n\n\n\n<figure class=\"wp-block-image aligncenter size-large\"><img decoding=\"async\" width=\"1024\" height=\"944\" src=\"https:\/\/www.blogsoestado.com\/danielmatos\/wp-content\/uploads\/sites\/2\/2025\/11\/1004275652-1024x944.jpg\" alt=\"\" class=\"wp-image-151049\" srcset=\"https:\/\/www.blogsoestado.com\/danielmatos\/wp-content\/uploads\/sites\/2\/2025\/11\/1004275652-1024x944.jpg 1024w, https:\/\/www.blogsoestado.com\/danielmatos\/wp-content\/uploads\/sites\/2\/2025\/11\/1004275652-300x277.jpg 300w, https:\/\/www.blogsoestado.com\/danielmatos\/wp-content\/uploads\/sites\/2\/2025\/11\/1004275652-768x708.jpg 768w, https:\/\/www.blogsoestado.com\/danielmatos\/wp-content\/uploads\/sites\/2\/2025\/11\/1004275652.jpg 1280w\" sizes=\"(max-width: 1024px) 100vw, 1024px\" \/><figcaption class=\"wp-element-caption\">Enquanto o ICMBio n\u00e3o legaliza a Reserva Particular de Patrim\u00f4nio Natural (RPPN) Shipping Protection, os crimes ambientais est\u00e3o devastando a \u00e1rea com ca\u00e7a ilegal; corte de madeira para a produ\u00e7\u00e3o ilegal de carv\u00e3o e venda clandestina<\/figcaption><\/figure>\n\n\n\n<p><strong>Plataforma de A\u00e7\u00e3o pela Agricultura e Florestas<\/strong><\/p>\n\n\n\n<p>A Plataforma \u00e9 uma iniciativa da Rede Brasil do Pacto Global da ONU, que apoia empresas em sua jornada pela sustentabilidade no setor agroflorestal, integrando redes e projetos que fortalecem a seguran\u00e7a alimentar, sa\u00fade, nutri\u00e7\u00e3o, e a viabilidade econ\u00f4mica do agroneg\u00f3cio brasileiro com responsabilidade ambiental e social.<\/p>\n\n\n\n<p><strong>Movimento Impacto Amaz\u00f4nia<\/strong><\/p>\n\n\n\n<p>O Movimento Impacto Amaz\u00f4nia \u00e9 uma iniciativa do Pacto Global que mobiliza empresas para combater o desmatamento e preservar a biodiversidade, promovendo a\u00e7\u00f5es para manter a floresta em p\u00e9 at\u00e9 2030.<\/p>\n\n\n\n<p>Entre os compromissos est\u00e3o garantir opera\u00e7\u00f5es livres de desmatamento, desenvolver projetos que fortale\u00e7am a manuten\u00e7\u00e3o da floresta, e apoiar comunidades locais por meio de inova\u00e7\u00e3o, pesquisa e bioeconomia.<\/p>\n\n\n\n<p><strong>Sobre a Shipping Protection<\/strong><\/p>\n\n\n\n<p>A ag\u00eancia mar\u00edtima Shipping Protection \u00e9 especializada na presta\u00e7\u00e3o de servi\u00e7os para empresas de navega\u00e7\u00e3o, e traz a \u201cprote\u00e7\u00e3o\u201d n\u00e3o apenas no nome, mas tamb\u00e9m na sua cultura de cuidado.<\/p>\n\n\n\n<figure class=\"wp-block-image aligncenter size-full\"><img loading=\"lazy\" decoding=\"async\" width=\"902\" height=\"602\" src=\"https:\/\/www.blogsoestado.com\/danielmatos\/wp-content\/uploads\/sites\/2\/2025\/11\/1004275654.jpg\" alt=\"\" class=\"wp-image-151051\" srcset=\"https:\/\/www.blogsoestado.com\/danielmatos\/wp-content\/uploads\/sites\/2\/2025\/11\/1004275654.jpg 902w, https:\/\/www.blogsoestado.com\/danielmatos\/wp-content\/uploads\/sites\/2\/2025\/11\/1004275654-300x200.jpg 300w, https:\/\/www.blogsoestado.com\/danielmatos\/wp-content\/uploads\/sites\/2\/2025\/11\/1004275654-768x513.jpg 768w\" sizes=\"(max-width: 902px) 100vw, 902px\" \/><figcaption class=\"wp-element-caption\">A floresta pede socorro e os desmatamentos frequentes destroem habitats naturais e comprometem a qualidade da \u00e1gua e do solo da regi\u00e3o<\/figcaption><\/figure>\n\n\n\n<p>Fundada em 2009, a empresa tem sede em S\u00e3o Lu\u00eds (MA) e presen\u00e7a operacional em diversos estados e pa\u00edses, atuando na vanguarda dos servi\u00e7os de agenciamento mar\u00edtimo.<\/p>\n\n\n\n<p>A empresa mant\u00e9m um firme compromisso com a responsabilidade social empresarial e a sustentabilidade. \u00c9 signat\u00e1ria do Pacto Global das Na\u00e7\u00f5es Unidas e adota iniciativas concretas de ESG em sua gest\u00e3o e opera\u00e7\u00f5es, contribuindo para um futuro mar\u00edtimo mais sustent\u00e1vel.<\/p>\n","protected":false},"excerpt":{"rendered":"<p>A implanta\u00e7\u00e3o da Reserva Particular de Patrim\u00f4nio Natural (RPPN) Shipping Protection em Alc\u00e2ntara foi defendida no evento A ag\u00eancia mar\u00edtima [&hellip;]<\/p>\n","protected":false},"author":2,"featured_media":0,"comment_status":"open","ping_status":"open","sticky":false,"template":"","format":"standard","meta":{"site-sidebar-layout":"default","site-content-layout":"","ast-site-content-layout":"default","site-content-style":"default","site-sidebar-style":"default","ast-global-header-display":"","ast-banner-title-visibility":"","ast-main-header-display":"","ast-hfb-above-header-display":"","ast-hfb-below-header-display":"","ast-hfb-mobile-header-display":"","site-post-title":"","ast-breadcrumbs-content":"","ast-featured-img":"","footer-sml-layout":"","ast-disable-related-posts":"","theme-transparent-header-meta":"","adv-header-id-meta":"","stick-header-meta":"","header-above-stick-meta":"","header-main-stick-meta":"","header-below-stick-meta":"","astra-migrate-meta-layouts":"default","ast-page-background-enabled":"default","ast-page-background-meta":{"desktop":{"background-color":"var(--ast-global-color-5)","background-image":"","background-repeat":"repeat","background-position":"center center","background-size":"auto","background-attachment":"scroll","background-type":"","background-media":"","overlay-type":"","overlay-color":"","overlay-opacity":"","overlay-gradient":""},"tablet":{"background-color":"","background-image":"","background-repeat":"repeat","background-position":"center center","background-size":"auto","background-attachment":"scroll","background-type":"","background-media":"","overlay-type":"","overlay-color":"","overlay-opacity":"","overlay-gradient":""},"mobile":{"background-color":"","background-image":"","background-repeat":"repeat","background-position":"center center","background-size":"auto","background-attachment":"scroll","background-type":"","background-media":"","overlay-type":"","overlay-color":"","overlay-opacity":"","overlay-gradient":""}},"ast-content-background-meta":{"desktop":{"background-color":"var(--ast-global-color-4)","background-image":"","background-repeat":"repeat","background-position":"center center","background-size":"auto","background-attachment":"scroll","background-type":"","background-media":"","overlay-type":"","overlay-color":"","overlay-opacity":"","overlay-gradient":""},"tablet":{"background-color":"var(--ast-global-color-4)","background-image":"","background-repeat":"repeat","background-position":"center center","background-size":"auto","background-attachment":"scroll","background-type":"","background-media":"","overlay-type":"","overlay-color":"","overlay-opacity":"","overlay-gradient":""},"mobile":{"background-color":"var(--ast-global-color-4)","background-image":"","background-repeat":"repeat","background-position":"center center","background-size":"auto","background-attachment":"scroll","background-type":"","background-media":"","overlay-type":"","overlay-color":"","overlay-opacity":"","overlay-gradient":""}},"footnotes":""},"categories":[1],"tags":[],"class_list":["post-151047","post","type-post","status-publish","format-standard","hentry","category-sem-categoria"],"yoast_head":"<!-- This site is optimized with the Yoast SEO plugin v26.6 - https:\/\/yoast.com\/wordpress\/plugins\/seo\/ -->\n<title>Empresa maranhense em destaque na reuni\u00e3o de A\u00e7\u00e3o pela Agricultura e Florestas do Pacto Global da ONU - Daniel Matos<\/title>\n<meta name=\"robots\" content=\"index, follow, max-snippet:-1, max-image-preview:large, max-video-preview:-1\" \/>\n<link rel=\"canonical\" href=\"https:\/\/www.blogsoestado.com\/danielmatos\/empresa-maranhense-em-destaque-na-reuniao-de-acao-pela-agricultura-e-florestas-do-pacto-global-da-onu\/\" \/>\n<meta property=\"og:locale\" content=\"pt_BR\" \/>\n<meta property=\"og:type\" content=\"article\" \/>\n<meta property=\"og:title\" content=\"Empresa maranhense em destaque na reuni\u00e3o de A\u00e7\u00e3o pela Agricultura e Florestas do Pacto Global da ONU - Daniel Matos\" \/>\n<meta property=\"og:description\" content=\"A implanta\u00e7\u00e3o da Reserva Particular de Patrim\u00f4nio Natural (RPPN) Shipping Protection em Alc\u00e2ntara foi defendida no evento A ag\u00eancia mar\u00edtima [&hellip;]\" \/>\n<meta property=\"og:url\" content=\"https:\/\/www.blogsoestado.com\/danielmatos\/empresa-maranhense-em-destaque-na-reuniao-de-acao-pela-agricultura-e-florestas-do-pacto-global-da-onu\/\" \/>\n<meta property=\"og:site_name\" content=\"Daniel Matos\" \/>\n<meta property=\"article:published_time\" content=\"2025-11-16T15:06:32+00:00\" \/>\n<meta property=\"article:modified_time\" content=\"2025-11-16T15:06:36+00:00\" \/>\n<meta property=\"og:image\" content=\"https:\/\/www.blogsoestado.com\/danielmatos\/wp-content\/uploads\/sites\/2\/2025\/11\/1004275653.jpg\" \/>\n\t<meta property=\"og:image:width\" content=\"907\" \/>\n\t<meta property=\"og:image:height\" content=\"603\" \/>\n\t<meta property=\"og:image:type\" content=\"image\/jpeg\" \/>\n<meta name=\"author\" content=\"Daniel Matos\" \/>\n<meta name=\"twitter:card\" content=\"summary_large_image\" \/>\n<meta name=\"twitter:label1\" content=\"Escrito por\" \/>\n\t<meta name=\"twitter:data1\" content=\"Daniel Matos\" \/>\n\t<meta name=\"twitter:label2\" content=\"Est. tempo de leitura\" \/>\n\t<meta name=\"twitter:data2\" content=\"7 minutos\" \/>\n<script type=\"application\/ld+json\" class=\"yoast-schema-graph\">{\"@context\":\"https:\/\/schema.org\",\"@graph\":[{\"@type\":\"WebPage\",\"@id\":\"https:\/\/www.blogsoestado.com\/danielmatos\/empresa-maranhense-em-destaque-na-reuniao-de-acao-pela-agricultura-e-florestas-do-pacto-global-da-onu\/\",\"url\":\"https:\/\/www.blogsoestado.com\/danielmatos\/empresa-maranhense-em-destaque-na-reuniao-de-acao-pela-agricultura-e-florestas-do-pacto-global-da-onu\/\",\"name\":\"Empresa maranhense em destaque na reuni\u00e3o de A\u00e7\u00e3o pela Agricultura e Florestas do Pacto Global da ONU - Daniel Matos\",\"isPartOf\":{\"@id\":\"https:\/\/www.blogsoestado.com\/danielmatos\/#website\"},\"primaryImageOfPage\":{\"@id\":\"https:\/\/www.blogsoestado.com\/danielmatos\/empresa-maranhense-em-destaque-na-reuniao-de-acao-pela-agricultura-e-florestas-do-pacto-global-da-onu\/#primaryimage\"},\"image\":{\"@id\":\"https:\/\/www.blogsoestado.com\/danielmatos\/empresa-maranhense-em-destaque-na-reuniao-de-acao-pela-agricultura-e-florestas-do-pacto-global-da-onu\/#primaryimage\"},\"thumbnailUrl\":\"https:\/\/www.blogsoestado.com\/danielmatos\/wp-content\/uploads\/sites\/2\/2025\/11\/1004275653.jpg\",\"datePublished\":\"2025-11-16T15:06:32+00:00\",\"dateModified\":\"2025-11-16T15:06:36+00:00\",\"author\":{\"@id\":\"https:\/\/www.blogsoestado.com\/danielmatos\/#\/schema\/person\/9a209d407cd45631f131e1285b661bb0\"},\"breadcrumb\":{\"@id\":\"https:\/\/www.blogsoestado.com\/danielmatos\/empresa-maranhense-em-destaque-na-reuniao-de-acao-pela-agricultura-e-florestas-do-pacto-global-da-onu\/#breadcrumb\"},\"inLanguage\":\"pt-BR\",\"potentialAction\":[{\"@type\":\"ReadAction\",\"target\":[\"https:\/\/www.blogsoestado.com\/danielmatos\/empresa-maranhense-em-destaque-na-reuniao-de-acao-pela-agricultura-e-florestas-do-pacto-global-da-onu\/\"]}]},{\"@type\":\"ImageObject\",\"inLanguage\":\"pt-BR\",\"@id\":\"https:\/\/www.blogsoestado.com\/danielmatos\/empresa-maranhense-em-destaque-na-reuniao-de-acao-pela-agricultura-e-florestas-do-pacto-global-da-onu\/#primaryimage\",\"url\":\"https:\/\/www.blogsoestado.com\/danielmatos\/wp-content\/uploads\/sites\/2\/2025\/11\/1004275653.jpg\",\"contentUrl\":\"https:\/\/www.blogsoestado.com\/danielmatos\/wp-content\/uploads\/sites\/2\/2025\/11\/1004275653.jpg\",\"width\":907,\"height\":603},{\"@type\":\"BreadcrumbList\",\"@id\":\"https:\/\/www.blogsoestado.com\/danielmatos\/empresa-maranhense-em-destaque-na-reuniao-de-acao-pela-agricultura-e-florestas-do-pacto-global-da-onu\/#breadcrumb\",\"itemListElement\":[{\"@type\":\"ListItem\",\"position\":1,\"name\":\"In\u00edcio\",\"item\":\"https:\/\/www.blogsoestado.com\/danielmatos\/\"},{\"@type\":\"ListItem\",\"position\":2,\"name\":\"Empresa maranhense em destaque na reuni\u00e3o de A\u00e7\u00e3o pela Agricultura e Florestas do Pacto Global da ONU\"}]},{\"@type\":\"WebSite\",\"@id\":\"https:\/\/www.blogsoestado.com\/danielmatos\/#website\",\"url\":\"https:\/\/www.blogsoestado.com\/danielmatos\/\",\"name\":\"Daniel Matos\",\"description\":\"\",\"potentialAction\":[{\"@type\":\"SearchAction\",\"target\":{\"@type\":\"EntryPoint\",\"urlTemplate\":\"https:\/\/www.blogsoestado.com\/danielmatos\/?s={search_term_string}\"},\"query-input\":{\"@type\":\"PropertyValueSpecification\",\"valueRequired\":true,\"valueName\":\"search_term_string\"}}],\"inLanguage\":\"pt-BR\"},{\"@type\":\"Person\",\"@id\":\"https:\/\/www.blogsoestado.com\/danielmatos\/#\/schema\/person\/9a209d407cd45631f131e1285b661bb0\",\"name\":\"Daniel Matos\",\"image\":{\"@type\":\"ImageObject\",\"inLanguage\":\"pt-BR\",\"@id\":\"https:\/\/www.blogsoestado.com\/danielmatos\/#\/schema\/person\/image\/\",\"url\":\"https:\/\/secure.gravatar.com\/avatar\/2f26c36ee355da19a257f0dfef43952a2588b324ca35d6719e859fe338ac0392?s=96&d=mm&r=g\",\"contentUrl\":\"https:\/\/secure.gravatar.com\/avatar\/2f26c36ee355da19a257f0dfef43952a2588b324ca35d6719e859fe338ac0392?s=96&d=mm&r=g\",\"caption\":\"Daniel Matos\"},\"url\":\"https:\/\/www.blogsoestado.com\/danielmatos\/author\/danielmatos\/\"}]}<\/script>\n<!-- \/ Yoast SEO plugin. -->","yoast_head_json":{"title":"Empresa maranhense em destaque na reuni\u00e3o de A\u00e7\u00e3o pela Agricultura e Florestas do Pacto Global da ONU - Daniel Matos","robots":{"index":"index","follow":"follow","max-snippet":"max-snippet:-1","max-image-preview":"max-image-preview:large","max-video-preview":"max-video-preview:-1"},"canonical":"https:\/\/www.blogsoestado.com\/danielmatos\/empresa-maranhense-em-destaque-na-reuniao-de-acao-pela-agricultura-e-florestas-do-pacto-global-da-onu\/","og_locale":"pt_BR","og_type":"article","og_title":"Empresa maranhense em destaque na reuni\u00e3o de A\u00e7\u00e3o pela Agricultura e Florestas do Pacto Global da ONU - Daniel Matos","og_description":"A implanta\u00e7\u00e3o da Reserva Particular de Patrim\u00f4nio Natural (RPPN) Shipping Protection em Alc\u00e2ntara foi defendida no evento A ag\u00eancia mar\u00edtima [&hellip;]","og_url":"https:\/\/www.blogsoestado.com\/danielmatos\/empresa-maranhense-em-destaque-na-reuniao-de-acao-pela-agricultura-e-florestas-do-pacto-global-da-onu\/","og_site_name":"Daniel Matos","article_published_time":"2025-11-16T15:06:32+00:00","article_modified_time":"2025-11-16T15:06:36+00:00","og_image":[{"width":907,"height":603,"url":"https:\/\/www.blogsoestado.com\/danielmatos\/wp-content\/uploads\/sites\/2\/2025\/11\/1004275653.jpg","type":"image\/jpeg"}],"author":"Daniel Matos","twitter_card":"summary_large_image","twitter_misc":{"Escrito por":"Daniel Matos","Est. tempo de leitura":"7 minutos"},"schema":{"@context":"https:\/\/schema.org","@graph":[{"@type":"WebPage","@id":"https:\/\/www.blogsoestado.com\/danielmatos\/empresa-maranhense-em-destaque-na-reuniao-de-acao-pela-agricultura-e-florestas-do-pacto-global-da-onu\/","url":"https:\/\/www.blogsoestado.com\/danielmatos\/empresa-maranhense-em-destaque-na-reuniao-de-acao-pela-agricultura-e-florestas-do-pacto-global-da-onu\/","name":"Empresa maranhense em destaque na reuni\u00e3o de A\u00e7\u00e3o pela Agricultura e Florestas do Pacto Global da ONU - Daniel Matos","isPartOf":{"@id":"https:\/\/www.blogsoestado.com\/danielmatos\/#website"},"primaryImageOfPage":{"@id":"https:\/\/www.blogsoestado.com\/danielmatos\/empresa-maranhense-em-destaque-na-reuniao-de-acao-pela-agricultura-e-florestas-do-pacto-global-da-onu\/#primaryimage"},"image":{"@id":"https:\/\/www.blogsoestado.com\/danielmatos\/empresa-maranhense-em-destaque-na-reuniao-de-acao-pela-agricultura-e-florestas-do-pacto-global-da-onu\/#primaryimage"},"thumbnailUrl":"https:\/\/www.blogsoestado.com\/danielmatos\/wp-content\/uploads\/sites\/2\/2025\/11\/1004275653.jpg","datePublished":"2025-11-16T15:06:32+00:00","dateModified":"2025-11-16T15:06:36+00:00","author":{"@id":"https:\/\/www.blogsoestado.com\/danielmatos\/#\/schema\/person\/9a209d407cd45631f131e1285b661bb0"},"breadcrumb":{"@id":"https:\/\/www.blogsoestado.com\/danielmatos\/empresa-maranhense-em-destaque-na-reuniao-de-acao-pela-agricultura-e-florestas-do-pacto-global-da-onu\/#breadcrumb"},"inLanguage":"pt-BR","potentialAction":[{"@type":"ReadAction","target":["https:\/\/www.blogsoestado.com\/danielmatos\/empresa-maranhense-em-destaque-na-reuniao-de-acao-pela-agricultura-e-florestas-do-pacto-global-da-onu\/"]}]},{"@type":"ImageObject","inLanguage":"pt-BR","@id":"https:\/\/www.blogsoestado.com\/danielmatos\/empresa-maranhense-em-destaque-na-reuniao-de-acao-pela-agricultura-e-florestas-do-pacto-global-da-onu\/#primaryimage","url":"https:\/\/www.blogsoestado.com\/danielmatos\/wp-content\/uploads\/sites\/2\/2025\/11\/1004275653.jpg","contentUrl":"https:\/\/www.blogsoestado.com\/danielmatos\/wp-content\/uploads\/sites\/2\/2025\/11\/1004275653.jpg","width":907,"height":603},{"@type":"BreadcrumbList","@id":"https:\/\/www.blogsoestado.com\/danielmatos\/empresa-maranhense-em-destaque-na-reuniao-de-acao-pela-agricultura-e-florestas-do-pacto-global-da-onu\/#breadcrumb","itemListElement":[{"@type":"ListItem","position":1,"name":"In\u00edcio","item":"https:\/\/www.blogsoestado.com\/danielmatos\/"},{"@type":"ListItem","position":2,"name":"Empresa maranhense em destaque na reuni\u00e3o de A\u00e7\u00e3o pela Agricultura e Florestas do Pacto Global da ONU"}]},{"@type":"WebSite","@id":"https:\/\/www.blogsoestado.com\/danielmatos\/#website","url":"https:\/\/www.blogsoestado.com\/danielmatos\/","name":"Daniel Matos","description":"","potentialAction":[{"@type":"SearchAction","target":{"@type":"EntryPoint","urlTemplate":"https:\/\/www.blogsoestado.com\/danielmatos\/?s={search_term_string}"},"query-input":{"@type":"PropertyValueSpecification","valueRequired":true,"valueName":"search_term_string"}}],"inLanguage":"pt-BR"},{"@type":"Person","@id":"https:\/\/www.blogsoestado.com\/danielmatos\/#\/schema\/person\/9a209d407cd45631f131e1285b661bb0","name":"Daniel Matos","image":{"@type":"ImageObject","inLanguage":"pt-BR","@id":"https:\/\/www.blogsoestado.com\/danielmatos\/#\/schema\/person\/image\/","url":"https:\/\/secure.gravatar.com\/avatar\/2f26c36ee355da19a257f0dfef43952a2588b324ca35d6719e859fe338ac0392?s=96&d=mm&r=g","contentUrl":"https:\/\/secure.gravatar.com\/avatar\/2f26c36ee355da19a257f0dfef43952a2588b324ca35d6719e859fe338ac0392?s=96&d=mm&r=g","caption":"Daniel Matos"},"url":"https:\/\/www.blogsoestado.com\/danielmatos\/author\/danielmatos\/"}]}},"jetpack_featured_media_url":"","_links":{"self":[{"href":"https:\/\/www.blogsoestado.com\/danielmatos\/wp-json\/wp\/v2\/posts\/151047","targetHints":{"allow":["GET"]}}],"collection":[{"href":"https:\/\/www.blogsoestado.com\/danielmatos\/wp-json\/wp\/v2\/posts"}],"about":[{"href":"https:\/\/www.blogsoestado.com\/danielmatos\/wp-json\/wp\/v2\/types\/post"}],"author":[{"embeddable":true,"href":"https:\/\/www.blogsoestado.com\/danielmatos\/wp-json\/wp\/v2\/users\/2"}],"replies":[{"embeddable":true,"href":"https:\/\/www.blogsoestado.com\/danielmatos\/wp-json\/wp\/v2\/comments?post=151047"}],"version-history":[{"count":1,"href":"https:\/\/www.blogsoestado.com\/danielmatos\/wp-json\/wp\/v2\/posts\/151047\/revisions"}],"predecessor-version":[{"id":151052,"href":"https:\/\/www.blogsoestado.com\/danielmatos\/wp-json\/wp\/v2\/posts\/151047\/revisions\/151052"}],"wp:attachment":[{"href":"https:\/\/www.blogsoestado.com\/danielmatos\/wp-json\/wp\/v2\/media?parent=151047"}],"wp:term":[{"taxonomy":"category","embeddable":true,"href":"https:\/\/www.blogsoestado.com\/danielmatos\/wp-json\/wp\/v2\/categories?post=151047"},{"taxonomy":"post_tag","embeddable":true,"href":"https:\/\/www.blogsoestado.com\/danielmatos\/wp-json\/wp\/v2\/tags?post=151047"}],"curies":[{"name":"wp","href":"https:\/\/api.w.org\/{rel}","templated":true}]}}