{"id":1512,"date":"2009-10-26T17:23:19","date_gmt":"2009-10-26T19:23:19","guid":{"rendered":"https:\/\/www.blogsoestado.com\/danielmatos\/?p=1512"},"modified":"2009-10-26T17:23:19","modified_gmt":"2009-10-26T19:23:19","slug":"presenca-de-castelo-ao-lado-de-roseana-em-evento-do-governo-gera-especulacao-mas-ambos-descartam-aproximacao-politica","status":"publish","type":"post","link":"https:\/\/www.blogsoestado.com\/danielmatos\/presenca-de-castelo-ao-lado-de-roseana-em-evento-do-governo-gera-especulacao-mas-ambos-descartam-aproximacao-politica\/","title":{"rendered":"Apesar de especula\u00e7\u00f5es, Roseana e Castelo negam aproxima\u00e7\u00e3o pol\u00edtica"},"content":{"rendered":"<p><a href=\"https:\/\/www.blogsoestado.com\/danielmatos\/files\/2009\/10\/castelo-roseana.jpg\"><img fetchpriority=\"high\" decoding=\"async\" class=\"alignright size-medium wp-image-1513\" src=\"https:\/\/www.blogsoestado.com\/danielmatos\/files\/2009\/10\/castelo-roseana.jpg\" alt=\"\" width=\"448\" height=\"299\" \/><\/a>A presen\u00e7a do prefeito de S\u00e3o Lu\u00eds, Jo\u00e3o Castelo (PSDB), hoje, na solenidade de entrega\u00a0das\u00a0novas unidades m\u00f3veis do programa &#8220;Viva Cidad\u00e3o&#8221;, presidida pela governadora Roseana Sarney (PMDB), na avenida que leva o seu nome, no Anel Vi\u00e1rio, gerou enorme expectativa acerca de uma poss\u00edvel aproxima\u00e7\u00e3o pol\u00edtica entre ambos. Lado a lado no palanque, os dois passaram boa parte do tempo em conversas ao p\u00e9 do ouvido, o que deixou o p\u00fablico ainda mais ouri\u00e7ado.<\/p>\n<p>A participa\u00e7\u00e3o de Castelo na cerim\u00f4nia causou ainda mais supresa porque foi a primeira apari\u00e7\u00e3o dele em um evento promovido pelo governo estadual depois que assumiu o comando da prefeitura da capital. Logo logo a\u00a0imprensa especializada passou a fazer especula\u00e7\u00f5es.\u00a0Enquanto isso, o prefeito e\u00a0a governadora, entre cochichos e longos di\u00e1logos,\u00a0tratavam de alimentar ainda mais a imagina\u00e7\u00e3o dos que at\u00e9 ent\u00e3o acreditavam ser improv\u00e1vel o estreitamento das rela\u00e7\u00f5es entre o tucano e a peemedebista.<\/p>\n<p>Encerrada a solenidade, jornalistas partiram, afoitos,\u00a0em dire\u00e7\u00e3o\u00a0aos dois governantes, a fim de obter a\u00a0t\u00e3o esperada\u00a0confirma\u00e7\u00e3o do acordo pol\u00edtico. Mas as respostas de ambos\u00a0dissiparam qualquer d\u00favida. Roseana\u00a0afirmou que a presen\u00e7a de Castelo\u00a0simbolizava t\u00e3o somente a rela\u00e7\u00e3o institucional entre Estado e Munic\u00edpio, algo salutar para a administra\u00e7\u00e3o p\u00fablica.\u00a0O prefeito\u00a0tamb\u00e9m evitou rodeios e disse que estava ali apenas como representante do povo, negando qualquer aproxima\u00e7\u00e3o com o governo.<\/p>\n<p>E assim a fantasia se desfez.<\/p>\n<p><strong>Foto:<\/strong> Bin\u00e9 Morais\/<strong>O Estado do Maranh\u00e3o<\/strong><\/p>\n","protected":false},"excerpt":{"rendered":"<p>A presen\u00e7a do prefeito de S\u00e3o Lu\u00eds, Jo\u00e3o Castelo (PSDB), hoje, na solenidade de entrega\u00a0das\u00a0novas unidades m\u00f3veis do programa &#8220;Viva [&hellip;]<\/p>\n","protected":false},"author":0,"featured_media":0,"comment_status":"open","ping_status":"open","sticky":false,"template":"","format":"standard","meta":{"site-sidebar-layout":"default","site-content-layout":"","ast-site-content-layout":"default","site-content-style":"default","site-sidebar-style":"default","ast-global-header-display":"","ast-banner-title-visibility":"","ast-main-header-display":"","ast-hfb-above-header-display":"","ast-hfb-below-header-display":"","ast-hfb-mobile-header-display":"","site-post-title":"","ast-breadcrumbs-content":"","ast-featured-img":"","footer-sml-layout":"","ast-disable-related-posts":"","theme-transparent-header-meta":"","adv-header-id-meta":"","stick-header-meta":"","header-above-stick-meta":"","header-main-stick-meta":"","header-below-stick-meta":"","astra-migrate-meta-layouts":"default","ast-page-background-enabled":"default","ast-page-background-meta":{"desktop":{"background-color":"var(--ast-global-color-5)","background-image":"","background-repeat":"repeat","background-position":"center center","background-size":"auto","background-attachment":"scroll","background-type":"","background-media":"","overlay-type":"","overlay-color":"","overlay-opacity":"","overlay-gradient":""},"tablet":{"background-color":"","background-image":"","background-repeat":"repeat","background-position":"center center","background-size":"auto","background-attachment":"scroll","background-type":"","background-media":"","overlay-type":"","overlay-color":"","overlay-opacity":"","overlay-gradient":""},"mobile":{"background-color":"","background-image":"","background-repeat":"repeat","background-position":"center center","background-size":"auto","background-attachment":"scroll","background-type":"","background-media":"","overlay-type":"","overlay-color":"","overlay-opacity":"","overlay-gradient":""}},"ast-content-background-meta":{"desktop":{"background-color":"var(--ast-global-color-4)","background-image":"","background-repeat":"repeat","background-position":"center center","background-size":"auto","background-attachment":"scroll","background-type":"","background-media":"","overlay-type":"","overlay-color":"","overlay-opacity":"","overlay-gradient":""},"tablet":{"background-color":"var(--ast-global-color-4)","background-image":"","background-repeat":"repeat","background-position":"center center","background-size":"auto","background-attachment":"scroll","background-type":"","background-media":"","overlay-type":"","overlay-color":"","overlay-opacity":"","overlay-gradient":""},"mobile":{"background-color":"var(--ast-global-color-4)","background-image":"","background-repeat":"repeat","background-position":"center center","background-size":"auto","background-attachment":"scroll","background-type":"","background-media":"","overlay-type":"","overlay-color":"","overlay-opacity":"","overlay-gradient":""}},"footnotes":""},"categories":[1],"tags":[],"class_list":["post-1512","post","type-post","status-publish","format-standard","hentry","category-sem-categoria"],"yoast_head":"<!-- This site is optimized with the Yoast SEO plugin v26.6 - https:\/\/yoast.com\/wordpress\/plugins\/seo\/ -->\n<title>Apesar de especula\u00e7\u00f5es, Roseana e Castelo negam aproxima\u00e7\u00e3o pol\u00edtica - Daniel Matos<\/title>\n<meta name=\"robots\" content=\"index, follow, max-snippet:-1, max-image-preview:large, max-video-preview:-1\" \/>\n<link rel=\"canonical\" href=\"https:\/\/www.blogsoestado.com\/danielmatos\/presenca-de-castelo-ao-lado-de-roseana-em-evento-do-governo-gera-especulacao-mas-ambos-descartam-aproximacao-politica\/\" \/>\n<meta property=\"og:locale\" content=\"pt_BR\" \/>\n<meta property=\"og:type\" content=\"article\" \/>\n<meta property=\"og:title\" content=\"Apesar de especula\u00e7\u00f5es, Roseana e Castelo negam aproxima\u00e7\u00e3o pol\u00edtica - Daniel Matos\" \/>\n<meta property=\"og:description\" content=\"A presen\u00e7a do prefeito de S\u00e3o Lu\u00eds, Jo\u00e3o Castelo (PSDB), hoje, na solenidade de entrega\u00a0das\u00a0novas unidades m\u00f3veis do programa &#8220;Viva [&hellip;]\" \/>\n<meta property=\"og:url\" content=\"https:\/\/www.blogsoestado.com\/danielmatos\/presenca-de-castelo-ao-lado-de-roseana-em-evento-do-governo-gera-especulacao-mas-ambos-descartam-aproximacao-politica\/\" \/>\n<meta property=\"og:site_name\" content=\"Daniel Matos\" \/>\n<meta property=\"article:published_time\" content=\"2009-10-26T19:23:19+00:00\" \/>\n<meta property=\"og:image\" content=\"https:\/\/www.blogsoestado.com\/danielmatos\/files\/2009\/10\/castelo-roseana.jpg\" \/>\n<meta name=\"twitter:card\" content=\"summary_large_image\" \/>\n<meta name=\"twitter:label1\" content=\"Est. tempo de leitura\" \/>\n\t<meta name=\"twitter:data1\" content=\"1 minuto\" \/>\n<script type=\"application\/ld+json\" class=\"yoast-schema-graph\">{\"@context\":\"https:\/\/schema.org\",\"@graph\":[{\"@type\":\"WebPage\",\"@id\":\"https:\/\/www.blogsoestado.com\/danielmatos\/presenca-de-castelo-ao-lado-de-roseana-em-evento-do-governo-gera-especulacao-mas-ambos-descartam-aproximacao-politica\/\",\"url\":\"https:\/\/www.blogsoestado.com\/danielmatos\/presenca-de-castelo-ao-lado-de-roseana-em-evento-do-governo-gera-especulacao-mas-ambos-descartam-aproximacao-politica\/\",\"name\":\"Apesar de especula\u00e7\u00f5es, Roseana e Castelo negam aproxima\u00e7\u00e3o pol\u00edtica - Daniel Matos\",\"isPartOf\":{\"@id\":\"https:\/\/www.blogsoestado.com\/danielmatos\/#website\"},\"primaryImageOfPage\":{\"@id\":\"https:\/\/www.blogsoestado.com\/danielmatos\/presenca-de-castelo-ao-lado-de-roseana-em-evento-do-governo-gera-especulacao-mas-ambos-descartam-aproximacao-politica\/#primaryimage\"},\"image\":{\"@id\":\"https:\/\/www.blogsoestado.com\/danielmatos\/presenca-de-castelo-ao-lado-de-roseana-em-evento-do-governo-gera-especulacao-mas-ambos-descartam-aproximacao-politica\/#primaryimage\"},\"thumbnailUrl\":\"https:\/\/www.blogsoestado.com\/danielmatos\/files\/2009\/10\/castelo-roseana.jpg\",\"datePublished\":\"2009-10-26T19:23:19+00:00\",\"author\":{\"@id\":\"\"},\"breadcrumb\":{\"@id\":\"https:\/\/www.blogsoestado.com\/danielmatos\/presenca-de-castelo-ao-lado-de-roseana-em-evento-do-governo-gera-especulacao-mas-ambos-descartam-aproximacao-politica\/#breadcrumb\"},\"inLanguage\":\"pt-BR\",\"potentialAction\":[{\"@type\":\"ReadAction\",\"target\":[\"https:\/\/www.blogsoestado.com\/danielmatos\/presenca-de-castelo-ao-lado-de-roseana-em-evento-do-governo-gera-especulacao-mas-ambos-descartam-aproximacao-politica\/\"]}]},{\"@type\":\"ImageObject\",\"inLanguage\":\"pt-BR\",\"@id\":\"https:\/\/www.blogsoestado.com\/danielmatos\/presenca-de-castelo-ao-lado-de-roseana-em-evento-do-governo-gera-especulacao-mas-ambos-descartam-aproximacao-politica\/#primaryimage\",\"url\":\"https:\/\/www.blogsoestado.com\/danielmatos\/files\/2009\/10\/castelo-roseana.jpg\",\"contentUrl\":\"https:\/\/www.blogsoestado.com\/danielmatos\/files\/2009\/10\/castelo-roseana.jpg\"},{\"@type\":\"BreadcrumbList\",\"@id\":\"https:\/\/www.blogsoestado.com\/danielmatos\/presenca-de-castelo-ao-lado-de-roseana-em-evento-do-governo-gera-especulacao-mas-ambos-descartam-aproximacao-politica\/#breadcrumb\",\"itemListElement\":[{\"@type\":\"ListItem\",\"position\":1,\"name\":\"In\u00edcio\",\"item\":\"https:\/\/www.blogsoestado.com\/danielmatos\/\"},{\"@type\":\"ListItem\",\"position\":2,\"name\":\"Apesar de especula\u00e7\u00f5es, Roseana e Castelo negam aproxima\u00e7\u00e3o pol\u00edtica\"}]},{\"@type\":\"WebSite\",\"@id\":\"https:\/\/www.blogsoestado.com\/danielmatos\/#website\",\"url\":\"https:\/\/www.blogsoestado.com\/danielmatos\/\",\"name\":\"Daniel Matos\",\"description\":\"\",\"potentialAction\":[{\"@type\":\"SearchAction\",\"target\":{\"@type\":\"EntryPoint\",\"urlTemplate\":\"https:\/\/www.blogsoestado.com\/danielmatos\/?s={search_term_string}\"},\"query-input\":{\"@type\":\"PropertyValueSpecification\",\"valueRequired\":true,\"valueName\":\"search_term_string\"}}],\"inLanguage\":\"pt-BR\"}]}<\/script>\n<!-- \/ Yoast SEO plugin. -->","yoast_head_json":{"title":"Apesar de especula\u00e7\u00f5es, Roseana e Castelo negam aproxima\u00e7\u00e3o pol\u00edtica - Daniel Matos","robots":{"index":"index","follow":"follow","max-snippet":"max-snippet:-1","max-image-preview":"max-image-preview:large","max-video-preview":"max-video-preview:-1"},"canonical":"https:\/\/www.blogsoestado.com\/danielmatos\/presenca-de-castelo-ao-lado-de-roseana-em-evento-do-governo-gera-especulacao-mas-ambos-descartam-aproximacao-politica\/","og_locale":"pt_BR","og_type":"article","og_title":"Apesar de especula\u00e7\u00f5es, Roseana e Castelo negam aproxima\u00e7\u00e3o pol\u00edtica - Daniel Matos","og_description":"A presen\u00e7a do prefeito de S\u00e3o Lu\u00eds, Jo\u00e3o Castelo (PSDB), hoje, na solenidade de entrega\u00a0das\u00a0novas unidades m\u00f3veis do programa &#8220;Viva [&hellip;]","og_url":"https:\/\/www.blogsoestado.com\/danielmatos\/presenca-de-castelo-ao-lado-de-roseana-em-evento-do-governo-gera-especulacao-mas-ambos-descartam-aproximacao-politica\/","og_site_name":"Daniel Matos","article_published_time":"2009-10-26T19:23:19+00:00","og_image":[{"url":"https:\/\/www.blogsoestado.com\/danielmatos\/files\/2009\/10\/castelo-roseana.jpg","type":"","width":"","height":""}],"twitter_card":"summary_large_image","twitter_misc":{"Est. tempo de leitura":"1 minuto"},"schema":{"@context":"https:\/\/schema.org","@graph":[{"@type":"WebPage","@id":"https:\/\/www.blogsoestado.com\/danielmatos\/presenca-de-castelo-ao-lado-de-roseana-em-evento-do-governo-gera-especulacao-mas-ambos-descartam-aproximacao-politica\/","url":"https:\/\/www.blogsoestado.com\/danielmatos\/presenca-de-castelo-ao-lado-de-roseana-em-evento-do-governo-gera-especulacao-mas-ambos-descartam-aproximacao-politica\/","name":"Apesar de especula\u00e7\u00f5es, Roseana e Castelo negam aproxima\u00e7\u00e3o pol\u00edtica - Daniel Matos","isPartOf":{"@id":"https:\/\/www.blogsoestado.com\/danielmatos\/#website"},"primaryImageOfPage":{"@id":"https:\/\/www.blogsoestado.com\/danielmatos\/presenca-de-castelo-ao-lado-de-roseana-em-evento-do-governo-gera-especulacao-mas-ambos-descartam-aproximacao-politica\/#primaryimage"},"image":{"@id":"https:\/\/www.blogsoestado.com\/danielmatos\/presenca-de-castelo-ao-lado-de-roseana-em-evento-do-governo-gera-especulacao-mas-ambos-descartam-aproximacao-politica\/#primaryimage"},"thumbnailUrl":"https:\/\/www.blogsoestado.com\/danielmatos\/files\/2009\/10\/castelo-roseana.jpg","datePublished":"2009-10-26T19:23:19+00:00","author":{"@id":""},"breadcrumb":{"@id":"https:\/\/www.blogsoestado.com\/danielmatos\/presenca-de-castelo-ao-lado-de-roseana-em-evento-do-governo-gera-especulacao-mas-ambos-descartam-aproximacao-politica\/#breadcrumb"},"inLanguage":"pt-BR","potentialAction":[{"@type":"ReadAction","target":["https:\/\/www.blogsoestado.com\/danielmatos\/presenca-de-castelo-ao-lado-de-roseana-em-evento-do-governo-gera-especulacao-mas-ambos-descartam-aproximacao-politica\/"]}]},{"@type":"ImageObject","inLanguage":"pt-BR","@id":"https:\/\/www.blogsoestado.com\/danielmatos\/presenca-de-castelo-ao-lado-de-roseana-em-evento-do-governo-gera-especulacao-mas-ambos-descartam-aproximacao-politica\/#primaryimage","url":"https:\/\/www.blogsoestado.com\/danielmatos\/files\/2009\/10\/castelo-roseana.jpg","contentUrl":"https:\/\/www.blogsoestado.com\/danielmatos\/files\/2009\/10\/castelo-roseana.jpg"},{"@type":"BreadcrumbList","@id":"https:\/\/www.blogsoestado.com\/danielmatos\/presenca-de-castelo-ao-lado-de-roseana-em-evento-do-governo-gera-especulacao-mas-ambos-descartam-aproximacao-politica\/#breadcrumb","itemListElement":[{"@type":"ListItem","position":1,"name":"In\u00edcio","item":"https:\/\/www.blogsoestado.com\/danielmatos\/"},{"@type":"ListItem","position":2,"name":"Apesar de especula\u00e7\u00f5es, Roseana e Castelo negam aproxima\u00e7\u00e3o pol\u00edtica"}]},{"@type":"WebSite","@id":"https:\/\/www.blogsoestado.com\/danielmatos\/#website","url":"https:\/\/www.blogsoestado.com\/danielmatos\/","name":"Daniel Matos","description":"","potentialAction":[{"@type":"SearchAction","target":{"@type":"EntryPoint","urlTemplate":"https:\/\/www.blogsoestado.com\/danielmatos\/?s={search_term_string}"},"query-input":{"@type":"PropertyValueSpecification","valueRequired":true,"valueName":"search_term_string"}}],"inLanguage":"pt-BR"}]}},"jetpack_featured_media_url":"","_links":{"self":[{"href":"https:\/\/www.blogsoestado.com\/danielmatos\/wp-json\/wp\/v2\/posts\/1512","targetHints":{"allow":["GET"]}}],"collection":[{"href":"https:\/\/www.blogsoestado.com\/danielmatos\/wp-json\/wp\/v2\/posts"}],"about":[{"href":"https:\/\/www.blogsoestado.com\/danielmatos\/wp-json\/wp\/v2\/types\/post"}],"replies":[{"embeddable":true,"href":"https:\/\/www.blogsoestado.com\/danielmatos\/wp-json\/wp\/v2\/comments?post=1512"}],"version-history":[{"count":0,"href":"https:\/\/www.blogsoestado.com\/danielmatos\/wp-json\/wp\/v2\/posts\/1512\/revisions"}],"wp:attachment":[{"href":"https:\/\/www.blogsoestado.com\/danielmatos\/wp-json\/wp\/v2\/media?parent=1512"}],"wp:term":[{"taxonomy":"category","embeddable":true,"href":"https:\/\/www.blogsoestado.com\/danielmatos\/wp-json\/wp\/v2\/categories?post=1512"},{"taxonomy":"post_tag","embeddable":true,"href":"https:\/\/www.blogsoestado.com\/danielmatos\/wp-json\/wp\/v2\/tags?post=1512"}],"curies":[{"name":"wp","href":"https:\/\/api.w.org\/{rel}","templated":true}]}}