{"id":151331,"date":"2025-11-20T16:28:26","date_gmt":"2025-11-20T19:28:26","guid":{"rendered":"https:\/\/www.blogsoestado.com\/danielmatos\/?p=151331"},"modified":"2025-11-20T16:28:34","modified_gmt":"2025-11-20T19:28:34","slug":"ufma-lanca-satelites-no-1o-voo-espacial-comercial-do-brasil","status":"publish","type":"post","link":"https:\/\/www.blogsoestado.com\/danielmatos\/ufma-lanca-satelites-no-1o-voo-espacial-comercial-do-brasil\/","title":{"rendered":"UFMA lan\u00e7a sat\u00e9lites no 1\u00ba voo espacial comercial do Brasil"},"content":{"rendered":"\n<p><strong><mark style=\"color:#cf2e2e\" class=\"has-inline-color\">Vinculada ao MEC, a Universidade Federal do\u00a0Maranh\u00e3o\u00a0desenvolveu nanossat\u00e9lites que ser\u00e3o lan\u00e7ados em Alc\u00e2ntara. Um deles levar\u00e1 ao espa\u00e7o mensagens produzidas por cerca de 300 crian\u00e7as participantes do projeto<\/mark><\/strong><\/p>\n\n\n\n<figure class=\"wp-block-image aligncenter size-full\"><img fetchpriority=\"high\" decoding=\"async\" width=\"768\" height=\"768\" src=\"https:\/\/www.blogsoestado.com\/danielmatos\/wp-content\/uploads\/sites\/2\/2025\/11\/1004317825.jpg\" alt=\"\" class=\"wp-image-151332\" srcset=\"https:\/\/www.blogsoestado.com\/danielmatos\/wp-content\/uploads\/sites\/2\/2025\/11\/1004317825.jpg 768w, https:\/\/www.blogsoestado.com\/danielmatos\/wp-content\/uploads\/sites\/2\/2025\/11\/1004317825-300x300.jpg 300w, https:\/\/www.blogsoestado.com\/danielmatos\/wp-content\/uploads\/sites\/2\/2025\/11\/1004317825-150x150.jpg 150w\" sizes=\"(max-width: 768px) 100vw, 768px\" \/><figcaption class=\"wp-element-caption\">UFMA viver\u00e1 momento hist\u00f3rico com o lan\u00e7amento dos nanossat\u00e9lites Jussara K e Pion BR2 \u2013 Cientistas de Alc\u00e2ntara, durante a Opera\u00e7\u00e3o Spaceward 2025 (<strong>Foto: <\/strong>Carlos Brito\/UFMA)<\/figcaption><\/figure>\n\n\n\n<p>A Universidade Federal do\u00a0Maranh\u00e3o\u00a0(UFMA), vinculada ao Minist\u00e9rio da Educa\u00e7\u00e3o (MEC), viver\u00e1 um momento hist\u00f3rico no s\u00e1bado, 22 de novembro, com o lan\u00e7amento dos nanossat\u00e9lites Jussara K e Pion BR2 \u2013 Cientistas de Alc\u00e2ntara, durante a Opera\u00e7\u00e3o Spaceward 2025. Partindo do Centro de Lan\u00e7amento de Alc\u00e2ntara (CLA), ambos seguir\u00e3o a bordo do foguete sul-coreano HANBIT-Nano no primeiro voo comercial de um ve\u00edculo espacial a partir do territ\u00f3rio brasileiro.<\/p>\n\n\n\n<p>A expectativa \u00e9 que a universidade acompanhe o in\u00edcio da opera\u00e7\u00e3o espacial e, posteriormente, colete os dados transmitidos diretamente \u00e0 esta\u00e7\u00e3o terrestre da UFMA \u2014 um avan\u00e7o que fortalece a consolida\u00e7\u00e3o da universidade em todo o ciclo de desenvolvimento, opera\u00e7\u00e3o e monitoramento espacial. \u201c\u00c9 um divisor de \u00e1guas para o Programa Espacial Brasileiro, e a UFMA est\u00e1 participando disso com a entrega de sat\u00e9lites. Isso nos possibilitou um conhecimento relacionado ao ciclo espacial, ou seja, n\u00f3s aprendemos desde a produzir um sat\u00e9lite at\u00e9 como fazer o lan\u00e7amento\u201d, detalha Carlos Brito, professor de Engenharia Aeroespacial da UFMA.<\/p>\n\n\n\n<p><strong>Inova\u00e7\u00e3o nacional<\/strong>&nbsp;\u2013 O Jussara-K \u00e9 um&nbsp;<em>CubeSat<\/em>&nbsp;desenvolvido no Laborat\u00f3rio de Eletr\u00f4nica e Sistemas Embarcados Espaciais (Labesee) da UFMA e re\u00fane diversas tecnologias nacionais. Entre elas est\u00e3o as antenas produzidas em parceria com o Laborat\u00f3rio Integrado de Sistemas Espaciais (Lise), da Universidade Federal de S\u00e3o Jo\u00e3o del-Rei (UFSJ), e o sistema de energia, incluindo os pain\u00e9is solares, fabricados no pr\u00f3prio laborat\u00f3rio da UFMA.<\/p>\n\n\n\n<p>Sua miss\u00e3o principal \u00e9 coletar dados ambientais de plataformas terrestres equipadas com sensores em \u00e1reas de lagoas, florestas e regi\u00f5es de cultivo. O sat\u00e9lite ser\u00e1 capaz de captar informa\u00e7\u00f5es como temperatura, umidade e n\u00edveis de mon\u00f3xido de carbono, que s\u00e3o \u00fateis para identificar focos de queimadas.\u202f<\/p>\n\n\n\n<p>Al\u00e9m disso, o Jussara-K leva um m\u00f3dulo de processamento de intelig\u00eancia artificial, fruto de parceria com a startup paulista Epic of Sun, para testar o desempenho da tecnologia em ambiente espacial.<\/p>\n\n\n\n<p>J\u00e1 o Pion BR2 \u2013 Cientistas de Alc\u00e2ntara \u00e9 fruto de uma parceria entre a UFMA, por meio do DARTi Lab e do Baites \u2014 o N\u00facleo de Inova\u00e7\u00e3o e Tecnologia da UFMA\u2014, com a Ag\u00eancia Espacial Brasileira (AEB); a Funda\u00e7\u00e3o Sous\u00e2ndrade; o Programa das Na\u00e7\u00f5es Unidas para o Desenvolvimento (Pnud); e a startup brasileira Pion, especializada em nanossat\u00e9lites. O sat\u00e9lite nasceu do projeto \u201cCientistas de Alc\u00e2ntara\u201d, que tem o objetivo de aproximar as comunidades da cidade de Alc\u00e2ntara a tecnologias espaciais, com foco no protagonismo de crian\u00e7as quilombolas.<\/p>\n\n\n\n<p>O sat\u00e9lite levar\u00e1 ao espa\u00e7o mensagens produzidas por cerca de 300 crian\u00e7as participantes do projeto. O Pion-BR2 \u2013 Cientistas de Alc\u00e2ntara enviar\u00e1 sinais que poder\u00e3o ser captados por esta\u00e7\u00f5es de telemetria em diversas partes do mundo.<\/p>\n\n\n\n<p>Al\u00e9m da miss\u00e3o educacional, o sat\u00e9lite tamb\u00e9m ser\u00e1 utilizado para testes e valida\u00e7\u00f5es tecnol\u00f3gicas, incluindo gerenciamento de energia e desempenho dos pain\u00e9is solares, testes e qualifica\u00e7\u00e3o do m\u00f3dulo de comunica\u00e7\u00e3o e antena, bem como testes e qualifica\u00e7\u00e3o do computador de voo.<\/p>\n\n\n\n<p><strong>Alc\u00e2ntara<\/strong>&nbsp;\u2013 A proximidade geogr\u00e1fica com o CLA, principal centro de lan\u00e7amento do pa\u00eds, fortalece projetos, parcerias e viv\u00eancias pr\u00e1ticas dos estudantes. Para Carlos Brito, essa conex\u00e3o transforma a UFMA em um polo estrat\u00e9gico para a pesquisa aeroespacial no Brasil. \u201cEssa proximidade com Alc\u00e2ntara traz muitos benef\u00edcios para a universidade em termos de pesquisa, desenvolvimento, extens\u00e3o, al\u00e9m de aprimorar os nossos conhecimentos voltados para um campo t\u00e3o espec\u00edfico quanto o espa\u00e7o\u201d, pontua.\u202f<\/p>\n\n\n\n<p>O avan\u00e7o tamb\u00e9m consolida o curso de engenharia aeroespacial da UFMA como uma das novas refer\u00eancias nacionais na \u00e1rea. \u201cVer dois sat\u00e9lites com forte participa\u00e7\u00e3o da comunidade acad\u00eamica sendo lan\u00e7ados no mesmo m\u00eas representa mais do que um marco t\u00e9cnico, \u00e9 a afirma\u00e7\u00e3o da capacidade cient\u00edfica e formadora da universidade. E, assim, a gente est\u00e1 se tornando realmente refer\u00eancia. Os estudantes est\u00e3o saindo e ocupando espa\u00e7os importantes no mercado espacial\u201d, conclui Brito.<\/p>\n","protected":false},"excerpt":{"rendered":"<p>Vinculada ao MEC, a Universidade Federal do\u00a0Maranh\u00e3o\u00a0desenvolveu nanossat\u00e9lites que ser\u00e3o lan\u00e7ados em Alc\u00e2ntara. Um deles levar\u00e1 ao espa\u00e7o mensagens produzidas [&hellip;]<\/p>\n","protected":false},"author":2,"featured_media":0,"comment_status":"open","ping_status":"open","sticky":false,"template":"","format":"standard","meta":{"site-sidebar-layout":"default","site-content-layout":"","ast-site-content-layout":"default","site-content-style":"default","site-sidebar-style":"default","ast-global-header-display":"","ast-banner-title-visibility":"","ast-main-header-display":"","ast-hfb-above-header-display":"","ast-hfb-below-header-display":"","ast-hfb-mobile-header-display":"","site-post-title":"","ast-breadcrumbs-content":"","ast-featured-img":"","footer-sml-layout":"","ast-disable-related-posts":"","theme-transparent-header-meta":"","adv-header-id-meta":"","stick-header-meta":"","header-above-stick-meta":"","header-main-stick-meta":"","header-below-stick-meta":"","astra-migrate-meta-layouts":"default","ast-page-background-enabled":"default","ast-page-background-meta":{"desktop":{"background-color":"var(--ast-global-color-5)","background-image":"","background-repeat":"repeat","background-position":"center center","background-size":"auto","background-attachment":"scroll","background-type":"","background-media":"","overlay-type":"","overlay-color":"","overlay-opacity":"","overlay-gradient":""},"tablet":{"background-color":"","background-image":"","background-repeat":"repeat","background-position":"center center","background-size":"auto","background-attachment":"scroll","background-type":"","background-media":"","overlay-type":"","overlay-color":"","overlay-opacity":"","overlay-gradient":""},"mobile":{"background-color":"","background-image":"","background-repeat":"repeat","background-position":"center center","background-size":"auto","background-attachment":"scroll","background-type":"","background-media":"","overlay-type":"","overlay-color":"","overlay-opacity":"","overlay-gradient":""}},"ast-content-background-meta":{"desktop":{"background-color":"var(--ast-global-color-4)","background-image":"","background-repeat":"repeat","background-position":"center center","background-size":"auto","background-attachment":"scroll","background-type":"","background-media":"","overlay-type":"","overlay-color":"","overlay-opacity":"","overlay-gradient":""},"tablet":{"background-color":"var(--ast-global-color-4)","background-image":"","background-repeat":"repeat","background-position":"center center","background-size":"auto","background-attachment":"scroll","background-type":"","background-media":"","overlay-type":"","overlay-color":"","overlay-opacity":"","overlay-gradient":""},"mobile":{"background-color":"var(--ast-global-color-4)","background-image":"","background-repeat":"repeat","background-position":"center center","background-size":"auto","background-attachment":"scroll","background-type":"","background-media":"","overlay-type":"","overlay-color":"","overlay-opacity":"","overlay-gradient":""}},"footnotes":""},"categories":[1],"tags":[],"class_list":["post-151331","post","type-post","status-publish","format-standard","hentry","category-sem-categoria"],"yoast_head":"<!-- This site is optimized with the Yoast SEO plugin v26.6 - https:\/\/yoast.com\/wordpress\/plugins\/seo\/ -->\n<title>UFMA lan\u00e7a sat\u00e9lites no 1\u00ba voo espacial comercial do Brasil - Daniel Matos<\/title>\n<meta name=\"robots\" content=\"index, follow, max-snippet:-1, max-image-preview:large, max-video-preview:-1\" \/>\n<link rel=\"canonical\" href=\"https:\/\/www.blogsoestado.com\/danielmatos\/ufma-lanca-satelites-no-1o-voo-espacial-comercial-do-brasil\/\" \/>\n<meta property=\"og:locale\" content=\"pt_BR\" \/>\n<meta property=\"og:type\" content=\"article\" \/>\n<meta property=\"og:title\" content=\"UFMA lan\u00e7a sat\u00e9lites no 1\u00ba voo espacial comercial do Brasil - Daniel Matos\" \/>\n<meta property=\"og:description\" content=\"Vinculada ao MEC, a Universidade Federal do\u00a0Maranh\u00e3o\u00a0desenvolveu nanossat\u00e9lites que ser\u00e3o lan\u00e7ados em Alc\u00e2ntara. Um deles levar\u00e1 ao espa\u00e7o mensagens produzidas [&hellip;]\" \/>\n<meta property=\"og:url\" content=\"https:\/\/www.blogsoestado.com\/danielmatos\/ufma-lanca-satelites-no-1o-voo-espacial-comercial-do-brasil\/\" \/>\n<meta property=\"og:site_name\" content=\"Daniel Matos\" \/>\n<meta property=\"article:published_time\" content=\"2025-11-20T19:28:26+00:00\" \/>\n<meta property=\"article:modified_time\" content=\"2025-11-20T19:28:34+00:00\" \/>\n<meta property=\"og:image\" content=\"https:\/\/www.blogsoestado.com\/danielmatos\/wp-content\/uploads\/sites\/2\/2025\/11\/1004317825.jpg\" \/>\n\t<meta property=\"og:image:width\" content=\"768\" \/>\n\t<meta property=\"og:image:height\" content=\"768\" \/>\n\t<meta property=\"og:image:type\" content=\"image\/jpeg\" \/>\n<meta name=\"author\" content=\"Daniel Matos\" \/>\n<meta name=\"twitter:card\" content=\"summary_large_image\" \/>\n<meta name=\"twitter:label1\" content=\"Escrito por\" \/>\n\t<meta name=\"twitter:data1\" content=\"Daniel Matos\" \/>\n\t<meta name=\"twitter:label2\" content=\"Est. tempo de leitura\" \/>\n\t<meta name=\"twitter:data2\" content=\"4 minutos\" \/>\n<script type=\"application\/ld+json\" class=\"yoast-schema-graph\">{\"@context\":\"https:\/\/schema.org\",\"@graph\":[{\"@type\":\"WebPage\",\"@id\":\"https:\/\/www.blogsoestado.com\/danielmatos\/ufma-lanca-satelites-no-1o-voo-espacial-comercial-do-brasil\/\",\"url\":\"https:\/\/www.blogsoestado.com\/danielmatos\/ufma-lanca-satelites-no-1o-voo-espacial-comercial-do-brasil\/\",\"name\":\"UFMA lan\u00e7a sat\u00e9lites no 1\u00ba voo espacial comercial do Brasil - Daniel Matos\",\"isPartOf\":{\"@id\":\"https:\/\/www.blogsoestado.com\/danielmatos\/#website\"},\"primaryImageOfPage\":{\"@id\":\"https:\/\/www.blogsoestado.com\/danielmatos\/ufma-lanca-satelites-no-1o-voo-espacial-comercial-do-brasil\/#primaryimage\"},\"image\":{\"@id\":\"https:\/\/www.blogsoestado.com\/danielmatos\/ufma-lanca-satelites-no-1o-voo-espacial-comercial-do-brasil\/#primaryimage\"},\"thumbnailUrl\":\"https:\/\/www.blogsoestado.com\/danielmatos\/wp-content\/uploads\/sites\/2\/2025\/11\/1004317825.jpg\",\"datePublished\":\"2025-11-20T19:28:26+00:00\",\"dateModified\":\"2025-11-20T19:28:34+00:00\",\"author\":{\"@id\":\"https:\/\/www.blogsoestado.com\/danielmatos\/#\/schema\/person\/9a209d407cd45631f131e1285b661bb0\"},\"breadcrumb\":{\"@id\":\"https:\/\/www.blogsoestado.com\/danielmatos\/ufma-lanca-satelites-no-1o-voo-espacial-comercial-do-brasil\/#breadcrumb\"},\"inLanguage\":\"pt-BR\",\"potentialAction\":[{\"@type\":\"ReadAction\",\"target\":[\"https:\/\/www.blogsoestado.com\/danielmatos\/ufma-lanca-satelites-no-1o-voo-espacial-comercial-do-brasil\/\"]}]},{\"@type\":\"ImageObject\",\"inLanguage\":\"pt-BR\",\"@id\":\"https:\/\/www.blogsoestado.com\/danielmatos\/ufma-lanca-satelites-no-1o-voo-espacial-comercial-do-brasil\/#primaryimage\",\"url\":\"https:\/\/www.blogsoestado.com\/danielmatos\/wp-content\/uploads\/sites\/2\/2025\/11\/1004317825.jpg\",\"contentUrl\":\"https:\/\/www.blogsoestado.com\/danielmatos\/wp-content\/uploads\/sites\/2\/2025\/11\/1004317825.jpg\",\"width\":768,\"height\":768},{\"@type\":\"BreadcrumbList\",\"@id\":\"https:\/\/www.blogsoestado.com\/danielmatos\/ufma-lanca-satelites-no-1o-voo-espacial-comercial-do-brasil\/#breadcrumb\",\"itemListElement\":[{\"@type\":\"ListItem\",\"position\":1,\"name\":\"In\u00edcio\",\"item\":\"https:\/\/www.blogsoestado.com\/danielmatos\/\"},{\"@type\":\"ListItem\",\"position\":2,\"name\":\"UFMA lan\u00e7a sat\u00e9lites no 1\u00ba voo espacial comercial do Brasil\"}]},{\"@type\":\"WebSite\",\"@id\":\"https:\/\/www.blogsoestado.com\/danielmatos\/#website\",\"url\":\"https:\/\/www.blogsoestado.com\/danielmatos\/\",\"name\":\"Daniel Matos\",\"description\":\"\",\"potentialAction\":[{\"@type\":\"SearchAction\",\"target\":{\"@type\":\"EntryPoint\",\"urlTemplate\":\"https:\/\/www.blogsoestado.com\/danielmatos\/?s={search_term_string}\"},\"query-input\":{\"@type\":\"PropertyValueSpecification\",\"valueRequired\":true,\"valueName\":\"search_term_string\"}}],\"inLanguage\":\"pt-BR\"},{\"@type\":\"Person\",\"@id\":\"https:\/\/www.blogsoestado.com\/danielmatos\/#\/schema\/person\/9a209d407cd45631f131e1285b661bb0\",\"name\":\"Daniel Matos\",\"image\":{\"@type\":\"ImageObject\",\"inLanguage\":\"pt-BR\",\"@id\":\"https:\/\/www.blogsoestado.com\/danielmatos\/#\/schema\/person\/image\/\",\"url\":\"https:\/\/secure.gravatar.com\/avatar\/2f26c36ee355da19a257f0dfef43952a2588b324ca35d6719e859fe338ac0392?s=96&d=mm&r=g\",\"contentUrl\":\"https:\/\/secure.gravatar.com\/avatar\/2f26c36ee355da19a257f0dfef43952a2588b324ca35d6719e859fe338ac0392?s=96&d=mm&r=g\",\"caption\":\"Daniel Matos\"},\"url\":\"https:\/\/www.blogsoestado.com\/danielmatos\/author\/danielmatos\/\"}]}<\/script>\n<!-- \/ Yoast SEO plugin. -->","yoast_head_json":{"title":"UFMA lan\u00e7a sat\u00e9lites no 1\u00ba voo espacial comercial do Brasil - Daniel Matos","robots":{"index":"index","follow":"follow","max-snippet":"max-snippet:-1","max-image-preview":"max-image-preview:large","max-video-preview":"max-video-preview:-1"},"canonical":"https:\/\/www.blogsoestado.com\/danielmatos\/ufma-lanca-satelites-no-1o-voo-espacial-comercial-do-brasil\/","og_locale":"pt_BR","og_type":"article","og_title":"UFMA lan\u00e7a sat\u00e9lites no 1\u00ba voo espacial comercial do Brasil - Daniel Matos","og_description":"Vinculada ao MEC, a Universidade Federal do\u00a0Maranh\u00e3o\u00a0desenvolveu nanossat\u00e9lites que ser\u00e3o lan\u00e7ados em Alc\u00e2ntara. Um deles levar\u00e1 ao espa\u00e7o mensagens produzidas [&hellip;]","og_url":"https:\/\/www.blogsoestado.com\/danielmatos\/ufma-lanca-satelites-no-1o-voo-espacial-comercial-do-brasil\/","og_site_name":"Daniel Matos","article_published_time":"2025-11-20T19:28:26+00:00","article_modified_time":"2025-11-20T19:28:34+00:00","og_image":[{"width":768,"height":768,"url":"https:\/\/www.blogsoestado.com\/danielmatos\/wp-content\/uploads\/sites\/2\/2025\/11\/1004317825.jpg","type":"image\/jpeg"}],"author":"Daniel Matos","twitter_card":"summary_large_image","twitter_misc":{"Escrito por":"Daniel Matos","Est. tempo de leitura":"4 minutos"},"schema":{"@context":"https:\/\/schema.org","@graph":[{"@type":"WebPage","@id":"https:\/\/www.blogsoestado.com\/danielmatos\/ufma-lanca-satelites-no-1o-voo-espacial-comercial-do-brasil\/","url":"https:\/\/www.blogsoestado.com\/danielmatos\/ufma-lanca-satelites-no-1o-voo-espacial-comercial-do-brasil\/","name":"UFMA lan\u00e7a sat\u00e9lites no 1\u00ba voo espacial comercial do Brasil - Daniel Matos","isPartOf":{"@id":"https:\/\/www.blogsoestado.com\/danielmatos\/#website"},"primaryImageOfPage":{"@id":"https:\/\/www.blogsoestado.com\/danielmatos\/ufma-lanca-satelites-no-1o-voo-espacial-comercial-do-brasil\/#primaryimage"},"image":{"@id":"https:\/\/www.blogsoestado.com\/danielmatos\/ufma-lanca-satelites-no-1o-voo-espacial-comercial-do-brasil\/#primaryimage"},"thumbnailUrl":"https:\/\/www.blogsoestado.com\/danielmatos\/wp-content\/uploads\/sites\/2\/2025\/11\/1004317825.jpg","datePublished":"2025-11-20T19:28:26+00:00","dateModified":"2025-11-20T19:28:34+00:00","author":{"@id":"https:\/\/www.blogsoestado.com\/danielmatos\/#\/schema\/person\/9a209d407cd45631f131e1285b661bb0"},"breadcrumb":{"@id":"https:\/\/www.blogsoestado.com\/danielmatos\/ufma-lanca-satelites-no-1o-voo-espacial-comercial-do-brasil\/#breadcrumb"},"inLanguage":"pt-BR","potentialAction":[{"@type":"ReadAction","target":["https:\/\/www.blogsoestado.com\/danielmatos\/ufma-lanca-satelites-no-1o-voo-espacial-comercial-do-brasil\/"]}]},{"@type":"ImageObject","inLanguage":"pt-BR","@id":"https:\/\/www.blogsoestado.com\/danielmatos\/ufma-lanca-satelites-no-1o-voo-espacial-comercial-do-brasil\/#primaryimage","url":"https:\/\/www.blogsoestado.com\/danielmatos\/wp-content\/uploads\/sites\/2\/2025\/11\/1004317825.jpg","contentUrl":"https:\/\/www.blogsoestado.com\/danielmatos\/wp-content\/uploads\/sites\/2\/2025\/11\/1004317825.jpg","width":768,"height":768},{"@type":"BreadcrumbList","@id":"https:\/\/www.blogsoestado.com\/danielmatos\/ufma-lanca-satelites-no-1o-voo-espacial-comercial-do-brasil\/#breadcrumb","itemListElement":[{"@type":"ListItem","position":1,"name":"In\u00edcio","item":"https:\/\/www.blogsoestado.com\/danielmatos\/"},{"@type":"ListItem","position":2,"name":"UFMA lan\u00e7a sat\u00e9lites no 1\u00ba voo espacial comercial do Brasil"}]},{"@type":"WebSite","@id":"https:\/\/www.blogsoestado.com\/danielmatos\/#website","url":"https:\/\/www.blogsoestado.com\/danielmatos\/","name":"Daniel Matos","description":"","potentialAction":[{"@type":"SearchAction","target":{"@type":"EntryPoint","urlTemplate":"https:\/\/www.blogsoestado.com\/danielmatos\/?s={search_term_string}"},"query-input":{"@type":"PropertyValueSpecification","valueRequired":true,"valueName":"search_term_string"}}],"inLanguage":"pt-BR"},{"@type":"Person","@id":"https:\/\/www.blogsoestado.com\/danielmatos\/#\/schema\/person\/9a209d407cd45631f131e1285b661bb0","name":"Daniel Matos","image":{"@type":"ImageObject","inLanguage":"pt-BR","@id":"https:\/\/www.blogsoestado.com\/danielmatos\/#\/schema\/person\/image\/","url":"https:\/\/secure.gravatar.com\/avatar\/2f26c36ee355da19a257f0dfef43952a2588b324ca35d6719e859fe338ac0392?s=96&d=mm&r=g","contentUrl":"https:\/\/secure.gravatar.com\/avatar\/2f26c36ee355da19a257f0dfef43952a2588b324ca35d6719e859fe338ac0392?s=96&d=mm&r=g","caption":"Daniel Matos"},"url":"https:\/\/www.blogsoestado.com\/danielmatos\/author\/danielmatos\/"}]}},"jetpack_featured_media_url":"","_links":{"self":[{"href":"https:\/\/www.blogsoestado.com\/danielmatos\/wp-json\/wp\/v2\/posts\/151331","targetHints":{"allow":["GET"]}}],"collection":[{"href":"https:\/\/www.blogsoestado.com\/danielmatos\/wp-json\/wp\/v2\/posts"}],"about":[{"href":"https:\/\/www.blogsoestado.com\/danielmatos\/wp-json\/wp\/v2\/types\/post"}],"author":[{"embeddable":true,"href":"https:\/\/www.blogsoestado.com\/danielmatos\/wp-json\/wp\/v2\/users\/2"}],"replies":[{"embeddable":true,"href":"https:\/\/www.blogsoestado.com\/danielmatos\/wp-json\/wp\/v2\/comments?post=151331"}],"version-history":[{"count":1,"href":"https:\/\/www.blogsoestado.com\/danielmatos\/wp-json\/wp\/v2\/posts\/151331\/revisions"}],"predecessor-version":[{"id":151333,"href":"https:\/\/www.blogsoestado.com\/danielmatos\/wp-json\/wp\/v2\/posts\/151331\/revisions\/151333"}],"wp:attachment":[{"href":"https:\/\/www.blogsoestado.com\/danielmatos\/wp-json\/wp\/v2\/media?parent=151331"}],"wp:term":[{"taxonomy":"category","embeddable":true,"href":"https:\/\/www.blogsoestado.com\/danielmatos\/wp-json\/wp\/v2\/categories?post=151331"},{"taxonomy":"post_tag","embeddable":true,"href":"https:\/\/www.blogsoestado.com\/danielmatos\/wp-json\/wp\/v2\/tags?post=151331"}],"curies":[{"name":"wp","href":"https:\/\/api.w.org\/{rel}","templated":true}]}}