{"id":151354,"date":"2025-11-21T10:43:40","date_gmt":"2025-11-21T13:43:40","guid":{"rendered":"https:\/\/www.blogsoestado.com\/danielmatos\/?p=151354"},"modified":"2025-11-21T10:43:46","modified_gmt":"2025-11-21T13:43:46","slug":"sao-luis-shopping-recebe-papai-noel-com-cortejo-neste-sabado-dia-22","status":"publish","type":"post","link":"https:\/\/www.blogsoestado.com\/danielmatos\/sao-luis-shopping-recebe-papai-noel-com-cortejo-neste-sabado-dia-22\/","title":{"rendered":"S\u00e3o Lu\u00eds Shopping recebe Papai Noel com cortejo neste s\u00e1bado dia 22"},"content":{"rendered":"\n<p><em><strong><mark style=\"color:#cf2e2e\" class=\"has-inline-color\">Evento contar\u00e1 com apresenta\u00e7\u00f5es musicais e personagens para marcar o in\u00edcio da temporada de Natal no shopping<\/mark><\/strong><\/em><\/p>\n\n\n\n<figure class=\"wp-block-image aligncenter size-large\"><img fetchpriority=\"high\" decoding=\"async\" width=\"1024\" height=\"754\" src=\"https:\/\/www.blogsoestado.com\/danielmatos\/wp-content\/uploads\/sites\/2\/2025\/11\/1004322490-1024x754.png\" alt=\"\" class=\"wp-image-151355\" srcset=\"https:\/\/www.blogsoestado.com\/danielmatos\/wp-content\/uploads\/sites\/2\/2025\/11\/1004322490-1024x754.png 1024w, https:\/\/www.blogsoestado.com\/danielmatos\/wp-content\/uploads\/sites\/2\/2025\/11\/1004322490-300x221.png 300w, https:\/\/www.blogsoestado.com\/danielmatos\/wp-content\/uploads\/sites\/2\/2025\/11\/1004322490-768x565.png 768w, https:\/\/www.blogsoestado.com\/danielmatos\/wp-content\/uploads\/sites\/2\/2025\/11\/1004322490.png 1080w\" sizes=\"(max-width: 1024px) 100vw, 1024px\" \/><figcaption class=\"wp-element-caption\">Chegada do Papai Noel ser\u00e1 acompanhada de um cortejo natalino pelos corredores do S\u00e3o Lu\u00eds Shopping<\/figcaption><\/figure>\n\n\n\n<p>O S\u00e3o Lu\u00eds Shopping recebe a chegada do Papai Noel no s\u00e1bado, 22, marcando o in\u00edcio das celebra\u00e7\u00f5es natalinas. A entrada do bom velhinho ser\u00e1 acompanhada de um cortejo natalino pelos corredores do shopping a partir das 18h, que promete encantar o p\u00fablico com personagens e apresenta\u00e7\u00f5es tem\u00e1ticas.<\/p>\n\n\n\n<p>O clima natalino ser\u00e1 aquecido com apresenta\u00e7\u00f5es musicais, incluindo a Orquestra Jo\u00e3o do Vale. Para encerrar a programa\u00e7\u00e3o art\u00edstica do cortejo, o Coral Jo\u00e3o do Vale se apresentar\u00e1 \u00e0s 19h30 em frente ao Louvre Magazine, trazendo ainda mais magia ao momento.<\/p>\n\n\n\n<p>Este ano, o S\u00e3o Lu\u00eds Shopping refor\u00e7a seu compromisso com a inclus\u00e3o ao preparar uma decora\u00e7\u00e3o natalina acess\u00edvel para pessoas em cadeira de rodas, al\u00e9m de oferecer um painel sensorial pensado especialmente para pessoas com TEA (Transtorno do Espectro Autista). O p\u00fablico tamb\u00e9m poder\u00e1 aproveitar \u00e1reas pet e instagram\u00e1vel, garantindo que toda a fam\u00edlia participe da festa.<\/p>\n\n\n\n<p>O evento \u00e9 um dos momentos mais aguardados da temporada e oferece ao p\u00fablico a oportunidade de ver de perto o Papai Noel, celebrar a uni\u00e3o familiar e vivenciar a magia do Natal.<\/p>\n\n\n\n<p>&#8220;A chegada do Papai Noel marca o in\u00edcio da magia do Natal no S\u00e3o Lu\u00eds Shopping. \u00c9 um momento especial para encantar crian\u00e7as e adultos. Queremos que as fam\u00edlias venham nos visitar e aproveitem os momentos de uni\u00e3o que est\u00e1 \u00e9poca do ano proporciona.&#8221;, afirma Igor Quartin, gerente de marketing do S\u00e3o Lu\u00eds Shopping.<\/p>\n\n\n\n<p><strong>Campanha de Natal<\/strong><\/p>\n\n\n\n<p>Lan\u00e7ada na \u00faltima quinta-feira, 13, a campanha de Natal, que sortear\u00e1 um Chevrolet Spark EUV 100% el\u00e9trico, entrou em vigor hoje, 18. At\u00e9 31 de dezembro a cada R$600 reais em compras \u00e9 poss\u00edvel trocar por cupons e concorrer ao sorteio do carro.&nbsp;<\/p>\n\n\n\n<p><strong>Servi\u00e7o<\/strong><\/p>\n\n\n\n<p>\u25cf&nbsp; &nbsp; &nbsp;&nbsp;<strong>O qu\u00ea:<\/strong>&nbsp;Chegada do Papai Noel e cortejo natalino<\/p>\n\n\n\n<p>\u25cf&nbsp; &nbsp; &nbsp;&nbsp;<strong>Quando:<\/strong>&nbsp;22 de novembro<\/p>\n\n\n\n<p>\u25cf&nbsp; &nbsp; &nbsp;&nbsp;<strong>Hor\u00e1rio:<\/strong>&nbsp;A partir das 18h<\/p>\n\n\n\n<p>\u25cf&nbsp; &nbsp; &nbsp;&nbsp;<strong>Onde:<\/strong>&nbsp;S\u00e3o Lu\u00eds Shopping<\/p>\n\n\n\n<p><strong>Sobre o S\u00e3o Lu\u00eds Shopping<\/strong><\/p>\n\n\n\n<p>O S\u00e3o Lu\u00eds Shopping inaugurado no dia 20 de novembro de 1999 possui 55.319,39m\u00b2ABL, 2 pavimentos, 232 opera\u00e7\u00f5es, 45 quiosques, 2 pra\u00e7as de alimenta\u00e7\u00e3o, 3 parques de divers\u00e3o, 2.400 vagas de estacionamento e 10 salas de cinema sendo 07 salas convencionais e 03 salas vips, academia e demais servi\u00e7os que atendem as necessidades dos nossos clientes. O S\u00e3o Lu\u00eds Shopping desempenha um papel fundamental no desenvolvimento socioecon\u00f4mico da regi\u00e3o atrav\u00e9s da gera\u00e7\u00e3o de 170 postos de empregos diretos e 1.650 postos indiretos.<\/p>\n\n\n\n<p>Visite:&nbsp;<a href=\"http:\/\/www.saoluisshopping.com\/\" target=\"_blank\" rel=\"noreferrer noopener\">www.saoluisshopping.com<\/a><\/p>\n\n\n\n<p><strong>Sobre o Grupo AD<\/strong><\/p>\n\n\n\n<p>A AD Shopping est\u00e1 presente em todas as regi\u00f5es brasileiras. Seu portf\u00f3lio de administra\u00e7\u00e3o e investimentos \u00e9 composto por 43 empreendimentos de diversos formatos, localizados tanto em capitais quanto no interior. S\u00e3o 33 anos de experi\u00eancia em desenvolvimento, planejamento, comercializa\u00e7\u00e3o e gest\u00e3o de shopping centers. O Grupo AD lan\u00e7ou a AlugueON, plataforma digital de loca\u00e7\u00e3o de lojas e merchandising, que vai facilitar a prospec\u00e7\u00e3o dos locat\u00e1rios na obten\u00e7\u00e3o do ponto comercial em sua estrat\u00e9gia de expans\u00e3o comercial, seja em lojas, seja em quiosques ou m\u00eddia no mall. Visite:&nbsp;<a href=\"http:\/\/www.adshopping.com.br\/\" target=\"_blank\" rel=\"noreferrer noopener\">www.adshopping.com.br<\/a>,&nbsp;<a href=\"http:\/\/www.admall.com.br\/\" target=\"_blank\" rel=\"noreferrer noopener\">www.admall.com.br<\/a>&nbsp;e&nbsp;<a href=\"http:\/\/www.alugueon.com.br\/\" target=\"_blank\" rel=\"noreferrer noopener\">www.alugueon.com.br<\/a>&nbsp;.<\/p>\n","protected":false},"excerpt":{"rendered":"<p>Evento contar\u00e1 com apresenta\u00e7\u00f5es musicais e personagens para marcar o in\u00edcio da temporada de Natal no shopping O S\u00e3o Lu\u00eds [&hellip;]<\/p>\n","protected":false},"author":2,"featured_media":0,"comment_status":"open","ping_status":"open","sticky":false,"template":"","format":"standard","meta":{"site-sidebar-layout":"default","site-content-layout":"","ast-site-content-layout":"default","site-content-style":"default","site-sidebar-style":"default","ast-global-header-display":"","ast-banner-title-visibility":"","ast-main-header-display":"","ast-hfb-above-header-display":"","ast-hfb-below-header-display":"","ast-hfb-mobile-header-display":"","site-post-title":"","ast-breadcrumbs-content":"","ast-featured-img":"","footer-sml-layout":"","ast-disable-related-posts":"","theme-transparent-header-meta":"","adv-header-id-meta":"","stick-header-meta":"","header-above-stick-meta":"","header-main-stick-meta":"","header-below-stick-meta":"","astra-migrate-meta-layouts":"default","ast-page-background-enabled":"default","ast-page-background-meta":{"desktop":{"background-color":"var(--ast-global-color-5)","background-image":"","background-repeat":"repeat","background-position":"center center","background-size":"auto","background-attachment":"scroll","background-type":"","background-media":"","overlay-type":"","overlay-color":"","overlay-opacity":"","overlay-gradient":""},"tablet":{"background-color":"","background-image":"","background-repeat":"repeat","background-position":"center center","background-size":"auto","background-attachment":"scroll","background-type":"","background-media":"","overlay-type":"","overlay-color":"","overlay-opacity":"","overlay-gradient":""},"mobile":{"background-color":"","background-image":"","background-repeat":"repeat","background-position":"center center","background-size":"auto","background-attachment":"scroll","background-type":"","background-media":"","overlay-type":"","overlay-color":"","overlay-opacity":"","overlay-gradient":""}},"ast-content-background-meta":{"desktop":{"background-color":"var(--ast-global-color-4)","background-image":"","background-repeat":"repeat","background-position":"center center","background-size":"auto","background-attachment":"scroll","background-type":"","background-media":"","overlay-type":"","overlay-color":"","overlay-opacity":"","overlay-gradient":""},"tablet":{"background-color":"var(--ast-global-color-4)","background-image":"","background-repeat":"repeat","background-position":"center center","background-size":"auto","background-attachment":"scroll","background-type":"","background-media":"","overlay-type":"","overlay-color":"","overlay-opacity":"","overlay-gradient":""},"mobile":{"background-color":"var(--ast-global-color-4)","background-image":"","background-repeat":"repeat","background-position":"center center","background-size":"auto","background-attachment":"scroll","background-type":"","background-media":"","overlay-type":"","overlay-color":"","overlay-opacity":"","overlay-gradient":""}},"footnotes":""},"categories":[1],"tags":[],"class_list":["post-151354","post","type-post","status-publish","format-standard","hentry","category-sem-categoria"],"yoast_head":"<!-- This site is optimized with the Yoast SEO plugin v26.6 - https:\/\/yoast.com\/wordpress\/plugins\/seo\/ -->\n<title>S\u00e3o Lu\u00eds Shopping recebe Papai Noel com cortejo neste s\u00e1bado dia 22 - Daniel Matos<\/title>\n<meta name=\"robots\" content=\"index, follow, max-snippet:-1, max-image-preview:large, max-video-preview:-1\" \/>\n<link rel=\"canonical\" href=\"https:\/\/www.blogsoestado.com\/danielmatos\/sao-luis-shopping-recebe-papai-noel-com-cortejo-neste-sabado-dia-22\/\" \/>\n<meta property=\"og:locale\" content=\"pt_BR\" \/>\n<meta property=\"og:type\" content=\"article\" \/>\n<meta property=\"og:title\" content=\"S\u00e3o Lu\u00eds Shopping recebe Papai Noel com cortejo neste s\u00e1bado dia 22 - Daniel Matos\" \/>\n<meta property=\"og:description\" content=\"Evento contar\u00e1 com apresenta\u00e7\u00f5es musicais e personagens para marcar o in\u00edcio da temporada de Natal no shopping O S\u00e3o Lu\u00eds [&hellip;]\" \/>\n<meta property=\"og:url\" content=\"https:\/\/www.blogsoestado.com\/danielmatos\/sao-luis-shopping-recebe-papai-noel-com-cortejo-neste-sabado-dia-22\/\" \/>\n<meta property=\"og:site_name\" content=\"Daniel Matos\" \/>\n<meta property=\"article:published_time\" content=\"2025-11-21T13:43:40+00:00\" \/>\n<meta property=\"article:modified_time\" content=\"2025-11-21T13:43:46+00:00\" \/>\n<meta property=\"og:image\" content=\"https:\/\/www.blogsoestado.com\/danielmatos\/wp-content\/uploads\/sites\/2\/2025\/11\/1004322490.png\" \/>\n\t<meta property=\"og:image:width\" content=\"1080\" \/>\n\t<meta property=\"og:image:height\" content=\"795\" \/>\n\t<meta property=\"og:image:type\" content=\"image\/png\" \/>\n<meta name=\"author\" content=\"Daniel Matos\" \/>\n<meta name=\"twitter:card\" content=\"summary_large_image\" \/>\n<meta name=\"twitter:label1\" content=\"Escrito por\" \/>\n\t<meta name=\"twitter:data1\" content=\"Daniel Matos\" \/>\n\t<meta name=\"twitter:label2\" content=\"Est. tempo de leitura\" \/>\n\t<meta name=\"twitter:data2\" content=\"4 minutos\" \/>\n<script type=\"application\/ld+json\" class=\"yoast-schema-graph\">{\"@context\":\"https:\/\/schema.org\",\"@graph\":[{\"@type\":\"WebPage\",\"@id\":\"https:\/\/www.blogsoestado.com\/danielmatos\/sao-luis-shopping-recebe-papai-noel-com-cortejo-neste-sabado-dia-22\/\",\"url\":\"https:\/\/www.blogsoestado.com\/danielmatos\/sao-luis-shopping-recebe-papai-noel-com-cortejo-neste-sabado-dia-22\/\",\"name\":\"S\u00e3o Lu\u00eds Shopping recebe Papai Noel com cortejo neste s\u00e1bado dia 22 - Daniel Matos\",\"isPartOf\":{\"@id\":\"https:\/\/www.blogsoestado.com\/danielmatos\/#website\"},\"primaryImageOfPage\":{\"@id\":\"https:\/\/www.blogsoestado.com\/danielmatos\/sao-luis-shopping-recebe-papai-noel-com-cortejo-neste-sabado-dia-22\/#primaryimage\"},\"image\":{\"@id\":\"https:\/\/www.blogsoestado.com\/danielmatos\/sao-luis-shopping-recebe-papai-noel-com-cortejo-neste-sabado-dia-22\/#primaryimage\"},\"thumbnailUrl\":\"https:\/\/www.blogsoestado.com\/danielmatos\/wp-content\/uploads\/sites\/2\/2025\/11\/1004322490-1024x754.png\",\"datePublished\":\"2025-11-21T13:43:40+00:00\",\"dateModified\":\"2025-11-21T13:43:46+00:00\",\"author\":{\"@id\":\"https:\/\/www.blogsoestado.com\/danielmatos\/#\/schema\/person\/9a209d407cd45631f131e1285b661bb0\"},\"breadcrumb\":{\"@id\":\"https:\/\/www.blogsoestado.com\/danielmatos\/sao-luis-shopping-recebe-papai-noel-com-cortejo-neste-sabado-dia-22\/#breadcrumb\"},\"inLanguage\":\"pt-BR\",\"potentialAction\":[{\"@type\":\"ReadAction\",\"target\":[\"https:\/\/www.blogsoestado.com\/danielmatos\/sao-luis-shopping-recebe-papai-noel-com-cortejo-neste-sabado-dia-22\/\"]}]},{\"@type\":\"ImageObject\",\"inLanguage\":\"pt-BR\",\"@id\":\"https:\/\/www.blogsoestado.com\/danielmatos\/sao-luis-shopping-recebe-papai-noel-com-cortejo-neste-sabado-dia-22\/#primaryimage\",\"url\":\"https:\/\/www.blogsoestado.com\/danielmatos\/wp-content\/uploads\/sites\/2\/2025\/11\/1004322490.png\",\"contentUrl\":\"https:\/\/www.blogsoestado.com\/danielmatos\/wp-content\/uploads\/sites\/2\/2025\/11\/1004322490.png\",\"width\":1080,\"height\":795},{\"@type\":\"BreadcrumbList\",\"@id\":\"https:\/\/www.blogsoestado.com\/danielmatos\/sao-luis-shopping-recebe-papai-noel-com-cortejo-neste-sabado-dia-22\/#breadcrumb\",\"itemListElement\":[{\"@type\":\"ListItem\",\"position\":1,\"name\":\"In\u00edcio\",\"item\":\"https:\/\/www.blogsoestado.com\/danielmatos\/\"},{\"@type\":\"ListItem\",\"position\":2,\"name\":\"S\u00e3o Lu\u00eds Shopping recebe Papai Noel com cortejo neste s\u00e1bado dia 22\"}]},{\"@type\":\"WebSite\",\"@id\":\"https:\/\/www.blogsoestado.com\/danielmatos\/#website\",\"url\":\"https:\/\/www.blogsoestado.com\/danielmatos\/\",\"name\":\"Daniel Matos\",\"description\":\"\",\"potentialAction\":[{\"@type\":\"SearchAction\",\"target\":{\"@type\":\"EntryPoint\",\"urlTemplate\":\"https:\/\/www.blogsoestado.com\/danielmatos\/?s={search_term_string}\"},\"query-input\":{\"@type\":\"PropertyValueSpecification\",\"valueRequired\":true,\"valueName\":\"search_term_string\"}}],\"inLanguage\":\"pt-BR\"},{\"@type\":\"Person\",\"@id\":\"https:\/\/www.blogsoestado.com\/danielmatos\/#\/schema\/person\/9a209d407cd45631f131e1285b661bb0\",\"name\":\"Daniel Matos\",\"image\":{\"@type\":\"ImageObject\",\"inLanguage\":\"pt-BR\",\"@id\":\"https:\/\/www.blogsoestado.com\/danielmatos\/#\/schema\/person\/image\/\",\"url\":\"https:\/\/secure.gravatar.com\/avatar\/2f26c36ee355da19a257f0dfef43952a2588b324ca35d6719e859fe338ac0392?s=96&d=mm&r=g\",\"contentUrl\":\"https:\/\/secure.gravatar.com\/avatar\/2f26c36ee355da19a257f0dfef43952a2588b324ca35d6719e859fe338ac0392?s=96&d=mm&r=g\",\"caption\":\"Daniel Matos\"},\"url\":\"https:\/\/www.blogsoestado.com\/danielmatos\/author\/danielmatos\/\"}]}<\/script>\n<!-- \/ Yoast SEO plugin. -->","yoast_head_json":{"title":"S\u00e3o Lu\u00eds Shopping recebe Papai Noel com cortejo neste s\u00e1bado dia 22 - Daniel Matos","robots":{"index":"index","follow":"follow","max-snippet":"max-snippet:-1","max-image-preview":"max-image-preview:large","max-video-preview":"max-video-preview:-1"},"canonical":"https:\/\/www.blogsoestado.com\/danielmatos\/sao-luis-shopping-recebe-papai-noel-com-cortejo-neste-sabado-dia-22\/","og_locale":"pt_BR","og_type":"article","og_title":"S\u00e3o Lu\u00eds Shopping recebe Papai Noel com cortejo neste s\u00e1bado dia 22 - Daniel Matos","og_description":"Evento contar\u00e1 com apresenta\u00e7\u00f5es musicais e personagens para marcar o in\u00edcio da temporada de Natal no shopping O S\u00e3o Lu\u00eds [&hellip;]","og_url":"https:\/\/www.blogsoestado.com\/danielmatos\/sao-luis-shopping-recebe-papai-noel-com-cortejo-neste-sabado-dia-22\/","og_site_name":"Daniel Matos","article_published_time":"2025-11-21T13:43:40+00:00","article_modified_time":"2025-11-21T13:43:46+00:00","og_image":[{"width":1080,"height":795,"url":"https:\/\/www.blogsoestado.com\/danielmatos\/wp-content\/uploads\/sites\/2\/2025\/11\/1004322490.png","type":"image\/png"}],"author":"Daniel Matos","twitter_card":"summary_large_image","twitter_misc":{"Escrito por":"Daniel Matos","Est. tempo de leitura":"4 minutos"},"schema":{"@context":"https:\/\/schema.org","@graph":[{"@type":"WebPage","@id":"https:\/\/www.blogsoestado.com\/danielmatos\/sao-luis-shopping-recebe-papai-noel-com-cortejo-neste-sabado-dia-22\/","url":"https:\/\/www.blogsoestado.com\/danielmatos\/sao-luis-shopping-recebe-papai-noel-com-cortejo-neste-sabado-dia-22\/","name":"S\u00e3o Lu\u00eds Shopping recebe Papai Noel com cortejo neste s\u00e1bado dia 22 - Daniel Matos","isPartOf":{"@id":"https:\/\/www.blogsoestado.com\/danielmatos\/#website"},"primaryImageOfPage":{"@id":"https:\/\/www.blogsoestado.com\/danielmatos\/sao-luis-shopping-recebe-papai-noel-com-cortejo-neste-sabado-dia-22\/#primaryimage"},"image":{"@id":"https:\/\/www.blogsoestado.com\/danielmatos\/sao-luis-shopping-recebe-papai-noel-com-cortejo-neste-sabado-dia-22\/#primaryimage"},"thumbnailUrl":"https:\/\/www.blogsoestado.com\/danielmatos\/wp-content\/uploads\/sites\/2\/2025\/11\/1004322490-1024x754.png","datePublished":"2025-11-21T13:43:40+00:00","dateModified":"2025-11-21T13:43:46+00:00","author":{"@id":"https:\/\/www.blogsoestado.com\/danielmatos\/#\/schema\/person\/9a209d407cd45631f131e1285b661bb0"},"breadcrumb":{"@id":"https:\/\/www.blogsoestado.com\/danielmatos\/sao-luis-shopping-recebe-papai-noel-com-cortejo-neste-sabado-dia-22\/#breadcrumb"},"inLanguage":"pt-BR","potentialAction":[{"@type":"ReadAction","target":["https:\/\/www.blogsoestado.com\/danielmatos\/sao-luis-shopping-recebe-papai-noel-com-cortejo-neste-sabado-dia-22\/"]}]},{"@type":"ImageObject","inLanguage":"pt-BR","@id":"https:\/\/www.blogsoestado.com\/danielmatos\/sao-luis-shopping-recebe-papai-noel-com-cortejo-neste-sabado-dia-22\/#primaryimage","url":"https:\/\/www.blogsoestado.com\/danielmatos\/wp-content\/uploads\/sites\/2\/2025\/11\/1004322490.png","contentUrl":"https:\/\/www.blogsoestado.com\/danielmatos\/wp-content\/uploads\/sites\/2\/2025\/11\/1004322490.png","width":1080,"height":795},{"@type":"BreadcrumbList","@id":"https:\/\/www.blogsoestado.com\/danielmatos\/sao-luis-shopping-recebe-papai-noel-com-cortejo-neste-sabado-dia-22\/#breadcrumb","itemListElement":[{"@type":"ListItem","position":1,"name":"In\u00edcio","item":"https:\/\/www.blogsoestado.com\/danielmatos\/"},{"@type":"ListItem","position":2,"name":"S\u00e3o Lu\u00eds Shopping recebe Papai Noel com cortejo neste s\u00e1bado dia 22"}]},{"@type":"WebSite","@id":"https:\/\/www.blogsoestado.com\/danielmatos\/#website","url":"https:\/\/www.blogsoestado.com\/danielmatos\/","name":"Daniel Matos","description":"","potentialAction":[{"@type":"SearchAction","target":{"@type":"EntryPoint","urlTemplate":"https:\/\/www.blogsoestado.com\/danielmatos\/?s={search_term_string}"},"query-input":{"@type":"PropertyValueSpecification","valueRequired":true,"valueName":"search_term_string"}}],"inLanguage":"pt-BR"},{"@type":"Person","@id":"https:\/\/www.blogsoestado.com\/danielmatos\/#\/schema\/person\/9a209d407cd45631f131e1285b661bb0","name":"Daniel Matos","image":{"@type":"ImageObject","inLanguage":"pt-BR","@id":"https:\/\/www.blogsoestado.com\/danielmatos\/#\/schema\/person\/image\/","url":"https:\/\/secure.gravatar.com\/avatar\/2f26c36ee355da19a257f0dfef43952a2588b324ca35d6719e859fe338ac0392?s=96&d=mm&r=g","contentUrl":"https:\/\/secure.gravatar.com\/avatar\/2f26c36ee355da19a257f0dfef43952a2588b324ca35d6719e859fe338ac0392?s=96&d=mm&r=g","caption":"Daniel Matos"},"url":"https:\/\/www.blogsoestado.com\/danielmatos\/author\/danielmatos\/"}]}},"jetpack_featured_media_url":"","_links":{"self":[{"href":"https:\/\/www.blogsoestado.com\/danielmatos\/wp-json\/wp\/v2\/posts\/151354","targetHints":{"allow":["GET"]}}],"collection":[{"href":"https:\/\/www.blogsoestado.com\/danielmatos\/wp-json\/wp\/v2\/posts"}],"about":[{"href":"https:\/\/www.blogsoestado.com\/danielmatos\/wp-json\/wp\/v2\/types\/post"}],"author":[{"embeddable":true,"href":"https:\/\/www.blogsoestado.com\/danielmatos\/wp-json\/wp\/v2\/users\/2"}],"replies":[{"embeddable":true,"href":"https:\/\/www.blogsoestado.com\/danielmatos\/wp-json\/wp\/v2\/comments?post=151354"}],"version-history":[{"count":1,"href":"https:\/\/www.blogsoestado.com\/danielmatos\/wp-json\/wp\/v2\/posts\/151354\/revisions"}],"predecessor-version":[{"id":151356,"href":"https:\/\/www.blogsoestado.com\/danielmatos\/wp-json\/wp\/v2\/posts\/151354\/revisions\/151356"}],"wp:attachment":[{"href":"https:\/\/www.blogsoestado.com\/danielmatos\/wp-json\/wp\/v2\/media?parent=151354"}],"wp:term":[{"taxonomy":"category","embeddable":true,"href":"https:\/\/www.blogsoestado.com\/danielmatos\/wp-json\/wp\/v2\/categories?post=151354"},{"taxonomy":"post_tag","embeddable":true,"href":"https:\/\/www.blogsoestado.com\/danielmatos\/wp-json\/wp\/v2\/tags?post=151354"}],"curies":[{"name":"wp","href":"https:\/\/api.w.org\/{rel}","templated":true}]}}