{"id":1515,"date":"2009-10-26T19:01:27","date_gmt":"2009-10-26T21:01:27","guid":{"rendered":"https:\/\/www.blogsoestado.com\/danielmatos\/?p=1515"},"modified":"2009-10-26T19:01:27","modified_gmt":"2009-10-26T21:01:27","slug":"ladroes-de-banco-que-agiam-no-maranhao-sao-presos-no-piaui-com-armas-usadas-pelo-comando-vermelho","status":"publish","type":"post","link":"https:\/\/www.blogsoestado.com\/danielmatos\/ladroes-de-banco-que-agiam-no-maranhao-sao-presos-no-piaui-com-armas-usadas-pelo-comando-vermelho\/","title":{"rendered":"Ladr\u00f5es de banco que agiam no MA s\u00e3o presos no PI com armas usadas pelo Comando Vermelho"},"content":{"rendered":"<p><a href=\"https:\/\/www.blogsoestado.com\/danielmatos\/files\/2009\/10\/assalto.jpg\"><img fetchpriority=\"high\" decoding=\"async\" class=\"alignright size-medium wp-image-1516\" src=\"https:\/\/www.blogsoestado.com\/danielmatos\/files\/2009\/10\/assalto.jpg\" alt=\"\" width=\"448\" height=\"280\" \/><\/a>Em a\u00e7\u00e3o conjunta da Pol\u00edcia Federal do Maranh\u00e3o, Deic, e Comiss\u00e3o Investigadora do Crime Organizado &#8211; CICO -, foram presos no in\u00edcio da tarde desta segunda-feira (26) oito pessoas acusadas de integrar uma quadrilha especializada em assalto a bancos. O armamento do grupo \u00e9 t\u00e3o pesado que tem capacidade para derrubar avi\u00f5es.<\/p>\n<p>&#8220;Eu ousaria dizer que essas armas s\u00e3o usadas pelo Primeiro Comando da Capital e Comando Vermelho&#8221;, afirma o delegado Bonfim Filho.<\/p>\n<p>As pris\u00f5es aconteceram no bairro Todos os Santos, zona sudeste de Teresina, na casa da cunhada de um dos acusados, Gildo In\u00e1cio da Silva, o Bicudo, que j\u00e1 foi preso v\u00e1rias vezes por assaltos no Piau\u00ed.<br \/>\n\u00a0<br \/>\n<a href=\"https:\/\/www.blogsoestado.com\/danielmatos\/files\/2009\/10\/assalto2.jpg\"><img decoding=\"async\" class=\"alignleft size-medium wp-image-1517\" src=\"https:\/\/www.blogsoestado.com\/danielmatos\/files\/2009\/10\/assalto2.jpg\" alt=\"\" width=\"448\" height=\"210\" \/><\/a>A investiga\u00e7\u00e3o durou dois meses. Segundo a pol\u00edcia, o bando praticava a maioria dos assaltos no Maranh\u00e3o.<br \/>\n\u00a0<br \/>\nPresidente da CICO, o delegado Bonfim Filho descreveu a quadrilha como &#8220;especializada em trocar tiros com a pol\u00edcia&#8221;, pelo armamento pesado de enfrentamento, igual ao das For\u00e7as Armadas. Entre as armas est\u00e3o duas pistolas, dois fuzis, uma escopeta 12, um rev\u00f3lver e v\u00e1rias muni\u00e7\u00f5es com alcance de at\u00e9 70 metros e capacidade para atingir avi\u00f5es. O material teria sido obtido no Paraguai.<\/p>\n<p>Entre os presos est\u00e3o Raimundo Magno Moraes Silva, o &#8220;Cabe\u00e7a&#8221;, que seria o l\u00edder da quadrilha; Francisco das Chagas Moraes Silas Damasceno Pereira; Marcos Sousa Ara\u00fajo; Ja\u00edlson Gomes de Moraes Silva; Jos\u00e9 Eurides Bezerra; Paulo Ant\u00f4nio Barbosa dos Santos.<\/p>\n<p><strong>Texto e fotos:<\/strong> divulga\u00e7\u00e3o<\/p>\n","protected":false},"excerpt":{"rendered":"<p>Em a\u00e7\u00e3o conjunta da Pol\u00edcia Federal do Maranh\u00e3o, Deic, e Comiss\u00e3o Investigadora do Crime Organizado &#8211; CICO -, foram presos [&hellip;]<\/p>\n","protected":false},"author":0,"featured_media":0,"comment_status":"open","ping_status":"open","sticky":false,"template":"","format":"standard","meta":{"site-sidebar-layout":"default","site-content-layout":"","ast-site-content-layout":"default","site-content-style":"default","site-sidebar-style":"default","ast-global-header-display":"","ast-banner-title-visibility":"","ast-main-header-display":"","ast-hfb-above-header-display":"","ast-hfb-below-header-display":"","ast-hfb-mobile-header-display":"","site-post-title":"","ast-breadcrumbs-content":"","ast-featured-img":"","footer-sml-layout":"","ast-disable-related-posts":"","theme-transparent-header-meta":"","adv-header-id-meta":"","stick-header-meta":"","header-above-stick-meta":"","header-main-stick-meta":"","header-below-stick-meta":"","astra-migrate-meta-layouts":"default","ast-page-background-enabled":"default","ast-page-background-meta":{"desktop":{"background-color":"var(--ast-global-color-5)","background-image":"","background-repeat":"repeat","background-position":"center center","background-size":"auto","background-attachment":"scroll","background-type":"","background-media":"","overlay-type":"","overlay-color":"","overlay-opacity":"","overlay-gradient":""},"tablet":{"background-color":"","background-image":"","background-repeat":"repeat","background-position":"center center","background-size":"auto","background-attachment":"scroll","background-type":"","background-media":"","overlay-type":"","overlay-color":"","overlay-opacity":"","overlay-gradient":""},"mobile":{"background-color":"","background-image":"","background-repeat":"repeat","background-position":"center center","background-size":"auto","background-attachment":"scroll","background-type":"","background-media":"","overlay-type":"","overlay-color":"","overlay-opacity":"","overlay-gradient":""}},"ast-content-background-meta":{"desktop":{"background-color":"var(--ast-global-color-4)","background-image":"","background-repeat":"repeat","background-position":"center center","background-size":"auto","background-attachment":"scroll","background-type":"","background-media":"","overlay-type":"","overlay-color":"","overlay-opacity":"","overlay-gradient":""},"tablet":{"background-color":"var(--ast-global-color-4)","background-image":"","background-repeat":"repeat","background-position":"center center","background-size":"auto","background-attachment":"scroll","background-type":"","background-media":"","overlay-type":"","overlay-color":"","overlay-opacity":"","overlay-gradient":""},"mobile":{"background-color":"var(--ast-global-color-4)","background-image":"","background-repeat":"repeat","background-position":"center center","background-size":"auto","background-attachment":"scroll","background-type":"","background-media":"","overlay-type":"","overlay-color":"","overlay-opacity":"","overlay-gradient":""}},"footnotes":""},"categories":[1],"tags":[],"class_list":["post-1515","post","type-post","status-publish","format-standard","hentry","category-sem-categoria"],"yoast_head":"<!-- This site is optimized with the Yoast SEO plugin v26.6 - https:\/\/yoast.com\/wordpress\/plugins\/seo\/ -->\n<title>Ladr\u00f5es de banco que agiam no MA s\u00e3o presos no PI com armas usadas pelo Comando Vermelho - Daniel Matos<\/title>\n<meta name=\"robots\" content=\"index, follow, max-snippet:-1, max-image-preview:large, max-video-preview:-1\" \/>\n<link rel=\"canonical\" href=\"https:\/\/www.blogsoestado.com\/danielmatos\/ladroes-de-banco-que-agiam-no-maranhao-sao-presos-no-piaui-com-armas-usadas-pelo-comando-vermelho\/\" \/>\n<meta property=\"og:locale\" content=\"pt_BR\" \/>\n<meta property=\"og:type\" content=\"article\" \/>\n<meta property=\"og:title\" content=\"Ladr\u00f5es de banco que agiam no MA s\u00e3o presos no PI com armas usadas pelo Comando Vermelho - Daniel Matos\" \/>\n<meta property=\"og:description\" content=\"Em a\u00e7\u00e3o conjunta da Pol\u00edcia Federal do Maranh\u00e3o, Deic, e Comiss\u00e3o Investigadora do Crime Organizado &#8211; CICO -, foram presos [&hellip;]\" \/>\n<meta property=\"og:url\" content=\"https:\/\/www.blogsoestado.com\/danielmatos\/ladroes-de-banco-que-agiam-no-maranhao-sao-presos-no-piaui-com-armas-usadas-pelo-comando-vermelho\/\" \/>\n<meta property=\"og:site_name\" content=\"Daniel Matos\" \/>\n<meta property=\"article:published_time\" content=\"2009-10-26T21:01:27+00:00\" \/>\n<meta property=\"og:image\" content=\"https:\/\/www.blogsoestado.com\/danielmatos\/files\/2009\/10\/assalto.jpg\" \/>\n<meta name=\"twitter:card\" content=\"summary_large_image\" \/>\n<meta name=\"twitter:label1\" content=\"Est. tempo de leitura\" \/>\n\t<meta name=\"twitter:data1\" content=\"1 minuto\" \/>\n<script type=\"application\/ld+json\" class=\"yoast-schema-graph\">{\"@context\":\"https:\/\/schema.org\",\"@graph\":[{\"@type\":\"WebPage\",\"@id\":\"https:\/\/www.blogsoestado.com\/danielmatos\/ladroes-de-banco-que-agiam-no-maranhao-sao-presos-no-piaui-com-armas-usadas-pelo-comando-vermelho\/\",\"url\":\"https:\/\/www.blogsoestado.com\/danielmatos\/ladroes-de-banco-que-agiam-no-maranhao-sao-presos-no-piaui-com-armas-usadas-pelo-comando-vermelho\/\",\"name\":\"Ladr\u00f5es de banco que agiam no MA s\u00e3o presos no PI com armas usadas pelo Comando Vermelho - Daniel Matos\",\"isPartOf\":{\"@id\":\"https:\/\/www.blogsoestado.com\/danielmatos\/#website\"},\"primaryImageOfPage\":{\"@id\":\"https:\/\/www.blogsoestado.com\/danielmatos\/ladroes-de-banco-que-agiam-no-maranhao-sao-presos-no-piaui-com-armas-usadas-pelo-comando-vermelho\/#primaryimage\"},\"image\":{\"@id\":\"https:\/\/www.blogsoestado.com\/danielmatos\/ladroes-de-banco-que-agiam-no-maranhao-sao-presos-no-piaui-com-armas-usadas-pelo-comando-vermelho\/#primaryimage\"},\"thumbnailUrl\":\"https:\/\/www.blogsoestado.com\/danielmatos\/files\/2009\/10\/assalto.jpg\",\"datePublished\":\"2009-10-26T21:01:27+00:00\",\"author\":{\"@id\":\"\"},\"breadcrumb\":{\"@id\":\"https:\/\/www.blogsoestado.com\/danielmatos\/ladroes-de-banco-que-agiam-no-maranhao-sao-presos-no-piaui-com-armas-usadas-pelo-comando-vermelho\/#breadcrumb\"},\"inLanguage\":\"pt-BR\",\"potentialAction\":[{\"@type\":\"ReadAction\",\"target\":[\"https:\/\/www.blogsoestado.com\/danielmatos\/ladroes-de-banco-que-agiam-no-maranhao-sao-presos-no-piaui-com-armas-usadas-pelo-comando-vermelho\/\"]}]},{\"@type\":\"ImageObject\",\"inLanguage\":\"pt-BR\",\"@id\":\"https:\/\/www.blogsoestado.com\/danielmatos\/ladroes-de-banco-que-agiam-no-maranhao-sao-presos-no-piaui-com-armas-usadas-pelo-comando-vermelho\/#primaryimage\",\"url\":\"https:\/\/www.blogsoestado.com\/danielmatos\/files\/2009\/10\/assalto.jpg\",\"contentUrl\":\"https:\/\/www.blogsoestado.com\/danielmatos\/files\/2009\/10\/assalto.jpg\"},{\"@type\":\"BreadcrumbList\",\"@id\":\"https:\/\/www.blogsoestado.com\/danielmatos\/ladroes-de-banco-que-agiam-no-maranhao-sao-presos-no-piaui-com-armas-usadas-pelo-comando-vermelho\/#breadcrumb\",\"itemListElement\":[{\"@type\":\"ListItem\",\"position\":1,\"name\":\"In\u00edcio\",\"item\":\"https:\/\/www.blogsoestado.com\/danielmatos\/\"},{\"@type\":\"ListItem\",\"position\":2,\"name\":\"Ladr\u00f5es de banco que agiam no MA s\u00e3o presos no PI com armas usadas pelo Comando Vermelho\"}]},{\"@type\":\"WebSite\",\"@id\":\"https:\/\/www.blogsoestado.com\/danielmatos\/#website\",\"url\":\"https:\/\/www.blogsoestado.com\/danielmatos\/\",\"name\":\"Daniel Matos\",\"description\":\"\",\"potentialAction\":[{\"@type\":\"SearchAction\",\"target\":{\"@type\":\"EntryPoint\",\"urlTemplate\":\"https:\/\/www.blogsoestado.com\/danielmatos\/?s={search_term_string}\"},\"query-input\":{\"@type\":\"PropertyValueSpecification\",\"valueRequired\":true,\"valueName\":\"search_term_string\"}}],\"inLanguage\":\"pt-BR\"}]}<\/script>\n<!-- \/ Yoast SEO plugin. -->","yoast_head_json":{"title":"Ladr\u00f5es de banco que agiam no MA s\u00e3o presos no PI com armas usadas pelo Comando Vermelho - Daniel Matos","robots":{"index":"index","follow":"follow","max-snippet":"max-snippet:-1","max-image-preview":"max-image-preview:large","max-video-preview":"max-video-preview:-1"},"canonical":"https:\/\/www.blogsoestado.com\/danielmatos\/ladroes-de-banco-que-agiam-no-maranhao-sao-presos-no-piaui-com-armas-usadas-pelo-comando-vermelho\/","og_locale":"pt_BR","og_type":"article","og_title":"Ladr\u00f5es de banco que agiam no MA s\u00e3o presos no PI com armas usadas pelo Comando Vermelho - Daniel Matos","og_description":"Em a\u00e7\u00e3o conjunta da Pol\u00edcia Federal do Maranh\u00e3o, Deic, e Comiss\u00e3o Investigadora do Crime Organizado &#8211; CICO -, foram presos [&hellip;]","og_url":"https:\/\/www.blogsoestado.com\/danielmatos\/ladroes-de-banco-que-agiam-no-maranhao-sao-presos-no-piaui-com-armas-usadas-pelo-comando-vermelho\/","og_site_name":"Daniel Matos","article_published_time":"2009-10-26T21:01:27+00:00","og_image":[{"url":"https:\/\/www.blogsoestado.com\/danielmatos\/files\/2009\/10\/assalto.jpg","type":"","width":"","height":""}],"twitter_card":"summary_large_image","twitter_misc":{"Est. tempo de leitura":"1 minuto"},"schema":{"@context":"https:\/\/schema.org","@graph":[{"@type":"WebPage","@id":"https:\/\/www.blogsoestado.com\/danielmatos\/ladroes-de-banco-que-agiam-no-maranhao-sao-presos-no-piaui-com-armas-usadas-pelo-comando-vermelho\/","url":"https:\/\/www.blogsoestado.com\/danielmatos\/ladroes-de-banco-que-agiam-no-maranhao-sao-presos-no-piaui-com-armas-usadas-pelo-comando-vermelho\/","name":"Ladr\u00f5es de banco que agiam no MA s\u00e3o presos no PI com armas usadas pelo Comando Vermelho - Daniel Matos","isPartOf":{"@id":"https:\/\/www.blogsoestado.com\/danielmatos\/#website"},"primaryImageOfPage":{"@id":"https:\/\/www.blogsoestado.com\/danielmatos\/ladroes-de-banco-que-agiam-no-maranhao-sao-presos-no-piaui-com-armas-usadas-pelo-comando-vermelho\/#primaryimage"},"image":{"@id":"https:\/\/www.blogsoestado.com\/danielmatos\/ladroes-de-banco-que-agiam-no-maranhao-sao-presos-no-piaui-com-armas-usadas-pelo-comando-vermelho\/#primaryimage"},"thumbnailUrl":"https:\/\/www.blogsoestado.com\/danielmatos\/files\/2009\/10\/assalto.jpg","datePublished":"2009-10-26T21:01:27+00:00","author":{"@id":""},"breadcrumb":{"@id":"https:\/\/www.blogsoestado.com\/danielmatos\/ladroes-de-banco-que-agiam-no-maranhao-sao-presos-no-piaui-com-armas-usadas-pelo-comando-vermelho\/#breadcrumb"},"inLanguage":"pt-BR","potentialAction":[{"@type":"ReadAction","target":["https:\/\/www.blogsoestado.com\/danielmatos\/ladroes-de-banco-que-agiam-no-maranhao-sao-presos-no-piaui-com-armas-usadas-pelo-comando-vermelho\/"]}]},{"@type":"ImageObject","inLanguage":"pt-BR","@id":"https:\/\/www.blogsoestado.com\/danielmatos\/ladroes-de-banco-que-agiam-no-maranhao-sao-presos-no-piaui-com-armas-usadas-pelo-comando-vermelho\/#primaryimage","url":"https:\/\/www.blogsoestado.com\/danielmatos\/files\/2009\/10\/assalto.jpg","contentUrl":"https:\/\/www.blogsoestado.com\/danielmatos\/files\/2009\/10\/assalto.jpg"},{"@type":"BreadcrumbList","@id":"https:\/\/www.blogsoestado.com\/danielmatos\/ladroes-de-banco-que-agiam-no-maranhao-sao-presos-no-piaui-com-armas-usadas-pelo-comando-vermelho\/#breadcrumb","itemListElement":[{"@type":"ListItem","position":1,"name":"In\u00edcio","item":"https:\/\/www.blogsoestado.com\/danielmatos\/"},{"@type":"ListItem","position":2,"name":"Ladr\u00f5es de banco que agiam no MA s\u00e3o presos no PI com armas usadas pelo Comando Vermelho"}]},{"@type":"WebSite","@id":"https:\/\/www.blogsoestado.com\/danielmatos\/#website","url":"https:\/\/www.blogsoestado.com\/danielmatos\/","name":"Daniel Matos","description":"","potentialAction":[{"@type":"SearchAction","target":{"@type":"EntryPoint","urlTemplate":"https:\/\/www.blogsoestado.com\/danielmatos\/?s={search_term_string}"},"query-input":{"@type":"PropertyValueSpecification","valueRequired":true,"valueName":"search_term_string"}}],"inLanguage":"pt-BR"}]}},"jetpack_featured_media_url":"","_links":{"self":[{"href":"https:\/\/www.blogsoestado.com\/danielmatos\/wp-json\/wp\/v2\/posts\/1515","targetHints":{"allow":["GET"]}}],"collection":[{"href":"https:\/\/www.blogsoestado.com\/danielmatos\/wp-json\/wp\/v2\/posts"}],"about":[{"href":"https:\/\/www.blogsoestado.com\/danielmatos\/wp-json\/wp\/v2\/types\/post"}],"replies":[{"embeddable":true,"href":"https:\/\/www.blogsoestado.com\/danielmatos\/wp-json\/wp\/v2\/comments?post=1515"}],"version-history":[{"count":0,"href":"https:\/\/www.blogsoestado.com\/danielmatos\/wp-json\/wp\/v2\/posts\/1515\/revisions"}],"wp:attachment":[{"href":"https:\/\/www.blogsoestado.com\/danielmatos\/wp-json\/wp\/v2\/media?parent=1515"}],"wp:term":[{"taxonomy":"category","embeddable":true,"href":"https:\/\/www.blogsoestado.com\/danielmatos\/wp-json\/wp\/v2\/categories?post=1515"},{"taxonomy":"post_tag","embeddable":true,"href":"https:\/\/www.blogsoestado.com\/danielmatos\/wp-json\/wp\/v2\/tags?post=1515"}],"curies":[{"name":"wp","href":"https:\/\/api.w.org\/{rel}","templated":true}]}}