{"id":151798,"date":"2025-12-02T08:22:38","date_gmt":"2025-12-02T11:22:38","guid":{"rendered":"https:\/\/www.blogsoestado.com\/danielmatos\/?p=151798"},"modified":"2025-12-02T08:24:34","modified_gmt":"2025-12-02T11:24:34","slug":"ginasio-castelinho-recebera-confronto-entre-praia-clube-e-volei-renata-no-dia-8-de-dezembro-a-partir-das-20h","status":"publish","type":"post","link":"https:\/\/www.blogsoestado.com\/danielmatos\/ginasio-castelinho-recebera-confronto-entre-praia-clube-e-volei-renata-no-dia-8-de-dezembro-a-partir-das-20h\/","title":{"rendered":"Superliga: Gin\u00e1sio Castelinho receber\u00e1 confronto entre Praia Clube e V\u00f4lei Renata no dia 8 de dezembro, a partir das 20h"},"content":{"rendered":"\n<figure class=\"wp-block-image aligncenter size-full\"><img fetchpriority=\"high\" decoding=\"async\" width=\"1000\" height=\"666\" src=\"https:\/\/www.blogsoestado.com\/danielmatos\/wp-content\/uploads\/sites\/2\/2025\/12\/1004428589.jpg\" alt=\"\" class=\"wp-image-151799\" srcset=\"https:\/\/www.blogsoestado.com\/danielmatos\/wp-content\/uploads\/sites\/2\/2025\/12\/1004428589.jpg 1000w, https:\/\/www.blogsoestado.com\/danielmatos\/wp-content\/uploads\/sites\/2\/2025\/12\/1004428589-300x200.jpg 300w, https:\/\/www.blogsoestado.com\/danielmatos\/wp-content\/uploads\/sites\/2\/2025\/12\/1004428589-768x511.jpg 768w\" sizes=\"(max-width: 1000px) 100vw, 1000px\" \/><figcaption class=\"wp-element-caption\">O ponteiro Maur\u00edcio Borges defender\u00e1 o V\u00f4lei Renata em S\u00e3o Lu\u00eds<br>(Divulga\u00e7\u00e3o \/ V\u00f4lei Renata)<\/figcaption><\/figure>\n\n\n\n<p>Os f\u00e3s maranhenses de v\u00f4lei ter\u00e3o a oportunidade de presenciar uma partida hist\u00f3rica no dia 8 de dezembro, \u00e0s 20h, no Gin\u00e1sio Castelinho, em S\u00e3o Lu\u00eds. Praia Clube-MG e V\u00f4lei Renata-SP se enfrentar\u00e3o pela 9\u00aa rodada da fase classificat\u00f3ria da Superliga Masculina de V\u00f4lei 2025\/26, em um confronto direto pela lideran\u00e7a da competi\u00e7\u00e3o nacional e que reunir\u00e1 v\u00e1rios craques da modalidade: al\u00e9m de atletas multicampe\u00f5es pela Sele\u00e7\u00e3o Brasileira, Praia Clube e V\u00f4lei Renata contam com nomes de destaque nas estat\u00edsticas da Superliga, que \u00e9 um dos principais torneios esportivos do Brasil e considerada uma das ligas mais fortes da modalidade no mundo.<\/p>\n\n\n\n<p><em><strong><a href=\"https:\/\/mega.nz\/folder\/AlBU2aSL#VafoRIxjN81oFuyU2zzNrg\" target=\"_blank\" rel=\"noreferrer noopener\">LINK DE V\u00cdDEOS PARA DIVULGA\u00c7\u00c3O<\/a><\/strong><\/em><\/p>\n\n\n\n<p>L\u00edder isolado da Superliga Masculina 2025\/26, com 23 pontos somados ap\u00f3s nove vit\u00f3rias consecutivas, o Praia Clube \u00e9 liderado pelo experiente central Isac, de 34 anos, que j\u00e1 defendeu a Sele\u00e7\u00e3o Brasileira nas Olimp\u00edadas de 2020, em T\u00f3quio, e de 2024, em Paris. Com a camisa do Brasil, Isac conquistou os t\u00edtulos da Copa do Mundo 2019 e da Liga das Na\u00e7\u00f5es 2021, al\u00e9m de duas pratas na Liga Mundial e uma no Mundial de V\u00f4lei Masculino.<\/p>\n\n\n\n<p>J\u00e1 o V\u00f4lei Renata, que est\u00e1 em 3\u00b0 lugar na Superliga Masculina 2025\/26, com sete vit\u00f3rias em oito jogos e 20 pontos conquistados, vem a S\u00e3o Lu\u00eds sob a lideran\u00e7a de dois multicampe\u00f5es: Bruninho e Maur\u00edcio Souza, campe\u00f5es ol\u00edmpicos pela Sele\u00e7\u00e3o Brasileira em 2016, no Rio de Janeiro. Um dos maiores levantadores da hist\u00f3ria do v\u00f4lei brasileiro, Bruninho tem tr\u00eas medalhas ol\u00edmpicas e \u00e9 &#8220;campe\u00e3o de tudo&#8221; pela Sele\u00e7\u00e3o, vencendo torneios como o Mundial, a Copa do Mundo, a Liga das Na\u00e7\u00f5es, a Liga Mundial e os Jogos Pan-Americanos. J\u00e1 o ponteiro Maur\u00edcio Borges foi pe\u00e7a importante do Brasil em t\u00edtulos da Copa do Mundo, da Liga das Na\u00e7\u00f5es, da Liga Mundial e do Pan.<\/p>\n\n\n\n<p>&#8220;\u00c9 muito importante fomentar o esporte no Nordeste e levar esse jogo para o Maranh\u00e3o, um jogo de briga na parte de cima da tabela da Superliga, entre os primeiros colocados. Tenho certeza que vai ser um belo espet\u00e1culo. Fomentar o esporte com um jogo como esse \u00e9 imprescind\u00edvel para o crescimento do esporte na regi\u00e3o&#8221;, destaca Mauricio Borges, que \u00e9 natural de Macei\u00f3 e um dos atletas nordestinos com mais t\u00edtulos na hist\u00f3ria da Superliga Masculina.<\/p>\n\n\n\n<figure class=\"wp-block-image aligncenter size-full\"><img decoding=\"async\" width=\"1000\" height=\"666\" src=\"https:\/\/www.blogsoestado.com\/danielmatos\/wp-content\/uploads\/sites\/2\/2025\/12\/1004428601.jpg\" alt=\"\" class=\"wp-image-151800\" srcset=\"https:\/\/www.blogsoestado.com\/danielmatos\/wp-content\/uploads\/sites\/2\/2025\/12\/1004428601.jpg 1000w, https:\/\/www.blogsoestado.com\/danielmatos\/wp-content\/uploads\/sites\/2\/2025\/12\/1004428601-300x200.jpg 300w, https:\/\/www.blogsoestado.com\/danielmatos\/wp-content\/uploads\/sites\/2\/2025\/12\/1004428601-768x511.jpg 768w\" sizes=\"(max-width: 1000px) 100vw, 1000px\" \/><figcaption class=\"wp-element-caption\">O levantador Bruninho \u00e9 um dos destaques do V\u00f4lei Renata.<br>(Divulga\u00e7\u00e3o \/ V\u00f4lei Renata)<\/figcaption><\/figure>\n\n\n\n<p>Al\u00e9m dos nomes consagrados pelo longo per\u00edodo na Sele\u00e7\u00e3o Brasileira, Praia Clube e V\u00f4lei Renata contam com jogadores que est\u00e3o brilhando na Superliga Masculina 2025\/26. O time de Uberl\u00e2ndia tem o ponteiro Franco, maior pontuador da temporada at\u00e9 o momento, o central Wennder, segundo maior bloqueador da competi\u00e7\u00e3o, e os ponteiros Paulo Vinicios e Lucas L\u00f3h, ambos com passagens pela Sele\u00e7\u00e3o Brasileira. A equipe de Campinas, por sua vez, aposta em destaques como o ponteiro Adriano, que defendeu o Brasil nas Olimp\u00edadas de 2024, o central Judson, tamb\u00e9m com passagem pela Sele\u00e7\u00e3o Brasileira, e o oposto Bruno Lima, 5\u00b0 maior pontuador da Superliga at\u00e9 o momento.<\/p>\n\n\n\n<p>&#8220;A expectativa \u00e9 muito boa, tenho certeza que ser\u00e1 um grande jogo no Maranh\u00e3o e convidamos o torcedor para apoiar a gente. Vai ser um grande espet\u00e1culo. Eu nunca fui ao Maranh\u00e3o, estou ansioso para conhecer, acredito que vai acolhedor e com a casa cheia para torcer por n\u00f3s&#8221;, afirma Paulo Vinicios.<\/p>\n\n\n\n<p><strong>Ingresso solid\u00e1rio<\/strong><\/p>\n\n\n\n<p>As entradas para a partida da Superliga Masculina entre Praia Clube e V\u00f4lei Renata em S\u00e3o Lu\u00eds j\u00e1 est\u00e3o \u00e0 venda, com destaque para as op\u00e7\u00f5es do ingresso solid\u00e1rio nos setores Prata, Ouro e Experi\u00eancia Quadra, que proporciona um momento \u00fanico para os torcedores maranhenses apaixonados por v\u00f4lei.<\/p>\n\n\n\n<p>O ingresso solid\u00e1rio para o jogo entre V\u00f4lei Renata e Praia Clube em S\u00e3o Lu\u00eds conta com um desconto de praticamente 50% do valor em rela\u00e7\u00e3o ao ingresso inteiro, o que torna essa entrada uma \u00f3tima op\u00e7\u00e3o para os torcedores maranhenses. Para validar esse ingresso, o torcedor ter\u00e1 que entregar 2kg de alimento n\u00e3o perec\u00edvel na entrada do Gin\u00e1sio Castelinho.<\/p>\n\n\n\n<figure class=\"wp-block-image aligncenter size-full\"><img decoding=\"async\" width=\"614\" height=\"768\" src=\"https:\/\/www.blogsoestado.com\/danielmatos\/wp-content\/uploads\/sites\/2\/2025\/12\/1004428614.jpg\" alt=\"\" class=\"wp-image-151801\" srcset=\"https:\/\/www.blogsoestado.com\/danielmatos\/wp-content\/uploads\/sites\/2\/2025\/12\/1004428614.jpg 614w, https:\/\/www.blogsoestado.com\/danielmatos\/wp-content\/uploads\/sites\/2\/2025\/12\/1004428614-240x300.jpg 240w\" sizes=\"(max-width: 614px) 100vw, 614px\" \/><figcaption class=\"wp-element-caption\">O central Isac e o ponteiro Franco s\u00e3o os destaques do Praia Clube (Bruno Cunha \/ Praia Clube)<\/figcaption><\/figure>\n\n\n\n<p>O setor Experi\u00eancia em Quadra, por sua vez, \u00e9 uma \u00e1rea especial no Gin\u00e1sio Castelinho, com servi\u00e7os de open bar de \u00e1gua, sucos e refrigerantes, al\u00e9m de open food com salgadinhos, bolos e lanches. Al\u00e9m de toda essa comodidade, os torcedores v\u00e3o poder acompanhar a partida da Superliga Masculina na beira da quadra, vibrando bem de perto por seus \u00eddolos.<\/p>\n\n\n\n<p>Al\u00e9m disso, o jogo entre V\u00f4lei Renata e Praia Clube ter\u00e1 as meias-entradas v\u00e1lidas por lei para estudantes, professores, idosos, policiais militares, bombeiros, doadores de sangue e PCDs, cujos acompanhantes tamb\u00e9m t\u00eam direito ao ingresso com 50% de desconto em rela\u00e7\u00e3o ao valor integral.<\/p>\n\n\n\n<p>Os ingressos para o duelo entre Praia Clube e V\u00f4lei Renata no Gin\u00e1sio Castelinho est\u00e3o sendo comercializados no&nbsp;site&nbsp;e no app Banca do Ingresso. A venda f\u00edsica, por sua vez, ocorre na sede da Federa\u00e7\u00e3o Maranhense de V\u00f4lei (FMV), que fica localizada na Arena Domingos Leal, na Lagoa da Jansen, em S\u00e3o Lu\u00eds.<\/p>\n\n\n\n<p>Outras informa\u00e7\u00f5es sobre o jogo entre Praia Clube e V\u00f4lei Renata no Gin\u00e1sio Castelinho est\u00e3o dispon\u00edveis no Instagram oficial do evento (@superliganomaranhao).&nbsp;&nbsp;<\/p>\n\n\n\n<p><strong>VALORES DOS INGRESSOS PARA PRAIA CLUBE X V\u00d4LEI RENATA EM S\u00c3O LU\u00cdS<\/strong><\/p>\n\n\n\n<p><strong>Cadeira Prata<\/strong><\/p>\n\n\n\n<p>Meia-entrada: R$ 60<\/p>\n\n\n\n<p>Solid\u00e1rio: R$ 70 + 2kg de alimento<\/p>\n\n\n\n<p>Inteira: R$ 120<\/p>\n\n\n\n<p><strong>Cadeira Ouro<\/strong><\/p>\n\n\n\n<p>Meia-entrada: R$ 120<\/p>\n\n\n\n<p>Solid\u00e1rio: R$ 130 + 2kg de alimento<\/p>\n\n\n\n<p>Inteira: R$ 240<\/p>\n\n\n\n<p><strong>Experi\u00eancia Quadra<\/strong><\/p>\n\n\n\n<p>Meia-entrada: R$ 250<\/p>\n\n\n\n<p>Solid\u00e1rio: R$ 300 + 2kg de alimento<\/p>\n\n\n\n<p>Inteira: R$ 500<\/p>\n\n\n\n<p><strong>POSTOS DE VENDA<\/strong><\/p>\n\n\n\n<p>&#8211; Banca do Ingresso (site e app)<\/p>\n\n\n\n<p>&#8211; Sede da FMV (Arena Domingos Leal) \/ Segunda-feira: 14h \u00e0s 18h &#8211; Ter\u00e7a a sexta: 9h \u00e0s 12h \/ 14h \u00e0s 18h<\/p>\n","protected":false},"excerpt":{"rendered":"<p>Os f\u00e3s maranhenses de v\u00f4lei ter\u00e3o a oportunidade de presenciar uma partida hist\u00f3rica no dia 8 de dezembro, \u00e0s 20h, [&hellip;]<\/p>\n","protected":false},"author":2,"featured_media":0,"comment_status":"open","ping_status":"open","sticky":false,"template":"","format":"standard","meta":{"site-sidebar-layout":"default","site-content-layout":"","ast-site-content-layout":"default","site-content-style":"default","site-sidebar-style":"default","ast-global-header-display":"","ast-banner-title-visibility":"","ast-main-header-display":"","ast-hfb-above-header-display":"","ast-hfb-below-header-display":"","ast-hfb-mobile-header-display":"","site-post-title":"","ast-breadcrumbs-content":"","ast-featured-img":"","footer-sml-layout":"","ast-disable-related-posts":"","theme-transparent-header-meta":"","adv-header-id-meta":"","stick-header-meta":"","header-above-stick-meta":"","header-main-stick-meta":"","header-below-stick-meta":"","astra-migrate-meta-layouts":"default","ast-page-background-enabled":"default","ast-page-background-meta":{"desktop":{"background-color":"var(--ast-global-color-5)","background-image":"","background-repeat":"repeat","background-position":"center center","background-size":"auto","background-attachment":"scroll","background-type":"","background-media":"","overlay-type":"","overlay-color":"","overlay-opacity":"","overlay-gradient":""},"tablet":{"background-color":"","background-image":"","background-repeat":"repeat","background-position":"center center","background-size":"auto","background-attachment":"scroll","background-type":"","background-media":"","overlay-type":"","overlay-color":"","overlay-opacity":"","overlay-gradient":""},"mobile":{"background-color":"","background-image":"","background-repeat":"repeat","background-position":"center center","background-size":"auto","background-attachment":"scroll","background-type":"","background-media":"","overlay-type":"","overlay-color":"","overlay-opacity":"","overlay-gradient":""}},"ast-content-background-meta":{"desktop":{"background-color":"var(--ast-global-color-4)","background-image":"","background-repeat":"repeat","background-position":"center center","background-size":"auto","background-attachment":"scroll","background-type":"","background-media":"","overlay-type":"","overlay-color":"","overlay-opacity":"","overlay-gradient":""},"tablet":{"background-color":"var(--ast-global-color-4)","background-image":"","background-repeat":"repeat","background-position":"center center","background-size":"auto","background-attachment":"scroll","background-type":"","background-media":"","overlay-type":"","overlay-color":"","overlay-opacity":"","overlay-gradient":""},"mobile":{"background-color":"var(--ast-global-color-4)","background-image":"","background-repeat":"repeat","background-position":"center center","background-size":"auto","background-attachment":"scroll","background-type":"","background-media":"","overlay-type":"","overlay-color":"","overlay-opacity":"","overlay-gradient":""}},"footnotes":""},"categories":[1],"tags":[],"class_list":["post-151798","post","type-post","status-publish","format-standard","hentry","category-sem-categoria"],"yoast_head":"<!-- This site is optimized with the Yoast SEO plugin v26.6 - https:\/\/yoast.com\/wordpress\/plugins\/seo\/ -->\n<title>Superliga: Gin\u00e1sio Castelinho receber\u00e1 confronto entre Praia Clube e V\u00f4lei Renata no dia 8 de dezembro, a partir das 20h - Daniel Matos<\/title>\n<meta name=\"robots\" content=\"index, follow, max-snippet:-1, max-image-preview:large, max-video-preview:-1\" \/>\n<link rel=\"canonical\" href=\"https:\/\/www.blogsoestado.com\/danielmatos\/ginasio-castelinho-recebera-confronto-entre-praia-clube-e-volei-renata-no-dia-8-de-dezembro-a-partir-das-20h\/\" \/>\n<meta property=\"og:locale\" content=\"pt_BR\" \/>\n<meta property=\"og:type\" content=\"article\" \/>\n<meta property=\"og:title\" content=\"Superliga: Gin\u00e1sio Castelinho receber\u00e1 confronto entre Praia Clube e V\u00f4lei Renata no dia 8 de dezembro, a partir das 20h - Daniel Matos\" \/>\n<meta property=\"og:description\" content=\"Os f\u00e3s maranhenses de v\u00f4lei ter\u00e3o a oportunidade de presenciar uma partida hist\u00f3rica no dia 8 de dezembro, \u00e0s 20h, [&hellip;]\" \/>\n<meta property=\"og:url\" content=\"https:\/\/www.blogsoestado.com\/danielmatos\/ginasio-castelinho-recebera-confronto-entre-praia-clube-e-volei-renata-no-dia-8-de-dezembro-a-partir-das-20h\/\" \/>\n<meta property=\"og:site_name\" content=\"Daniel Matos\" \/>\n<meta property=\"article:published_time\" content=\"2025-12-02T11:22:38+00:00\" \/>\n<meta property=\"article:modified_time\" content=\"2025-12-02T11:24:34+00:00\" \/>\n<meta property=\"og:image\" content=\"https:\/\/www.blogsoestado.com\/danielmatos\/wp-content\/uploads\/sites\/2\/2025\/12\/1004428589.jpg\" \/>\n\t<meta property=\"og:image:width\" content=\"1000\" \/>\n\t<meta property=\"og:image:height\" content=\"666\" \/>\n\t<meta property=\"og:image:type\" content=\"image\/jpeg\" \/>\n<meta name=\"author\" content=\"Daniel Matos\" \/>\n<meta name=\"twitter:card\" content=\"summary_large_image\" \/>\n<meta name=\"twitter:label1\" content=\"Escrito por\" \/>\n\t<meta name=\"twitter:data1\" content=\"Daniel Matos\" \/>\n\t<meta name=\"twitter:label2\" content=\"Est. tempo de leitura\" \/>\n\t<meta name=\"twitter:data2\" content=\"6 minutos\" \/>\n<script type=\"application\/ld+json\" class=\"yoast-schema-graph\">{\"@context\":\"https:\/\/schema.org\",\"@graph\":[{\"@type\":\"WebPage\",\"@id\":\"https:\/\/www.blogsoestado.com\/danielmatos\/ginasio-castelinho-recebera-confronto-entre-praia-clube-e-volei-renata-no-dia-8-de-dezembro-a-partir-das-20h\/\",\"url\":\"https:\/\/www.blogsoestado.com\/danielmatos\/ginasio-castelinho-recebera-confronto-entre-praia-clube-e-volei-renata-no-dia-8-de-dezembro-a-partir-das-20h\/\",\"name\":\"Superliga: Gin\u00e1sio Castelinho receber\u00e1 confronto entre Praia Clube e V\u00f4lei Renata no dia 8 de dezembro, a partir das 20h - Daniel Matos\",\"isPartOf\":{\"@id\":\"https:\/\/www.blogsoestado.com\/danielmatos\/#website\"},\"primaryImageOfPage\":{\"@id\":\"https:\/\/www.blogsoestado.com\/danielmatos\/ginasio-castelinho-recebera-confronto-entre-praia-clube-e-volei-renata-no-dia-8-de-dezembro-a-partir-das-20h\/#primaryimage\"},\"image\":{\"@id\":\"https:\/\/www.blogsoestado.com\/danielmatos\/ginasio-castelinho-recebera-confronto-entre-praia-clube-e-volei-renata-no-dia-8-de-dezembro-a-partir-das-20h\/#primaryimage\"},\"thumbnailUrl\":\"https:\/\/www.blogsoestado.com\/danielmatos\/wp-content\/uploads\/sites\/2\/2025\/12\/1004428589.jpg\",\"datePublished\":\"2025-12-02T11:22:38+00:00\",\"dateModified\":\"2025-12-02T11:24:34+00:00\",\"author\":{\"@id\":\"https:\/\/www.blogsoestado.com\/danielmatos\/#\/schema\/person\/9a209d407cd45631f131e1285b661bb0\"},\"breadcrumb\":{\"@id\":\"https:\/\/www.blogsoestado.com\/danielmatos\/ginasio-castelinho-recebera-confronto-entre-praia-clube-e-volei-renata-no-dia-8-de-dezembro-a-partir-das-20h\/#breadcrumb\"},\"inLanguage\":\"pt-BR\",\"potentialAction\":[{\"@type\":\"ReadAction\",\"target\":[\"https:\/\/www.blogsoestado.com\/danielmatos\/ginasio-castelinho-recebera-confronto-entre-praia-clube-e-volei-renata-no-dia-8-de-dezembro-a-partir-das-20h\/\"]}]},{\"@type\":\"ImageObject\",\"inLanguage\":\"pt-BR\",\"@id\":\"https:\/\/www.blogsoestado.com\/danielmatos\/ginasio-castelinho-recebera-confronto-entre-praia-clube-e-volei-renata-no-dia-8-de-dezembro-a-partir-das-20h\/#primaryimage\",\"url\":\"https:\/\/www.blogsoestado.com\/danielmatos\/wp-content\/uploads\/sites\/2\/2025\/12\/1004428589.jpg\",\"contentUrl\":\"https:\/\/www.blogsoestado.com\/danielmatos\/wp-content\/uploads\/sites\/2\/2025\/12\/1004428589.jpg\",\"width\":1000,\"height\":666},{\"@type\":\"BreadcrumbList\",\"@id\":\"https:\/\/www.blogsoestado.com\/danielmatos\/ginasio-castelinho-recebera-confronto-entre-praia-clube-e-volei-renata-no-dia-8-de-dezembro-a-partir-das-20h\/#breadcrumb\",\"itemListElement\":[{\"@type\":\"ListItem\",\"position\":1,\"name\":\"In\u00edcio\",\"item\":\"https:\/\/www.blogsoestado.com\/danielmatos\/\"},{\"@type\":\"ListItem\",\"position\":2,\"name\":\"Superliga: Gin\u00e1sio Castelinho receber\u00e1 confronto entre Praia Clube e V\u00f4lei Renata no dia 8 de dezembro, a partir das 20h\"}]},{\"@type\":\"WebSite\",\"@id\":\"https:\/\/www.blogsoestado.com\/danielmatos\/#website\",\"url\":\"https:\/\/www.blogsoestado.com\/danielmatos\/\",\"name\":\"Daniel Matos\",\"description\":\"\",\"potentialAction\":[{\"@type\":\"SearchAction\",\"target\":{\"@type\":\"EntryPoint\",\"urlTemplate\":\"https:\/\/www.blogsoestado.com\/danielmatos\/?s={search_term_string}\"},\"query-input\":{\"@type\":\"PropertyValueSpecification\",\"valueRequired\":true,\"valueName\":\"search_term_string\"}}],\"inLanguage\":\"pt-BR\"},{\"@type\":\"Person\",\"@id\":\"https:\/\/www.blogsoestado.com\/danielmatos\/#\/schema\/person\/9a209d407cd45631f131e1285b661bb0\",\"name\":\"Daniel Matos\",\"image\":{\"@type\":\"ImageObject\",\"inLanguage\":\"pt-BR\",\"@id\":\"https:\/\/www.blogsoestado.com\/danielmatos\/#\/schema\/person\/image\/\",\"url\":\"https:\/\/secure.gravatar.com\/avatar\/2f26c36ee355da19a257f0dfef43952a2588b324ca35d6719e859fe338ac0392?s=96&d=mm&r=g\",\"contentUrl\":\"https:\/\/secure.gravatar.com\/avatar\/2f26c36ee355da19a257f0dfef43952a2588b324ca35d6719e859fe338ac0392?s=96&d=mm&r=g\",\"caption\":\"Daniel Matos\"},\"url\":\"https:\/\/www.blogsoestado.com\/danielmatos\/author\/danielmatos\/\"}]}<\/script>\n<!-- \/ Yoast SEO plugin. -->","yoast_head_json":{"title":"Superliga: Gin\u00e1sio Castelinho receber\u00e1 confronto entre Praia Clube e V\u00f4lei Renata no dia 8 de dezembro, a partir das 20h - Daniel Matos","robots":{"index":"index","follow":"follow","max-snippet":"max-snippet:-1","max-image-preview":"max-image-preview:large","max-video-preview":"max-video-preview:-1"},"canonical":"https:\/\/www.blogsoestado.com\/danielmatos\/ginasio-castelinho-recebera-confronto-entre-praia-clube-e-volei-renata-no-dia-8-de-dezembro-a-partir-das-20h\/","og_locale":"pt_BR","og_type":"article","og_title":"Superliga: Gin\u00e1sio Castelinho receber\u00e1 confronto entre Praia Clube e V\u00f4lei Renata no dia 8 de dezembro, a partir das 20h - Daniel Matos","og_description":"Os f\u00e3s maranhenses de v\u00f4lei ter\u00e3o a oportunidade de presenciar uma partida hist\u00f3rica no dia 8 de dezembro, \u00e0s 20h, [&hellip;]","og_url":"https:\/\/www.blogsoestado.com\/danielmatos\/ginasio-castelinho-recebera-confronto-entre-praia-clube-e-volei-renata-no-dia-8-de-dezembro-a-partir-das-20h\/","og_site_name":"Daniel Matos","article_published_time":"2025-12-02T11:22:38+00:00","article_modified_time":"2025-12-02T11:24:34+00:00","og_image":[{"width":1000,"height":666,"url":"https:\/\/www.blogsoestado.com\/danielmatos\/wp-content\/uploads\/sites\/2\/2025\/12\/1004428589.jpg","type":"image\/jpeg"}],"author":"Daniel Matos","twitter_card":"summary_large_image","twitter_misc":{"Escrito por":"Daniel Matos","Est. tempo de leitura":"6 minutos"},"schema":{"@context":"https:\/\/schema.org","@graph":[{"@type":"WebPage","@id":"https:\/\/www.blogsoestado.com\/danielmatos\/ginasio-castelinho-recebera-confronto-entre-praia-clube-e-volei-renata-no-dia-8-de-dezembro-a-partir-das-20h\/","url":"https:\/\/www.blogsoestado.com\/danielmatos\/ginasio-castelinho-recebera-confronto-entre-praia-clube-e-volei-renata-no-dia-8-de-dezembro-a-partir-das-20h\/","name":"Superliga: Gin\u00e1sio Castelinho receber\u00e1 confronto entre Praia Clube e V\u00f4lei Renata no dia 8 de dezembro, a partir das 20h - Daniel Matos","isPartOf":{"@id":"https:\/\/www.blogsoestado.com\/danielmatos\/#website"},"primaryImageOfPage":{"@id":"https:\/\/www.blogsoestado.com\/danielmatos\/ginasio-castelinho-recebera-confronto-entre-praia-clube-e-volei-renata-no-dia-8-de-dezembro-a-partir-das-20h\/#primaryimage"},"image":{"@id":"https:\/\/www.blogsoestado.com\/danielmatos\/ginasio-castelinho-recebera-confronto-entre-praia-clube-e-volei-renata-no-dia-8-de-dezembro-a-partir-das-20h\/#primaryimage"},"thumbnailUrl":"https:\/\/www.blogsoestado.com\/danielmatos\/wp-content\/uploads\/sites\/2\/2025\/12\/1004428589.jpg","datePublished":"2025-12-02T11:22:38+00:00","dateModified":"2025-12-02T11:24:34+00:00","author":{"@id":"https:\/\/www.blogsoestado.com\/danielmatos\/#\/schema\/person\/9a209d407cd45631f131e1285b661bb0"},"breadcrumb":{"@id":"https:\/\/www.blogsoestado.com\/danielmatos\/ginasio-castelinho-recebera-confronto-entre-praia-clube-e-volei-renata-no-dia-8-de-dezembro-a-partir-das-20h\/#breadcrumb"},"inLanguage":"pt-BR","potentialAction":[{"@type":"ReadAction","target":["https:\/\/www.blogsoestado.com\/danielmatos\/ginasio-castelinho-recebera-confronto-entre-praia-clube-e-volei-renata-no-dia-8-de-dezembro-a-partir-das-20h\/"]}]},{"@type":"ImageObject","inLanguage":"pt-BR","@id":"https:\/\/www.blogsoestado.com\/danielmatos\/ginasio-castelinho-recebera-confronto-entre-praia-clube-e-volei-renata-no-dia-8-de-dezembro-a-partir-das-20h\/#primaryimage","url":"https:\/\/www.blogsoestado.com\/danielmatos\/wp-content\/uploads\/sites\/2\/2025\/12\/1004428589.jpg","contentUrl":"https:\/\/www.blogsoestado.com\/danielmatos\/wp-content\/uploads\/sites\/2\/2025\/12\/1004428589.jpg","width":1000,"height":666},{"@type":"BreadcrumbList","@id":"https:\/\/www.blogsoestado.com\/danielmatos\/ginasio-castelinho-recebera-confronto-entre-praia-clube-e-volei-renata-no-dia-8-de-dezembro-a-partir-das-20h\/#breadcrumb","itemListElement":[{"@type":"ListItem","position":1,"name":"In\u00edcio","item":"https:\/\/www.blogsoestado.com\/danielmatos\/"},{"@type":"ListItem","position":2,"name":"Superliga: Gin\u00e1sio Castelinho receber\u00e1 confronto entre Praia Clube e V\u00f4lei Renata no dia 8 de dezembro, a partir das 20h"}]},{"@type":"WebSite","@id":"https:\/\/www.blogsoestado.com\/danielmatos\/#website","url":"https:\/\/www.blogsoestado.com\/danielmatos\/","name":"Daniel Matos","description":"","potentialAction":[{"@type":"SearchAction","target":{"@type":"EntryPoint","urlTemplate":"https:\/\/www.blogsoestado.com\/danielmatos\/?s={search_term_string}"},"query-input":{"@type":"PropertyValueSpecification","valueRequired":true,"valueName":"search_term_string"}}],"inLanguage":"pt-BR"},{"@type":"Person","@id":"https:\/\/www.blogsoestado.com\/danielmatos\/#\/schema\/person\/9a209d407cd45631f131e1285b661bb0","name":"Daniel Matos","image":{"@type":"ImageObject","inLanguage":"pt-BR","@id":"https:\/\/www.blogsoestado.com\/danielmatos\/#\/schema\/person\/image\/","url":"https:\/\/secure.gravatar.com\/avatar\/2f26c36ee355da19a257f0dfef43952a2588b324ca35d6719e859fe338ac0392?s=96&d=mm&r=g","contentUrl":"https:\/\/secure.gravatar.com\/avatar\/2f26c36ee355da19a257f0dfef43952a2588b324ca35d6719e859fe338ac0392?s=96&d=mm&r=g","caption":"Daniel Matos"},"url":"https:\/\/www.blogsoestado.com\/danielmatos\/author\/danielmatos\/"}]}},"jetpack_featured_media_url":"","_links":{"self":[{"href":"https:\/\/www.blogsoestado.com\/danielmatos\/wp-json\/wp\/v2\/posts\/151798","targetHints":{"allow":["GET"]}}],"collection":[{"href":"https:\/\/www.blogsoestado.com\/danielmatos\/wp-json\/wp\/v2\/posts"}],"about":[{"href":"https:\/\/www.blogsoestado.com\/danielmatos\/wp-json\/wp\/v2\/types\/post"}],"author":[{"embeddable":true,"href":"https:\/\/www.blogsoestado.com\/danielmatos\/wp-json\/wp\/v2\/users\/2"}],"replies":[{"embeddable":true,"href":"https:\/\/www.blogsoestado.com\/danielmatos\/wp-json\/wp\/v2\/comments?post=151798"}],"version-history":[{"count":2,"href":"https:\/\/www.blogsoestado.com\/danielmatos\/wp-json\/wp\/v2\/posts\/151798\/revisions"}],"predecessor-version":[{"id":151803,"href":"https:\/\/www.blogsoestado.com\/danielmatos\/wp-json\/wp\/v2\/posts\/151798\/revisions\/151803"}],"wp:attachment":[{"href":"https:\/\/www.blogsoestado.com\/danielmatos\/wp-json\/wp\/v2\/media?parent=151798"}],"wp:term":[{"taxonomy":"category","embeddable":true,"href":"https:\/\/www.blogsoestado.com\/danielmatos\/wp-json\/wp\/v2\/categories?post=151798"},{"taxonomy":"post_tag","embeddable":true,"href":"https:\/\/www.blogsoestado.com\/danielmatos\/wp-json\/wp\/v2\/tags?post=151798"}],"curies":[{"name":"wp","href":"https:\/\/api.w.org\/{rel}","templated":true}]}}