{"id":151818,"date":"2025-12-02T11:11:37","date_gmt":"2025-12-02T14:11:37","guid":{"rendered":"https:\/\/www.blogsoestado.com\/danielmatos\/?p=151818"},"modified":"2025-12-02T11:11:42","modified_gmt":"2025-12-02T14:11:42","slug":"nosso-lider-carlos-brandao-dara-a-diretriz-para-2026-afirma-orleans","status":"publish","type":"post","link":"https:\/\/www.blogsoestado.com\/danielmatos\/nosso-lider-carlos-brandao-dara-a-diretriz-para-2026-afirma-orleans\/","title":{"rendered":"&#8220;Nosso l\u00edder Carlos Brand\u00e3o dar\u00e1 a diretriz para 2026\u201d, afirma Orleans"},"content":{"rendered":"\n<figure class=\"wp-block-image aligncenter size-large\"><img fetchpriority=\"high\" decoding=\"async\" width=\"683\" height=\"1024\" src=\"https:\/\/www.blogsoestado.com\/danielmatos\/wp-content\/uploads\/sites\/2\/2025\/12\/1004430435-683x1024.jpg\" alt=\"\" class=\"wp-image-151819\" srcset=\"https:\/\/www.blogsoestado.com\/danielmatos\/wp-content\/uploads\/sites\/2\/2025\/12\/1004430435-683x1024.jpg 683w, https:\/\/www.blogsoestado.com\/danielmatos\/wp-content\/uploads\/sites\/2\/2025\/12\/1004430435-200x300.jpg 200w, https:\/\/www.blogsoestado.com\/danielmatos\/wp-content\/uploads\/sites\/2\/2025\/12\/1004430435-768x1151.jpg 768w, https:\/\/www.blogsoestado.com\/danielmatos\/wp-content\/uploads\/sites\/2\/2025\/12\/1004430435.jpg 854w\" sizes=\"(max-width: 683px) 100vw, 683px\" \/><figcaption class=\"wp-element-caption\">O secret\u00e1rio de Estado de Assuntos Municipalistas, Orleans Brand\u00e3o, afirmou que, sob a lideran\u00e7a do governador Carlos Brand\u00e3o,.o seu grupo pol\u00edtico decidir\u00e1 sobre a disputa majorit\u00e1ria em 2026<\/figcaption><\/figure>\n\n\n\n<p>Em entrevista ao quadro Bastidores, no programa Bom Dia Mirante, o novo presidente estadual do MDB, Orleans Brand\u00e3o, afirmou nesta ter\u00e7a-feira (2) que, sob a lideran\u00e7a do governador Carlos Brand\u00e3o, no momento certo seu grupo pol\u00edtico decidir\u00e1 sobre a disputa majorit\u00e1ria das elei\u00e7\u00f5es de 2026 no Maranh\u00e3o.<\/p>\n\n\n\n<p>\u201cAssumo o comando do MDB com a miss\u00e3o de dar continuidade ao processo de fortalecimento do partido no Maranh\u00e3o, t\u00e3o bem conduzido nas elei\u00e7\u00f5es de 2024 pelo ent\u00e3o presidente Marcus Brand\u00e3o, que culminou com o aumento de sete para 37 prefeitos eleitos. Da mesma forma, vamos trabalhar para eleger uma grande bancada de deputados estaduais e federais em 2026\u201d, declarou Orleans Brand\u00e3o.<\/p>\n\n\n\n<p>Ainda sobre as elei\u00e7\u00f5es de 2026, Orleans ressaltou que um partido hist\u00f3rico como o MDB tem que ter participa\u00e7\u00e3o na disputa majorit\u00e1ria. \u201cIntegramos um grupo pol\u00edtico forte, com a maioria dos prefeitos, vereadores e deputados que apoiam um governo que tem mais de 70% de aprova\u00e7\u00e3o porque tem realizado grandes obras e executado pol\u00edticas p\u00fablicas que est\u00e3o melhorando a vida das pessoas. \u00c9 esse processo de desenvolvimento do Maranh\u00e3o que deve ter continuidade\u201d, disse ele, em entrevista \u00e0 jornalista Carla Lima.<\/p>\n\n\n\n<figure class=\"wp-block-image aligncenter size-large\"><img decoding=\"async\" width=\"1024\" height=\"683\" src=\"https:\/\/www.blogsoestado.com\/danielmatos\/wp-content\/uploads\/sites\/2\/2025\/12\/1004430437-1024x683.jpg\" alt=\"\" class=\"wp-image-151820\" srcset=\"https:\/\/www.blogsoestado.com\/danielmatos\/wp-content\/uploads\/sites\/2\/2025\/12\/1004430437-1024x683.jpg 1024w, https:\/\/www.blogsoestado.com\/danielmatos\/wp-content\/uploads\/sites\/2\/2025\/12\/1004430437-300x200.jpg 300w, https:\/\/www.blogsoestado.com\/danielmatos\/wp-content\/uploads\/sites\/2\/2025\/12\/1004430437-768x512.jpg 768w, https:\/\/www.blogsoestado.com\/danielmatos\/wp-content\/uploads\/sites\/2\/2025\/12\/1004430437.jpg 1280w\" sizes=\"(max-width: 1024px) 100vw, 1024px\" \/><figcaption class=\"wp-element-caption\">Ainda sobre as elei\u00e7\u00f5es de 2026, Orleans ressaltou que um partido hist\u00f3rico como o MDB tem que ter participa\u00e7\u00e3o na disputa majorit\u00e1ria<\/figcaption><\/figure>\n\n\n\n<p>Ao ser questionado sobre os resultados do programa de combate \u00e0 fome por ele liderado, Orleans Brand\u00e3o lembrou que nos \u00faltimos tr\u00eas anos mais de um milh\u00e3o de pessoas sa\u00edram da pobreza extrema no Maranh\u00e3o, e que o governo criou o programa Maranh\u00e3o Livre da Fome para resgatar as cerca de 500 mil pessoas que ainda passavam fome no estado.<\/p>\n\n\n\n<p>\u201cRecebo com muita responsabilidade o reconhecimento da popula\u00e7\u00e3o ao trabalho que realizamos nos \u00faltimos tr\u00eas anos como secret\u00e1rio de Assuntos Municipalistas, sob o comando do governador Carlos Brand\u00e3o. E \u00e9 ele quem, na hora certa, dar\u00e1 a diretriz e nosso grupo pol\u00edtico escolher\u00e1 o que for melhor para o povo do Maranh\u00e3o\u201d, finalizou o presidente do MDB.<\/p>\n","protected":false},"excerpt":{"rendered":"<p>Em entrevista ao quadro Bastidores, no programa Bom Dia Mirante, o novo presidente estadual do MDB, Orleans Brand\u00e3o, afirmou nesta [&hellip;]<\/p>\n","protected":false},"author":2,"featured_media":0,"comment_status":"open","ping_status":"open","sticky":false,"template":"","format":"standard","meta":{"site-sidebar-layout":"default","site-content-layout":"","ast-site-content-layout":"default","site-content-style":"default","site-sidebar-style":"default","ast-global-header-display":"","ast-banner-title-visibility":"","ast-main-header-display":"","ast-hfb-above-header-display":"","ast-hfb-below-header-display":"","ast-hfb-mobile-header-display":"","site-post-title":"","ast-breadcrumbs-content":"","ast-featured-img":"","footer-sml-layout":"","ast-disable-related-posts":"","theme-transparent-header-meta":"","adv-header-id-meta":"","stick-header-meta":"","header-above-stick-meta":"","header-main-stick-meta":"","header-below-stick-meta":"","astra-migrate-meta-layouts":"default","ast-page-background-enabled":"default","ast-page-background-meta":{"desktop":{"background-color":"var(--ast-global-color-5)","background-image":"","background-repeat":"repeat","background-position":"center center","background-size":"auto","background-attachment":"scroll","background-type":"","background-media":"","overlay-type":"","overlay-color":"","overlay-opacity":"","overlay-gradient":""},"tablet":{"background-color":"","background-image":"","background-repeat":"repeat","background-position":"center center","background-size":"auto","background-attachment":"scroll","background-type":"","background-media":"","overlay-type":"","overlay-color":"","overlay-opacity":"","overlay-gradient":""},"mobile":{"background-color":"","background-image":"","background-repeat":"repeat","background-position":"center center","background-size":"auto","background-attachment":"scroll","background-type":"","background-media":"","overlay-type":"","overlay-color":"","overlay-opacity":"","overlay-gradient":""}},"ast-content-background-meta":{"desktop":{"background-color":"var(--ast-global-color-4)","background-image":"","background-repeat":"repeat","background-position":"center center","background-size":"auto","background-attachment":"scroll","background-type":"","background-media":"","overlay-type":"","overlay-color":"","overlay-opacity":"","overlay-gradient":""},"tablet":{"background-color":"var(--ast-global-color-4)","background-image":"","background-repeat":"repeat","background-position":"center center","background-size":"auto","background-attachment":"scroll","background-type":"","background-media":"","overlay-type":"","overlay-color":"","overlay-opacity":"","overlay-gradient":""},"mobile":{"background-color":"var(--ast-global-color-4)","background-image":"","background-repeat":"repeat","background-position":"center center","background-size":"auto","background-attachment":"scroll","background-type":"","background-media":"","overlay-type":"","overlay-color":"","overlay-opacity":"","overlay-gradient":""}},"footnotes":""},"categories":[1],"tags":[],"class_list":["post-151818","post","type-post","status-publish","format-standard","hentry","category-sem-categoria"],"yoast_head":"<!-- This site is optimized with the Yoast SEO plugin v26.6 - https:\/\/yoast.com\/wordpress\/plugins\/seo\/ -->\n<title>&quot;Nosso l\u00edder Carlos Brand\u00e3o dar\u00e1 a diretriz para 2026\u201d, afirma Orleans - Daniel Matos<\/title>\n<meta name=\"robots\" content=\"index, follow, max-snippet:-1, max-image-preview:large, max-video-preview:-1\" \/>\n<link rel=\"canonical\" href=\"https:\/\/www.blogsoestado.com\/danielmatos\/nosso-lider-carlos-brandao-dara-a-diretriz-para-2026-afirma-orleans\/\" \/>\n<meta property=\"og:locale\" content=\"pt_BR\" \/>\n<meta property=\"og:type\" content=\"article\" \/>\n<meta property=\"og:title\" content=\"&quot;Nosso l\u00edder Carlos Brand\u00e3o dar\u00e1 a diretriz para 2026\u201d, afirma Orleans - Daniel Matos\" \/>\n<meta property=\"og:description\" content=\"Em entrevista ao quadro Bastidores, no programa Bom Dia Mirante, o novo presidente estadual do MDB, Orleans Brand\u00e3o, afirmou nesta [&hellip;]\" \/>\n<meta property=\"og:url\" content=\"https:\/\/www.blogsoestado.com\/danielmatos\/nosso-lider-carlos-brandao-dara-a-diretriz-para-2026-afirma-orleans\/\" \/>\n<meta property=\"og:site_name\" content=\"Daniel Matos\" \/>\n<meta property=\"article:published_time\" content=\"2025-12-02T14:11:37+00:00\" \/>\n<meta property=\"article:modified_time\" content=\"2025-12-02T14:11:42+00:00\" \/>\n<meta property=\"og:image\" content=\"https:\/\/www.blogsoestado.com\/danielmatos\/wp-content\/uploads\/sites\/2\/2025\/12\/1004430435.jpg\" \/>\n\t<meta property=\"og:image:width\" content=\"854\" \/>\n\t<meta property=\"og:image:height\" content=\"1280\" \/>\n\t<meta property=\"og:image:type\" content=\"image\/jpeg\" \/>\n<meta name=\"author\" content=\"Daniel Matos\" \/>\n<meta name=\"twitter:card\" content=\"summary_large_image\" \/>\n<meta name=\"twitter:label1\" content=\"Escrito por\" \/>\n\t<meta name=\"twitter:data1\" content=\"Daniel Matos\" \/>\n\t<meta name=\"twitter:label2\" content=\"Est. tempo de leitura\" \/>\n\t<meta name=\"twitter:data2\" content=\"3 minutos\" \/>\n<script type=\"application\/ld+json\" class=\"yoast-schema-graph\">{\"@context\":\"https:\/\/schema.org\",\"@graph\":[{\"@type\":\"WebPage\",\"@id\":\"https:\/\/www.blogsoestado.com\/danielmatos\/nosso-lider-carlos-brandao-dara-a-diretriz-para-2026-afirma-orleans\/\",\"url\":\"https:\/\/www.blogsoestado.com\/danielmatos\/nosso-lider-carlos-brandao-dara-a-diretriz-para-2026-afirma-orleans\/\",\"name\":\"\\\"Nosso l\u00edder Carlos Brand\u00e3o dar\u00e1 a diretriz para 2026\u201d, afirma Orleans - Daniel Matos\",\"isPartOf\":{\"@id\":\"https:\/\/www.blogsoestado.com\/danielmatos\/#website\"},\"primaryImageOfPage\":{\"@id\":\"https:\/\/www.blogsoestado.com\/danielmatos\/nosso-lider-carlos-brandao-dara-a-diretriz-para-2026-afirma-orleans\/#primaryimage\"},\"image\":{\"@id\":\"https:\/\/www.blogsoestado.com\/danielmatos\/nosso-lider-carlos-brandao-dara-a-diretriz-para-2026-afirma-orleans\/#primaryimage\"},\"thumbnailUrl\":\"https:\/\/www.blogsoestado.com\/danielmatos\/wp-content\/uploads\/sites\/2\/2025\/12\/1004430435-683x1024.jpg\",\"datePublished\":\"2025-12-02T14:11:37+00:00\",\"dateModified\":\"2025-12-02T14:11:42+00:00\",\"author\":{\"@id\":\"https:\/\/www.blogsoestado.com\/danielmatos\/#\/schema\/person\/9a209d407cd45631f131e1285b661bb0\"},\"breadcrumb\":{\"@id\":\"https:\/\/www.blogsoestado.com\/danielmatos\/nosso-lider-carlos-brandao-dara-a-diretriz-para-2026-afirma-orleans\/#breadcrumb\"},\"inLanguage\":\"pt-BR\",\"potentialAction\":[{\"@type\":\"ReadAction\",\"target\":[\"https:\/\/www.blogsoestado.com\/danielmatos\/nosso-lider-carlos-brandao-dara-a-diretriz-para-2026-afirma-orleans\/\"]}]},{\"@type\":\"ImageObject\",\"inLanguage\":\"pt-BR\",\"@id\":\"https:\/\/www.blogsoestado.com\/danielmatos\/nosso-lider-carlos-brandao-dara-a-diretriz-para-2026-afirma-orleans\/#primaryimage\",\"url\":\"https:\/\/www.blogsoestado.com\/danielmatos\/wp-content\/uploads\/sites\/2\/2025\/12\/1004430435.jpg\",\"contentUrl\":\"https:\/\/www.blogsoestado.com\/danielmatos\/wp-content\/uploads\/sites\/2\/2025\/12\/1004430435.jpg\",\"width\":854,\"height\":1280},{\"@type\":\"BreadcrumbList\",\"@id\":\"https:\/\/www.blogsoestado.com\/danielmatos\/nosso-lider-carlos-brandao-dara-a-diretriz-para-2026-afirma-orleans\/#breadcrumb\",\"itemListElement\":[{\"@type\":\"ListItem\",\"position\":1,\"name\":\"In\u00edcio\",\"item\":\"https:\/\/www.blogsoestado.com\/danielmatos\/\"},{\"@type\":\"ListItem\",\"position\":2,\"name\":\"&#8220;Nosso l\u00edder Carlos Brand\u00e3o dar\u00e1 a diretriz para 2026\u201d, afirma Orleans\"}]},{\"@type\":\"WebSite\",\"@id\":\"https:\/\/www.blogsoestado.com\/danielmatos\/#website\",\"url\":\"https:\/\/www.blogsoestado.com\/danielmatos\/\",\"name\":\"Daniel Matos\",\"description\":\"\",\"potentialAction\":[{\"@type\":\"SearchAction\",\"target\":{\"@type\":\"EntryPoint\",\"urlTemplate\":\"https:\/\/www.blogsoestado.com\/danielmatos\/?s={search_term_string}\"},\"query-input\":{\"@type\":\"PropertyValueSpecification\",\"valueRequired\":true,\"valueName\":\"search_term_string\"}}],\"inLanguage\":\"pt-BR\"},{\"@type\":\"Person\",\"@id\":\"https:\/\/www.blogsoestado.com\/danielmatos\/#\/schema\/person\/9a209d407cd45631f131e1285b661bb0\",\"name\":\"Daniel Matos\",\"image\":{\"@type\":\"ImageObject\",\"inLanguage\":\"pt-BR\",\"@id\":\"https:\/\/www.blogsoestado.com\/danielmatos\/#\/schema\/person\/image\/\",\"url\":\"https:\/\/secure.gravatar.com\/avatar\/2f26c36ee355da19a257f0dfef43952a2588b324ca35d6719e859fe338ac0392?s=96&d=mm&r=g\",\"contentUrl\":\"https:\/\/secure.gravatar.com\/avatar\/2f26c36ee355da19a257f0dfef43952a2588b324ca35d6719e859fe338ac0392?s=96&d=mm&r=g\",\"caption\":\"Daniel Matos\"},\"url\":\"https:\/\/www.blogsoestado.com\/danielmatos\/author\/danielmatos\/\"}]}<\/script>\n<!-- \/ Yoast SEO plugin. -->","yoast_head_json":{"title":"\"Nosso l\u00edder Carlos Brand\u00e3o dar\u00e1 a diretriz para 2026\u201d, afirma Orleans - Daniel Matos","robots":{"index":"index","follow":"follow","max-snippet":"max-snippet:-1","max-image-preview":"max-image-preview:large","max-video-preview":"max-video-preview:-1"},"canonical":"https:\/\/www.blogsoestado.com\/danielmatos\/nosso-lider-carlos-brandao-dara-a-diretriz-para-2026-afirma-orleans\/","og_locale":"pt_BR","og_type":"article","og_title":"\"Nosso l\u00edder Carlos Brand\u00e3o dar\u00e1 a diretriz para 2026\u201d, afirma Orleans - Daniel Matos","og_description":"Em entrevista ao quadro Bastidores, no programa Bom Dia Mirante, o novo presidente estadual do MDB, Orleans Brand\u00e3o, afirmou nesta [&hellip;]","og_url":"https:\/\/www.blogsoestado.com\/danielmatos\/nosso-lider-carlos-brandao-dara-a-diretriz-para-2026-afirma-orleans\/","og_site_name":"Daniel Matos","article_published_time":"2025-12-02T14:11:37+00:00","article_modified_time":"2025-12-02T14:11:42+00:00","og_image":[{"width":854,"height":1280,"url":"https:\/\/www.blogsoestado.com\/danielmatos\/wp-content\/uploads\/sites\/2\/2025\/12\/1004430435.jpg","type":"image\/jpeg"}],"author":"Daniel Matos","twitter_card":"summary_large_image","twitter_misc":{"Escrito por":"Daniel Matos","Est. tempo de leitura":"3 minutos"},"schema":{"@context":"https:\/\/schema.org","@graph":[{"@type":"WebPage","@id":"https:\/\/www.blogsoestado.com\/danielmatos\/nosso-lider-carlos-brandao-dara-a-diretriz-para-2026-afirma-orleans\/","url":"https:\/\/www.blogsoestado.com\/danielmatos\/nosso-lider-carlos-brandao-dara-a-diretriz-para-2026-afirma-orleans\/","name":"\"Nosso l\u00edder Carlos Brand\u00e3o dar\u00e1 a diretriz para 2026\u201d, afirma Orleans - Daniel Matos","isPartOf":{"@id":"https:\/\/www.blogsoestado.com\/danielmatos\/#website"},"primaryImageOfPage":{"@id":"https:\/\/www.blogsoestado.com\/danielmatos\/nosso-lider-carlos-brandao-dara-a-diretriz-para-2026-afirma-orleans\/#primaryimage"},"image":{"@id":"https:\/\/www.blogsoestado.com\/danielmatos\/nosso-lider-carlos-brandao-dara-a-diretriz-para-2026-afirma-orleans\/#primaryimage"},"thumbnailUrl":"https:\/\/www.blogsoestado.com\/danielmatos\/wp-content\/uploads\/sites\/2\/2025\/12\/1004430435-683x1024.jpg","datePublished":"2025-12-02T14:11:37+00:00","dateModified":"2025-12-02T14:11:42+00:00","author":{"@id":"https:\/\/www.blogsoestado.com\/danielmatos\/#\/schema\/person\/9a209d407cd45631f131e1285b661bb0"},"breadcrumb":{"@id":"https:\/\/www.blogsoestado.com\/danielmatos\/nosso-lider-carlos-brandao-dara-a-diretriz-para-2026-afirma-orleans\/#breadcrumb"},"inLanguage":"pt-BR","potentialAction":[{"@type":"ReadAction","target":["https:\/\/www.blogsoestado.com\/danielmatos\/nosso-lider-carlos-brandao-dara-a-diretriz-para-2026-afirma-orleans\/"]}]},{"@type":"ImageObject","inLanguage":"pt-BR","@id":"https:\/\/www.blogsoestado.com\/danielmatos\/nosso-lider-carlos-brandao-dara-a-diretriz-para-2026-afirma-orleans\/#primaryimage","url":"https:\/\/www.blogsoestado.com\/danielmatos\/wp-content\/uploads\/sites\/2\/2025\/12\/1004430435.jpg","contentUrl":"https:\/\/www.blogsoestado.com\/danielmatos\/wp-content\/uploads\/sites\/2\/2025\/12\/1004430435.jpg","width":854,"height":1280},{"@type":"BreadcrumbList","@id":"https:\/\/www.blogsoestado.com\/danielmatos\/nosso-lider-carlos-brandao-dara-a-diretriz-para-2026-afirma-orleans\/#breadcrumb","itemListElement":[{"@type":"ListItem","position":1,"name":"In\u00edcio","item":"https:\/\/www.blogsoestado.com\/danielmatos\/"},{"@type":"ListItem","position":2,"name":"&#8220;Nosso l\u00edder Carlos Brand\u00e3o dar\u00e1 a diretriz para 2026\u201d, afirma Orleans"}]},{"@type":"WebSite","@id":"https:\/\/www.blogsoestado.com\/danielmatos\/#website","url":"https:\/\/www.blogsoestado.com\/danielmatos\/","name":"Daniel Matos","description":"","potentialAction":[{"@type":"SearchAction","target":{"@type":"EntryPoint","urlTemplate":"https:\/\/www.blogsoestado.com\/danielmatos\/?s={search_term_string}"},"query-input":{"@type":"PropertyValueSpecification","valueRequired":true,"valueName":"search_term_string"}}],"inLanguage":"pt-BR"},{"@type":"Person","@id":"https:\/\/www.blogsoestado.com\/danielmatos\/#\/schema\/person\/9a209d407cd45631f131e1285b661bb0","name":"Daniel Matos","image":{"@type":"ImageObject","inLanguage":"pt-BR","@id":"https:\/\/www.blogsoestado.com\/danielmatos\/#\/schema\/person\/image\/","url":"https:\/\/secure.gravatar.com\/avatar\/2f26c36ee355da19a257f0dfef43952a2588b324ca35d6719e859fe338ac0392?s=96&d=mm&r=g","contentUrl":"https:\/\/secure.gravatar.com\/avatar\/2f26c36ee355da19a257f0dfef43952a2588b324ca35d6719e859fe338ac0392?s=96&d=mm&r=g","caption":"Daniel Matos"},"url":"https:\/\/www.blogsoestado.com\/danielmatos\/author\/danielmatos\/"}]}},"jetpack_featured_media_url":"","_links":{"self":[{"href":"https:\/\/www.blogsoestado.com\/danielmatos\/wp-json\/wp\/v2\/posts\/151818","targetHints":{"allow":["GET"]}}],"collection":[{"href":"https:\/\/www.blogsoestado.com\/danielmatos\/wp-json\/wp\/v2\/posts"}],"about":[{"href":"https:\/\/www.blogsoestado.com\/danielmatos\/wp-json\/wp\/v2\/types\/post"}],"author":[{"embeddable":true,"href":"https:\/\/www.blogsoestado.com\/danielmatos\/wp-json\/wp\/v2\/users\/2"}],"replies":[{"embeddable":true,"href":"https:\/\/www.blogsoestado.com\/danielmatos\/wp-json\/wp\/v2\/comments?post=151818"}],"version-history":[{"count":1,"href":"https:\/\/www.blogsoestado.com\/danielmatos\/wp-json\/wp\/v2\/posts\/151818\/revisions"}],"predecessor-version":[{"id":151821,"href":"https:\/\/www.blogsoestado.com\/danielmatos\/wp-json\/wp\/v2\/posts\/151818\/revisions\/151821"}],"wp:attachment":[{"href":"https:\/\/www.blogsoestado.com\/danielmatos\/wp-json\/wp\/v2\/media?parent=151818"}],"wp:term":[{"taxonomy":"category","embeddable":true,"href":"https:\/\/www.blogsoestado.com\/danielmatos\/wp-json\/wp\/v2\/categories?post=151818"},{"taxonomy":"post_tag","embeddable":true,"href":"https:\/\/www.blogsoestado.com\/danielmatos\/wp-json\/wp\/v2\/tags?post=151818"}],"curies":[{"name":"wp","href":"https:\/\/api.w.org\/{rel}","templated":true}]}}