{"id":151822,"date":"2025-12-02T11:31:07","date_gmt":"2025-12-02T14:31:07","guid":{"rendered":"https:\/\/www.blogsoestado.com\/danielmatos\/?p=151822"},"modified":"2025-12-02T11:31:12","modified_gmt":"2025-12-02T14:31:12","slug":"maranhao-recebe-25-480-doses-da-vacina-contra-o-virus-sincicial-respiratorio","status":"publish","type":"post","link":"https:\/\/www.blogsoestado.com\/danielmatos\/maranhao-recebe-25-480-doses-da-vacina-contra-o-virus-sincicial-respiratorio\/","title":{"rendered":"Maranh\u00e3o recebe 25.480 doses da vacina contra o v\u00edrus sincicial respirat\u00f3rio"},"content":{"rendered":"\n<p><strong><mark style=\"color:#cf2e2e\" class=\"has-inline-color\">Com a chegada das primeiras doses, estados e munic\u00edpios poder\u00e3o iniciar de imediato a vacina\u00e7\u00e3o de gestantes, com foco na prote\u00e7\u00e3o dos beb\u00eas. A gest\u00e3o dos estoques \u00e9 de responsabilidade das secretarias locais<\/mark><\/strong><\/p>\n\n\n\n<figure class=\"wp-block-image aligncenter size-full\"><img fetchpriority=\"high\" decoding=\"async\" width=\"768\" height=\"354\" src=\"https:\/\/www.blogsoestado.com\/danielmatos\/wp-content\/uploads\/sites\/2\/2025\/12\/1004430777.png\" alt=\"\" class=\"wp-image-151823\" srcset=\"https:\/\/www.blogsoestado.com\/danielmatos\/wp-content\/uploads\/sites\/2\/2025\/12\/1004430777.png 768w, https:\/\/www.blogsoestado.com\/danielmatos\/wp-content\/uploads\/sites\/2\/2025\/12\/1004430777-300x138.png 300w\" sizes=\"(max-width: 768px) 100vw, 768px\" \/><figcaption class=\"wp-element-caption\">Doses da vacina contra o v\u00edrus sincicial ser\u00e3o distribu\u00eddas em todo o pa\u00eds <\/figcaption><\/figure>\n\n\n\n<p>O Minist\u00e9rio da Sa\u00fade inicia, nesta ter\u00e7a-feira (2), a distribui\u00e7\u00e3o nacional da vacina contra o v\u00edrus sincicial respirat\u00f3rio (VSR). O primeiro lote, com 673 mil doses, ser\u00e1 enviado a todos os estados e ao Distrito Federal.&nbsp;O Maranh\u00e3o receber\u00e1 25.480 doses do imunizante.<\/p>\n\n\n\n<p>A imuniza\u00e7\u00e3o, ofertada gratuitamente pelo SUS, \u00e9 destinada a gestantes a partir da 28\u00aa semana e tem como objetivo reduzir casos de&nbsp;<a href=\"https:\/\/www.gov.br\/saude\/pt-br\/assuntos\/saude-de-a-a-z\/b\/bronquiolite\" target=\"_blank\" rel=\"noreferrer noopener\">bronquiolite&nbsp;<\/a>em rec\u00e9m-nascidos.&nbsp;Com a chegada das doses, previstas entre hoje e amanh\u00e3 (3), a depender da malha a\u00e9rea, estados e munic\u00edpios poder\u00e3o iniciar imediatamente a&nbsp;<a href=\"https:\/\/www.gov.br\/saude\/pt-br\/vacinacao\" target=\"_blank\" rel=\"noreferrer noopener\">vacina\u00e7\u00e3o&nbsp;<\/a>nos postos de sa\u00fade.<\/p>\n\n\n\n<p>O lote inicial integra a compra de 1,8 milh\u00e3o de doses feita pela pasta. As entregas seguem calend\u00e1rio pactuado com estados e munic\u00edpios. O DF \u00e9 a primeira unidade da federa\u00e7\u00e3o a receber as doses. Os demais estados recebem entre os dias 2 e 3 de dezembro. As entregas s\u00e3o feitas por modal a\u00e9reo, rodovi\u00e1rio e multimodal, seguindo log\u00edsticas de cada estado. O Minist\u00e9rio da Sa\u00fade vai garantir o abastecimento necess\u00e1rio para a execu\u00e7\u00e3o das estrat\u00e9gias locais de vacina\u00e7\u00e3o.&nbsp; &nbsp;<\/p>\n\n\n\n<p>A oferta da vacina no SUS,&nbsp;que na rede privada pode custar at\u00e9 R$ 1,5 mil,&nbsp;foi viabilizada por meio de acordo entre o Instituto Butantan e o laborat\u00f3rio produtor, que assegurou a transfer\u00eancia de tecnologia ao Brasil.&nbsp;Com isso, o pa\u00eds passar\u00e1 a fabricar o imunizante, ampliando autonomia e acesso da popula\u00e7\u00e3o a essa prote\u00e7\u00e3o.&nbsp;<\/p>\n\n\n\n<p><strong>Import\u00e2ncia da vacina\u00e7\u00e3o<\/strong>&nbsp;<\/p>\n\n\n\n<p>O V\u00edrus Sincicial Respirat\u00f3rio (VSR) \u00e9 respons\u00e1vel por cerca de 75% dos casos de bronquiolite e 40% dos casos de pneumonia em crian\u00e7as menores de dois anos. A vacina oferece prote\u00e7\u00e3o imediata aos rec\u00e9m-nascidos, reduzindo hospitaliza\u00e7\u00f5es.&nbsp;<\/p>\n\n\n\n<p>Em 2025, at\u00e9 a 22 de novembro, o Brasil registrou 43,2 mil casos de S\u00edndrome Respirat\u00f3ria Aguda Grave (SRAG) causados por VSR. Desses casos, a maior concentra\u00e7\u00e3o de hospitaliza\u00e7\u00f5es ocorreu em crian\u00e7as com menos de dois anos de idade, totalizando mais de 35,5 mil ocorr\u00eancias, o que representa 82,5% do total de casos de SARG por VSR no per\u00edodo.<\/p>\n\n\n\n<p><strong><mark style=\"color:#cf2e2e\" class=\"has-inline-color\">Saiba mais <a href=\"https:\/\/www.gov.br\/saude\/pt-br\/assuntos\/noticias\/2025\/dezembro\/vacina-contra-o-virus-sincicial-respiratorio-comeca-a-ser-distribuida-em-todo-o-pais\">aqui<\/a>.<\/mark><\/strong><\/p>\n","protected":false},"excerpt":{"rendered":"<p>Com a chegada das primeiras doses, estados e munic\u00edpios poder\u00e3o iniciar de imediato a vacina\u00e7\u00e3o de gestantes, com foco na [&hellip;]<\/p>\n","protected":false},"author":2,"featured_media":0,"comment_status":"open","ping_status":"open","sticky":false,"template":"","format":"standard","meta":{"site-sidebar-layout":"default","site-content-layout":"","ast-site-content-layout":"default","site-content-style":"default","site-sidebar-style":"default","ast-global-header-display":"","ast-banner-title-visibility":"","ast-main-header-display":"","ast-hfb-above-header-display":"","ast-hfb-below-header-display":"","ast-hfb-mobile-header-display":"","site-post-title":"","ast-breadcrumbs-content":"","ast-featured-img":"","footer-sml-layout":"","ast-disable-related-posts":"","theme-transparent-header-meta":"","adv-header-id-meta":"","stick-header-meta":"","header-above-stick-meta":"","header-main-stick-meta":"","header-below-stick-meta":"","astra-migrate-meta-layouts":"default","ast-page-background-enabled":"default","ast-page-background-meta":{"desktop":{"background-color":"var(--ast-global-color-5)","background-image":"","background-repeat":"repeat","background-position":"center center","background-size":"auto","background-attachment":"scroll","background-type":"","background-media":"","overlay-type":"","overlay-color":"","overlay-opacity":"","overlay-gradient":""},"tablet":{"background-color":"","background-image":"","background-repeat":"repeat","background-position":"center center","background-size":"auto","background-attachment":"scroll","background-type":"","background-media":"","overlay-type":"","overlay-color":"","overlay-opacity":"","overlay-gradient":""},"mobile":{"background-color":"","background-image":"","background-repeat":"repeat","background-position":"center center","background-size":"auto","background-attachment":"scroll","background-type":"","background-media":"","overlay-type":"","overlay-color":"","overlay-opacity":"","overlay-gradient":""}},"ast-content-background-meta":{"desktop":{"background-color":"var(--ast-global-color-4)","background-image":"","background-repeat":"repeat","background-position":"center center","background-size":"auto","background-attachment":"scroll","background-type":"","background-media":"","overlay-type":"","overlay-color":"","overlay-opacity":"","overlay-gradient":""},"tablet":{"background-color":"var(--ast-global-color-4)","background-image":"","background-repeat":"repeat","background-position":"center center","background-size":"auto","background-attachment":"scroll","background-type":"","background-media":"","overlay-type":"","overlay-color":"","overlay-opacity":"","overlay-gradient":""},"mobile":{"background-color":"var(--ast-global-color-4)","background-image":"","background-repeat":"repeat","background-position":"center center","background-size":"auto","background-attachment":"scroll","background-type":"","background-media":"","overlay-type":"","overlay-color":"","overlay-opacity":"","overlay-gradient":""}},"footnotes":""},"categories":[1],"tags":[],"class_list":["post-151822","post","type-post","status-publish","format-standard","hentry","category-sem-categoria"],"yoast_head":"<!-- This site is optimized with the Yoast SEO plugin v26.6 - https:\/\/yoast.com\/wordpress\/plugins\/seo\/ -->\n<title>Maranh\u00e3o recebe 25.480 doses da vacina contra o v\u00edrus sincicial respirat\u00f3rio - Daniel Matos<\/title>\n<meta name=\"robots\" content=\"index, follow, max-snippet:-1, max-image-preview:large, max-video-preview:-1\" \/>\n<link rel=\"canonical\" href=\"https:\/\/www.blogsoestado.com\/danielmatos\/maranhao-recebe-25-480-doses-da-vacina-contra-o-virus-sincicial-respiratorio\/\" \/>\n<meta property=\"og:locale\" content=\"pt_BR\" \/>\n<meta property=\"og:type\" content=\"article\" \/>\n<meta property=\"og:title\" content=\"Maranh\u00e3o recebe 25.480 doses da vacina contra o v\u00edrus sincicial respirat\u00f3rio - Daniel Matos\" \/>\n<meta property=\"og:description\" content=\"Com a chegada das primeiras doses, estados e munic\u00edpios poder\u00e3o iniciar de imediato a vacina\u00e7\u00e3o de gestantes, com foco na [&hellip;]\" \/>\n<meta property=\"og:url\" content=\"https:\/\/www.blogsoestado.com\/danielmatos\/maranhao-recebe-25-480-doses-da-vacina-contra-o-virus-sincicial-respiratorio\/\" \/>\n<meta property=\"og:site_name\" content=\"Daniel Matos\" \/>\n<meta property=\"article:published_time\" content=\"2025-12-02T14:31:07+00:00\" \/>\n<meta property=\"article:modified_time\" content=\"2025-12-02T14:31:12+00:00\" \/>\n<meta property=\"og:image\" content=\"https:\/\/www.blogsoestado.com\/danielmatos\/wp-content\/uploads\/sites\/2\/2025\/12\/1004430777.png\" \/>\n\t<meta property=\"og:image:width\" content=\"768\" \/>\n\t<meta property=\"og:image:height\" content=\"354\" \/>\n\t<meta property=\"og:image:type\" content=\"image\/png\" \/>\n<meta name=\"author\" content=\"Daniel Matos\" \/>\n<meta name=\"twitter:card\" content=\"summary_large_image\" \/>\n<meta name=\"twitter:label1\" content=\"Escrito por\" \/>\n\t<meta name=\"twitter:data1\" content=\"Daniel Matos\" \/>\n\t<meta name=\"twitter:label2\" content=\"Est. tempo de leitura\" \/>\n\t<meta name=\"twitter:data2\" content=\"3 minutos\" \/>\n<script type=\"application\/ld+json\" class=\"yoast-schema-graph\">{\"@context\":\"https:\/\/schema.org\",\"@graph\":[{\"@type\":\"WebPage\",\"@id\":\"https:\/\/www.blogsoestado.com\/danielmatos\/maranhao-recebe-25-480-doses-da-vacina-contra-o-virus-sincicial-respiratorio\/\",\"url\":\"https:\/\/www.blogsoestado.com\/danielmatos\/maranhao-recebe-25-480-doses-da-vacina-contra-o-virus-sincicial-respiratorio\/\",\"name\":\"Maranh\u00e3o recebe 25.480 doses da vacina contra o v\u00edrus sincicial respirat\u00f3rio - Daniel Matos\",\"isPartOf\":{\"@id\":\"https:\/\/www.blogsoestado.com\/danielmatos\/#website\"},\"primaryImageOfPage\":{\"@id\":\"https:\/\/www.blogsoestado.com\/danielmatos\/maranhao-recebe-25-480-doses-da-vacina-contra-o-virus-sincicial-respiratorio\/#primaryimage\"},\"image\":{\"@id\":\"https:\/\/www.blogsoestado.com\/danielmatos\/maranhao-recebe-25-480-doses-da-vacina-contra-o-virus-sincicial-respiratorio\/#primaryimage\"},\"thumbnailUrl\":\"https:\/\/www.blogsoestado.com\/danielmatos\/wp-content\/uploads\/sites\/2\/2025\/12\/1004430777.png\",\"datePublished\":\"2025-12-02T14:31:07+00:00\",\"dateModified\":\"2025-12-02T14:31:12+00:00\",\"author\":{\"@id\":\"https:\/\/www.blogsoestado.com\/danielmatos\/#\/schema\/person\/9a209d407cd45631f131e1285b661bb0\"},\"breadcrumb\":{\"@id\":\"https:\/\/www.blogsoestado.com\/danielmatos\/maranhao-recebe-25-480-doses-da-vacina-contra-o-virus-sincicial-respiratorio\/#breadcrumb\"},\"inLanguage\":\"pt-BR\",\"potentialAction\":[{\"@type\":\"ReadAction\",\"target\":[\"https:\/\/www.blogsoestado.com\/danielmatos\/maranhao-recebe-25-480-doses-da-vacina-contra-o-virus-sincicial-respiratorio\/\"]}]},{\"@type\":\"ImageObject\",\"inLanguage\":\"pt-BR\",\"@id\":\"https:\/\/www.blogsoestado.com\/danielmatos\/maranhao-recebe-25-480-doses-da-vacina-contra-o-virus-sincicial-respiratorio\/#primaryimage\",\"url\":\"https:\/\/www.blogsoestado.com\/danielmatos\/wp-content\/uploads\/sites\/2\/2025\/12\/1004430777.png\",\"contentUrl\":\"https:\/\/www.blogsoestado.com\/danielmatos\/wp-content\/uploads\/sites\/2\/2025\/12\/1004430777.png\",\"width\":768,\"height\":354},{\"@type\":\"BreadcrumbList\",\"@id\":\"https:\/\/www.blogsoestado.com\/danielmatos\/maranhao-recebe-25-480-doses-da-vacina-contra-o-virus-sincicial-respiratorio\/#breadcrumb\",\"itemListElement\":[{\"@type\":\"ListItem\",\"position\":1,\"name\":\"In\u00edcio\",\"item\":\"https:\/\/www.blogsoestado.com\/danielmatos\/\"},{\"@type\":\"ListItem\",\"position\":2,\"name\":\"Maranh\u00e3o recebe 25.480 doses da vacina contra o v\u00edrus sincicial respirat\u00f3rio\"}]},{\"@type\":\"WebSite\",\"@id\":\"https:\/\/www.blogsoestado.com\/danielmatos\/#website\",\"url\":\"https:\/\/www.blogsoestado.com\/danielmatos\/\",\"name\":\"Daniel Matos\",\"description\":\"\",\"potentialAction\":[{\"@type\":\"SearchAction\",\"target\":{\"@type\":\"EntryPoint\",\"urlTemplate\":\"https:\/\/www.blogsoestado.com\/danielmatos\/?s={search_term_string}\"},\"query-input\":{\"@type\":\"PropertyValueSpecification\",\"valueRequired\":true,\"valueName\":\"search_term_string\"}}],\"inLanguage\":\"pt-BR\"},{\"@type\":\"Person\",\"@id\":\"https:\/\/www.blogsoestado.com\/danielmatos\/#\/schema\/person\/9a209d407cd45631f131e1285b661bb0\",\"name\":\"Daniel Matos\",\"image\":{\"@type\":\"ImageObject\",\"inLanguage\":\"pt-BR\",\"@id\":\"https:\/\/www.blogsoestado.com\/danielmatos\/#\/schema\/person\/image\/\",\"url\":\"https:\/\/secure.gravatar.com\/avatar\/2f26c36ee355da19a257f0dfef43952a2588b324ca35d6719e859fe338ac0392?s=96&d=mm&r=g\",\"contentUrl\":\"https:\/\/secure.gravatar.com\/avatar\/2f26c36ee355da19a257f0dfef43952a2588b324ca35d6719e859fe338ac0392?s=96&d=mm&r=g\",\"caption\":\"Daniel Matos\"},\"url\":\"https:\/\/www.blogsoestado.com\/danielmatos\/author\/danielmatos\/\"}]}<\/script>\n<!-- \/ Yoast SEO plugin. -->","yoast_head_json":{"title":"Maranh\u00e3o recebe 25.480 doses da vacina contra o v\u00edrus sincicial respirat\u00f3rio - Daniel Matos","robots":{"index":"index","follow":"follow","max-snippet":"max-snippet:-1","max-image-preview":"max-image-preview:large","max-video-preview":"max-video-preview:-1"},"canonical":"https:\/\/www.blogsoestado.com\/danielmatos\/maranhao-recebe-25-480-doses-da-vacina-contra-o-virus-sincicial-respiratorio\/","og_locale":"pt_BR","og_type":"article","og_title":"Maranh\u00e3o recebe 25.480 doses da vacina contra o v\u00edrus sincicial respirat\u00f3rio - Daniel Matos","og_description":"Com a chegada das primeiras doses, estados e munic\u00edpios poder\u00e3o iniciar de imediato a vacina\u00e7\u00e3o de gestantes, com foco na [&hellip;]","og_url":"https:\/\/www.blogsoestado.com\/danielmatos\/maranhao-recebe-25-480-doses-da-vacina-contra-o-virus-sincicial-respiratorio\/","og_site_name":"Daniel Matos","article_published_time":"2025-12-02T14:31:07+00:00","article_modified_time":"2025-12-02T14:31:12+00:00","og_image":[{"width":768,"height":354,"url":"https:\/\/www.blogsoestado.com\/danielmatos\/wp-content\/uploads\/sites\/2\/2025\/12\/1004430777.png","type":"image\/png"}],"author":"Daniel Matos","twitter_card":"summary_large_image","twitter_misc":{"Escrito por":"Daniel Matos","Est. tempo de leitura":"3 minutos"},"schema":{"@context":"https:\/\/schema.org","@graph":[{"@type":"WebPage","@id":"https:\/\/www.blogsoestado.com\/danielmatos\/maranhao-recebe-25-480-doses-da-vacina-contra-o-virus-sincicial-respiratorio\/","url":"https:\/\/www.blogsoestado.com\/danielmatos\/maranhao-recebe-25-480-doses-da-vacina-contra-o-virus-sincicial-respiratorio\/","name":"Maranh\u00e3o recebe 25.480 doses da vacina contra o v\u00edrus sincicial respirat\u00f3rio - Daniel Matos","isPartOf":{"@id":"https:\/\/www.blogsoestado.com\/danielmatos\/#website"},"primaryImageOfPage":{"@id":"https:\/\/www.blogsoestado.com\/danielmatos\/maranhao-recebe-25-480-doses-da-vacina-contra-o-virus-sincicial-respiratorio\/#primaryimage"},"image":{"@id":"https:\/\/www.blogsoestado.com\/danielmatos\/maranhao-recebe-25-480-doses-da-vacina-contra-o-virus-sincicial-respiratorio\/#primaryimage"},"thumbnailUrl":"https:\/\/www.blogsoestado.com\/danielmatos\/wp-content\/uploads\/sites\/2\/2025\/12\/1004430777.png","datePublished":"2025-12-02T14:31:07+00:00","dateModified":"2025-12-02T14:31:12+00:00","author":{"@id":"https:\/\/www.blogsoestado.com\/danielmatos\/#\/schema\/person\/9a209d407cd45631f131e1285b661bb0"},"breadcrumb":{"@id":"https:\/\/www.blogsoestado.com\/danielmatos\/maranhao-recebe-25-480-doses-da-vacina-contra-o-virus-sincicial-respiratorio\/#breadcrumb"},"inLanguage":"pt-BR","potentialAction":[{"@type":"ReadAction","target":["https:\/\/www.blogsoestado.com\/danielmatos\/maranhao-recebe-25-480-doses-da-vacina-contra-o-virus-sincicial-respiratorio\/"]}]},{"@type":"ImageObject","inLanguage":"pt-BR","@id":"https:\/\/www.blogsoestado.com\/danielmatos\/maranhao-recebe-25-480-doses-da-vacina-contra-o-virus-sincicial-respiratorio\/#primaryimage","url":"https:\/\/www.blogsoestado.com\/danielmatos\/wp-content\/uploads\/sites\/2\/2025\/12\/1004430777.png","contentUrl":"https:\/\/www.blogsoestado.com\/danielmatos\/wp-content\/uploads\/sites\/2\/2025\/12\/1004430777.png","width":768,"height":354},{"@type":"BreadcrumbList","@id":"https:\/\/www.blogsoestado.com\/danielmatos\/maranhao-recebe-25-480-doses-da-vacina-contra-o-virus-sincicial-respiratorio\/#breadcrumb","itemListElement":[{"@type":"ListItem","position":1,"name":"In\u00edcio","item":"https:\/\/www.blogsoestado.com\/danielmatos\/"},{"@type":"ListItem","position":2,"name":"Maranh\u00e3o recebe 25.480 doses da vacina contra o v\u00edrus sincicial respirat\u00f3rio"}]},{"@type":"WebSite","@id":"https:\/\/www.blogsoestado.com\/danielmatos\/#website","url":"https:\/\/www.blogsoestado.com\/danielmatos\/","name":"Daniel Matos","description":"","potentialAction":[{"@type":"SearchAction","target":{"@type":"EntryPoint","urlTemplate":"https:\/\/www.blogsoestado.com\/danielmatos\/?s={search_term_string}"},"query-input":{"@type":"PropertyValueSpecification","valueRequired":true,"valueName":"search_term_string"}}],"inLanguage":"pt-BR"},{"@type":"Person","@id":"https:\/\/www.blogsoestado.com\/danielmatos\/#\/schema\/person\/9a209d407cd45631f131e1285b661bb0","name":"Daniel Matos","image":{"@type":"ImageObject","inLanguage":"pt-BR","@id":"https:\/\/www.blogsoestado.com\/danielmatos\/#\/schema\/person\/image\/","url":"https:\/\/secure.gravatar.com\/avatar\/2f26c36ee355da19a257f0dfef43952a2588b324ca35d6719e859fe338ac0392?s=96&d=mm&r=g","contentUrl":"https:\/\/secure.gravatar.com\/avatar\/2f26c36ee355da19a257f0dfef43952a2588b324ca35d6719e859fe338ac0392?s=96&d=mm&r=g","caption":"Daniel Matos"},"url":"https:\/\/www.blogsoestado.com\/danielmatos\/author\/danielmatos\/"}]}},"jetpack_featured_media_url":"","_links":{"self":[{"href":"https:\/\/www.blogsoestado.com\/danielmatos\/wp-json\/wp\/v2\/posts\/151822","targetHints":{"allow":["GET"]}}],"collection":[{"href":"https:\/\/www.blogsoestado.com\/danielmatos\/wp-json\/wp\/v2\/posts"}],"about":[{"href":"https:\/\/www.blogsoestado.com\/danielmatos\/wp-json\/wp\/v2\/types\/post"}],"author":[{"embeddable":true,"href":"https:\/\/www.blogsoestado.com\/danielmatos\/wp-json\/wp\/v2\/users\/2"}],"replies":[{"embeddable":true,"href":"https:\/\/www.blogsoestado.com\/danielmatos\/wp-json\/wp\/v2\/comments?post=151822"}],"version-history":[{"count":1,"href":"https:\/\/www.blogsoestado.com\/danielmatos\/wp-json\/wp\/v2\/posts\/151822\/revisions"}],"predecessor-version":[{"id":151824,"href":"https:\/\/www.blogsoestado.com\/danielmatos\/wp-json\/wp\/v2\/posts\/151822\/revisions\/151824"}],"wp:attachment":[{"href":"https:\/\/www.blogsoestado.com\/danielmatos\/wp-json\/wp\/v2\/media?parent=151822"}],"wp:term":[{"taxonomy":"category","embeddable":true,"href":"https:\/\/www.blogsoestado.com\/danielmatos\/wp-json\/wp\/v2\/categories?post=151822"},{"taxonomy":"post_tag","embeddable":true,"href":"https:\/\/www.blogsoestado.com\/danielmatos\/wp-json\/wp\/v2\/tags?post=151822"}],"curies":[{"name":"wp","href":"https:\/\/api.w.org\/{rel}","templated":true}]}}