{"id":151832,"date":"2025-12-02T15:01:22","date_gmt":"2025-12-02T18:01:22","guid":{"rendered":"https:\/\/www.blogsoestado.com\/danielmatos\/?p=151832"},"modified":"2025-12-02T15:01:26","modified_gmt":"2025-12-02T18:01:26","slug":"deputados-destacam-dimensao-da-convencao-do-mdb-realizada-em-sao-luis","status":"publish","type":"post","link":"https:\/\/www.blogsoestado.com\/danielmatos\/deputados-destacam-dimensao-da-convencao-do-mdb-realizada-em-sao-luis\/","title":{"rendered":"Deputados destacam dimens\u00e3o da Conven\u00e7\u00e3o do MDB realizada em S\u00e3o Lu\u00eds"},"content":{"rendered":"\n<figure class=\"wp-block-image aligncenter size-large\"><img fetchpriority=\"high\" decoding=\"async\" width=\"1024\" height=\"769\" src=\"https:\/\/www.blogsoestado.com\/danielmatos\/wp-content\/uploads\/sites\/2\/2025\/12\/1004433051-1024x769.jpg\" alt=\"\" class=\"wp-image-151833\" srcset=\"https:\/\/www.blogsoestado.com\/danielmatos\/wp-content\/uploads\/sites\/2\/2025\/12\/1004433051-1024x769.jpg 1024w, https:\/\/www.blogsoestado.com\/danielmatos\/wp-content\/uploads\/sites\/2\/2025\/12\/1004433051-300x225.jpg 300w, https:\/\/www.blogsoestado.com\/danielmatos\/wp-content\/uploads\/sites\/2\/2025\/12\/1004433051-768x577.jpg 768w, https:\/\/www.blogsoestado.com\/danielmatos\/wp-content\/uploads\/sites\/2\/2025\/12\/1004433051.jpg 1280w\" sizes=\"(max-width: 1024px) 100vw, 1024px\" \/><figcaption class=\"wp-element-caption\">Ricardo Arruda, Iracema Vale e Adelmo Soares destacaram a grandiosidade da Conven\u00e7\u00e3o do MDB, na capital maranhense <\/figcaption><\/figure>\n\n\n\n<p>Deputados repercutiram, na sess\u00e3o plen\u00e1ria desta ter\u00e7a-feira (2), a conven\u00e7\u00e3o estadual do MDB, realizada na \u00faltima sexta-feira (29), no Ceprama, no bairro Madre Deus, em S\u00e3o Lu\u00eds. O evento reuniu milhares de lideran\u00e7as pol\u00edticas e foi reconhecido pelos parlamentares como uma das maiores conven\u00e7\u00f5es partid\u00e1rias da hist\u00f3ria do estado.<\/p>\n\n\n\n<p>O deputado Ricardo Arruda (MDB) abriu as manifesta\u00e7\u00f5es ressaltando a dimens\u00e3o do encontro. \u201cA conven\u00e7\u00e3o alcan\u00e7ou um marco simb\u00f3lico e pol\u00edtico ao reunir mais de 15 mil pessoas, com delega\u00e7\u00f5es de 132 munic\u00edpios, incluindo 132 prefeitos, 115 vice-prefeitos e mais de 700 vereadores. Foi uma celebra\u00e7\u00e3o democr\u00e1tica que reafirmou o protagonismo do MDB no Maranh\u00e3o\u201d, afirmou.<\/p>\n\n\n\n<p>Segundo o parlamentar, o partido vive um momento de reorganiza\u00e7\u00e3o e crescimento. \u201cEsse avan\u00e7o \u00e9 resultado da condu\u00e7\u00e3o do ent\u00e3o presidente Marcus Brand\u00e3o, que retomou a presen\u00e7a do MDB nos munic\u00edpios como h\u00e1 muito n\u00e3o se via. Agora, com a elei\u00e7\u00e3o de Orleans Brand\u00e3o, tenho certeza de que o partido seguir\u00e1 nesse caminho de fortalecimento e expans\u00e3o\u201d, declarou.<\/p>\n\n\n\n<p>A presidente da Assembleia Legislativa, deputada Iracema Vale (PSB), tamb\u00e9m celebrou o simbolismo do evento. \u201cFoi uma conven\u00e7\u00e3o expressiva, marcada pela presen\u00e7a de lideran\u00e7as de todas as regi\u00f5es do estado. Parabenizo o MDB pela organiza\u00e7\u00e3o e pela escolha de Orleans Brand\u00e3o, desejando uma gest\u00e3o que contribua para o fortalecimento do partido e do Maranh\u00e3o\u201d.<\/p>\n\n\n\n<p>O deputado Adelmo Soares (PSB) refor\u00e7ou a avalia\u00e7\u00e3o positiva. \u201cA conven\u00e7\u00e3o refletiu um momento de otimismo e continuidade de um projeto pol\u00edtico que tem apresentado resultados concretos no estado. O encontro foi gigantesco e comparecimento massivo de lideran\u00e7as demonstra confian\u00e7a no trabalho que vem sendo executado\u201d.<\/p>\n\n\n\n<p>Para o parlamentar, eventos como esse mostram for\u00e7a pol\u00edtica e di\u00e1logo com a popula\u00e7\u00e3o. \u201cVemos um alinhamento em torno de um grupo que vem entregando obras, pol\u00edticas p\u00fablicas e mudan\u00e7as reais na vida das pessoas. Por isso, a presen\u00e7a de tantas lideran\u00e7as do Maranh\u00e3o \u00e9 mais que simb\u00f3lica: \u00e9 resultado de trabalho cont\u00ednuo\u201d, concluiu.<\/p>\n\n\n\n<p>Ao final das manifesta\u00e7\u00f5es, os deputados reiteraram que a conven\u00e7\u00e3o consolidou o MDB como uma das principais for\u00e7as pol\u00edticas do estado e destacou a expectativa de que o partido mantenha o protagonismo nas elei\u00e7\u00f5es de 2026, com forte demonstra\u00e7\u00e3o de unidade, organiza\u00e7\u00e3o e poder de mobiliza\u00e7\u00e3o.<\/p>\n","protected":false},"excerpt":{"rendered":"<p>Deputados repercutiram, na sess\u00e3o plen\u00e1ria desta ter\u00e7a-feira (2), a conven\u00e7\u00e3o estadual do MDB, realizada na \u00faltima sexta-feira (29), no Ceprama, [&hellip;]<\/p>\n","protected":false},"author":2,"featured_media":0,"comment_status":"open","ping_status":"open","sticky":false,"template":"","format":"standard","meta":{"site-sidebar-layout":"default","site-content-layout":"","ast-site-content-layout":"default","site-content-style":"default","site-sidebar-style":"default","ast-global-header-display":"","ast-banner-title-visibility":"","ast-main-header-display":"","ast-hfb-above-header-display":"","ast-hfb-below-header-display":"","ast-hfb-mobile-header-display":"","site-post-title":"","ast-breadcrumbs-content":"","ast-featured-img":"","footer-sml-layout":"","ast-disable-related-posts":"","theme-transparent-header-meta":"","adv-header-id-meta":"","stick-header-meta":"","header-above-stick-meta":"","header-main-stick-meta":"","header-below-stick-meta":"","astra-migrate-meta-layouts":"default","ast-page-background-enabled":"default","ast-page-background-meta":{"desktop":{"background-color":"var(--ast-global-color-5)","background-image":"","background-repeat":"repeat","background-position":"center center","background-size":"auto","background-attachment":"scroll","background-type":"","background-media":"","overlay-type":"","overlay-color":"","overlay-opacity":"","overlay-gradient":""},"tablet":{"background-color":"","background-image":"","background-repeat":"repeat","background-position":"center center","background-size":"auto","background-attachment":"scroll","background-type":"","background-media":"","overlay-type":"","overlay-color":"","overlay-opacity":"","overlay-gradient":""},"mobile":{"background-color":"","background-image":"","background-repeat":"repeat","background-position":"center center","background-size":"auto","background-attachment":"scroll","background-type":"","background-media":"","overlay-type":"","overlay-color":"","overlay-opacity":"","overlay-gradient":""}},"ast-content-background-meta":{"desktop":{"background-color":"var(--ast-global-color-4)","background-image":"","background-repeat":"repeat","background-position":"center center","background-size":"auto","background-attachment":"scroll","background-type":"","background-media":"","overlay-type":"","overlay-color":"","overlay-opacity":"","overlay-gradient":""},"tablet":{"background-color":"var(--ast-global-color-4)","background-image":"","background-repeat":"repeat","background-position":"center center","background-size":"auto","background-attachment":"scroll","background-type":"","background-media":"","overlay-type":"","overlay-color":"","overlay-opacity":"","overlay-gradient":""},"mobile":{"background-color":"var(--ast-global-color-4)","background-image":"","background-repeat":"repeat","background-position":"center center","background-size":"auto","background-attachment":"scroll","background-type":"","background-media":"","overlay-type":"","overlay-color":"","overlay-opacity":"","overlay-gradient":""}},"footnotes":""},"categories":[1],"tags":[],"class_list":["post-151832","post","type-post","status-publish","format-standard","hentry","category-sem-categoria"],"yoast_head":"<!-- This site is optimized with the Yoast SEO plugin v26.6 - https:\/\/yoast.com\/wordpress\/plugins\/seo\/ -->\n<title>Deputados destacam dimens\u00e3o da Conven\u00e7\u00e3o do MDB realizada em S\u00e3o Lu\u00eds - Daniel Matos<\/title>\n<meta name=\"robots\" content=\"index, follow, max-snippet:-1, max-image-preview:large, max-video-preview:-1\" \/>\n<link rel=\"canonical\" href=\"https:\/\/www.blogsoestado.com\/danielmatos\/deputados-destacam-dimensao-da-convencao-do-mdb-realizada-em-sao-luis\/\" \/>\n<meta property=\"og:locale\" content=\"pt_BR\" \/>\n<meta property=\"og:type\" content=\"article\" \/>\n<meta property=\"og:title\" content=\"Deputados destacam dimens\u00e3o da Conven\u00e7\u00e3o do MDB realizada em S\u00e3o Lu\u00eds - Daniel Matos\" \/>\n<meta property=\"og:description\" content=\"Deputados repercutiram, na sess\u00e3o plen\u00e1ria desta ter\u00e7a-feira (2), a conven\u00e7\u00e3o estadual do MDB, realizada na \u00faltima sexta-feira (29), no Ceprama, [&hellip;]\" \/>\n<meta property=\"og:url\" content=\"https:\/\/www.blogsoestado.com\/danielmatos\/deputados-destacam-dimensao-da-convencao-do-mdb-realizada-em-sao-luis\/\" \/>\n<meta property=\"og:site_name\" content=\"Daniel Matos\" \/>\n<meta property=\"article:published_time\" content=\"2025-12-02T18:01:22+00:00\" \/>\n<meta property=\"article:modified_time\" content=\"2025-12-02T18:01:26+00:00\" \/>\n<meta property=\"og:image\" content=\"https:\/\/www.blogsoestado.com\/danielmatos\/wp-content\/uploads\/sites\/2\/2025\/12\/1004433051.jpg\" \/>\n\t<meta property=\"og:image:width\" content=\"1280\" \/>\n\t<meta property=\"og:image:height\" content=\"961\" \/>\n\t<meta property=\"og:image:type\" content=\"image\/jpeg\" \/>\n<meta name=\"author\" content=\"Daniel Matos\" \/>\n<meta name=\"twitter:card\" content=\"summary_large_image\" \/>\n<meta name=\"twitter:label1\" content=\"Escrito por\" \/>\n\t<meta name=\"twitter:data1\" content=\"Daniel Matos\" \/>\n\t<meta name=\"twitter:label2\" content=\"Est. tempo de leitura\" \/>\n\t<meta name=\"twitter:data2\" content=\"3 minutos\" \/>\n<script type=\"application\/ld+json\" class=\"yoast-schema-graph\">{\"@context\":\"https:\/\/schema.org\",\"@graph\":[{\"@type\":\"WebPage\",\"@id\":\"https:\/\/www.blogsoestado.com\/danielmatos\/deputados-destacam-dimensao-da-convencao-do-mdb-realizada-em-sao-luis\/\",\"url\":\"https:\/\/www.blogsoestado.com\/danielmatos\/deputados-destacam-dimensao-da-convencao-do-mdb-realizada-em-sao-luis\/\",\"name\":\"Deputados destacam dimens\u00e3o da Conven\u00e7\u00e3o do MDB realizada em S\u00e3o Lu\u00eds - Daniel Matos\",\"isPartOf\":{\"@id\":\"https:\/\/www.blogsoestado.com\/danielmatos\/#website\"},\"primaryImageOfPage\":{\"@id\":\"https:\/\/www.blogsoestado.com\/danielmatos\/deputados-destacam-dimensao-da-convencao-do-mdb-realizada-em-sao-luis\/#primaryimage\"},\"image\":{\"@id\":\"https:\/\/www.blogsoestado.com\/danielmatos\/deputados-destacam-dimensao-da-convencao-do-mdb-realizada-em-sao-luis\/#primaryimage\"},\"thumbnailUrl\":\"https:\/\/www.blogsoestado.com\/danielmatos\/wp-content\/uploads\/sites\/2\/2025\/12\/1004433051-1024x769.jpg\",\"datePublished\":\"2025-12-02T18:01:22+00:00\",\"dateModified\":\"2025-12-02T18:01:26+00:00\",\"author\":{\"@id\":\"https:\/\/www.blogsoestado.com\/danielmatos\/#\/schema\/person\/9a209d407cd45631f131e1285b661bb0\"},\"breadcrumb\":{\"@id\":\"https:\/\/www.blogsoestado.com\/danielmatos\/deputados-destacam-dimensao-da-convencao-do-mdb-realizada-em-sao-luis\/#breadcrumb\"},\"inLanguage\":\"pt-BR\",\"potentialAction\":[{\"@type\":\"ReadAction\",\"target\":[\"https:\/\/www.blogsoestado.com\/danielmatos\/deputados-destacam-dimensao-da-convencao-do-mdb-realizada-em-sao-luis\/\"]}]},{\"@type\":\"ImageObject\",\"inLanguage\":\"pt-BR\",\"@id\":\"https:\/\/www.blogsoestado.com\/danielmatos\/deputados-destacam-dimensao-da-convencao-do-mdb-realizada-em-sao-luis\/#primaryimage\",\"url\":\"https:\/\/www.blogsoestado.com\/danielmatos\/wp-content\/uploads\/sites\/2\/2025\/12\/1004433051.jpg\",\"contentUrl\":\"https:\/\/www.blogsoestado.com\/danielmatos\/wp-content\/uploads\/sites\/2\/2025\/12\/1004433051.jpg\",\"width\":1280,\"height\":961},{\"@type\":\"BreadcrumbList\",\"@id\":\"https:\/\/www.blogsoestado.com\/danielmatos\/deputados-destacam-dimensao-da-convencao-do-mdb-realizada-em-sao-luis\/#breadcrumb\",\"itemListElement\":[{\"@type\":\"ListItem\",\"position\":1,\"name\":\"In\u00edcio\",\"item\":\"https:\/\/www.blogsoestado.com\/danielmatos\/\"},{\"@type\":\"ListItem\",\"position\":2,\"name\":\"Deputados destacam dimens\u00e3o da Conven\u00e7\u00e3o do MDB realizada em S\u00e3o Lu\u00eds\"}]},{\"@type\":\"WebSite\",\"@id\":\"https:\/\/www.blogsoestado.com\/danielmatos\/#website\",\"url\":\"https:\/\/www.blogsoestado.com\/danielmatos\/\",\"name\":\"Daniel Matos\",\"description\":\"\",\"potentialAction\":[{\"@type\":\"SearchAction\",\"target\":{\"@type\":\"EntryPoint\",\"urlTemplate\":\"https:\/\/www.blogsoestado.com\/danielmatos\/?s={search_term_string}\"},\"query-input\":{\"@type\":\"PropertyValueSpecification\",\"valueRequired\":true,\"valueName\":\"search_term_string\"}}],\"inLanguage\":\"pt-BR\"},{\"@type\":\"Person\",\"@id\":\"https:\/\/www.blogsoestado.com\/danielmatos\/#\/schema\/person\/9a209d407cd45631f131e1285b661bb0\",\"name\":\"Daniel Matos\",\"image\":{\"@type\":\"ImageObject\",\"inLanguage\":\"pt-BR\",\"@id\":\"https:\/\/www.blogsoestado.com\/danielmatos\/#\/schema\/person\/image\/\",\"url\":\"https:\/\/secure.gravatar.com\/avatar\/2f26c36ee355da19a257f0dfef43952a2588b324ca35d6719e859fe338ac0392?s=96&d=mm&r=g\",\"contentUrl\":\"https:\/\/secure.gravatar.com\/avatar\/2f26c36ee355da19a257f0dfef43952a2588b324ca35d6719e859fe338ac0392?s=96&d=mm&r=g\",\"caption\":\"Daniel Matos\"},\"url\":\"https:\/\/www.blogsoestado.com\/danielmatos\/author\/danielmatos\/\"}]}<\/script>\n<!-- \/ Yoast SEO plugin. -->","yoast_head_json":{"title":"Deputados destacam dimens\u00e3o da Conven\u00e7\u00e3o do MDB realizada em S\u00e3o Lu\u00eds - Daniel Matos","robots":{"index":"index","follow":"follow","max-snippet":"max-snippet:-1","max-image-preview":"max-image-preview:large","max-video-preview":"max-video-preview:-1"},"canonical":"https:\/\/www.blogsoestado.com\/danielmatos\/deputados-destacam-dimensao-da-convencao-do-mdb-realizada-em-sao-luis\/","og_locale":"pt_BR","og_type":"article","og_title":"Deputados destacam dimens\u00e3o da Conven\u00e7\u00e3o do MDB realizada em S\u00e3o Lu\u00eds - Daniel Matos","og_description":"Deputados repercutiram, na sess\u00e3o plen\u00e1ria desta ter\u00e7a-feira (2), a conven\u00e7\u00e3o estadual do MDB, realizada na \u00faltima sexta-feira (29), no Ceprama, [&hellip;]","og_url":"https:\/\/www.blogsoestado.com\/danielmatos\/deputados-destacam-dimensao-da-convencao-do-mdb-realizada-em-sao-luis\/","og_site_name":"Daniel Matos","article_published_time":"2025-12-02T18:01:22+00:00","article_modified_time":"2025-12-02T18:01:26+00:00","og_image":[{"width":1280,"height":961,"url":"https:\/\/www.blogsoestado.com\/danielmatos\/wp-content\/uploads\/sites\/2\/2025\/12\/1004433051.jpg","type":"image\/jpeg"}],"author":"Daniel Matos","twitter_card":"summary_large_image","twitter_misc":{"Escrito por":"Daniel Matos","Est. tempo de leitura":"3 minutos"},"schema":{"@context":"https:\/\/schema.org","@graph":[{"@type":"WebPage","@id":"https:\/\/www.blogsoestado.com\/danielmatos\/deputados-destacam-dimensao-da-convencao-do-mdb-realizada-em-sao-luis\/","url":"https:\/\/www.blogsoestado.com\/danielmatos\/deputados-destacam-dimensao-da-convencao-do-mdb-realizada-em-sao-luis\/","name":"Deputados destacam dimens\u00e3o da Conven\u00e7\u00e3o do MDB realizada em S\u00e3o Lu\u00eds - Daniel Matos","isPartOf":{"@id":"https:\/\/www.blogsoestado.com\/danielmatos\/#website"},"primaryImageOfPage":{"@id":"https:\/\/www.blogsoestado.com\/danielmatos\/deputados-destacam-dimensao-da-convencao-do-mdb-realizada-em-sao-luis\/#primaryimage"},"image":{"@id":"https:\/\/www.blogsoestado.com\/danielmatos\/deputados-destacam-dimensao-da-convencao-do-mdb-realizada-em-sao-luis\/#primaryimage"},"thumbnailUrl":"https:\/\/www.blogsoestado.com\/danielmatos\/wp-content\/uploads\/sites\/2\/2025\/12\/1004433051-1024x769.jpg","datePublished":"2025-12-02T18:01:22+00:00","dateModified":"2025-12-02T18:01:26+00:00","author":{"@id":"https:\/\/www.blogsoestado.com\/danielmatos\/#\/schema\/person\/9a209d407cd45631f131e1285b661bb0"},"breadcrumb":{"@id":"https:\/\/www.blogsoestado.com\/danielmatos\/deputados-destacam-dimensao-da-convencao-do-mdb-realizada-em-sao-luis\/#breadcrumb"},"inLanguage":"pt-BR","potentialAction":[{"@type":"ReadAction","target":["https:\/\/www.blogsoestado.com\/danielmatos\/deputados-destacam-dimensao-da-convencao-do-mdb-realizada-em-sao-luis\/"]}]},{"@type":"ImageObject","inLanguage":"pt-BR","@id":"https:\/\/www.blogsoestado.com\/danielmatos\/deputados-destacam-dimensao-da-convencao-do-mdb-realizada-em-sao-luis\/#primaryimage","url":"https:\/\/www.blogsoestado.com\/danielmatos\/wp-content\/uploads\/sites\/2\/2025\/12\/1004433051.jpg","contentUrl":"https:\/\/www.blogsoestado.com\/danielmatos\/wp-content\/uploads\/sites\/2\/2025\/12\/1004433051.jpg","width":1280,"height":961},{"@type":"BreadcrumbList","@id":"https:\/\/www.blogsoestado.com\/danielmatos\/deputados-destacam-dimensao-da-convencao-do-mdb-realizada-em-sao-luis\/#breadcrumb","itemListElement":[{"@type":"ListItem","position":1,"name":"In\u00edcio","item":"https:\/\/www.blogsoestado.com\/danielmatos\/"},{"@type":"ListItem","position":2,"name":"Deputados destacam dimens\u00e3o da Conven\u00e7\u00e3o do MDB realizada em S\u00e3o Lu\u00eds"}]},{"@type":"WebSite","@id":"https:\/\/www.blogsoestado.com\/danielmatos\/#website","url":"https:\/\/www.blogsoestado.com\/danielmatos\/","name":"Daniel Matos","description":"","potentialAction":[{"@type":"SearchAction","target":{"@type":"EntryPoint","urlTemplate":"https:\/\/www.blogsoestado.com\/danielmatos\/?s={search_term_string}"},"query-input":{"@type":"PropertyValueSpecification","valueRequired":true,"valueName":"search_term_string"}}],"inLanguage":"pt-BR"},{"@type":"Person","@id":"https:\/\/www.blogsoestado.com\/danielmatos\/#\/schema\/person\/9a209d407cd45631f131e1285b661bb0","name":"Daniel Matos","image":{"@type":"ImageObject","inLanguage":"pt-BR","@id":"https:\/\/www.blogsoestado.com\/danielmatos\/#\/schema\/person\/image\/","url":"https:\/\/secure.gravatar.com\/avatar\/2f26c36ee355da19a257f0dfef43952a2588b324ca35d6719e859fe338ac0392?s=96&d=mm&r=g","contentUrl":"https:\/\/secure.gravatar.com\/avatar\/2f26c36ee355da19a257f0dfef43952a2588b324ca35d6719e859fe338ac0392?s=96&d=mm&r=g","caption":"Daniel Matos"},"url":"https:\/\/www.blogsoestado.com\/danielmatos\/author\/danielmatos\/"}]}},"jetpack_featured_media_url":"","_links":{"self":[{"href":"https:\/\/www.blogsoestado.com\/danielmatos\/wp-json\/wp\/v2\/posts\/151832","targetHints":{"allow":["GET"]}}],"collection":[{"href":"https:\/\/www.blogsoestado.com\/danielmatos\/wp-json\/wp\/v2\/posts"}],"about":[{"href":"https:\/\/www.blogsoestado.com\/danielmatos\/wp-json\/wp\/v2\/types\/post"}],"author":[{"embeddable":true,"href":"https:\/\/www.blogsoestado.com\/danielmatos\/wp-json\/wp\/v2\/users\/2"}],"replies":[{"embeddable":true,"href":"https:\/\/www.blogsoestado.com\/danielmatos\/wp-json\/wp\/v2\/comments?post=151832"}],"version-history":[{"count":1,"href":"https:\/\/www.blogsoestado.com\/danielmatos\/wp-json\/wp\/v2\/posts\/151832\/revisions"}],"predecessor-version":[{"id":151834,"href":"https:\/\/www.blogsoestado.com\/danielmatos\/wp-json\/wp\/v2\/posts\/151832\/revisions\/151834"}],"wp:attachment":[{"href":"https:\/\/www.blogsoestado.com\/danielmatos\/wp-json\/wp\/v2\/media?parent=151832"}],"wp:term":[{"taxonomy":"category","embeddable":true,"href":"https:\/\/www.blogsoestado.com\/danielmatos\/wp-json\/wp\/v2\/categories?post=151832"},{"taxonomy":"post_tag","embeddable":true,"href":"https:\/\/www.blogsoestado.com\/danielmatos\/wp-json\/wp\/v2\/tags?post=151832"}],"curies":[{"name":"wp","href":"https:\/\/api.w.org\/{rel}","templated":true}]}}