{"id":151835,"date":"2025-12-02T15:08:23","date_gmt":"2025-12-02T18:08:23","guid":{"rendered":"https:\/\/www.blogsoestado.com\/danielmatos\/?p=151835"},"modified":"2025-12-02T15:09:50","modified_gmt":"2025-12-02T18:09:50","slug":"pesquisa-em-sao-jose-de-ribamar-aponta-eduardo-braide-como-amplo-favorito-a-sucessao-governamental","status":"publish","type":"post","link":"https:\/\/www.blogsoestado.com\/danielmatos\/pesquisa-em-sao-jose-de-ribamar-aponta-eduardo-braide-como-amplo-favorito-a-sucessao-governamental\/","title":{"rendered":"Pesquisa em S\u00e3o Jos\u00e9 de Ribamar aponta Eduardo Braide como amplo favorito \u00e0 sucess\u00e3o governamental"},"content":{"rendered":"\n<figure class=\"wp-block-image aligncenter size-large\"><img fetchpriority=\"high\" decoding=\"async\" width=\"1024\" height=\"512\" src=\"https:\/\/www.blogsoestado.com\/danielmatos\/wp-content\/uploads\/sites\/2\/2025\/12\/1004433138-1024x512.jpg\" alt=\"\" class=\"wp-image-151836\" srcset=\"https:\/\/www.blogsoestado.com\/danielmatos\/wp-content\/uploads\/sites\/2\/2025\/12\/1004433138-1024x512.jpg 1024w, https:\/\/www.blogsoestado.com\/danielmatos\/wp-content\/uploads\/sites\/2\/2025\/12\/1004433138-300x150.jpg 300w, https:\/\/www.blogsoestado.com\/danielmatos\/wp-content\/uploads\/sites\/2\/2025\/12\/1004433138-768x384.jpg 768w, https:\/\/www.blogsoestado.com\/danielmatos\/wp-content\/uploads\/sites\/2\/2025\/12\/1004433138-1536x768.jpg 1536w, https:\/\/www.blogsoestado.com\/danielmatos\/wp-content\/uploads\/sites\/2\/2025\/12\/1004433138.jpg 1600w\" sizes=\"(max-width: 1024px) 100vw, 1024px\" \/><figcaption class=\"wp-element-caption\">Eduardo Braide desponta na lideran\u00e7a em pesquisa de inten\u00e7\u00f5es de voto para o governo realizada em S\u00e3o Jos\u00e9 de Ribamar<\/figcaption><\/figure>\n\n\n\n<p>Uma pesquisa realizada pelo Instituto Luneta no munic\u00edpio de S\u00e3o Jos\u00e9 de Ribamar , o terceiro maior col\u00e9gio eleitoral do Maranh\u00e3o, revela o prefeito de S\u00e3o Lu\u00eds, Eduardo Braide (PSD), com uma lideran\u00e7a avassaladora em cen\u00e1rios simulados para a disputa pelo governo do estado em 2026. Os dados foram divulgados pelo na \u00faltima segunda-feira (1).<\/p>\n\n\n\n<p>No teste de inten\u00e7\u00e3o de voto com est\u00edmulo (cen\u00e1rio estimulado), Braide domina com 70,32% das men\u00e7\u00f5es. Em distante segundo lugar aparece o secret\u00e1rio estadual de Assuntos Municipalistas, Orleans Brand\u00e3o (MDB), com 8,88%. O vice-governador Felipe Camar\u00e3o (PT) aparece em terceiro, com 3,04%, seguido por Lahesio Bonfim (Novo), com 2,43%.<\/p>\n\n\n\n<p>Os \u00edndices de rejei\u00e7\u00e3o ou indecis\u00e3o neste cen\u00e1rio s\u00e3o relativamente baixos: 12,04% declararam n\u00e3o saber ou n\u00e3o responder, e 3,04% afirmaram que votariam em nenhum dos nomes.<\/p>\n\n\n\n<p>J\u00e1 na pergunta espont\u00e2nea (sem est\u00edmulo de nomes), onde o eleitor cita de quem lembra, a lideran\u00e7a de Braide se mant\u00e9m, mas o quadro mostra um eleitorado ainda pouco mobilizado para a corrida sucess\u00f3ria. O prefeito \u00e9 lembrado por 21,05% dos entrevistados. Os demais potenciais candidatos t\u00eam men\u00e7\u00f5es abaixo de 2%: Orleans Brand\u00e3o (1,22%), Lahesio Bonfim (0,97%) e Felipe Camar\u00e3o (0,49%). O dado que mais chama aten\u00e7\u00e3o \u00e9 o alt\u00edssimo percentual de indecisos: 69,22%, enquanto 0,61% disse n\u00e3o votar em nenhum.<\/p>\n\n\n\n<p>A pesquisa ouviu 822 pessoas em S\u00e3o Jos\u00e9 de Ribamar entre os dias 17 e 20 de novembro. A margem de erro \u00e9 de 3,4 pontos percentuais para mais ou para menos, com um n\u00edvel de confian\u00e7a de 95%. Isso significa que, tecnicamente, os resultados refletem a inten\u00e7\u00e3o de voto da popula\u00e7\u00e3o do munic\u00edpio naquele per\u00edodo.<\/p>\n\n\n\n<p>Os n\u00fameros refor\u00e7am a for\u00e7a eleitoral de Eduardo Braide em um importante munic\u00edpio da regi\u00e3o metropolitana de S\u00e3o Lu\u00eds, consolidando-o como o principal nome da oposi\u00e7\u00e3o no estado. A pesquisa tamb\u00e9m evidencia que fora do c\u00edrculo pol\u00edtico, a elei\u00e7\u00e3o para governador ainda n\u00e3o come\u00e7ou a povoar o imagin\u00e1rio do eleitor, como demonstram os 69% de indecisos na espont\u00e2nea. A larga vantagem no cen\u00e1rio estimulado sugere um significativo reconhecimento e aprova\u00e7\u00e3o do prefeito, que se transforma em voto quando seu nome \u00e9 colocado em disputa.<\/p>\n\n\n\n<p>Confira os n\u00fameros da pesquisa:<\/p>\n\n\n\n<figure class=\"wp-block-image aligncenter size-full\"><img decoding=\"async\" width=\"1024\" height=\"575\" src=\"https:\/\/www.blogsoestado.com\/danielmatos\/wp-content\/uploads\/sites\/2\/2025\/12\/1004433125.jpg\" alt=\"\" class=\"wp-image-151837\" srcset=\"https:\/\/www.blogsoestado.com\/danielmatos\/wp-content\/uploads\/sites\/2\/2025\/12\/1004433125.jpg 1024w, https:\/\/www.blogsoestado.com\/danielmatos\/wp-content\/uploads\/sites\/2\/2025\/12\/1004433125-300x168.jpg 300w, https:\/\/www.blogsoestado.com\/danielmatos\/wp-content\/uploads\/sites\/2\/2025\/12\/1004433125-768x431.jpg 768w\" sizes=\"(max-width: 1024px) 100vw, 1024px\" \/><\/figure>\n\n\n\n<figure class=\"wp-block-image aligncenter size-full\"><img decoding=\"async\" width=\"1024\" height=\"577\" src=\"https:\/\/www.blogsoestado.com\/danielmatos\/wp-content\/uploads\/sites\/2\/2025\/12\/1004433131.jpg\" alt=\"\" class=\"wp-image-151838\" srcset=\"https:\/\/www.blogsoestado.com\/danielmatos\/wp-content\/uploads\/sites\/2\/2025\/12\/1004433131.jpg 1024w, https:\/\/www.blogsoestado.com\/danielmatos\/wp-content\/uploads\/sites\/2\/2025\/12\/1004433131-300x169.jpg 300w, https:\/\/www.blogsoestado.com\/danielmatos\/wp-content\/uploads\/sites\/2\/2025\/12\/1004433131-768x433.jpg 768w\" sizes=\"(max-width: 1024px) 100vw, 1024px\" \/><\/figure>\n","protected":false},"excerpt":{"rendered":"<p>Uma pesquisa realizada pelo Instituto Luneta no munic\u00edpio de S\u00e3o Jos\u00e9 de Ribamar , o terceiro maior col\u00e9gio eleitoral do [&hellip;]<\/p>\n","protected":false},"author":2,"featured_media":0,"comment_status":"open","ping_status":"open","sticky":false,"template":"","format":"standard","meta":{"site-sidebar-layout":"default","site-content-layout":"","ast-site-content-layout":"default","site-content-style":"default","site-sidebar-style":"default","ast-global-header-display":"","ast-banner-title-visibility":"","ast-main-header-display":"","ast-hfb-above-header-display":"","ast-hfb-below-header-display":"","ast-hfb-mobile-header-display":"","site-post-title":"","ast-breadcrumbs-content":"","ast-featured-img":"","footer-sml-layout":"","ast-disable-related-posts":"","theme-transparent-header-meta":"","adv-header-id-meta":"","stick-header-meta":"","header-above-stick-meta":"","header-main-stick-meta":"","header-below-stick-meta":"","astra-migrate-meta-layouts":"default","ast-page-background-enabled":"default","ast-page-background-meta":{"desktop":{"background-color":"var(--ast-global-color-5)","background-image":"","background-repeat":"repeat","background-position":"center center","background-size":"auto","background-attachment":"scroll","background-type":"","background-media":"","overlay-type":"","overlay-color":"","overlay-opacity":"","overlay-gradient":""},"tablet":{"background-color":"","background-image":"","background-repeat":"repeat","background-position":"center center","background-size":"auto","background-attachment":"scroll","background-type":"","background-media":"","overlay-type":"","overlay-color":"","overlay-opacity":"","overlay-gradient":""},"mobile":{"background-color":"","background-image":"","background-repeat":"repeat","background-position":"center center","background-size":"auto","background-attachment":"scroll","background-type":"","background-media":"","overlay-type":"","overlay-color":"","overlay-opacity":"","overlay-gradient":""}},"ast-content-background-meta":{"desktop":{"background-color":"var(--ast-global-color-4)","background-image":"","background-repeat":"repeat","background-position":"center center","background-size":"auto","background-attachment":"scroll","background-type":"","background-media":"","overlay-type":"","overlay-color":"","overlay-opacity":"","overlay-gradient":""},"tablet":{"background-color":"var(--ast-global-color-4)","background-image":"","background-repeat":"repeat","background-position":"center center","background-size":"auto","background-attachment":"scroll","background-type":"","background-media":"","overlay-type":"","overlay-color":"","overlay-opacity":"","overlay-gradient":""},"mobile":{"background-color":"var(--ast-global-color-4)","background-image":"","background-repeat":"repeat","background-position":"center center","background-size":"auto","background-attachment":"scroll","background-type":"","background-media":"","overlay-type":"","overlay-color":"","overlay-opacity":"","overlay-gradient":""}},"footnotes":""},"categories":[1],"tags":[],"class_list":["post-151835","post","type-post","status-publish","format-standard","hentry","category-sem-categoria"],"yoast_head":"<!-- This site is optimized with the Yoast SEO plugin v26.6 - https:\/\/yoast.com\/wordpress\/plugins\/seo\/ -->\n<title>Pesquisa em S\u00e3o Jos\u00e9 de Ribamar aponta Eduardo Braide como amplo favorito \u00e0 sucess\u00e3o governamental - Daniel Matos<\/title>\n<meta name=\"robots\" content=\"index, follow, max-snippet:-1, max-image-preview:large, max-video-preview:-1\" \/>\n<link rel=\"canonical\" href=\"https:\/\/www.blogsoestado.com\/danielmatos\/pesquisa-em-sao-jose-de-ribamar-aponta-eduardo-braide-como-amplo-favorito-a-sucessao-governamental\/\" \/>\n<meta property=\"og:locale\" content=\"pt_BR\" \/>\n<meta property=\"og:type\" content=\"article\" \/>\n<meta property=\"og:title\" content=\"Pesquisa em S\u00e3o Jos\u00e9 de Ribamar aponta Eduardo Braide como amplo favorito \u00e0 sucess\u00e3o governamental - Daniel Matos\" \/>\n<meta property=\"og:description\" content=\"Uma pesquisa realizada pelo Instituto Luneta no munic\u00edpio de S\u00e3o Jos\u00e9 de Ribamar , o terceiro maior col\u00e9gio eleitoral do [&hellip;]\" \/>\n<meta property=\"og:url\" content=\"https:\/\/www.blogsoestado.com\/danielmatos\/pesquisa-em-sao-jose-de-ribamar-aponta-eduardo-braide-como-amplo-favorito-a-sucessao-governamental\/\" \/>\n<meta property=\"og:site_name\" content=\"Daniel Matos\" \/>\n<meta property=\"article:published_time\" content=\"2025-12-02T18:08:23+00:00\" \/>\n<meta property=\"article:modified_time\" content=\"2025-12-02T18:09:50+00:00\" \/>\n<meta property=\"og:image\" content=\"https:\/\/www.blogsoestado.com\/danielmatos\/wp-content\/uploads\/sites\/2\/2025\/12\/1004433138.jpg\" \/>\n\t<meta property=\"og:image:width\" content=\"1600\" \/>\n\t<meta property=\"og:image:height\" content=\"800\" \/>\n\t<meta property=\"og:image:type\" content=\"image\/jpeg\" \/>\n<meta name=\"author\" content=\"Daniel Matos\" \/>\n<meta name=\"twitter:card\" content=\"summary_large_image\" \/>\n<meta name=\"twitter:label1\" content=\"Escrito por\" \/>\n\t<meta name=\"twitter:data1\" content=\"Daniel Matos\" \/>\n\t<meta name=\"twitter:label2\" content=\"Est. tempo de leitura\" \/>\n\t<meta name=\"twitter:data2\" content=\"3 minutos\" \/>\n<script type=\"application\/ld+json\" class=\"yoast-schema-graph\">{\"@context\":\"https:\/\/schema.org\",\"@graph\":[{\"@type\":\"WebPage\",\"@id\":\"https:\/\/www.blogsoestado.com\/danielmatos\/pesquisa-em-sao-jose-de-ribamar-aponta-eduardo-braide-como-amplo-favorito-a-sucessao-governamental\/\",\"url\":\"https:\/\/www.blogsoestado.com\/danielmatos\/pesquisa-em-sao-jose-de-ribamar-aponta-eduardo-braide-como-amplo-favorito-a-sucessao-governamental\/\",\"name\":\"Pesquisa em S\u00e3o Jos\u00e9 de Ribamar aponta Eduardo Braide como amplo favorito \u00e0 sucess\u00e3o governamental - Daniel Matos\",\"isPartOf\":{\"@id\":\"https:\/\/www.blogsoestado.com\/danielmatos\/#website\"},\"primaryImageOfPage\":{\"@id\":\"https:\/\/www.blogsoestado.com\/danielmatos\/pesquisa-em-sao-jose-de-ribamar-aponta-eduardo-braide-como-amplo-favorito-a-sucessao-governamental\/#primaryimage\"},\"image\":{\"@id\":\"https:\/\/www.blogsoestado.com\/danielmatos\/pesquisa-em-sao-jose-de-ribamar-aponta-eduardo-braide-como-amplo-favorito-a-sucessao-governamental\/#primaryimage\"},\"thumbnailUrl\":\"https:\/\/www.blogsoestado.com\/danielmatos\/wp-content\/uploads\/sites\/2\/2025\/12\/1004433138-1024x512.jpg\",\"datePublished\":\"2025-12-02T18:08:23+00:00\",\"dateModified\":\"2025-12-02T18:09:50+00:00\",\"author\":{\"@id\":\"https:\/\/www.blogsoestado.com\/danielmatos\/#\/schema\/person\/9a209d407cd45631f131e1285b661bb0\"},\"breadcrumb\":{\"@id\":\"https:\/\/www.blogsoestado.com\/danielmatos\/pesquisa-em-sao-jose-de-ribamar-aponta-eduardo-braide-como-amplo-favorito-a-sucessao-governamental\/#breadcrumb\"},\"inLanguage\":\"pt-BR\",\"potentialAction\":[{\"@type\":\"ReadAction\",\"target\":[\"https:\/\/www.blogsoestado.com\/danielmatos\/pesquisa-em-sao-jose-de-ribamar-aponta-eduardo-braide-como-amplo-favorito-a-sucessao-governamental\/\"]}]},{\"@type\":\"ImageObject\",\"inLanguage\":\"pt-BR\",\"@id\":\"https:\/\/www.blogsoestado.com\/danielmatos\/pesquisa-em-sao-jose-de-ribamar-aponta-eduardo-braide-como-amplo-favorito-a-sucessao-governamental\/#primaryimage\",\"url\":\"https:\/\/www.blogsoestado.com\/danielmatos\/wp-content\/uploads\/sites\/2\/2025\/12\/1004433138.jpg\",\"contentUrl\":\"https:\/\/www.blogsoestado.com\/danielmatos\/wp-content\/uploads\/sites\/2\/2025\/12\/1004433138.jpg\",\"width\":1600,\"height\":800},{\"@type\":\"BreadcrumbList\",\"@id\":\"https:\/\/www.blogsoestado.com\/danielmatos\/pesquisa-em-sao-jose-de-ribamar-aponta-eduardo-braide-como-amplo-favorito-a-sucessao-governamental\/#breadcrumb\",\"itemListElement\":[{\"@type\":\"ListItem\",\"position\":1,\"name\":\"In\u00edcio\",\"item\":\"https:\/\/www.blogsoestado.com\/danielmatos\/\"},{\"@type\":\"ListItem\",\"position\":2,\"name\":\"Pesquisa em S\u00e3o Jos\u00e9 de Ribamar aponta Eduardo Braide como amplo favorito \u00e0 sucess\u00e3o governamental\"}]},{\"@type\":\"WebSite\",\"@id\":\"https:\/\/www.blogsoestado.com\/danielmatos\/#website\",\"url\":\"https:\/\/www.blogsoestado.com\/danielmatos\/\",\"name\":\"Daniel Matos\",\"description\":\"\",\"potentialAction\":[{\"@type\":\"SearchAction\",\"target\":{\"@type\":\"EntryPoint\",\"urlTemplate\":\"https:\/\/www.blogsoestado.com\/danielmatos\/?s={search_term_string}\"},\"query-input\":{\"@type\":\"PropertyValueSpecification\",\"valueRequired\":true,\"valueName\":\"search_term_string\"}}],\"inLanguage\":\"pt-BR\"},{\"@type\":\"Person\",\"@id\":\"https:\/\/www.blogsoestado.com\/danielmatos\/#\/schema\/person\/9a209d407cd45631f131e1285b661bb0\",\"name\":\"Daniel Matos\",\"image\":{\"@type\":\"ImageObject\",\"inLanguage\":\"pt-BR\",\"@id\":\"https:\/\/www.blogsoestado.com\/danielmatos\/#\/schema\/person\/image\/\",\"url\":\"https:\/\/secure.gravatar.com\/avatar\/2f26c36ee355da19a257f0dfef43952a2588b324ca35d6719e859fe338ac0392?s=96&d=mm&r=g\",\"contentUrl\":\"https:\/\/secure.gravatar.com\/avatar\/2f26c36ee355da19a257f0dfef43952a2588b324ca35d6719e859fe338ac0392?s=96&d=mm&r=g\",\"caption\":\"Daniel Matos\"},\"url\":\"https:\/\/www.blogsoestado.com\/danielmatos\/author\/danielmatos\/\"}]}<\/script>\n<!-- \/ Yoast SEO plugin. -->","yoast_head_json":{"title":"Pesquisa em S\u00e3o Jos\u00e9 de Ribamar aponta Eduardo Braide como amplo favorito \u00e0 sucess\u00e3o governamental - Daniel Matos","robots":{"index":"index","follow":"follow","max-snippet":"max-snippet:-1","max-image-preview":"max-image-preview:large","max-video-preview":"max-video-preview:-1"},"canonical":"https:\/\/www.blogsoestado.com\/danielmatos\/pesquisa-em-sao-jose-de-ribamar-aponta-eduardo-braide-como-amplo-favorito-a-sucessao-governamental\/","og_locale":"pt_BR","og_type":"article","og_title":"Pesquisa em S\u00e3o Jos\u00e9 de Ribamar aponta Eduardo Braide como amplo favorito \u00e0 sucess\u00e3o governamental - Daniel Matos","og_description":"Uma pesquisa realizada pelo Instituto Luneta no munic\u00edpio de S\u00e3o Jos\u00e9 de Ribamar , o terceiro maior col\u00e9gio eleitoral do [&hellip;]","og_url":"https:\/\/www.blogsoestado.com\/danielmatos\/pesquisa-em-sao-jose-de-ribamar-aponta-eduardo-braide-como-amplo-favorito-a-sucessao-governamental\/","og_site_name":"Daniel Matos","article_published_time":"2025-12-02T18:08:23+00:00","article_modified_time":"2025-12-02T18:09:50+00:00","og_image":[{"width":1600,"height":800,"url":"https:\/\/www.blogsoestado.com\/danielmatos\/wp-content\/uploads\/sites\/2\/2025\/12\/1004433138.jpg","type":"image\/jpeg"}],"author":"Daniel Matos","twitter_card":"summary_large_image","twitter_misc":{"Escrito por":"Daniel Matos","Est. tempo de leitura":"3 minutos"},"schema":{"@context":"https:\/\/schema.org","@graph":[{"@type":"WebPage","@id":"https:\/\/www.blogsoestado.com\/danielmatos\/pesquisa-em-sao-jose-de-ribamar-aponta-eduardo-braide-como-amplo-favorito-a-sucessao-governamental\/","url":"https:\/\/www.blogsoestado.com\/danielmatos\/pesquisa-em-sao-jose-de-ribamar-aponta-eduardo-braide-como-amplo-favorito-a-sucessao-governamental\/","name":"Pesquisa em S\u00e3o Jos\u00e9 de Ribamar aponta Eduardo Braide como amplo favorito \u00e0 sucess\u00e3o governamental - Daniel Matos","isPartOf":{"@id":"https:\/\/www.blogsoestado.com\/danielmatos\/#website"},"primaryImageOfPage":{"@id":"https:\/\/www.blogsoestado.com\/danielmatos\/pesquisa-em-sao-jose-de-ribamar-aponta-eduardo-braide-como-amplo-favorito-a-sucessao-governamental\/#primaryimage"},"image":{"@id":"https:\/\/www.blogsoestado.com\/danielmatos\/pesquisa-em-sao-jose-de-ribamar-aponta-eduardo-braide-como-amplo-favorito-a-sucessao-governamental\/#primaryimage"},"thumbnailUrl":"https:\/\/www.blogsoestado.com\/danielmatos\/wp-content\/uploads\/sites\/2\/2025\/12\/1004433138-1024x512.jpg","datePublished":"2025-12-02T18:08:23+00:00","dateModified":"2025-12-02T18:09:50+00:00","author":{"@id":"https:\/\/www.blogsoestado.com\/danielmatos\/#\/schema\/person\/9a209d407cd45631f131e1285b661bb0"},"breadcrumb":{"@id":"https:\/\/www.blogsoestado.com\/danielmatos\/pesquisa-em-sao-jose-de-ribamar-aponta-eduardo-braide-como-amplo-favorito-a-sucessao-governamental\/#breadcrumb"},"inLanguage":"pt-BR","potentialAction":[{"@type":"ReadAction","target":["https:\/\/www.blogsoestado.com\/danielmatos\/pesquisa-em-sao-jose-de-ribamar-aponta-eduardo-braide-como-amplo-favorito-a-sucessao-governamental\/"]}]},{"@type":"ImageObject","inLanguage":"pt-BR","@id":"https:\/\/www.blogsoestado.com\/danielmatos\/pesquisa-em-sao-jose-de-ribamar-aponta-eduardo-braide-como-amplo-favorito-a-sucessao-governamental\/#primaryimage","url":"https:\/\/www.blogsoestado.com\/danielmatos\/wp-content\/uploads\/sites\/2\/2025\/12\/1004433138.jpg","contentUrl":"https:\/\/www.blogsoestado.com\/danielmatos\/wp-content\/uploads\/sites\/2\/2025\/12\/1004433138.jpg","width":1600,"height":800},{"@type":"BreadcrumbList","@id":"https:\/\/www.blogsoestado.com\/danielmatos\/pesquisa-em-sao-jose-de-ribamar-aponta-eduardo-braide-como-amplo-favorito-a-sucessao-governamental\/#breadcrumb","itemListElement":[{"@type":"ListItem","position":1,"name":"In\u00edcio","item":"https:\/\/www.blogsoestado.com\/danielmatos\/"},{"@type":"ListItem","position":2,"name":"Pesquisa em S\u00e3o Jos\u00e9 de Ribamar aponta Eduardo Braide como amplo favorito \u00e0 sucess\u00e3o governamental"}]},{"@type":"WebSite","@id":"https:\/\/www.blogsoestado.com\/danielmatos\/#website","url":"https:\/\/www.blogsoestado.com\/danielmatos\/","name":"Daniel Matos","description":"","potentialAction":[{"@type":"SearchAction","target":{"@type":"EntryPoint","urlTemplate":"https:\/\/www.blogsoestado.com\/danielmatos\/?s={search_term_string}"},"query-input":{"@type":"PropertyValueSpecification","valueRequired":true,"valueName":"search_term_string"}}],"inLanguage":"pt-BR"},{"@type":"Person","@id":"https:\/\/www.blogsoestado.com\/danielmatos\/#\/schema\/person\/9a209d407cd45631f131e1285b661bb0","name":"Daniel Matos","image":{"@type":"ImageObject","inLanguage":"pt-BR","@id":"https:\/\/www.blogsoestado.com\/danielmatos\/#\/schema\/person\/image\/","url":"https:\/\/secure.gravatar.com\/avatar\/2f26c36ee355da19a257f0dfef43952a2588b324ca35d6719e859fe338ac0392?s=96&d=mm&r=g","contentUrl":"https:\/\/secure.gravatar.com\/avatar\/2f26c36ee355da19a257f0dfef43952a2588b324ca35d6719e859fe338ac0392?s=96&d=mm&r=g","caption":"Daniel Matos"},"url":"https:\/\/www.blogsoestado.com\/danielmatos\/author\/danielmatos\/"}]}},"jetpack_featured_media_url":"","_links":{"self":[{"href":"https:\/\/www.blogsoestado.com\/danielmatos\/wp-json\/wp\/v2\/posts\/151835","targetHints":{"allow":["GET"]}}],"collection":[{"href":"https:\/\/www.blogsoestado.com\/danielmatos\/wp-json\/wp\/v2\/posts"}],"about":[{"href":"https:\/\/www.blogsoestado.com\/danielmatos\/wp-json\/wp\/v2\/types\/post"}],"author":[{"embeddable":true,"href":"https:\/\/www.blogsoestado.com\/danielmatos\/wp-json\/wp\/v2\/users\/2"}],"replies":[{"embeddable":true,"href":"https:\/\/www.blogsoestado.com\/danielmatos\/wp-json\/wp\/v2\/comments?post=151835"}],"version-history":[{"count":2,"href":"https:\/\/www.blogsoestado.com\/danielmatos\/wp-json\/wp\/v2\/posts\/151835\/revisions"}],"predecessor-version":[{"id":151840,"href":"https:\/\/www.blogsoestado.com\/danielmatos\/wp-json\/wp\/v2\/posts\/151835\/revisions\/151840"}],"wp:attachment":[{"href":"https:\/\/www.blogsoestado.com\/danielmatos\/wp-json\/wp\/v2\/media?parent=151835"}],"wp:term":[{"taxonomy":"category","embeddable":true,"href":"https:\/\/www.blogsoestado.com\/danielmatos\/wp-json\/wp\/v2\/categories?post=151835"},{"taxonomy":"post_tag","embeddable":true,"href":"https:\/\/www.blogsoestado.com\/danielmatos\/wp-json\/wp\/v2\/tags?post=151835"}],"curies":[{"name":"wp","href":"https:\/\/api.w.org\/{rel}","templated":true}]}}