{"id":151844,"date":"2025-12-02T21:05:56","date_gmt":"2025-12-03T00:05:56","guid":{"rendered":"https:\/\/www.blogsoestado.com\/danielmatos\/?p=151844"},"modified":"2025-12-02T21:06:01","modified_gmt":"2025-12-03T00:06:01","slug":"o-maranhao-grita-rock-guns-n-roses-mobiliza-fas-em-venda-acelerada","status":"publish","type":"post","link":"https:\/\/www.blogsoestado.com\/danielmatos\/o-maranhao-grita-rock-guns-n-roses-mobiliza-fas-em-venda-acelerada\/","title":{"rendered":"O Maranh\u00e3o Grita Rock: Guns N\u2019 Roses mobiliza f\u00e3s em venda acelerada"},"content":{"rendered":"\n<p><em><strong><mark style=\"color:#cf2e2e\" class=\"has-inline-color\">Mais de 20 mil ingressos foram adquiridos na primeira hora, antecipando a for\u00e7a e a energia que o Castel\u00e3o viver\u00e1 em abril de 2026<\/mark><\/strong><\/em><\/p>\n\n\n\n<figure class=\"wp-block-image aligncenter size-large\"><img fetchpriority=\"high\" decoding=\"async\" width=\"1024\" height=\"768\" src=\"https:\/\/www.blogsoestado.com\/danielmatos\/wp-content\/uploads\/sites\/2\/2025\/12\/1004437200-1024x768.jpg\" alt=\"\" class=\"wp-image-151845\" srcset=\"https:\/\/www.blogsoestado.com\/danielmatos\/wp-content\/uploads\/sites\/2\/2025\/12\/1004437200-1024x768.jpg 1024w, https:\/\/www.blogsoestado.com\/danielmatos\/wp-content\/uploads\/sites\/2\/2025\/12\/1004437200-300x225.jpg 300w, https:\/\/www.blogsoestado.com\/danielmatos\/wp-content\/uploads\/sites\/2\/2025\/12\/1004437200-768x576.jpg 768w, https:\/\/www.blogsoestado.com\/danielmatos\/wp-content\/uploads\/sites\/2\/2025\/12\/1004437200-1536x1152.jpg 1536w, https:\/\/www.blogsoestado.com\/danielmatos\/wp-content\/uploads\/sites\/2\/2025\/12\/1004437200-2048x1536.jpg 2048w\" sizes=\"(max-width: 1024px) 100vw, 1024px\" \/><figcaption class=\"wp-element-caption\">O r\u00e1pido volume de vendas reflete a ansiedade dos f\u00e3s para ver de perto Axl Rose, Slash e Duff McKagan<\/figcaption><\/figure>\n\n\n\n<p>S\u00e3o Lu\u00eds amanheceu em clima de entusiasmo com o in\u00edcio das vendas para o show do Guns N\u2019 Roses em S\u00e3o Lu\u00eds. Em apenas uma hora, mais de 20 mil ingressos foram adquiridos, confirmando a for\u00e7a do rock na capital e a expectativa hist\u00f3rica para a apresenta\u00e7\u00e3o marcada para o feriado de 21 de abril de 2026, no Est\u00e1dio Governador Jo\u00e3o Castelo (Castel\u00e3o).<\/p>\n\n\n\n<p>O r\u00e1pido volume de vendas reflete a ansiedade dos f\u00e3s para ver de perto Axl Rose, Slash e Duff McKagan, que retornam ao Brasil com a turn\u00ea \u201cBecause What You Want and What You Get Are Two Completely Different Things\u201d. O repert\u00f3rio promete cl\u00e1ssicos imortais \u2014 como Sweet Child O\u2019 Mine, Welcome to the Jungle, Paradise City e November Rain \u2014 al\u00e9m da entrega explosiva que transformou o grupo em uma das maiores bandas da hist\u00f3ria.<\/p>\n\n\n\n<figure class=\"wp-block-image aligncenter size-large\"><img decoding=\"async\" width=\"768\" height=\"1024\" src=\"https:\/\/www.blogsoestado.com\/danielmatos\/wp-content\/uploads\/sites\/2\/2025\/12\/1004437204-768x1024.jpg\" alt=\"\" class=\"wp-image-151846\" srcset=\"https:\/\/www.blogsoestado.com\/danielmatos\/wp-content\/uploads\/sites\/2\/2025\/12\/1004437204-768x1024.jpg 768w, https:\/\/www.blogsoestado.com\/danielmatos\/wp-content\/uploads\/sites\/2\/2025\/12\/1004437204-225x300.jpg 225w, https:\/\/www.blogsoestado.com\/danielmatos\/wp-content\/uploads\/sites\/2\/2025\/12\/1004437204-1152x1536.jpg 1152w, https:\/\/www.blogsoestado.com\/danielmatos\/wp-content\/uploads\/sites\/2\/2025\/12\/1004437204-1536x2048.jpg 1536w, https:\/\/www.blogsoestado.com\/danielmatos\/wp-content\/uploads\/sites\/2\/2025\/12\/1004437204.jpg 1920w\" sizes=\"(max-width: 768px) 100vw, 768px\" \/><figcaption class=\"wp-element-caption\">Em apenas uma hora, mais de 20 mil ingressos foram adquiridos, confirmando a for\u00e7a do rock na capital e a expectativa hist\u00f3rica para o show <\/figcaption><\/figure>\n\n\n\n<p>Desde as primeiras horas, relatos de f\u00e3s emocionados e empolgados tomaram conta das redes sociais. Muitos destacaram o orgulho de ver S\u00e3o Lu\u00eds no circuito de grandes turn\u00eas internacionais e de viver um momento aguardado por diferentes gera\u00e7\u00f5es de apaixonados pelo rock.<\/p>\n\n\n\n<p>A expectativa agora cresce para uma apresenta\u00e7\u00e3o que deve entrar para a hist\u00f3ria dos grandes eventos j\u00e1 realizados no est\u00e1dio Castel\u00e3o.<\/p>\n\n\n\n<figure class=\"wp-block-embed is-type-video is-provider-youtube wp-block-embed-youtube wp-embed-aspect-9-16 wp-has-aspect-ratio\"><div class=\"wp-block-embed__wrapper\">\n<iframe title=\"Mais de 20 mil ingressos para o show de Guns N&#039; Roses vendidos em 1 hora, em S\u00e3o Lu\u00eds\" width=\"422\" height=\"750\" src=\"https:\/\/www.youtube.com\/embed\/OSKA3N2ob_g?feature=oembed\" frameborder=\"0\" allow=\"accelerometer; autoplay; clipboard-write; encrypted-media; gyroscope; picture-in-picture; web-share\" referrerpolicy=\"strict-origin-when-cross-origin\" allowfullscreen><\/iframe>\n<\/div><\/figure>\n\n\n\n<p><strong>SERVI\u00c7O \u2014 GUNS N\u2019 ROSES EM S\u00c3O LU\u00cdS<\/strong><\/p>\n\n\n\n<p>Turn\u00ea: \u201cBecause What You Want and What You Get Are Two Completely Different Things\u201d<\/p>\n\n\n\n<p>Data: 21\/04\/2026 (Ter\u00e7a-feira \u2013 feriado)<\/p>\n\n\n\n<p>Local: Est\u00e1dio Governador Jo\u00e3o Castelo (Castel\u00e3o)<\/p>\n\n\n\n<p>Endere\u00e7o: Travessa Guaxenduba, n\u00ba 100 \u2013 Outeiro da Cruz, S\u00e3o Lu\u00eds<\/p>\n\n\n\n<p>Abertura dos port\u00f5es: 16h<\/p>\n\n\n\n<p>Showtime: 21h<\/p>\n\n\n\n<p>Ingressos:<\/p>\n\n\n\n<ul class=\"wp-block-list\">\n<li>Loja 4M\u00e3os Store (S\u00e3o Lu\u00eds Shopping)<\/li>\n\n\n\n<li>Site: Bilheteria Digital<br>Informa\u00e7\u00f5es sobre meia-entrada e ingresso solid\u00e1rio: Dispon\u00edveis no site <a href=\"http:\/\/padrao4maos.com.br\">padrao4maos.com.br<\/a><\/li>\n<\/ul>\n\n\n\n<p>Classifica\u00e7\u00e3o:<\/p>\n\n\n\n<ul class=\"wp-block-list\">\n<li>Espa\u00e7o Experience: 18 anos<\/li>\n\n\n\n<li>Demais setores: 16 anos<\/li>\n\n\n\n<li>Permitida a entrada de menores de 14 anos acompanhados dos pais ou respons\u00e1vel legal nos setores Vip, Front Stage, Cadeira Coberta, Setor 2 &amp; 3, Setor 5 &amp; 6.<\/li>\n<\/ul>\n\n\n\n<p>Realiza\u00e7\u00e3o: Um tour Mercury Concerts com produ\u00e7\u00e3o local da 4M\u00e3os Entretenimento.<\/p>\n","protected":false},"excerpt":{"rendered":"<p>Mais de 20 mil ingressos foram adquiridos na primeira hora, antecipando a for\u00e7a e a energia que o Castel\u00e3o viver\u00e1 [&hellip;]<\/p>\n","protected":false},"author":2,"featured_media":0,"comment_status":"open","ping_status":"open","sticky":false,"template":"","format":"standard","meta":{"site-sidebar-layout":"default","site-content-layout":"","ast-site-content-layout":"default","site-content-style":"default","site-sidebar-style":"default","ast-global-header-display":"","ast-banner-title-visibility":"","ast-main-header-display":"","ast-hfb-above-header-display":"","ast-hfb-below-header-display":"","ast-hfb-mobile-header-display":"","site-post-title":"","ast-breadcrumbs-content":"","ast-featured-img":"","footer-sml-layout":"","ast-disable-related-posts":"","theme-transparent-header-meta":"","adv-header-id-meta":"","stick-header-meta":"","header-above-stick-meta":"","header-main-stick-meta":"","header-below-stick-meta":"","astra-migrate-meta-layouts":"default","ast-page-background-enabled":"default","ast-page-background-meta":{"desktop":{"background-color":"var(--ast-global-color-5)","background-image":"","background-repeat":"repeat","background-position":"center center","background-size":"auto","background-attachment":"scroll","background-type":"","background-media":"","overlay-type":"","overlay-color":"","overlay-opacity":"","overlay-gradient":""},"tablet":{"background-color":"","background-image":"","background-repeat":"repeat","background-position":"center center","background-size":"auto","background-attachment":"scroll","background-type":"","background-media":"","overlay-type":"","overlay-color":"","overlay-opacity":"","overlay-gradient":""},"mobile":{"background-color":"","background-image":"","background-repeat":"repeat","background-position":"center center","background-size":"auto","background-attachment":"scroll","background-type":"","background-media":"","overlay-type":"","overlay-color":"","overlay-opacity":"","overlay-gradient":""}},"ast-content-background-meta":{"desktop":{"background-color":"var(--ast-global-color-4)","background-image":"","background-repeat":"repeat","background-position":"center center","background-size":"auto","background-attachment":"scroll","background-type":"","background-media":"","overlay-type":"","overlay-color":"","overlay-opacity":"","overlay-gradient":""},"tablet":{"background-color":"var(--ast-global-color-4)","background-image":"","background-repeat":"repeat","background-position":"center center","background-size":"auto","background-attachment":"scroll","background-type":"","background-media":"","overlay-type":"","overlay-color":"","overlay-opacity":"","overlay-gradient":""},"mobile":{"background-color":"var(--ast-global-color-4)","background-image":"","background-repeat":"repeat","background-position":"center center","background-size":"auto","background-attachment":"scroll","background-type":"","background-media":"","overlay-type":"","overlay-color":"","overlay-opacity":"","overlay-gradient":""}},"footnotes":""},"categories":[1],"tags":[],"class_list":["post-151844","post","type-post","status-publish","format-standard","hentry","category-sem-categoria"],"yoast_head":"<!-- This site is optimized with the Yoast SEO plugin v26.6 - https:\/\/yoast.com\/wordpress\/plugins\/seo\/ -->\n<title>O Maranh\u00e3o Grita Rock: Guns N\u2019 Roses mobiliza f\u00e3s em venda acelerada - Daniel Matos<\/title>\n<meta name=\"robots\" content=\"index, follow, max-snippet:-1, max-image-preview:large, max-video-preview:-1\" \/>\n<link rel=\"canonical\" href=\"https:\/\/www.blogsoestado.com\/danielmatos\/o-maranhao-grita-rock-guns-n-roses-mobiliza-fas-em-venda-acelerada\/\" \/>\n<meta property=\"og:locale\" content=\"pt_BR\" \/>\n<meta property=\"og:type\" content=\"article\" \/>\n<meta property=\"og:title\" content=\"O Maranh\u00e3o Grita Rock: Guns N\u2019 Roses mobiliza f\u00e3s em venda acelerada - Daniel Matos\" \/>\n<meta property=\"og:description\" content=\"Mais de 20 mil ingressos foram adquiridos na primeira hora, antecipando a for\u00e7a e a energia que o Castel\u00e3o viver\u00e1 [&hellip;]\" \/>\n<meta property=\"og:url\" content=\"https:\/\/www.blogsoestado.com\/danielmatos\/o-maranhao-grita-rock-guns-n-roses-mobiliza-fas-em-venda-acelerada\/\" \/>\n<meta property=\"og:site_name\" content=\"Daniel Matos\" \/>\n<meta property=\"article:published_time\" content=\"2025-12-03T00:05:56+00:00\" \/>\n<meta property=\"article:modified_time\" content=\"2025-12-03T00:06:01+00:00\" \/>\n<meta property=\"og:image\" content=\"https:\/\/www.blogsoestado.com\/danielmatos\/wp-content\/uploads\/sites\/2\/2025\/12\/1004437200.jpg\" \/>\n\t<meta property=\"og:image:width\" content=\"2560\" \/>\n\t<meta property=\"og:image:height\" content=\"1920\" \/>\n\t<meta property=\"og:image:type\" content=\"image\/jpeg\" \/>\n<meta name=\"author\" content=\"Daniel Matos\" \/>\n<meta name=\"twitter:card\" content=\"summary_large_image\" \/>\n<meta name=\"twitter:label1\" content=\"Escrito por\" \/>\n\t<meta name=\"twitter:data1\" content=\"Daniel Matos\" \/>\n\t<meta name=\"twitter:label2\" content=\"Est. tempo de leitura\" \/>\n\t<meta name=\"twitter:data2\" content=\"3 minutos\" \/>\n<script type=\"application\/ld+json\" class=\"yoast-schema-graph\">{\"@context\":\"https:\/\/schema.org\",\"@graph\":[{\"@type\":\"WebPage\",\"@id\":\"https:\/\/www.blogsoestado.com\/danielmatos\/o-maranhao-grita-rock-guns-n-roses-mobiliza-fas-em-venda-acelerada\/\",\"url\":\"https:\/\/www.blogsoestado.com\/danielmatos\/o-maranhao-grita-rock-guns-n-roses-mobiliza-fas-em-venda-acelerada\/\",\"name\":\"O Maranh\u00e3o Grita Rock: Guns N\u2019 Roses mobiliza f\u00e3s em venda acelerada - Daniel Matos\",\"isPartOf\":{\"@id\":\"https:\/\/www.blogsoestado.com\/danielmatos\/#website\"},\"primaryImageOfPage\":{\"@id\":\"https:\/\/www.blogsoestado.com\/danielmatos\/o-maranhao-grita-rock-guns-n-roses-mobiliza-fas-em-venda-acelerada\/#primaryimage\"},\"image\":{\"@id\":\"https:\/\/www.blogsoestado.com\/danielmatos\/o-maranhao-grita-rock-guns-n-roses-mobiliza-fas-em-venda-acelerada\/#primaryimage\"},\"thumbnailUrl\":\"https:\/\/www.blogsoestado.com\/danielmatos\/wp-content\/uploads\/sites\/2\/2025\/12\/1004437200-1024x768.jpg\",\"datePublished\":\"2025-12-03T00:05:56+00:00\",\"dateModified\":\"2025-12-03T00:06:01+00:00\",\"author\":{\"@id\":\"https:\/\/www.blogsoestado.com\/danielmatos\/#\/schema\/person\/9a209d407cd45631f131e1285b661bb0\"},\"breadcrumb\":{\"@id\":\"https:\/\/www.blogsoestado.com\/danielmatos\/o-maranhao-grita-rock-guns-n-roses-mobiliza-fas-em-venda-acelerada\/#breadcrumb\"},\"inLanguage\":\"pt-BR\",\"potentialAction\":[{\"@type\":\"ReadAction\",\"target\":[\"https:\/\/www.blogsoestado.com\/danielmatos\/o-maranhao-grita-rock-guns-n-roses-mobiliza-fas-em-venda-acelerada\/\"]}]},{\"@type\":\"ImageObject\",\"inLanguage\":\"pt-BR\",\"@id\":\"https:\/\/www.blogsoestado.com\/danielmatos\/o-maranhao-grita-rock-guns-n-roses-mobiliza-fas-em-venda-acelerada\/#primaryimage\",\"url\":\"https:\/\/www.blogsoestado.com\/danielmatos\/wp-content\/uploads\/sites\/2\/2025\/12\/1004437200.jpg\",\"contentUrl\":\"https:\/\/www.blogsoestado.com\/danielmatos\/wp-content\/uploads\/sites\/2\/2025\/12\/1004437200.jpg\",\"width\":2560,\"height\":1920},{\"@type\":\"BreadcrumbList\",\"@id\":\"https:\/\/www.blogsoestado.com\/danielmatos\/o-maranhao-grita-rock-guns-n-roses-mobiliza-fas-em-venda-acelerada\/#breadcrumb\",\"itemListElement\":[{\"@type\":\"ListItem\",\"position\":1,\"name\":\"In\u00edcio\",\"item\":\"https:\/\/www.blogsoestado.com\/danielmatos\/\"},{\"@type\":\"ListItem\",\"position\":2,\"name\":\"O Maranh\u00e3o Grita Rock: Guns N\u2019 Roses mobiliza f\u00e3s em venda acelerada\"}]},{\"@type\":\"WebSite\",\"@id\":\"https:\/\/www.blogsoestado.com\/danielmatos\/#website\",\"url\":\"https:\/\/www.blogsoestado.com\/danielmatos\/\",\"name\":\"Daniel Matos\",\"description\":\"\",\"potentialAction\":[{\"@type\":\"SearchAction\",\"target\":{\"@type\":\"EntryPoint\",\"urlTemplate\":\"https:\/\/www.blogsoestado.com\/danielmatos\/?s={search_term_string}\"},\"query-input\":{\"@type\":\"PropertyValueSpecification\",\"valueRequired\":true,\"valueName\":\"search_term_string\"}}],\"inLanguage\":\"pt-BR\"},{\"@type\":\"Person\",\"@id\":\"https:\/\/www.blogsoestado.com\/danielmatos\/#\/schema\/person\/9a209d407cd45631f131e1285b661bb0\",\"name\":\"Daniel Matos\",\"image\":{\"@type\":\"ImageObject\",\"inLanguage\":\"pt-BR\",\"@id\":\"https:\/\/www.blogsoestado.com\/danielmatos\/#\/schema\/person\/image\/\",\"url\":\"https:\/\/secure.gravatar.com\/avatar\/2f26c36ee355da19a257f0dfef43952a2588b324ca35d6719e859fe338ac0392?s=96&d=mm&r=g\",\"contentUrl\":\"https:\/\/secure.gravatar.com\/avatar\/2f26c36ee355da19a257f0dfef43952a2588b324ca35d6719e859fe338ac0392?s=96&d=mm&r=g\",\"caption\":\"Daniel Matos\"},\"url\":\"https:\/\/www.blogsoestado.com\/danielmatos\/author\/danielmatos\/\"}]}<\/script>\n<!-- \/ Yoast SEO plugin. -->","yoast_head_json":{"title":"O Maranh\u00e3o Grita Rock: Guns N\u2019 Roses mobiliza f\u00e3s em venda acelerada - Daniel Matos","robots":{"index":"index","follow":"follow","max-snippet":"max-snippet:-1","max-image-preview":"max-image-preview:large","max-video-preview":"max-video-preview:-1"},"canonical":"https:\/\/www.blogsoestado.com\/danielmatos\/o-maranhao-grita-rock-guns-n-roses-mobiliza-fas-em-venda-acelerada\/","og_locale":"pt_BR","og_type":"article","og_title":"O Maranh\u00e3o Grita Rock: Guns N\u2019 Roses mobiliza f\u00e3s em venda acelerada - Daniel Matos","og_description":"Mais de 20 mil ingressos foram adquiridos na primeira hora, antecipando a for\u00e7a e a energia que o Castel\u00e3o viver\u00e1 [&hellip;]","og_url":"https:\/\/www.blogsoestado.com\/danielmatos\/o-maranhao-grita-rock-guns-n-roses-mobiliza-fas-em-venda-acelerada\/","og_site_name":"Daniel Matos","article_published_time":"2025-12-03T00:05:56+00:00","article_modified_time":"2025-12-03T00:06:01+00:00","og_image":[{"width":2560,"height":1920,"url":"https:\/\/www.blogsoestado.com\/danielmatos\/wp-content\/uploads\/sites\/2\/2025\/12\/1004437200.jpg","type":"image\/jpeg"}],"author":"Daniel Matos","twitter_card":"summary_large_image","twitter_misc":{"Escrito por":"Daniel Matos","Est. tempo de leitura":"3 minutos"},"schema":{"@context":"https:\/\/schema.org","@graph":[{"@type":"WebPage","@id":"https:\/\/www.blogsoestado.com\/danielmatos\/o-maranhao-grita-rock-guns-n-roses-mobiliza-fas-em-venda-acelerada\/","url":"https:\/\/www.blogsoestado.com\/danielmatos\/o-maranhao-grita-rock-guns-n-roses-mobiliza-fas-em-venda-acelerada\/","name":"O Maranh\u00e3o Grita Rock: Guns N\u2019 Roses mobiliza f\u00e3s em venda acelerada - Daniel Matos","isPartOf":{"@id":"https:\/\/www.blogsoestado.com\/danielmatos\/#website"},"primaryImageOfPage":{"@id":"https:\/\/www.blogsoestado.com\/danielmatos\/o-maranhao-grita-rock-guns-n-roses-mobiliza-fas-em-venda-acelerada\/#primaryimage"},"image":{"@id":"https:\/\/www.blogsoestado.com\/danielmatos\/o-maranhao-grita-rock-guns-n-roses-mobiliza-fas-em-venda-acelerada\/#primaryimage"},"thumbnailUrl":"https:\/\/www.blogsoestado.com\/danielmatos\/wp-content\/uploads\/sites\/2\/2025\/12\/1004437200-1024x768.jpg","datePublished":"2025-12-03T00:05:56+00:00","dateModified":"2025-12-03T00:06:01+00:00","author":{"@id":"https:\/\/www.blogsoestado.com\/danielmatos\/#\/schema\/person\/9a209d407cd45631f131e1285b661bb0"},"breadcrumb":{"@id":"https:\/\/www.blogsoestado.com\/danielmatos\/o-maranhao-grita-rock-guns-n-roses-mobiliza-fas-em-venda-acelerada\/#breadcrumb"},"inLanguage":"pt-BR","potentialAction":[{"@type":"ReadAction","target":["https:\/\/www.blogsoestado.com\/danielmatos\/o-maranhao-grita-rock-guns-n-roses-mobiliza-fas-em-venda-acelerada\/"]}]},{"@type":"ImageObject","inLanguage":"pt-BR","@id":"https:\/\/www.blogsoestado.com\/danielmatos\/o-maranhao-grita-rock-guns-n-roses-mobiliza-fas-em-venda-acelerada\/#primaryimage","url":"https:\/\/www.blogsoestado.com\/danielmatos\/wp-content\/uploads\/sites\/2\/2025\/12\/1004437200.jpg","contentUrl":"https:\/\/www.blogsoestado.com\/danielmatos\/wp-content\/uploads\/sites\/2\/2025\/12\/1004437200.jpg","width":2560,"height":1920},{"@type":"BreadcrumbList","@id":"https:\/\/www.blogsoestado.com\/danielmatos\/o-maranhao-grita-rock-guns-n-roses-mobiliza-fas-em-venda-acelerada\/#breadcrumb","itemListElement":[{"@type":"ListItem","position":1,"name":"In\u00edcio","item":"https:\/\/www.blogsoestado.com\/danielmatos\/"},{"@type":"ListItem","position":2,"name":"O Maranh\u00e3o Grita Rock: Guns N\u2019 Roses mobiliza f\u00e3s em venda acelerada"}]},{"@type":"WebSite","@id":"https:\/\/www.blogsoestado.com\/danielmatos\/#website","url":"https:\/\/www.blogsoestado.com\/danielmatos\/","name":"Daniel Matos","description":"","potentialAction":[{"@type":"SearchAction","target":{"@type":"EntryPoint","urlTemplate":"https:\/\/www.blogsoestado.com\/danielmatos\/?s={search_term_string}"},"query-input":{"@type":"PropertyValueSpecification","valueRequired":true,"valueName":"search_term_string"}}],"inLanguage":"pt-BR"},{"@type":"Person","@id":"https:\/\/www.blogsoestado.com\/danielmatos\/#\/schema\/person\/9a209d407cd45631f131e1285b661bb0","name":"Daniel Matos","image":{"@type":"ImageObject","inLanguage":"pt-BR","@id":"https:\/\/www.blogsoestado.com\/danielmatos\/#\/schema\/person\/image\/","url":"https:\/\/secure.gravatar.com\/avatar\/2f26c36ee355da19a257f0dfef43952a2588b324ca35d6719e859fe338ac0392?s=96&d=mm&r=g","contentUrl":"https:\/\/secure.gravatar.com\/avatar\/2f26c36ee355da19a257f0dfef43952a2588b324ca35d6719e859fe338ac0392?s=96&d=mm&r=g","caption":"Daniel Matos"},"url":"https:\/\/www.blogsoestado.com\/danielmatos\/author\/danielmatos\/"}]}},"jetpack_featured_media_url":"","_links":{"self":[{"href":"https:\/\/www.blogsoestado.com\/danielmatos\/wp-json\/wp\/v2\/posts\/151844","targetHints":{"allow":["GET"]}}],"collection":[{"href":"https:\/\/www.blogsoestado.com\/danielmatos\/wp-json\/wp\/v2\/posts"}],"about":[{"href":"https:\/\/www.blogsoestado.com\/danielmatos\/wp-json\/wp\/v2\/types\/post"}],"author":[{"embeddable":true,"href":"https:\/\/www.blogsoestado.com\/danielmatos\/wp-json\/wp\/v2\/users\/2"}],"replies":[{"embeddable":true,"href":"https:\/\/www.blogsoestado.com\/danielmatos\/wp-json\/wp\/v2\/comments?post=151844"}],"version-history":[{"count":1,"href":"https:\/\/www.blogsoestado.com\/danielmatos\/wp-json\/wp\/v2\/posts\/151844\/revisions"}],"predecessor-version":[{"id":151847,"href":"https:\/\/www.blogsoestado.com\/danielmatos\/wp-json\/wp\/v2\/posts\/151844\/revisions\/151847"}],"wp:attachment":[{"href":"https:\/\/www.blogsoestado.com\/danielmatos\/wp-json\/wp\/v2\/media?parent=151844"}],"wp:term":[{"taxonomy":"category","embeddable":true,"href":"https:\/\/www.blogsoestado.com\/danielmatos\/wp-json\/wp\/v2\/categories?post=151844"},{"taxonomy":"post_tag","embeddable":true,"href":"https:\/\/www.blogsoestado.com\/danielmatos\/wp-json\/wp\/v2\/tags?post=151844"}],"curies":[{"name":"wp","href":"https:\/\/api.w.org\/{rel}","templated":true}]}}