{"id":151848,"date":"2025-12-02T22:47:11","date_gmt":"2025-12-03T01:47:11","guid":{"rendered":"https:\/\/www.blogsoestado.com\/danielmatos\/?p=151848"},"modified":"2025-12-02T22:47:17","modified_gmt":"2025-12-03T01:47:17","slug":"spazio-inaugura-sua-primeira-loja-independente-e-eleva-experiencia-de-compra-no-sao-luis-shopping","status":"publish","type":"post","link":"https:\/\/www.blogsoestado.com\/danielmatos\/spazio-inaugura-sua-primeira-loja-independente-e-eleva-experiencia-de-compra-no-sao-luis-shopping\/","title":{"rendered":"Spazio inaugura sua primeira loja independente e eleva experi\u00eancia de compra no S\u00e3o Lu\u00eds Shopping"},"content":{"rendered":"\n<figure class=\"wp-block-image aligncenter size-full\"><img fetchpriority=\"high\" decoding=\"async\" width=\"962\" height=\"651\" src=\"https:\/\/www.blogsoestado.com\/danielmatos\/wp-content\/uploads\/sites\/2\/2025\/12\/1004438241.jpg\" alt=\"\" class=\"wp-image-151849\" srcset=\"https:\/\/www.blogsoestado.com\/danielmatos\/wp-content\/uploads\/sites\/2\/2025\/12\/1004438241.jpg 962w, https:\/\/www.blogsoestado.com\/danielmatos\/wp-content\/uploads\/sites\/2\/2025\/12\/1004438241-300x203.jpg 300w, https:\/\/www.blogsoestado.com\/danielmatos\/wp-content\/uploads\/sites\/2\/2025\/12\/1004438241-768x520.jpg 768w\" sizes=\"(max-width: 962px) 100vw, 962px\" \/><\/figure>\n\n\n\n<p>H\u00e1 lugares que conquistam antes mesmo da primeira compra. No novo Spazio, a experi\u00eancia come\u00e7a devagar, no passo curioso de quem entra e, sem perceber, passa a descobrir. Os corredores revelam prateleiras que brilham sob a luz certa, onde repousam trufas, massas delicadas, temperos intensos e azeites que carregam hist\u00f3rias. O perfume do p\u00e3o de fermenta\u00e7\u00e3o natural se mistura ao aroma suave dos caf\u00e9s especiais, enquanto vinhos descansam em uma adega que mais parece um convite \u00e0 contempla\u00e7\u00e3o. \u00c9 um emp\u00f3rio que provoca os sentidos: encanta, acolhe, instiga. Cada detalhe desperta a sensa\u00e7\u00e3o de que ali o cotidiano ganha outro ritmo, mais elegante, mais prazeroso.<\/p>\n\n\n\n<figure class=\"wp-block-image aligncenter size-large\"><img decoding=\"async\" width=\"1024\" height=\"583\" src=\"https:\/\/www.blogsoestado.com\/danielmatos\/wp-content\/uploads\/sites\/2\/2025\/12\/1004438242-1024x583.jpg\" alt=\"\" class=\"wp-image-151850\" srcset=\"https:\/\/www.blogsoestado.com\/danielmatos\/wp-content\/uploads\/sites\/2\/2025\/12\/1004438242-1024x583.jpg 1024w, https:\/\/www.blogsoestado.com\/danielmatos\/wp-content\/uploads\/sites\/2\/2025\/12\/1004438242-300x171.jpg 300w, https:\/\/www.blogsoestado.com\/danielmatos\/wp-content\/uploads\/sites\/2\/2025\/12\/1004438242-768x437.jpg 768w, https:\/\/www.blogsoestado.com\/danielmatos\/wp-content\/uploads\/sites\/2\/2025\/12\/1004438242-1536x875.jpg 1536w, https:\/\/www.blogsoestado.com\/danielmatos\/wp-content\/uploads\/sites\/2\/2025\/12\/1004438242.jpg 1600w\" sizes=\"(max-width: 1024px) 100vw, 1024px\" \/><\/figure>\n\n\n\n<p>Essa atmosfera d\u00e1 o tom da primeira loja pr\u00f3pria do Spazio Mateus, que ser\u00e1 inaugurada nesta sexta-feira, 05 de dezembro, no S\u00e3o Lu\u00eds Shopping. A abertura marca um momento in\u00e9dito para a bandeira, que at\u00e9 ent\u00e3o funcionava apenas em espa\u00e7os integrados a outras lojas da rede. Ao escolher o shopping como endere\u00e7o da primeira unidade independente, o Grupo Mateus aposta na comodidade de um ambiente j\u00e1 inserido na rotina dos clientes, integrando a experi\u00eancia do Spazio ao fluxo cotidiano de quem visita o local.<\/p>\n\n\n\n<figure class=\"wp-block-image aligncenter size-full\"><img decoding=\"async\" width=\"872\" height=\"647\" src=\"https:\/\/www.blogsoestado.com\/danielmatos\/wp-content\/uploads\/sites\/2\/2025\/12\/1004438243.jpg\" alt=\"\" class=\"wp-image-151851\" srcset=\"https:\/\/www.blogsoestado.com\/danielmatos\/wp-content\/uploads\/sites\/2\/2025\/12\/1004438243.jpg 872w, https:\/\/www.blogsoestado.com\/danielmatos\/wp-content\/uploads\/sites\/2\/2025\/12\/1004438243-300x223.jpg 300w, https:\/\/www.blogsoestado.com\/danielmatos\/wp-content\/uploads\/sites\/2\/2025\/12\/1004438243-768x570.jpg 768w\" sizes=\"(max-width: 872px) 100vw, 872px\" \/><\/figure>\n\n\n\n<p>Dentro da loja, mais de 10 mil itens comp\u00f5em um mosaico gastron\u00f4mico que vai dos produtos importados \u00e0s novidades de saudabilidade. A adega re\u00fane mais de 1.500 r\u00f3tulos de diversas nacionalidades, incluindo vinhos que s\u00e3o verdadeiros \u00edcones do mundo. O cliente tamb\u00e9m encontra charutos das melhores marcas, queijaria, a\u00e7ougue especializado em carnes selecionadas, flores refrigeradas, setor de bazar com panelas de grife, cristais, acess\u00f3rios para vinhos e op\u00e7\u00f5es para mesa posta. A boulangerie, com p\u00e3es artesanais de fermenta\u00e7\u00e3o natural, divide espa\u00e7o com a cafeteria, a gelateria e o Spazio Bistr\u00f4, que oferece almo\u00e7o executivo, culin\u00e1ria oriental e sobremesas.<\/p>\n\n\n\n<figure class=\"wp-block-image aligncenter size-large\"><img loading=\"lazy\" decoding=\"async\" width=\"1024\" height=\"728\" src=\"https:\/\/www.blogsoestado.com\/danielmatos\/wp-content\/uploads\/sites\/2\/2025\/12\/1004438244-1024x728.jpg\" alt=\"\" class=\"wp-image-151852\" srcset=\"https:\/\/www.blogsoestado.com\/danielmatos\/wp-content\/uploads\/sites\/2\/2025\/12\/1004438244-1024x728.jpg 1024w, https:\/\/www.blogsoestado.com\/danielmatos\/wp-content\/uploads\/sites\/2\/2025\/12\/1004438244-300x213.jpg 300w, https:\/\/www.blogsoestado.com\/danielmatos\/wp-content\/uploads\/sites\/2\/2025\/12\/1004438244-768x546.jpg 768w, https:\/\/www.blogsoestado.com\/danielmatos\/wp-content\/uploads\/sites\/2\/2025\/12\/1004438244-1536x1092.jpg 1536w, https:\/\/www.blogsoestado.com\/danielmatos\/wp-content\/uploads\/sites\/2\/2025\/12\/1004438244.jpg 1600w\" sizes=\"(max-width: 1024px) 100vw, 1024px\" \/><\/figure>\n\n\n\n<p>A inaugura\u00e7\u00e3o ainda refor\u00e7a o ritmo de expans\u00e3o da bandeira: na pr\u00f3xima quinta-feira, 12 de dezembro, o Grupo abre a primeira loja de rua do Spazio, localizada no Olho D\u2019\u00c1gua. O movimento consolida um avan\u00e7o planejado e consistente dentro da estrat\u00e9gia do Grupo Mateus, que ultrapassa 16 inaugura\u00e7\u00f5es no ano, incluindo a recente chegada da Rede \u00e0 cidade de Salvador. No mesmo dia da abertura no S\u00e3o Lu\u00eds Shopping, o Grupo inaugura tamb\u00e9m uma unidade da bandeira Mais Fraldas conjugada ao Spazio.<\/p>\n\n\n\n<figure class=\"wp-block-image aligncenter size-large\"><img loading=\"lazy\" decoding=\"async\" width=\"1024\" height=\"647\" src=\"https:\/\/www.blogsoestado.com\/danielmatos\/wp-content\/uploads\/sites\/2\/2025\/12\/1004438247-1024x647.jpg\" alt=\"\" class=\"wp-image-151854\" srcset=\"https:\/\/www.blogsoestado.com\/danielmatos\/wp-content\/uploads\/sites\/2\/2025\/12\/1004438247-1024x647.jpg 1024w, https:\/\/www.blogsoestado.com\/danielmatos\/wp-content\/uploads\/sites\/2\/2025\/12\/1004438247-300x190.jpg 300w, https:\/\/www.blogsoestado.com\/danielmatos\/wp-content\/uploads\/sites\/2\/2025\/12\/1004438247-768x485.jpg 768w, https:\/\/www.blogsoestado.com\/danielmatos\/wp-content\/uploads\/sites\/2\/2025\/12\/1004438247-1536x971.jpg 1536w, https:\/\/www.blogsoestado.com\/danielmatos\/wp-content\/uploads\/sites\/2\/2025\/12\/1004438247.jpg 1600w\" sizes=\"(max-width: 1024px) 100vw, 1024px\" \/><\/figure>\n\n\n\n<p>Para o CEO do Grupo Mateus, Jesu\u00edno Martins, o momento representa mais do que a abertura de uma loja: \u00e9 o in\u00edcio de uma nova fase para a marca. \u201cO Spazio nasceu dentro das nossas lojas, mas sempre teve identidade pr\u00f3pria. Chegamos agora ao momento de deix\u00e1-lo caminhar a passos largos e com mais autonomia. Essa inaugura\u00e7\u00e3o sinaliza nossa confian\u00e7a em um modelo que valoriza a experi\u00eancia do cliente, reunindo em um s\u00f3 lugar tudo o que ele precisa para viver momentos \u00fanicos. Queremos que o Spazio se torne parte do cotidiano, oferecendo praticidade, qualidade e descobertas em cada visita\u201d, afirma.<\/p>\n\n\n\n<p>A loja funcionar\u00e1 de segunda a s\u00e1bado, das 9h \u00e0s 22h, e aos domingos, das 9h \u00e0s 21h.<\/p>\n\n\n\n<figure class=\"wp-block-image aligncenter size-large\"><img loading=\"lazy\" decoding=\"async\" width=\"1024\" height=\"764\" src=\"https:\/\/www.blogsoestado.com\/danielmatos\/wp-content\/uploads\/sites\/2\/2025\/12\/1004438248-1024x764.jpg\" alt=\"\" class=\"wp-image-151855\" srcset=\"https:\/\/www.blogsoestado.com\/danielmatos\/wp-content\/uploads\/sites\/2\/2025\/12\/1004438248-1024x764.jpg 1024w, https:\/\/www.blogsoestado.com\/danielmatos\/wp-content\/uploads\/sites\/2\/2025\/12\/1004438248-300x224.jpg 300w, https:\/\/www.blogsoestado.com\/danielmatos\/wp-content\/uploads\/sites\/2\/2025\/12\/1004438248-768x573.jpg 768w, https:\/\/www.blogsoestado.com\/danielmatos\/wp-content\/uploads\/sites\/2\/2025\/12\/1004438248-1536x1146.jpg 1536w, https:\/\/www.blogsoestado.com\/danielmatos\/wp-content\/uploads\/sites\/2\/2025\/12\/1004438248.jpg 1600w\" sizes=\"(max-width: 1024px) 100vw, 1024px\" \/><\/figure>\n\n\n\n<p><strong>SOBRE O SPAZIO MATEUS<\/strong><\/p>\n\n\n\n<p>Criado em 2015 como um emp\u00f3rio especializado dentro das unidades do Grupo Mateus, o Spazio nasceu com a proposta de transformar a compra em uma experi\u00eancia mais acolhedora e sensorial, oferecendo curadoria de produtos importados, adega, queijaria, charcutaria, carnes especiais, padaria artesanal, setor de saudabilidade e bazar com marcas reconhecidas mundialmente. A expans\u00e3o come\u00e7ou em 2021 e, com as inaugura\u00e7\u00f5es de dezembro, o Spazio passa a somar 11 unidades, presentes no Maranh\u00e3o, Piau\u00ed, Para\u00edba e Pernambuco \u2014 sempre com o prop\u00f3sito de unir gastronomia, praticidade e descobertas em cada visita.<\/p>\n","protected":false},"excerpt":{"rendered":"<p>H\u00e1 lugares que conquistam antes mesmo da primeira compra. No novo Spazio, a experi\u00eancia come\u00e7a devagar, no passo curioso de [&hellip;]<\/p>\n","protected":false},"author":2,"featured_media":0,"comment_status":"open","ping_status":"open","sticky":false,"template":"","format":"standard","meta":{"site-sidebar-layout":"default","site-content-layout":"","ast-site-content-layout":"default","site-content-style":"default","site-sidebar-style":"default","ast-global-header-display":"","ast-banner-title-visibility":"","ast-main-header-display":"","ast-hfb-above-header-display":"","ast-hfb-below-header-display":"","ast-hfb-mobile-header-display":"","site-post-title":"","ast-breadcrumbs-content":"","ast-featured-img":"","footer-sml-layout":"","ast-disable-related-posts":"","theme-transparent-header-meta":"","adv-header-id-meta":"","stick-header-meta":"","header-above-stick-meta":"","header-main-stick-meta":"","header-below-stick-meta":"","astra-migrate-meta-layouts":"default","ast-page-background-enabled":"default","ast-page-background-meta":{"desktop":{"background-color":"var(--ast-global-color-5)","background-image":"","background-repeat":"repeat","background-position":"center center","background-size":"auto","background-attachment":"scroll","background-type":"","background-media":"","overlay-type":"","overlay-color":"","overlay-opacity":"","overlay-gradient":""},"tablet":{"background-color":"","background-image":"","background-repeat":"repeat","background-position":"center center","background-size":"auto","background-attachment":"scroll","background-type":"","background-media":"","overlay-type":"","overlay-color":"","overlay-opacity":"","overlay-gradient":""},"mobile":{"background-color":"","background-image":"","background-repeat":"repeat","background-position":"center center","background-size":"auto","background-attachment":"scroll","background-type":"","background-media":"","overlay-type":"","overlay-color":"","overlay-opacity":"","overlay-gradient":""}},"ast-content-background-meta":{"desktop":{"background-color":"var(--ast-global-color-4)","background-image":"","background-repeat":"repeat","background-position":"center center","background-size":"auto","background-attachment":"scroll","background-type":"","background-media":"","overlay-type":"","overlay-color":"","overlay-opacity":"","overlay-gradient":""},"tablet":{"background-color":"var(--ast-global-color-4)","background-image":"","background-repeat":"repeat","background-position":"center center","background-size":"auto","background-attachment":"scroll","background-type":"","background-media":"","overlay-type":"","overlay-color":"","overlay-opacity":"","overlay-gradient":""},"mobile":{"background-color":"var(--ast-global-color-4)","background-image":"","background-repeat":"repeat","background-position":"center center","background-size":"auto","background-attachment":"scroll","background-type":"","background-media":"","overlay-type":"","overlay-color":"","overlay-opacity":"","overlay-gradient":""}},"footnotes":""},"categories":[1],"tags":[],"class_list":["post-151848","post","type-post","status-publish","format-standard","hentry","category-sem-categoria"],"yoast_head":"<!-- This site is optimized with the Yoast SEO plugin v26.6 - https:\/\/yoast.com\/wordpress\/plugins\/seo\/ -->\n<title>Spazio inaugura sua primeira loja independente e eleva experi\u00eancia de compra no S\u00e3o Lu\u00eds Shopping - Daniel Matos<\/title>\n<meta name=\"robots\" content=\"index, follow, max-snippet:-1, max-image-preview:large, max-video-preview:-1\" \/>\n<link rel=\"canonical\" href=\"https:\/\/www.blogsoestado.com\/danielmatos\/spazio-inaugura-sua-primeira-loja-independente-e-eleva-experiencia-de-compra-no-sao-luis-shopping\/\" \/>\n<meta property=\"og:locale\" content=\"pt_BR\" \/>\n<meta property=\"og:type\" content=\"article\" \/>\n<meta property=\"og:title\" content=\"Spazio inaugura sua primeira loja independente e eleva experi\u00eancia de compra no S\u00e3o Lu\u00eds Shopping - Daniel Matos\" \/>\n<meta property=\"og:description\" content=\"H\u00e1 lugares que conquistam antes mesmo da primeira compra. No novo Spazio, a experi\u00eancia come\u00e7a devagar, no passo curioso de [&hellip;]\" \/>\n<meta property=\"og:url\" content=\"https:\/\/www.blogsoestado.com\/danielmatos\/spazio-inaugura-sua-primeira-loja-independente-e-eleva-experiencia-de-compra-no-sao-luis-shopping\/\" \/>\n<meta property=\"og:site_name\" content=\"Daniel Matos\" \/>\n<meta property=\"article:published_time\" content=\"2025-12-03T01:47:11+00:00\" \/>\n<meta property=\"article:modified_time\" content=\"2025-12-03T01:47:17+00:00\" \/>\n<meta property=\"og:image\" content=\"https:\/\/www.blogsoestado.com\/danielmatos\/wp-content\/uploads\/sites\/2\/2025\/12\/1004438241.jpg\" \/>\n\t<meta property=\"og:image:width\" content=\"962\" \/>\n\t<meta property=\"og:image:height\" content=\"651\" \/>\n\t<meta property=\"og:image:type\" content=\"image\/jpeg\" \/>\n<meta name=\"author\" content=\"Daniel Matos\" \/>\n<meta name=\"twitter:card\" content=\"summary_large_image\" \/>\n<meta name=\"twitter:label1\" content=\"Escrito por\" \/>\n\t<meta name=\"twitter:data1\" content=\"Daniel Matos\" \/>\n\t<meta name=\"twitter:label2\" content=\"Est. tempo de leitura\" \/>\n\t<meta name=\"twitter:data2\" content=\"5 minutos\" \/>\n<script type=\"application\/ld+json\" class=\"yoast-schema-graph\">{\"@context\":\"https:\/\/schema.org\",\"@graph\":[{\"@type\":\"WebPage\",\"@id\":\"https:\/\/www.blogsoestado.com\/danielmatos\/spazio-inaugura-sua-primeira-loja-independente-e-eleva-experiencia-de-compra-no-sao-luis-shopping\/\",\"url\":\"https:\/\/www.blogsoestado.com\/danielmatos\/spazio-inaugura-sua-primeira-loja-independente-e-eleva-experiencia-de-compra-no-sao-luis-shopping\/\",\"name\":\"Spazio inaugura sua primeira loja independente e eleva experi\u00eancia de compra no S\u00e3o Lu\u00eds Shopping - Daniel Matos\",\"isPartOf\":{\"@id\":\"https:\/\/www.blogsoestado.com\/danielmatos\/#website\"},\"primaryImageOfPage\":{\"@id\":\"https:\/\/www.blogsoestado.com\/danielmatos\/spazio-inaugura-sua-primeira-loja-independente-e-eleva-experiencia-de-compra-no-sao-luis-shopping\/#primaryimage\"},\"image\":{\"@id\":\"https:\/\/www.blogsoestado.com\/danielmatos\/spazio-inaugura-sua-primeira-loja-independente-e-eleva-experiencia-de-compra-no-sao-luis-shopping\/#primaryimage\"},\"thumbnailUrl\":\"https:\/\/www.blogsoestado.com\/danielmatos\/wp-content\/uploads\/sites\/2\/2025\/12\/1004438241.jpg\",\"datePublished\":\"2025-12-03T01:47:11+00:00\",\"dateModified\":\"2025-12-03T01:47:17+00:00\",\"author\":{\"@id\":\"https:\/\/www.blogsoestado.com\/danielmatos\/#\/schema\/person\/9a209d407cd45631f131e1285b661bb0\"},\"breadcrumb\":{\"@id\":\"https:\/\/www.blogsoestado.com\/danielmatos\/spazio-inaugura-sua-primeira-loja-independente-e-eleva-experiencia-de-compra-no-sao-luis-shopping\/#breadcrumb\"},\"inLanguage\":\"pt-BR\",\"potentialAction\":[{\"@type\":\"ReadAction\",\"target\":[\"https:\/\/www.blogsoestado.com\/danielmatos\/spazio-inaugura-sua-primeira-loja-independente-e-eleva-experiencia-de-compra-no-sao-luis-shopping\/\"]}]},{\"@type\":\"ImageObject\",\"inLanguage\":\"pt-BR\",\"@id\":\"https:\/\/www.blogsoestado.com\/danielmatos\/spazio-inaugura-sua-primeira-loja-independente-e-eleva-experiencia-de-compra-no-sao-luis-shopping\/#primaryimage\",\"url\":\"https:\/\/www.blogsoestado.com\/danielmatos\/wp-content\/uploads\/sites\/2\/2025\/12\/1004438241.jpg\",\"contentUrl\":\"https:\/\/www.blogsoestado.com\/danielmatos\/wp-content\/uploads\/sites\/2\/2025\/12\/1004438241.jpg\",\"width\":962,\"height\":651},{\"@type\":\"BreadcrumbList\",\"@id\":\"https:\/\/www.blogsoestado.com\/danielmatos\/spazio-inaugura-sua-primeira-loja-independente-e-eleva-experiencia-de-compra-no-sao-luis-shopping\/#breadcrumb\",\"itemListElement\":[{\"@type\":\"ListItem\",\"position\":1,\"name\":\"In\u00edcio\",\"item\":\"https:\/\/www.blogsoestado.com\/danielmatos\/\"},{\"@type\":\"ListItem\",\"position\":2,\"name\":\"Spazio inaugura sua primeira loja independente e eleva experi\u00eancia de compra no S\u00e3o Lu\u00eds Shopping\"}]},{\"@type\":\"WebSite\",\"@id\":\"https:\/\/www.blogsoestado.com\/danielmatos\/#website\",\"url\":\"https:\/\/www.blogsoestado.com\/danielmatos\/\",\"name\":\"Daniel Matos\",\"description\":\"\",\"potentialAction\":[{\"@type\":\"SearchAction\",\"target\":{\"@type\":\"EntryPoint\",\"urlTemplate\":\"https:\/\/www.blogsoestado.com\/danielmatos\/?s={search_term_string}\"},\"query-input\":{\"@type\":\"PropertyValueSpecification\",\"valueRequired\":true,\"valueName\":\"search_term_string\"}}],\"inLanguage\":\"pt-BR\"},{\"@type\":\"Person\",\"@id\":\"https:\/\/www.blogsoestado.com\/danielmatos\/#\/schema\/person\/9a209d407cd45631f131e1285b661bb0\",\"name\":\"Daniel Matos\",\"image\":{\"@type\":\"ImageObject\",\"inLanguage\":\"pt-BR\",\"@id\":\"https:\/\/www.blogsoestado.com\/danielmatos\/#\/schema\/person\/image\/\",\"url\":\"https:\/\/secure.gravatar.com\/avatar\/2f26c36ee355da19a257f0dfef43952a2588b324ca35d6719e859fe338ac0392?s=96&d=mm&r=g\",\"contentUrl\":\"https:\/\/secure.gravatar.com\/avatar\/2f26c36ee355da19a257f0dfef43952a2588b324ca35d6719e859fe338ac0392?s=96&d=mm&r=g\",\"caption\":\"Daniel Matos\"},\"url\":\"https:\/\/www.blogsoestado.com\/danielmatos\/author\/danielmatos\/\"}]}<\/script>\n<!-- \/ Yoast SEO plugin. -->","yoast_head_json":{"title":"Spazio inaugura sua primeira loja independente e eleva experi\u00eancia de compra no S\u00e3o Lu\u00eds Shopping - Daniel Matos","robots":{"index":"index","follow":"follow","max-snippet":"max-snippet:-1","max-image-preview":"max-image-preview:large","max-video-preview":"max-video-preview:-1"},"canonical":"https:\/\/www.blogsoestado.com\/danielmatos\/spazio-inaugura-sua-primeira-loja-independente-e-eleva-experiencia-de-compra-no-sao-luis-shopping\/","og_locale":"pt_BR","og_type":"article","og_title":"Spazio inaugura sua primeira loja independente e eleva experi\u00eancia de compra no S\u00e3o Lu\u00eds Shopping - Daniel Matos","og_description":"H\u00e1 lugares que conquistam antes mesmo da primeira compra. No novo Spazio, a experi\u00eancia come\u00e7a devagar, no passo curioso de [&hellip;]","og_url":"https:\/\/www.blogsoestado.com\/danielmatos\/spazio-inaugura-sua-primeira-loja-independente-e-eleva-experiencia-de-compra-no-sao-luis-shopping\/","og_site_name":"Daniel Matos","article_published_time":"2025-12-03T01:47:11+00:00","article_modified_time":"2025-12-03T01:47:17+00:00","og_image":[{"width":962,"height":651,"url":"https:\/\/www.blogsoestado.com\/danielmatos\/wp-content\/uploads\/sites\/2\/2025\/12\/1004438241.jpg","type":"image\/jpeg"}],"author":"Daniel Matos","twitter_card":"summary_large_image","twitter_misc":{"Escrito por":"Daniel Matos","Est. tempo de leitura":"5 minutos"},"schema":{"@context":"https:\/\/schema.org","@graph":[{"@type":"WebPage","@id":"https:\/\/www.blogsoestado.com\/danielmatos\/spazio-inaugura-sua-primeira-loja-independente-e-eleva-experiencia-de-compra-no-sao-luis-shopping\/","url":"https:\/\/www.blogsoestado.com\/danielmatos\/spazio-inaugura-sua-primeira-loja-independente-e-eleva-experiencia-de-compra-no-sao-luis-shopping\/","name":"Spazio inaugura sua primeira loja independente e eleva experi\u00eancia de compra no S\u00e3o Lu\u00eds Shopping - Daniel Matos","isPartOf":{"@id":"https:\/\/www.blogsoestado.com\/danielmatos\/#website"},"primaryImageOfPage":{"@id":"https:\/\/www.blogsoestado.com\/danielmatos\/spazio-inaugura-sua-primeira-loja-independente-e-eleva-experiencia-de-compra-no-sao-luis-shopping\/#primaryimage"},"image":{"@id":"https:\/\/www.blogsoestado.com\/danielmatos\/spazio-inaugura-sua-primeira-loja-independente-e-eleva-experiencia-de-compra-no-sao-luis-shopping\/#primaryimage"},"thumbnailUrl":"https:\/\/www.blogsoestado.com\/danielmatos\/wp-content\/uploads\/sites\/2\/2025\/12\/1004438241.jpg","datePublished":"2025-12-03T01:47:11+00:00","dateModified":"2025-12-03T01:47:17+00:00","author":{"@id":"https:\/\/www.blogsoestado.com\/danielmatos\/#\/schema\/person\/9a209d407cd45631f131e1285b661bb0"},"breadcrumb":{"@id":"https:\/\/www.blogsoestado.com\/danielmatos\/spazio-inaugura-sua-primeira-loja-independente-e-eleva-experiencia-de-compra-no-sao-luis-shopping\/#breadcrumb"},"inLanguage":"pt-BR","potentialAction":[{"@type":"ReadAction","target":["https:\/\/www.blogsoestado.com\/danielmatos\/spazio-inaugura-sua-primeira-loja-independente-e-eleva-experiencia-de-compra-no-sao-luis-shopping\/"]}]},{"@type":"ImageObject","inLanguage":"pt-BR","@id":"https:\/\/www.blogsoestado.com\/danielmatos\/spazio-inaugura-sua-primeira-loja-independente-e-eleva-experiencia-de-compra-no-sao-luis-shopping\/#primaryimage","url":"https:\/\/www.blogsoestado.com\/danielmatos\/wp-content\/uploads\/sites\/2\/2025\/12\/1004438241.jpg","contentUrl":"https:\/\/www.blogsoestado.com\/danielmatos\/wp-content\/uploads\/sites\/2\/2025\/12\/1004438241.jpg","width":962,"height":651},{"@type":"BreadcrumbList","@id":"https:\/\/www.blogsoestado.com\/danielmatos\/spazio-inaugura-sua-primeira-loja-independente-e-eleva-experiencia-de-compra-no-sao-luis-shopping\/#breadcrumb","itemListElement":[{"@type":"ListItem","position":1,"name":"In\u00edcio","item":"https:\/\/www.blogsoestado.com\/danielmatos\/"},{"@type":"ListItem","position":2,"name":"Spazio inaugura sua primeira loja independente e eleva experi\u00eancia de compra no S\u00e3o Lu\u00eds Shopping"}]},{"@type":"WebSite","@id":"https:\/\/www.blogsoestado.com\/danielmatos\/#website","url":"https:\/\/www.blogsoestado.com\/danielmatos\/","name":"Daniel Matos","description":"","potentialAction":[{"@type":"SearchAction","target":{"@type":"EntryPoint","urlTemplate":"https:\/\/www.blogsoestado.com\/danielmatos\/?s={search_term_string}"},"query-input":{"@type":"PropertyValueSpecification","valueRequired":true,"valueName":"search_term_string"}}],"inLanguage":"pt-BR"},{"@type":"Person","@id":"https:\/\/www.blogsoestado.com\/danielmatos\/#\/schema\/person\/9a209d407cd45631f131e1285b661bb0","name":"Daniel Matos","image":{"@type":"ImageObject","inLanguage":"pt-BR","@id":"https:\/\/www.blogsoestado.com\/danielmatos\/#\/schema\/person\/image\/","url":"https:\/\/secure.gravatar.com\/avatar\/2f26c36ee355da19a257f0dfef43952a2588b324ca35d6719e859fe338ac0392?s=96&d=mm&r=g","contentUrl":"https:\/\/secure.gravatar.com\/avatar\/2f26c36ee355da19a257f0dfef43952a2588b324ca35d6719e859fe338ac0392?s=96&d=mm&r=g","caption":"Daniel Matos"},"url":"https:\/\/www.blogsoestado.com\/danielmatos\/author\/danielmatos\/"}]}},"jetpack_featured_media_url":"","_links":{"self":[{"href":"https:\/\/www.blogsoestado.com\/danielmatos\/wp-json\/wp\/v2\/posts\/151848","targetHints":{"allow":["GET"]}}],"collection":[{"href":"https:\/\/www.blogsoestado.com\/danielmatos\/wp-json\/wp\/v2\/posts"}],"about":[{"href":"https:\/\/www.blogsoestado.com\/danielmatos\/wp-json\/wp\/v2\/types\/post"}],"author":[{"embeddable":true,"href":"https:\/\/www.blogsoestado.com\/danielmatos\/wp-json\/wp\/v2\/users\/2"}],"replies":[{"embeddable":true,"href":"https:\/\/www.blogsoestado.com\/danielmatos\/wp-json\/wp\/v2\/comments?post=151848"}],"version-history":[{"count":1,"href":"https:\/\/www.blogsoestado.com\/danielmatos\/wp-json\/wp\/v2\/posts\/151848\/revisions"}],"predecessor-version":[{"id":151856,"href":"https:\/\/www.blogsoestado.com\/danielmatos\/wp-json\/wp\/v2\/posts\/151848\/revisions\/151856"}],"wp:attachment":[{"href":"https:\/\/www.blogsoestado.com\/danielmatos\/wp-json\/wp\/v2\/media?parent=151848"}],"wp:term":[{"taxonomy":"category","embeddable":true,"href":"https:\/\/www.blogsoestado.com\/danielmatos\/wp-json\/wp\/v2\/categories?post=151848"},{"taxonomy":"post_tag","embeddable":true,"href":"https:\/\/www.blogsoestado.com\/danielmatos\/wp-json\/wp\/v2\/tags?post=151848"}],"curies":[{"name":"wp","href":"https:\/\/api.w.org\/{rel}","templated":true}]}}