{"id":151946,"date":"2025-12-04T11:16:53","date_gmt":"2025-12-04T14:16:53","guid":{"rendered":"https:\/\/www.blogsoestado.com\/danielmatos\/?p=151946"},"modified":"2025-12-04T11:20:41","modified_gmt":"2025-12-04T14:20:41","slug":"deputado-wellington-e-reeleito-vice-presidente-do-parlamento-amazonico","status":"publish","type":"post","link":"https:\/\/www.blogsoestado.com\/danielmatos\/deputado-wellington-e-reeleito-vice-presidente-do-parlamento-amazonico\/","title":{"rendered":"Deputado Wellington \u00e9 reeleito vice-presidente do Parlamento Amaz\u00f4nico"},"content":{"rendered":"\n<figure class=\"wp-block-image aligncenter size-large\"><img fetchpriority=\"high\" decoding=\"async\" width=\"1024\" height=\"682\" src=\"https:\/\/www.blogsoestado.com\/danielmatos\/wp-content\/uploads\/sites\/2\/2025\/12\/1004451893-1024x682.jpg\" alt=\"\" class=\"wp-image-151947\" srcset=\"https:\/\/www.blogsoestado.com\/danielmatos\/wp-content\/uploads\/sites\/2\/2025\/12\/1004451893-1024x682.jpg 1024w, https:\/\/www.blogsoestado.com\/danielmatos\/wp-content\/uploads\/sites\/2\/2025\/12\/1004451893-300x200.jpg 300w, https:\/\/www.blogsoestado.com\/danielmatos\/wp-content\/uploads\/sites\/2\/2025\/12\/1004451893-768x512.jpg 768w, https:\/\/www.blogsoestado.com\/danielmatos\/wp-content\/uploads\/sites\/2\/2025\/12\/1004451893-1536x1023.jpg 1536w, https:\/\/www.blogsoestado.com\/danielmatos\/wp-content\/uploads\/sites\/2\/2025\/12\/1004451893.jpg 1591w\" sizes=\"(max-width: 1024px) 100vw, 1024px\" \/><figcaption class=\"wp-element-caption\">De acordo com o deputado Wellington, reeleito vice-presidente do Parlamento Amaz\u00f4nico, esta \u00e9 a oportunidade de colocar o Maranh\u00e3o no centro das discuss\u00f5es de preserva\u00e7\u00e3o e conserva\u00e7\u00e3o da Amaz\u00f4nia maranhense<\/figcaption><\/figure>\n\n\n\n<p>Durante a Confer\u00eancia Anual dos Legisladores e Legislativos Estaduais (CNLE), realizada de 3 a 5 de dezembro, pela Uni\u00e3o Nacional dos Legisladores e Legislativos Estaduais (UNALE), que acontece em Bento Gon\u00e7alves\/RS, o deputado estadual Wellington do Curso foi reeleito vice-presidente do Parlamento Amaz\u00f4nico. A elei\u00e7\u00e3o foi realizada durante a Assembleia Geral do Parlamento Amaz\u00f4nico, realizada ontem 03), e teve como destaque a discuss\u00e3o das mudan\u00e7as necess\u00e1rias para o desenvolvimento do Brasil, a exemplo da \u00eanfase na educa\u00e7\u00e3o p\u00fablica, gera\u00e7\u00e3o de emprego e renda, desenvolvimento sustent\u00e1vel da regi\u00e3o Amaz\u00f4nica e explora\u00e7\u00e3o da Margem Equatorial. Para presidente, foi eleito o deputado Afonso, do Acre.<\/p>\n\n\n\n<p>\u201cO deputado Wellington conquista esse importante cargo em consequ\u00eancia da sua forte atua\u00e7\u00e3o em defesa do Maranh\u00e3o e dos estados da regi\u00e3o Amaz\u00f4nica. O Maranh\u00e3o tem um grande representante\u201d, destacou o deputado Afonso, presidente eleito do Parlamento Amaz\u00f4nico.<\/p>\n\n\n\n<p>De acordo com o deputado Wellington, reeleito vice-presidente do Parlamento Amaz\u00f4nico, esta \u00e9 a oportunidade de colocar o Maranh\u00e3o no centro das discuss\u00f5es de preserva\u00e7\u00e3o e conserva\u00e7\u00e3o da Amaz\u00f4nia maranhense, al\u00e9m de desenvolver pol\u00edticas p\u00fablicas voltadas para a \u00e1rea de abrang\u00eancia, bem como fomentar o desenvolvimento da Regi\u00e3o Norte do Pa\u00eds e o debate sobre a Margem Equatorial.<\/p>\n\n\n\n<figure class=\"wp-block-image aligncenter size-full\"><img decoding=\"async\" width=\"970\" height=\"735\" src=\"https:\/\/www.blogsoestado.com\/danielmatos\/wp-content\/uploads\/sites\/2\/2025\/12\/1004451945.jpg\" alt=\"\" class=\"wp-image-151949\" srcset=\"https:\/\/www.blogsoestado.com\/danielmatos\/wp-content\/uploads\/sites\/2\/2025\/12\/1004451945.jpg 970w, https:\/\/www.blogsoestado.com\/danielmatos\/wp-content\/uploads\/sites\/2\/2025\/12\/1004451945-300x227.jpg 300w, https:\/\/www.blogsoestado.com\/danielmatos\/wp-content\/uploads\/sites\/2\/2025\/12\/1004451945-768x582.jpg 768w\" sizes=\"(max-width: 970px) 100vw, 970px\" \/><figcaption class=\"wp-element-caption\">O deputado Wellington Confer\u00eancia Anual dos Legisladores e Legislativos Estaduais (CNLE) com os demais membros do Parlamento Amaz\u00f4nico<\/figcaption><\/figure>\n\n\n\n<p>\u201cA Amaz\u00f4nia maranhense \u00e9 dona de rica biodiversidade, pois ocupa 26% do bioma amaz\u00f4nico. Est\u00e1 em 62 munic\u00edpios do Maranh\u00e3o e representa, em termos de bioma, 34% do territ\u00f3rio do Estado. No entanto, ela corre o s\u00e9rio risco de desaparecer. H\u00e1 anos vem sofrendo com problemas como desmatamentos, retirada ilegal de madeira, minera\u00e7\u00e3o, produ\u00e7\u00e3o de carv\u00e3o, ca\u00e7a excessiva e cria\u00e7\u00e3o de gado, al\u00e9m de problemas de demarca\u00e7\u00e3o de terras ind\u00edgenas. Al\u00e9m disso, recebe pouca aten\u00e7\u00e3o do poder p\u00fablico estadual e federal e sua import\u00e2ncia \u00e9 ignorada por grande parte dos maranhenses. Ao assumir a vice presid\u00eancia do Parlamento Amaz\u00f4nico, tenho a oportunidade de colocar o Maranh\u00e3o no centro das discuss\u00f5es de preserva\u00e7\u00e3o e conserva\u00e7\u00e3o da Amaz\u00f4nia maranhense, al\u00e9m de desenvolver pol\u00edticas p\u00fablicas voltadas para nossa \u00e1rea de abrang\u00eancia. Mesmo com todas as dificuldades, h\u00e1 a necessidade da percep\u00e7\u00e3o da sociedade maranhense, brasileira e internacional sobre os problemas ambientais que amea\u00e7am a Amaz\u00f4nia e a import\u00e2ncia de sua conserva\u00e7\u00e3o certamente poder\u00e1 salvar a \u00faltima fronteira amaz\u00f4nica do Maranh\u00e3o. Quanto mais informa\u00e7\u00f5es forem geradas e difundidas a respeito da regi\u00e3o, maiores as chance de conserva\u00e7\u00e3o da nossa Amaz\u00f4nia para as futuras gera\u00e7\u00f5es. Temos denunciado a redu\u00e7\u00e3o de voos e o isolamento dos Estados que comp\u00f5em o Parlamento Amaz\u00f4nico, temos que fazer uni\u00e3o de for\u00e7as e reverter essa situa\u00e7\u00e3o, que com certeza ser\u00e1 de suma import\u00e2ncia para o turismo e desenvolvimento econ\u00f4mico da regi\u00e3o. Al\u00e9m da ampla discuss\u00e3o sobre a explora\u00e7\u00e3o da Margem Equatorial que tem o Maranh\u00e3o no centro do debate\u201d, afirmou Wellington.<\/p>\n\n\n\n<p>O Parlamento Amaz\u00f4nico \u00e9 formado por deputados estaduais dos nove estados que comp\u00f5em a Amaz\u00f4nia Legal brasileira: Amazonas, Acre, Amap\u00e1, Roraima, Rond\u00f4nia, Mato Grosso, Par\u00e1, Maranh\u00e3o e Tocantins. O grupo busca solu\u00e7\u00f5es para problemas vivenciados na Amaz\u00f4nia, com alternativas que aliem desenvolvimento sustent\u00e1vel e crescimento econ\u00f4mico.<\/p>\n","protected":false},"excerpt":{"rendered":"<p>Durante a Confer\u00eancia Anual dos Legisladores e Legislativos Estaduais (CNLE), realizada de 3 a 5 de dezembro, pela Uni\u00e3o Nacional [&hellip;]<\/p>\n","protected":false},"author":2,"featured_media":0,"comment_status":"open","ping_status":"open","sticky":false,"template":"","format":"standard","meta":{"site-sidebar-layout":"default","site-content-layout":"","ast-site-content-layout":"default","site-content-style":"default","site-sidebar-style":"default","ast-global-header-display":"","ast-banner-title-visibility":"","ast-main-header-display":"","ast-hfb-above-header-display":"","ast-hfb-below-header-display":"","ast-hfb-mobile-header-display":"","site-post-title":"","ast-breadcrumbs-content":"","ast-featured-img":"","footer-sml-layout":"","ast-disable-related-posts":"","theme-transparent-header-meta":"","adv-header-id-meta":"","stick-header-meta":"","header-above-stick-meta":"","header-main-stick-meta":"","header-below-stick-meta":"","astra-migrate-meta-layouts":"default","ast-page-background-enabled":"default","ast-page-background-meta":{"desktop":{"background-color":"var(--ast-global-color-5)","background-image":"","background-repeat":"repeat","background-position":"center center","background-size":"auto","background-attachment":"scroll","background-type":"","background-media":"","overlay-type":"","overlay-color":"","overlay-opacity":"","overlay-gradient":""},"tablet":{"background-color":"","background-image":"","background-repeat":"repeat","background-position":"center center","background-size":"auto","background-attachment":"scroll","background-type":"","background-media":"","overlay-type":"","overlay-color":"","overlay-opacity":"","overlay-gradient":""},"mobile":{"background-color":"","background-image":"","background-repeat":"repeat","background-position":"center center","background-size":"auto","background-attachment":"scroll","background-type":"","background-media":"","overlay-type":"","overlay-color":"","overlay-opacity":"","overlay-gradient":""}},"ast-content-background-meta":{"desktop":{"background-color":"var(--ast-global-color-4)","background-image":"","background-repeat":"repeat","background-position":"center center","background-size":"auto","background-attachment":"scroll","background-type":"","background-media":"","overlay-type":"","overlay-color":"","overlay-opacity":"","overlay-gradient":""},"tablet":{"background-color":"var(--ast-global-color-4)","background-image":"","background-repeat":"repeat","background-position":"center center","background-size":"auto","background-attachment":"scroll","background-type":"","background-media":"","overlay-type":"","overlay-color":"","overlay-opacity":"","overlay-gradient":""},"mobile":{"background-color":"var(--ast-global-color-4)","background-image":"","background-repeat":"repeat","background-position":"center center","background-size":"auto","background-attachment":"scroll","background-type":"","background-media":"","overlay-type":"","overlay-color":"","overlay-opacity":"","overlay-gradient":""}},"footnotes":""},"categories":[1],"tags":[],"class_list":["post-151946","post","type-post","status-publish","format-standard","hentry","category-sem-categoria"],"yoast_head":"<!-- This site is optimized with the Yoast SEO plugin v26.6 - https:\/\/yoast.com\/wordpress\/plugins\/seo\/ -->\n<title>Deputado Wellington \u00e9 reeleito vice-presidente do Parlamento Amaz\u00f4nico - Daniel Matos<\/title>\n<meta name=\"robots\" content=\"index, follow, max-snippet:-1, max-image-preview:large, max-video-preview:-1\" \/>\n<link rel=\"canonical\" href=\"https:\/\/www.blogsoestado.com\/danielmatos\/deputado-wellington-e-reeleito-vice-presidente-do-parlamento-amazonico\/\" \/>\n<meta property=\"og:locale\" content=\"pt_BR\" \/>\n<meta property=\"og:type\" content=\"article\" \/>\n<meta property=\"og:title\" content=\"Deputado Wellington \u00e9 reeleito vice-presidente do Parlamento Amaz\u00f4nico - Daniel Matos\" \/>\n<meta property=\"og:description\" content=\"Durante a Confer\u00eancia Anual dos Legisladores e Legislativos Estaduais (CNLE), realizada de 3 a 5 de dezembro, pela Uni\u00e3o Nacional [&hellip;]\" \/>\n<meta property=\"og:url\" content=\"https:\/\/www.blogsoestado.com\/danielmatos\/deputado-wellington-e-reeleito-vice-presidente-do-parlamento-amazonico\/\" \/>\n<meta property=\"og:site_name\" content=\"Daniel Matos\" \/>\n<meta property=\"article:published_time\" content=\"2025-12-04T14:16:53+00:00\" \/>\n<meta property=\"article:modified_time\" content=\"2025-12-04T14:20:41+00:00\" \/>\n<meta property=\"og:image\" content=\"https:\/\/www.blogsoestado.com\/danielmatos\/wp-content\/uploads\/sites\/2\/2025\/12\/1004451893.jpg\" \/>\n\t<meta property=\"og:image:width\" content=\"1591\" \/>\n\t<meta property=\"og:image:height\" content=\"1060\" \/>\n\t<meta property=\"og:image:type\" content=\"image\/jpeg\" \/>\n<meta name=\"author\" content=\"Daniel Matos\" \/>\n<meta name=\"twitter:card\" content=\"summary_large_image\" \/>\n<meta name=\"twitter:label1\" content=\"Escrito por\" \/>\n\t<meta name=\"twitter:data1\" content=\"Daniel Matos\" \/>\n\t<meta name=\"twitter:label2\" content=\"Est. tempo de leitura\" \/>\n\t<meta name=\"twitter:data2\" content=\"4 minutos\" \/>\n<script type=\"application\/ld+json\" class=\"yoast-schema-graph\">{\"@context\":\"https:\/\/schema.org\",\"@graph\":[{\"@type\":\"WebPage\",\"@id\":\"https:\/\/www.blogsoestado.com\/danielmatos\/deputado-wellington-e-reeleito-vice-presidente-do-parlamento-amazonico\/\",\"url\":\"https:\/\/www.blogsoestado.com\/danielmatos\/deputado-wellington-e-reeleito-vice-presidente-do-parlamento-amazonico\/\",\"name\":\"Deputado Wellington \u00e9 reeleito vice-presidente do Parlamento Amaz\u00f4nico - Daniel Matos\",\"isPartOf\":{\"@id\":\"https:\/\/www.blogsoestado.com\/danielmatos\/#website\"},\"primaryImageOfPage\":{\"@id\":\"https:\/\/www.blogsoestado.com\/danielmatos\/deputado-wellington-e-reeleito-vice-presidente-do-parlamento-amazonico\/#primaryimage\"},\"image\":{\"@id\":\"https:\/\/www.blogsoestado.com\/danielmatos\/deputado-wellington-e-reeleito-vice-presidente-do-parlamento-amazonico\/#primaryimage\"},\"thumbnailUrl\":\"https:\/\/www.blogsoestado.com\/danielmatos\/wp-content\/uploads\/sites\/2\/2025\/12\/1004451893-1024x682.jpg\",\"datePublished\":\"2025-12-04T14:16:53+00:00\",\"dateModified\":\"2025-12-04T14:20:41+00:00\",\"author\":{\"@id\":\"https:\/\/www.blogsoestado.com\/danielmatos\/#\/schema\/person\/9a209d407cd45631f131e1285b661bb0\"},\"breadcrumb\":{\"@id\":\"https:\/\/www.blogsoestado.com\/danielmatos\/deputado-wellington-e-reeleito-vice-presidente-do-parlamento-amazonico\/#breadcrumb\"},\"inLanguage\":\"pt-BR\",\"potentialAction\":[{\"@type\":\"ReadAction\",\"target\":[\"https:\/\/www.blogsoestado.com\/danielmatos\/deputado-wellington-e-reeleito-vice-presidente-do-parlamento-amazonico\/\"]}]},{\"@type\":\"ImageObject\",\"inLanguage\":\"pt-BR\",\"@id\":\"https:\/\/www.blogsoestado.com\/danielmatos\/deputado-wellington-e-reeleito-vice-presidente-do-parlamento-amazonico\/#primaryimage\",\"url\":\"https:\/\/www.blogsoestado.com\/danielmatos\/wp-content\/uploads\/sites\/2\/2025\/12\/1004451893.jpg\",\"contentUrl\":\"https:\/\/www.blogsoestado.com\/danielmatos\/wp-content\/uploads\/sites\/2\/2025\/12\/1004451893.jpg\",\"width\":1591,\"height\":1060},{\"@type\":\"BreadcrumbList\",\"@id\":\"https:\/\/www.blogsoestado.com\/danielmatos\/deputado-wellington-e-reeleito-vice-presidente-do-parlamento-amazonico\/#breadcrumb\",\"itemListElement\":[{\"@type\":\"ListItem\",\"position\":1,\"name\":\"In\u00edcio\",\"item\":\"https:\/\/www.blogsoestado.com\/danielmatos\/\"},{\"@type\":\"ListItem\",\"position\":2,\"name\":\"Deputado Wellington \u00e9 reeleito vice-presidente do Parlamento Amaz\u00f4nico\"}]},{\"@type\":\"WebSite\",\"@id\":\"https:\/\/www.blogsoestado.com\/danielmatos\/#website\",\"url\":\"https:\/\/www.blogsoestado.com\/danielmatos\/\",\"name\":\"Daniel Matos\",\"description\":\"\",\"potentialAction\":[{\"@type\":\"SearchAction\",\"target\":{\"@type\":\"EntryPoint\",\"urlTemplate\":\"https:\/\/www.blogsoestado.com\/danielmatos\/?s={search_term_string}\"},\"query-input\":{\"@type\":\"PropertyValueSpecification\",\"valueRequired\":true,\"valueName\":\"search_term_string\"}}],\"inLanguage\":\"pt-BR\"},{\"@type\":\"Person\",\"@id\":\"https:\/\/www.blogsoestado.com\/danielmatos\/#\/schema\/person\/9a209d407cd45631f131e1285b661bb0\",\"name\":\"Daniel Matos\",\"image\":{\"@type\":\"ImageObject\",\"inLanguage\":\"pt-BR\",\"@id\":\"https:\/\/www.blogsoestado.com\/danielmatos\/#\/schema\/person\/image\/\",\"url\":\"https:\/\/secure.gravatar.com\/avatar\/2f26c36ee355da19a257f0dfef43952a2588b324ca35d6719e859fe338ac0392?s=96&d=mm&r=g\",\"contentUrl\":\"https:\/\/secure.gravatar.com\/avatar\/2f26c36ee355da19a257f0dfef43952a2588b324ca35d6719e859fe338ac0392?s=96&d=mm&r=g\",\"caption\":\"Daniel Matos\"},\"url\":\"https:\/\/www.blogsoestado.com\/danielmatos\/author\/danielmatos\/\"}]}<\/script>\n<!-- \/ Yoast SEO plugin. -->","yoast_head_json":{"title":"Deputado Wellington \u00e9 reeleito vice-presidente do Parlamento Amaz\u00f4nico - Daniel Matos","robots":{"index":"index","follow":"follow","max-snippet":"max-snippet:-1","max-image-preview":"max-image-preview:large","max-video-preview":"max-video-preview:-1"},"canonical":"https:\/\/www.blogsoestado.com\/danielmatos\/deputado-wellington-e-reeleito-vice-presidente-do-parlamento-amazonico\/","og_locale":"pt_BR","og_type":"article","og_title":"Deputado Wellington \u00e9 reeleito vice-presidente do Parlamento Amaz\u00f4nico - Daniel Matos","og_description":"Durante a Confer\u00eancia Anual dos Legisladores e Legislativos Estaduais (CNLE), realizada de 3 a 5 de dezembro, pela Uni\u00e3o Nacional [&hellip;]","og_url":"https:\/\/www.blogsoestado.com\/danielmatos\/deputado-wellington-e-reeleito-vice-presidente-do-parlamento-amazonico\/","og_site_name":"Daniel Matos","article_published_time":"2025-12-04T14:16:53+00:00","article_modified_time":"2025-12-04T14:20:41+00:00","og_image":[{"width":1591,"height":1060,"url":"https:\/\/www.blogsoestado.com\/danielmatos\/wp-content\/uploads\/sites\/2\/2025\/12\/1004451893.jpg","type":"image\/jpeg"}],"author":"Daniel Matos","twitter_card":"summary_large_image","twitter_misc":{"Escrito por":"Daniel Matos","Est. tempo de leitura":"4 minutos"},"schema":{"@context":"https:\/\/schema.org","@graph":[{"@type":"WebPage","@id":"https:\/\/www.blogsoestado.com\/danielmatos\/deputado-wellington-e-reeleito-vice-presidente-do-parlamento-amazonico\/","url":"https:\/\/www.blogsoestado.com\/danielmatos\/deputado-wellington-e-reeleito-vice-presidente-do-parlamento-amazonico\/","name":"Deputado Wellington \u00e9 reeleito vice-presidente do Parlamento Amaz\u00f4nico - Daniel Matos","isPartOf":{"@id":"https:\/\/www.blogsoestado.com\/danielmatos\/#website"},"primaryImageOfPage":{"@id":"https:\/\/www.blogsoestado.com\/danielmatos\/deputado-wellington-e-reeleito-vice-presidente-do-parlamento-amazonico\/#primaryimage"},"image":{"@id":"https:\/\/www.blogsoestado.com\/danielmatos\/deputado-wellington-e-reeleito-vice-presidente-do-parlamento-amazonico\/#primaryimage"},"thumbnailUrl":"https:\/\/www.blogsoestado.com\/danielmatos\/wp-content\/uploads\/sites\/2\/2025\/12\/1004451893-1024x682.jpg","datePublished":"2025-12-04T14:16:53+00:00","dateModified":"2025-12-04T14:20:41+00:00","author":{"@id":"https:\/\/www.blogsoestado.com\/danielmatos\/#\/schema\/person\/9a209d407cd45631f131e1285b661bb0"},"breadcrumb":{"@id":"https:\/\/www.blogsoestado.com\/danielmatos\/deputado-wellington-e-reeleito-vice-presidente-do-parlamento-amazonico\/#breadcrumb"},"inLanguage":"pt-BR","potentialAction":[{"@type":"ReadAction","target":["https:\/\/www.blogsoestado.com\/danielmatos\/deputado-wellington-e-reeleito-vice-presidente-do-parlamento-amazonico\/"]}]},{"@type":"ImageObject","inLanguage":"pt-BR","@id":"https:\/\/www.blogsoestado.com\/danielmatos\/deputado-wellington-e-reeleito-vice-presidente-do-parlamento-amazonico\/#primaryimage","url":"https:\/\/www.blogsoestado.com\/danielmatos\/wp-content\/uploads\/sites\/2\/2025\/12\/1004451893.jpg","contentUrl":"https:\/\/www.blogsoestado.com\/danielmatos\/wp-content\/uploads\/sites\/2\/2025\/12\/1004451893.jpg","width":1591,"height":1060},{"@type":"BreadcrumbList","@id":"https:\/\/www.blogsoestado.com\/danielmatos\/deputado-wellington-e-reeleito-vice-presidente-do-parlamento-amazonico\/#breadcrumb","itemListElement":[{"@type":"ListItem","position":1,"name":"In\u00edcio","item":"https:\/\/www.blogsoestado.com\/danielmatos\/"},{"@type":"ListItem","position":2,"name":"Deputado Wellington \u00e9 reeleito vice-presidente do Parlamento Amaz\u00f4nico"}]},{"@type":"WebSite","@id":"https:\/\/www.blogsoestado.com\/danielmatos\/#website","url":"https:\/\/www.blogsoestado.com\/danielmatos\/","name":"Daniel Matos","description":"","potentialAction":[{"@type":"SearchAction","target":{"@type":"EntryPoint","urlTemplate":"https:\/\/www.blogsoestado.com\/danielmatos\/?s={search_term_string}"},"query-input":{"@type":"PropertyValueSpecification","valueRequired":true,"valueName":"search_term_string"}}],"inLanguage":"pt-BR"},{"@type":"Person","@id":"https:\/\/www.blogsoestado.com\/danielmatos\/#\/schema\/person\/9a209d407cd45631f131e1285b661bb0","name":"Daniel Matos","image":{"@type":"ImageObject","inLanguage":"pt-BR","@id":"https:\/\/www.blogsoestado.com\/danielmatos\/#\/schema\/person\/image\/","url":"https:\/\/secure.gravatar.com\/avatar\/2f26c36ee355da19a257f0dfef43952a2588b324ca35d6719e859fe338ac0392?s=96&d=mm&r=g","contentUrl":"https:\/\/secure.gravatar.com\/avatar\/2f26c36ee355da19a257f0dfef43952a2588b324ca35d6719e859fe338ac0392?s=96&d=mm&r=g","caption":"Daniel Matos"},"url":"https:\/\/www.blogsoestado.com\/danielmatos\/author\/danielmatos\/"}]}},"jetpack_featured_media_url":"","_links":{"self":[{"href":"https:\/\/www.blogsoestado.com\/danielmatos\/wp-json\/wp\/v2\/posts\/151946","targetHints":{"allow":["GET"]}}],"collection":[{"href":"https:\/\/www.blogsoestado.com\/danielmatos\/wp-json\/wp\/v2\/posts"}],"about":[{"href":"https:\/\/www.blogsoestado.com\/danielmatos\/wp-json\/wp\/v2\/types\/post"}],"author":[{"embeddable":true,"href":"https:\/\/www.blogsoestado.com\/danielmatos\/wp-json\/wp\/v2\/users\/2"}],"replies":[{"embeddable":true,"href":"https:\/\/www.blogsoestado.com\/danielmatos\/wp-json\/wp\/v2\/comments?post=151946"}],"version-history":[{"count":2,"href":"https:\/\/www.blogsoestado.com\/danielmatos\/wp-json\/wp\/v2\/posts\/151946\/revisions"}],"predecessor-version":[{"id":151951,"href":"https:\/\/www.blogsoestado.com\/danielmatos\/wp-json\/wp\/v2\/posts\/151946\/revisions\/151951"}],"wp:attachment":[{"href":"https:\/\/www.blogsoestado.com\/danielmatos\/wp-json\/wp\/v2\/media?parent=151946"}],"wp:term":[{"taxonomy":"category","embeddable":true,"href":"https:\/\/www.blogsoestado.com\/danielmatos\/wp-json\/wp\/v2\/categories?post=151946"},{"taxonomy":"post_tag","embeddable":true,"href":"https:\/\/www.blogsoestado.com\/danielmatos\/wp-json\/wp\/v2\/tags?post=151946"}],"curies":[{"name":"wp","href":"https:\/\/api.w.org\/{rel}","templated":true}]}}