{"id":151952,"date":"2025-12-04T14:52:35","date_gmt":"2025-12-04T17:52:35","guid":{"rendered":"https:\/\/www.blogsoestado.com\/danielmatos\/?p=151952"},"modified":"2025-12-04T14:52:42","modified_gmt":"2025-12-04T17:52:42","slug":"natal-2025-deve-movimentar-r-176-milhoes-no-comercio-de-sao-luis","status":"publish","type":"post","link":"https:\/\/www.blogsoestado.com\/danielmatos\/natal-2025-deve-movimentar-r-176-milhoes-no-comercio-de-sao-luis\/","title":{"rendered":"Natal 2025 deve movimentar R$ 176 milh\u00f5es no com\u00e9rcio de S\u00e3o Lu\u00eds"},"content":{"rendered":"\n<p><em><strong><mark style=\"color:#cf2e2e\" class=\"has-inline-color\">Pesquisa da Fecom\u00e9rcio-MA indica que aproximadamente 445 mil pessoas pretendem comprar presentes neste fim de ano<\/mark><\/strong><\/em><\/p>\n\n\n\n<figure class=\"wp-block-image aligncenter size-full\"><img fetchpriority=\"high\" decoding=\"async\" width=\"700\" height=\"460\" src=\"https:\/\/www.blogsoestado.com\/danielmatos\/wp-content\/uploads\/sites\/2\/2025\/12\/1004454255.png\" alt=\"\" class=\"wp-image-151953\" srcset=\"https:\/\/www.blogsoestado.com\/danielmatos\/wp-content\/uploads\/sites\/2\/2025\/12\/1004454255.png 700w, https:\/\/www.blogsoestado.com\/danielmatos\/wp-content\/uploads\/sites\/2\/2025\/12\/1004454255-300x197.png 300w\" sizes=\"(max-width: 700px) 100vw, 700px\" \/><\/figure>\n\n\n\n<p>A Pesquisa de Inten\u00e7\u00e3o de Consumo para o Natal 2025, realizada pela Federa\u00e7\u00e3o do Com\u00e9rcio de Bens, Servi\u00e7os e Turismo do Estado do Maranh\u00e3o (Fecom\u00e9rcio-MA), aponta que 56,2% dos consumidores de S\u00e3o Lu\u00eds pretendem comprar presentes neste fim de ano. O percentual representa 444,9 mil pessoas, um crescimento expressivo de 144,4 mil consumidores em rela\u00e7\u00e3o a 2024.<\/p>\n\n\n\n<p>Com um gasto m\u00e9dio total da compra em R$ 395 e o aumento do n\u00famero de consumidores que ir\u00e3o \u00e0s compras, a movimenta\u00e7\u00e3o financeira deve alcan\u00e7ar R$ 176 milh\u00f5es, indicando crescimento nominal de 6% em rela\u00e7\u00e3o ao ano passado. Considerando a infla\u00e7\u00e3o do per\u00edodo, o ganho real \u00e9 de 1,4%, o que representa aumento efetivo de volume vendido no com\u00e9rcio da capital.<\/p>\n\n\n\n<p>Esses n\u00fameros consolidam o Natal como a data mais relevante para o com\u00e9rcio local \u00e0 frente da Black Friday e do Dia das M\u00e3es, que movimentaram R$ 146,2 milh\u00f5es e R$ 141 milh\u00f5es no ano, respectivamente.<\/p>\n\n\n\n<p>O presidente da Fecom\u00e9rcio-MA, Maur\u00edcio Feij\u00f3, destaca que os dados revelam um cen\u00e1rio favor\u00e1vel ao varejo. \u201cO aumento do n\u00famero de consumidores que ir\u00e3o \u00e0s compras neste Natal mostra que o mercado est\u00e1 mais aquecido e que as fam\u00edlias est\u00e3o recuperando capacidade de consumo. A pesquisa demonstra crescimento da movimenta\u00e7\u00e3o financeira e revela um consumidor mais planejado e atento a pre\u00e7o e promo\u00e7\u00f5es\u201d, ressalta.<\/p>\n\n\n\n<p>Segundo a Pesquisa de Endividamento e Inadimpl\u00eancia do Consumidor (PEIC), realizada pela Fecom\u00e9rcio-MA em parceria com a CNC, a inadimpl\u00eancia se manteve em queda: as contas em atraso recuaram 18,4% e o n\u00famero de fam\u00edlias sem condi\u00e7\u00f5es de pagar diminuiu 22,6%, abrindo espa\u00e7o para o retorno de mais consumidores ao mercado.<\/p>\n\n\n\n<p>O mercado de trabalho tamb\u00e9m contribui para esse movimento. De janeiro a setembro, o Maranh\u00e3o abriu 24.396 novas vagas formais (+3,67%), atingindo 688.486 trabalhadores com carteira assinada. No com\u00e9rcio varejista de S\u00e3o Lu\u00eds, o estoque de empregos cresceu 2,67%, totalizando 45.607 postos de trabalho. J\u00e1 a taxa de desocupa\u00e7\u00e3o estadual recuou para 6,1%, conforme a PNAD Cont\u00ednua do IBGE.<\/p>\n\n\n\n<figure class=\"wp-block-image aligncenter size-full\"><img decoding=\"async\" width=\"700\" height=\"460\" src=\"https:\/\/www.blogsoestado.com\/danielmatos\/wp-content\/uploads\/sites\/2\/2025\/12\/1004454253.png\" alt=\"\" class=\"wp-image-151954\" srcset=\"https:\/\/www.blogsoestado.com\/danielmatos\/wp-content\/uploads\/sites\/2\/2025\/12\/1004454253.png 700w, https:\/\/www.blogsoestado.com\/danielmatos\/wp-content\/uploads\/sites\/2\/2025\/12\/1004454253-300x197.png 300w\" sizes=\"(max-width: 700px) 100vw, 700px\" \/><\/figure>\n\n\n\n<p><strong>Principais produtos<\/strong><\/p>\n\n\n\n<p>Entre os itens mais citados para presentear no Natal 2025, o vestu\u00e1rio lidera com 66,2% das inten\u00e7\u00f5es de compra, seguido por brinquedos (27,5%) e sapatos e acess\u00f3rios (22,3%). Produtos como cama, mesa e banho (13,7%), perfumaria (9,2%) e cesta natalina (6,5%) aparecem em menor propor\u00e7\u00e3o. J\u00e1 itens de maior valor agregado, como celulares (5,2%) e eletrodom\u00e9sticos (3,3%), tiveram participa\u00e7\u00e3o reduzida, possivelmente devido \u00e0 antecipa\u00e7\u00e3o das compras durante a Black Friday.<\/p>\n\n\n\n<p>&nbsp;Apesar do cen\u00e1rio positivo, 13,5% dos consumidores n\u00e3o pretendem presentear, especialmente fam\u00edlias com renda at\u00e9 R$ 3 mil. A pesquisa destaca ainda um espa\u00e7o adicional para o varejo: 35% dos entrevistados est\u00e3o indecisos. Caso parte desse p\u00fablico seja convertida em compradores, o Natal pode acrescentar R$ 23,1 milh\u00f5es \u00e0 economia local, elevando o potencial total para R$ 199,1 milh\u00f5es.<\/p>\n\n\n\n<p>A Fecom\u00e9rcio-MA divulgar\u00e1, nos pr\u00f3ximos dias, novos recortes da pesquisa com mais detalhes sobre os perfis de consumo, canais de compra e comportamento dos consumidores.<\/p>\n\n\n\n<p><strong>Metodologia<\/strong><\/p>\n\n\n\n<p>A pesquisa foi realizada entre 11 e 14 de novembro de 2025, em S\u00e3o Lu\u00eds, com 700 entrevistas em pontos de fluxo comercial. O estudo considera universo de 791.768 habitantes com 18 anos ou mais e possui intervalo de confian\u00e7a de 95%, com margem de erro de 3,2% para mais ou menos.<\/p>\n","protected":false},"excerpt":{"rendered":"<p>Pesquisa da Fecom\u00e9rcio-MA indica que aproximadamente 445 mil pessoas pretendem comprar presentes neste fim de ano A Pesquisa de Inten\u00e7\u00e3o [&hellip;]<\/p>\n","protected":false},"author":2,"featured_media":0,"comment_status":"open","ping_status":"open","sticky":false,"template":"","format":"standard","meta":{"site-sidebar-layout":"default","site-content-layout":"","ast-site-content-layout":"default","site-content-style":"default","site-sidebar-style":"default","ast-global-header-display":"","ast-banner-title-visibility":"","ast-main-header-display":"","ast-hfb-above-header-display":"","ast-hfb-below-header-display":"","ast-hfb-mobile-header-display":"","site-post-title":"","ast-breadcrumbs-content":"","ast-featured-img":"","footer-sml-layout":"","ast-disable-related-posts":"","theme-transparent-header-meta":"","adv-header-id-meta":"","stick-header-meta":"","header-above-stick-meta":"","header-main-stick-meta":"","header-below-stick-meta":"","astra-migrate-meta-layouts":"default","ast-page-background-enabled":"default","ast-page-background-meta":{"desktop":{"background-color":"var(--ast-global-color-5)","background-image":"","background-repeat":"repeat","background-position":"center center","background-size":"auto","background-attachment":"scroll","background-type":"","background-media":"","overlay-type":"","overlay-color":"","overlay-opacity":"","overlay-gradient":""},"tablet":{"background-color":"","background-image":"","background-repeat":"repeat","background-position":"center center","background-size":"auto","background-attachment":"scroll","background-type":"","background-media":"","overlay-type":"","overlay-color":"","overlay-opacity":"","overlay-gradient":""},"mobile":{"background-color":"","background-image":"","background-repeat":"repeat","background-position":"center center","background-size":"auto","background-attachment":"scroll","background-type":"","background-media":"","overlay-type":"","overlay-color":"","overlay-opacity":"","overlay-gradient":""}},"ast-content-background-meta":{"desktop":{"background-color":"var(--ast-global-color-4)","background-image":"","background-repeat":"repeat","background-position":"center center","background-size":"auto","background-attachment":"scroll","background-type":"","background-media":"","overlay-type":"","overlay-color":"","overlay-opacity":"","overlay-gradient":""},"tablet":{"background-color":"var(--ast-global-color-4)","background-image":"","background-repeat":"repeat","background-position":"center center","background-size":"auto","background-attachment":"scroll","background-type":"","background-media":"","overlay-type":"","overlay-color":"","overlay-opacity":"","overlay-gradient":""},"mobile":{"background-color":"var(--ast-global-color-4)","background-image":"","background-repeat":"repeat","background-position":"center center","background-size":"auto","background-attachment":"scroll","background-type":"","background-media":"","overlay-type":"","overlay-color":"","overlay-opacity":"","overlay-gradient":""}},"footnotes":""},"categories":[1],"tags":[],"class_list":["post-151952","post","type-post","status-publish","format-standard","hentry","category-sem-categoria"],"yoast_head":"<!-- This site is optimized with the Yoast SEO plugin v26.6 - https:\/\/yoast.com\/wordpress\/plugins\/seo\/ -->\n<title>Natal 2025 deve movimentar R$ 176 milh\u00f5es no com\u00e9rcio de S\u00e3o Lu\u00eds - Daniel Matos<\/title>\n<meta name=\"robots\" content=\"index, follow, max-snippet:-1, max-image-preview:large, max-video-preview:-1\" \/>\n<link rel=\"canonical\" href=\"https:\/\/www.blogsoestado.com\/danielmatos\/natal-2025-deve-movimentar-r-176-milhoes-no-comercio-de-sao-luis\/\" \/>\n<meta property=\"og:locale\" content=\"pt_BR\" \/>\n<meta property=\"og:type\" content=\"article\" \/>\n<meta property=\"og:title\" content=\"Natal 2025 deve movimentar R$ 176 milh\u00f5es no com\u00e9rcio de S\u00e3o Lu\u00eds - Daniel Matos\" \/>\n<meta property=\"og:description\" content=\"Pesquisa da Fecom\u00e9rcio-MA indica que aproximadamente 445 mil pessoas pretendem comprar presentes neste fim de ano A Pesquisa de Inten\u00e7\u00e3o [&hellip;]\" \/>\n<meta property=\"og:url\" content=\"https:\/\/www.blogsoestado.com\/danielmatos\/natal-2025-deve-movimentar-r-176-milhoes-no-comercio-de-sao-luis\/\" \/>\n<meta property=\"og:site_name\" content=\"Daniel Matos\" \/>\n<meta property=\"article:published_time\" content=\"2025-12-04T17:52:35+00:00\" \/>\n<meta property=\"article:modified_time\" content=\"2025-12-04T17:52:42+00:00\" \/>\n<meta property=\"og:image\" content=\"https:\/\/www.blogsoestado.com\/danielmatos\/wp-content\/uploads\/sites\/2\/2025\/12\/1004454255.png\" \/>\n\t<meta property=\"og:image:width\" content=\"700\" \/>\n\t<meta property=\"og:image:height\" content=\"460\" \/>\n\t<meta property=\"og:image:type\" content=\"image\/png\" \/>\n<meta name=\"author\" content=\"Daniel Matos\" \/>\n<meta name=\"twitter:card\" content=\"summary_large_image\" \/>\n<meta name=\"twitter:label1\" content=\"Escrito por\" \/>\n\t<meta name=\"twitter:data1\" content=\"Daniel Matos\" \/>\n\t<meta name=\"twitter:label2\" content=\"Est. tempo de leitura\" \/>\n\t<meta name=\"twitter:data2\" content=\"4 minutos\" \/>\n<script type=\"application\/ld+json\" class=\"yoast-schema-graph\">{\"@context\":\"https:\/\/schema.org\",\"@graph\":[{\"@type\":\"WebPage\",\"@id\":\"https:\/\/www.blogsoestado.com\/danielmatos\/natal-2025-deve-movimentar-r-176-milhoes-no-comercio-de-sao-luis\/\",\"url\":\"https:\/\/www.blogsoestado.com\/danielmatos\/natal-2025-deve-movimentar-r-176-milhoes-no-comercio-de-sao-luis\/\",\"name\":\"Natal 2025 deve movimentar R$ 176 milh\u00f5es no com\u00e9rcio de S\u00e3o Lu\u00eds - Daniel Matos\",\"isPartOf\":{\"@id\":\"https:\/\/www.blogsoestado.com\/danielmatos\/#website\"},\"primaryImageOfPage\":{\"@id\":\"https:\/\/www.blogsoestado.com\/danielmatos\/natal-2025-deve-movimentar-r-176-milhoes-no-comercio-de-sao-luis\/#primaryimage\"},\"image\":{\"@id\":\"https:\/\/www.blogsoestado.com\/danielmatos\/natal-2025-deve-movimentar-r-176-milhoes-no-comercio-de-sao-luis\/#primaryimage\"},\"thumbnailUrl\":\"https:\/\/www.blogsoestado.com\/danielmatos\/wp-content\/uploads\/sites\/2\/2025\/12\/1004454255.png\",\"datePublished\":\"2025-12-04T17:52:35+00:00\",\"dateModified\":\"2025-12-04T17:52:42+00:00\",\"author\":{\"@id\":\"https:\/\/www.blogsoestado.com\/danielmatos\/#\/schema\/person\/9a209d407cd45631f131e1285b661bb0\"},\"breadcrumb\":{\"@id\":\"https:\/\/www.blogsoestado.com\/danielmatos\/natal-2025-deve-movimentar-r-176-milhoes-no-comercio-de-sao-luis\/#breadcrumb\"},\"inLanguage\":\"pt-BR\",\"potentialAction\":[{\"@type\":\"ReadAction\",\"target\":[\"https:\/\/www.blogsoestado.com\/danielmatos\/natal-2025-deve-movimentar-r-176-milhoes-no-comercio-de-sao-luis\/\"]}]},{\"@type\":\"ImageObject\",\"inLanguage\":\"pt-BR\",\"@id\":\"https:\/\/www.blogsoestado.com\/danielmatos\/natal-2025-deve-movimentar-r-176-milhoes-no-comercio-de-sao-luis\/#primaryimage\",\"url\":\"https:\/\/www.blogsoestado.com\/danielmatos\/wp-content\/uploads\/sites\/2\/2025\/12\/1004454255.png\",\"contentUrl\":\"https:\/\/www.blogsoestado.com\/danielmatos\/wp-content\/uploads\/sites\/2\/2025\/12\/1004454255.png\",\"width\":700,\"height\":460},{\"@type\":\"BreadcrumbList\",\"@id\":\"https:\/\/www.blogsoestado.com\/danielmatos\/natal-2025-deve-movimentar-r-176-milhoes-no-comercio-de-sao-luis\/#breadcrumb\",\"itemListElement\":[{\"@type\":\"ListItem\",\"position\":1,\"name\":\"In\u00edcio\",\"item\":\"https:\/\/www.blogsoestado.com\/danielmatos\/\"},{\"@type\":\"ListItem\",\"position\":2,\"name\":\"Natal 2025 deve movimentar R$ 176 milh\u00f5es no com\u00e9rcio de S\u00e3o Lu\u00eds\"}]},{\"@type\":\"WebSite\",\"@id\":\"https:\/\/www.blogsoestado.com\/danielmatos\/#website\",\"url\":\"https:\/\/www.blogsoestado.com\/danielmatos\/\",\"name\":\"Daniel Matos\",\"description\":\"\",\"potentialAction\":[{\"@type\":\"SearchAction\",\"target\":{\"@type\":\"EntryPoint\",\"urlTemplate\":\"https:\/\/www.blogsoestado.com\/danielmatos\/?s={search_term_string}\"},\"query-input\":{\"@type\":\"PropertyValueSpecification\",\"valueRequired\":true,\"valueName\":\"search_term_string\"}}],\"inLanguage\":\"pt-BR\"},{\"@type\":\"Person\",\"@id\":\"https:\/\/www.blogsoestado.com\/danielmatos\/#\/schema\/person\/9a209d407cd45631f131e1285b661bb0\",\"name\":\"Daniel Matos\",\"image\":{\"@type\":\"ImageObject\",\"inLanguage\":\"pt-BR\",\"@id\":\"https:\/\/www.blogsoestado.com\/danielmatos\/#\/schema\/person\/image\/\",\"url\":\"https:\/\/secure.gravatar.com\/avatar\/2f26c36ee355da19a257f0dfef43952a2588b324ca35d6719e859fe338ac0392?s=96&d=mm&r=g\",\"contentUrl\":\"https:\/\/secure.gravatar.com\/avatar\/2f26c36ee355da19a257f0dfef43952a2588b324ca35d6719e859fe338ac0392?s=96&d=mm&r=g\",\"caption\":\"Daniel Matos\"},\"url\":\"https:\/\/www.blogsoestado.com\/danielmatos\/author\/danielmatos\/\"}]}<\/script>\n<!-- \/ Yoast SEO plugin. -->","yoast_head_json":{"title":"Natal 2025 deve movimentar R$ 176 milh\u00f5es no com\u00e9rcio de S\u00e3o Lu\u00eds - Daniel Matos","robots":{"index":"index","follow":"follow","max-snippet":"max-snippet:-1","max-image-preview":"max-image-preview:large","max-video-preview":"max-video-preview:-1"},"canonical":"https:\/\/www.blogsoestado.com\/danielmatos\/natal-2025-deve-movimentar-r-176-milhoes-no-comercio-de-sao-luis\/","og_locale":"pt_BR","og_type":"article","og_title":"Natal 2025 deve movimentar R$ 176 milh\u00f5es no com\u00e9rcio de S\u00e3o Lu\u00eds - Daniel Matos","og_description":"Pesquisa da Fecom\u00e9rcio-MA indica que aproximadamente 445 mil pessoas pretendem comprar presentes neste fim de ano A Pesquisa de Inten\u00e7\u00e3o [&hellip;]","og_url":"https:\/\/www.blogsoestado.com\/danielmatos\/natal-2025-deve-movimentar-r-176-milhoes-no-comercio-de-sao-luis\/","og_site_name":"Daniel Matos","article_published_time":"2025-12-04T17:52:35+00:00","article_modified_time":"2025-12-04T17:52:42+00:00","og_image":[{"width":700,"height":460,"url":"https:\/\/www.blogsoestado.com\/danielmatos\/wp-content\/uploads\/sites\/2\/2025\/12\/1004454255.png","type":"image\/png"}],"author":"Daniel Matos","twitter_card":"summary_large_image","twitter_misc":{"Escrito por":"Daniel Matos","Est. tempo de leitura":"4 minutos"},"schema":{"@context":"https:\/\/schema.org","@graph":[{"@type":"WebPage","@id":"https:\/\/www.blogsoestado.com\/danielmatos\/natal-2025-deve-movimentar-r-176-milhoes-no-comercio-de-sao-luis\/","url":"https:\/\/www.blogsoestado.com\/danielmatos\/natal-2025-deve-movimentar-r-176-milhoes-no-comercio-de-sao-luis\/","name":"Natal 2025 deve movimentar R$ 176 milh\u00f5es no com\u00e9rcio de S\u00e3o Lu\u00eds - Daniel Matos","isPartOf":{"@id":"https:\/\/www.blogsoestado.com\/danielmatos\/#website"},"primaryImageOfPage":{"@id":"https:\/\/www.blogsoestado.com\/danielmatos\/natal-2025-deve-movimentar-r-176-milhoes-no-comercio-de-sao-luis\/#primaryimage"},"image":{"@id":"https:\/\/www.blogsoestado.com\/danielmatos\/natal-2025-deve-movimentar-r-176-milhoes-no-comercio-de-sao-luis\/#primaryimage"},"thumbnailUrl":"https:\/\/www.blogsoestado.com\/danielmatos\/wp-content\/uploads\/sites\/2\/2025\/12\/1004454255.png","datePublished":"2025-12-04T17:52:35+00:00","dateModified":"2025-12-04T17:52:42+00:00","author":{"@id":"https:\/\/www.blogsoestado.com\/danielmatos\/#\/schema\/person\/9a209d407cd45631f131e1285b661bb0"},"breadcrumb":{"@id":"https:\/\/www.blogsoestado.com\/danielmatos\/natal-2025-deve-movimentar-r-176-milhoes-no-comercio-de-sao-luis\/#breadcrumb"},"inLanguage":"pt-BR","potentialAction":[{"@type":"ReadAction","target":["https:\/\/www.blogsoestado.com\/danielmatos\/natal-2025-deve-movimentar-r-176-milhoes-no-comercio-de-sao-luis\/"]}]},{"@type":"ImageObject","inLanguage":"pt-BR","@id":"https:\/\/www.blogsoestado.com\/danielmatos\/natal-2025-deve-movimentar-r-176-milhoes-no-comercio-de-sao-luis\/#primaryimage","url":"https:\/\/www.blogsoestado.com\/danielmatos\/wp-content\/uploads\/sites\/2\/2025\/12\/1004454255.png","contentUrl":"https:\/\/www.blogsoestado.com\/danielmatos\/wp-content\/uploads\/sites\/2\/2025\/12\/1004454255.png","width":700,"height":460},{"@type":"BreadcrumbList","@id":"https:\/\/www.blogsoestado.com\/danielmatos\/natal-2025-deve-movimentar-r-176-milhoes-no-comercio-de-sao-luis\/#breadcrumb","itemListElement":[{"@type":"ListItem","position":1,"name":"In\u00edcio","item":"https:\/\/www.blogsoestado.com\/danielmatos\/"},{"@type":"ListItem","position":2,"name":"Natal 2025 deve movimentar R$ 176 milh\u00f5es no com\u00e9rcio de S\u00e3o Lu\u00eds"}]},{"@type":"WebSite","@id":"https:\/\/www.blogsoestado.com\/danielmatos\/#website","url":"https:\/\/www.blogsoestado.com\/danielmatos\/","name":"Daniel Matos","description":"","potentialAction":[{"@type":"SearchAction","target":{"@type":"EntryPoint","urlTemplate":"https:\/\/www.blogsoestado.com\/danielmatos\/?s={search_term_string}"},"query-input":{"@type":"PropertyValueSpecification","valueRequired":true,"valueName":"search_term_string"}}],"inLanguage":"pt-BR"},{"@type":"Person","@id":"https:\/\/www.blogsoestado.com\/danielmatos\/#\/schema\/person\/9a209d407cd45631f131e1285b661bb0","name":"Daniel Matos","image":{"@type":"ImageObject","inLanguage":"pt-BR","@id":"https:\/\/www.blogsoestado.com\/danielmatos\/#\/schema\/person\/image\/","url":"https:\/\/secure.gravatar.com\/avatar\/2f26c36ee355da19a257f0dfef43952a2588b324ca35d6719e859fe338ac0392?s=96&d=mm&r=g","contentUrl":"https:\/\/secure.gravatar.com\/avatar\/2f26c36ee355da19a257f0dfef43952a2588b324ca35d6719e859fe338ac0392?s=96&d=mm&r=g","caption":"Daniel Matos"},"url":"https:\/\/www.blogsoestado.com\/danielmatos\/author\/danielmatos\/"}]}},"jetpack_featured_media_url":"","_links":{"self":[{"href":"https:\/\/www.blogsoestado.com\/danielmatos\/wp-json\/wp\/v2\/posts\/151952","targetHints":{"allow":["GET"]}}],"collection":[{"href":"https:\/\/www.blogsoestado.com\/danielmatos\/wp-json\/wp\/v2\/posts"}],"about":[{"href":"https:\/\/www.blogsoestado.com\/danielmatos\/wp-json\/wp\/v2\/types\/post"}],"author":[{"embeddable":true,"href":"https:\/\/www.blogsoestado.com\/danielmatos\/wp-json\/wp\/v2\/users\/2"}],"replies":[{"embeddable":true,"href":"https:\/\/www.blogsoestado.com\/danielmatos\/wp-json\/wp\/v2\/comments?post=151952"}],"version-history":[{"count":1,"href":"https:\/\/www.blogsoestado.com\/danielmatos\/wp-json\/wp\/v2\/posts\/151952\/revisions"}],"predecessor-version":[{"id":151955,"href":"https:\/\/www.blogsoestado.com\/danielmatos\/wp-json\/wp\/v2\/posts\/151952\/revisions\/151955"}],"wp:attachment":[{"href":"https:\/\/www.blogsoestado.com\/danielmatos\/wp-json\/wp\/v2\/media?parent=151952"}],"wp:term":[{"taxonomy":"category","embeddable":true,"href":"https:\/\/www.blogsoestado.com\/danielmatos\/wp-json\/wp\/v2\/categories?post=151952"},{"taxonomy":"post_tag","embeddable":true,"href":"https:\/\/www.blogsoestado.com\/danielmatos\/wp-json\/wp\/v2\/tags?post=151952"}],"curies":[{"name":"wp","href":"https:\/\/api.w.org\/{rel}","templated":true}]}}