{"id":151966,"date":"2025-12-04T18:57:51","date_gmt":"2025-12-04T21:57:51","guid":{"rendered":"https:\/\/www.blogsoestado.com\/danielmatos\/?p=151966"},"modified":"2025-12-04T18:58:02","modified_gmt":"2025-12-04T21:58:02","slug":"festival-de-natal-equatorial-chega-a-sua-4a-edicao-com-dois-dias-de-musica-na-praca-maria-aragao","status":"publish","type":"post","link":"https:\/\/www.blogsoestado.com\/danielmatos\/festival-de-natal-equatorial-chega-a-sua-4a-edicao-com-dois-dias-de-musica-na-praca-maria-aragao\/","title":{"rendered":"Festival de Natal Equatorial chega \u00e0 sua 4\u00aa edi\u00e7\u00e3o com dois dias de m\u00fasica na Pra\u00e7a Maria Arag\u00e3o"},"content":{"rendered":"\n<p><strong><mark style=\"color:#cf2e2e\" class=\"has-inline-color\">Com shows gratuitos e grande diversidade musical, o evento ser\u00e1 realizado nos dias 6 e 7 de dezembro<\/mark><\/strong><\/p>\n\n\n\n<figure class=\"wp-block-image aligncenter size-large\"><img fetchpriority=\"high\" decoding=\"async\" width=\"1008\" height=\"1024\" src=\"https:\/\/www.blogsoestado.com\/danielmatos\/wp-content\/uploads\/sites\/2\/2025\/12\/1004455768-2-1008x1024.jpg\" alt=\"\" class=\"wp-image-151969\" srcset=\"https:\/\/www.blogsoestado.com\/danielmatos\/wp-content\/uploads\/sites\/2\/2025\/12\/1004455768-2-1008x1024.jpg 1008w, https:\/\/www.blogsoestado.com\/danielmatos\/wp-content\/uploads\/sites\/2\/2025\/12\/1004455768-2-295x300.jpg 295w, https:\/\/www.blogsoestado.com\/danielmatos\/wp-content\/uploads\/sites\/2\/2025\/12\/1004455768-2-768x780.jpg 768w, https:\/\/www.blogsoestado.com\/danielmatos\/wp-content\/uploads\/sites\/2\/2025\/12\/1004455768-2.jpg 1170w\" sizes=\"(max-width: 1008px) 100vw, 1008px\" \/><figcaption class=\"wp-element-caption\">A quarta edi\u00e7\u00e3o do Festival de Natal Equatorial re\u00fane o melhor da m\u00fasica regional e nacional em dois dias de celebra\u00e7\u00f5es<\/figcaption><\/figure>\n\n\n\n<p>Desde a sua primeira edi\u00e7\u00e3o, o Festival de Natal Equatorial vem ganhando for\u00e7a, crescendo e a edi\u00e7\u00e3o de 2025 refor\u00e7a essa escalada. Com shows gratuitos, ambiente festivo, um palco aberto e plural, o evento se afirma como uma celebra\u00e7\u00e3o coletiva do Natal, da cultura e da comunidade.<\/p>\n\n\n\n<p>Com realiza\u00e7\u00e3o nos dias 6 e 7 de dezembro de 2025, na Pra\u00e7a Maria Arag\u00e3o, no Centro Hist\u00f3rico de S\u00e3o Lu\u00eds, a Equatorial Maranh\u00e3o promove mais uma edi\u00e7\u00e3o do Festival que j\u00e1 \u00e9 considerado parte do calend\u00e1rio oficial de festas culturais da capital maranhense, e que d\u00e1 in\u00edcio \u00e0s celebra\u00e7\u00f5es natalinas com muita m\u00fasica para reunir pessoas de todas as idades e estilos.<\/p>\n\n\n\n<figure class=\"wp-block-image aligncenter size-full\"><img decoding=\"async\" width=\"640\" height=\"428\" src=\"https:\/\/www.blogsoestado.com\/danielmatos\/wp-content\/uploads\/sites\/2\/2025\/12\/1004455769.jpg\" alt=\"\" class=\"wp-image-151970\" srcset=\"https:\/\/www.blogsoestado.com\/danielmatos\/wp-content\/uploads\/sites\/2\/2025\/12\/1004455769.jpg 640w, https:\/\/www.blogsoestado.com\/danielmatos\/wp-content\/uploads\/sites\/2\/2025\/12\/1004455769-300x201.jpg 300w\" sizes=\"(max-width: 640px) 100vw, 640px\" \/><figcaption class=\"wp-element-caption\">O cantor Nando Reis \u00e9 quem vai encerrar com chave de ouro o Festival de Natal Equatorial 2025 neste domingo (7)<\/figcaption><\/figure>\n\n\n\n<p>Com entrada gratuita e aberto ao p\u00fablico, o evento aposta na m\u00fasica como instrumento de uni\u00e3o e celebra\u00e7\u00e3o, um convite para as fam\u00edlias e a comunidade em geral comemorarem as conquistas do ano com arte, alegria e esperan\u00e7a.<\/p>\n\n\n\n<p><strong>Um line-up para todos os gostos<\/strong><\/p>\n\n\n\n<p>A programa\u00e7\u00e3o da quarta edi\u00e7\u00e3o do Festival mistura grandes nomes da m\u00fasica nacional com talentos regionais, oferecendo diversidade sonora e art\u00edstica.<\/p>\n\n\n\n<p>Neste s\u00e1bado (06.12) a abertura ficar\u00e1 por conta do DJ F\u00e9lix; e em seguida tem a Orquestra Jovem do Maranh\u00e3o Jo\u00e3o do Vale, que ter\u00e1 participa\u00e7\u00e3o especial do cantor Djalma Chaves. Na sequ\u00eancia, sobe ao palco a revela\u00e7\u00e3o pernambucana Joyce Alane, cujo talento e identidade art\u00edstica j\u00e1 v\u00eam sendo reconhecidos nacionalmente. Encerrando a noite, o consagrado Zeca Baleiro, artista maranhense com carreira s\u00f3lida e voz \u00fanica na m\u00fasica brasileira contempor\u00e2nea.<\/p>\n\n\n\n<figure class=\"wp-block-image aligncenter size-full\"><img decoding=\"async\" width=\"988\" height=\"706\" src=\"https:\/\/www.blogsoestado.com\/danielmatos\/wp-content\/uploads\/sites\/2\/2025\/12\/1004455771.jpg\" alt=\"\" class=\"wp-image-151971\" srcset=\"https:\/\/www.blogsoestado.com\/danielmatos\/wp-content\/uploads\/sites\/2\/2025\/12\/1004455771.jpg 988w, https:\/\/www.blogsoestado.com\/danielmatos\/wp-content\/uploads\/sites\/2\/2025\/12\/1004455771-300x214.jpg 300w, https:\/\/www.blogsoestado.com\/danielmatos\/wp-content\/uploads\/sites\/2\/2025\/12\/1004455771-768x549.jpg 768w\" sizes=\"(max-width: 988px) 100vw, 988px\" \/><figcaption class=\"wp-element-caption\">A Banda Os Tropix que promete agitar o p\u00fablico no domingo (7) na Pra\u00e7a Maria Arag\u00e3o, no Festival de Natal Equatorial<\/figcaption><\/figure>\n\n\n\n<p>No domingo (07.12) as apresenta\u00e7\u00f5es come\u00e7am com os DJs Sereia e Adriano Sound, abrindo caminho para a banda Os Tropix, que convida a banda Alquimia Tropical (de Teresina-PI) para um show especial com forte identidade feminina e repert\u00f3rio de cl\u00e1ssicos da MPB. O encerramento ser\u00e1 por conta do aclamado cantor Nando Reis, seu repert\u00f3rio com composi\u00e7\u00f5es que marcaram gera\u00e7\u00f5es e uma voz que traduz emo\u00e7\u00e3o e poesia.<\/p>\n\n\n\n<p>Essa mescla de ritmos, estilos e de gera\u00e7\u00f5es traduz a proposta do Festival: ser plural, inclusivo e representativo da diversidade cultural do Maranh\u00e3o e do Brasil.<\/p>\n\n\n\n<figure class=\"wp-block-image aligncenter size-large\"><img loading=\"lazy\" decoding=\"async\" width=\"1024\" height=\"682\" src=\"https:\/\/www.blogsoestado.com\/danielmatos\/wp-content\/uploads\/sites\/2\/2025\/12\/1004455773-1-1024x682.jpg\" alt=\"\" class=\"wp-image-151973\" srcset=\"https:\/\/www.blogsoestado.com\/danielmatos\/wp-content\/uploads\/sites\/2\/2025\/12\/1004455773-1-1024x682.jpg 1024w, https:\/\/www.blogsoestado.com\/danielmatos\/wp-content\/uploads\/sites\/2\/2025\/12\/1004455773-1-300x200.jpg 300w, https:\/\/www.blogsoestado.com\/danielmatos\/wp-content\/uploads\/sites\/2\/2025\/12\/1004455773-1-768x512.jpg 768w, https:\/\/www.blogsoestado.com\/danielmatos\/wp-content\/uploads\/sites\/2\/2025\/12\/1004455773-1.jpg 1250w\" sizes=\"(max-width: 1024px) 100vw, 1024px\" \/><figcaption class=\"wp-element-caption\">O cantor Zeca Baleiro volta a se encontrar com sua legi\u00e3o de f\u00e3s neste s\u00e1bado (6), no Festival de Natal Equatorial<\/figcaption><\/figure>\n\n\n\n<p>Para a Gerente de Responsabilidade Social do Grupo Equatorial, K\u00e9zia Marques, \u201cEncerrar este ano t\u00e3o significativo levando boas energias da cultura, com m\u00fasica de qualidade para fam\u00edlias maranhenses em um evento gratuito e inclusivo \u00e9 motivo de grande orgulho para a Equatorial\u201d.<\/p>\n\n\n\n<p><strong>Cultura, magia de Natal e impacto social<\/strong><\/p>\n\n\n\n<p>O Festival de Natal Equatorial vai al\u00e9m da m\u00fasica: o espa\u00e7o ser\u00e1 transformado com ilumina\u00e7\u00e3o especial e elementos que refor\u00e7am o esp\u00edrito natalino, criando uma ambienta\u00e7\u00e3o acolhedora, festiva e para todas as idades.<\/p>\n\n\n\n<figure class=\"wp-block-image aligncenter size-large\"><img loading=\"lazy\" decoding=\"async\" width=\"625\" height=\"1024\" src=\"https:\/\/www.blogsoestado.com\/danielmatos\/wp-content\/uploads\/sites\/2\/2025\/12\/1004455775-625x1024.jpg\" alt=\"\" class=\"wp-image-151974\" srcset=\"https:\/\/www.blogsoestado.com\/danielmatos\/wp-content\/uploads\/sites\/2\/2025\/12\/1004455775-625x1024.jpg 625w, https:\/\/www.blogsoestado.com\/danielmatos\/wp-content\/uploads\/sites\/2\/2025\/12\/1004455775-183x300.jpg 183w, https:\/\/www.blogsoestado.com\/danielmatos\/wp-content\/uploads\/sites\/2\/2025\/12\/1004455775-768x1258.jpg 768w, https:\/\/www.blogsoestado.com\/danielmatos\/wp-content\/uploads\/sites\/2\/2025\/12\/1004455775-938x1536.jpg 938w, https:\/\/www.blogsoestado.com\/danielmatos\/wp-content\/uploads\/sites\/2\/2025\/12\/1004455775.jpg 970w\" sizes=\"(max-width: 625px) 100vw, 625px\" \/><figcaption class=\"wp-element-caption\">A cantora pernambucana Joyce Alane \u00e9 destaque no Festival de Natal da Equatorial neste s\u00e1bado<\/figcaption><\/figure>\n\n\n\n<p>Al\u00e9m disso, a iniciativa reafirma o compromisso da Equatorial Maranh\u00e3o com o incentivo \u00e0 cultura local, por meio da Lei Federal de Incentivo \u00e0 Cultura, com produ\u00e7\u00e3o da Novo Tra\u00e7o e apoio da Prefeitura de S\u00e3o Lu\u00eds, fortalecendo a economia criativa, gerando oportunidades para artistas maranhenses e oferecendo programa\u00e7\u00e3o de qualidade ao p\u00fablico gratuitamente.<\/p>\n\n\n\n<p><strong>Servi\u00e7o<\/strong> | Festival de Natal Equatorial 2025<br>Datas: 6 e 7 de dezembro de 2025 (s\u00e1bado e domingo)<br>Atra\u00e7\u00f5es de S\u00e1bado (6) \u00e0 partir das 18h: DJ F\u00e9lix; Orquestra Jovem do Maranh\u00e3o Jo\u00e3o do Vale com o cantor Djalma Chaves; show da cantora Joyce Alane (PE) e show do cantor Zeca Baleiro.<\/p>\n\n\n\n<p>Atra\u00e7\u00f5es de Domingo (7), a partir das 19h: DJs Sereia e Adriano Sound; Banda Os Tropix e Banda Alquimia Tropical (PI) e show do cantor Nando Reis.<br>Local: Pra\u00e7a Maria Arag\u00e3o \u2014 Centro Hist\u00f3rico de S\u00e3o Lu\u00eds (MA)<br>Entrada: Gratuita e aberta ao p\u00fablico.<\/p>\n","protected":false},"excerpt":{"rendered":"<p>Com shows gratuitos e grande diversidade musical, o evento ser\u00e1 realizado nos dias 6 e 7 de dezembro Desde a [&hellip;]<\/p>\n","protected":false},"author":2,"featured_media":0,"comment_status":"open","ping_status":"open","sticky":false,"template":"","format":"standard","meta":{"site-sidebar-layout":"default","site-content-layout":"","ast-site-content-layout":"default","site-content-style":"default","site-sidebar-style":"default","ast-global-header-display":"","ast-banner-title-visibility":"","ast-main-header-display":"","ast-hfb-above-header-display":"","ast-hfb-below-header-display":"","ast-hfb-mobile-header-display":"","site-post-title":"","ast-breadcrumbs-content":"","ast-featured-img":"","footer-sml-layout":"","ast-disable-related-posts":"","theme-transparent-header-meta":"","adv-header-id-meta":"","stick-header-meta":"","header-above-stick-meta":"","header-main-stick-meta":"","header-below-stick-meta":"","astra-migrate-meta-layouts":"default","ast-page-background-enabled":"default","ast-page-background-meta":{"desktop":{"background-color":"var(--ast-global-color-5)","background-image":"","background-repeat":"repeat","background-position":"center center","background-size":"auto","background-attachment":"scroll","background-type":"","background-media":"","overlay-type":"","overlay-color":"","overlay-opacity":"","overlay-gradient":""},"tablet":{"background-color":"","background-image":"","background-repeat":"repeat","background-position":"center center","background-size":"auto","background-attachment":"scroll","background-type":"","background-media":"","overlay-type":"","overlay-color":"","overlay-opacity":"","overlay-gradient":""},"mobile":{"background-color":"","background-image":"","background-repeat":"repeat","background-position":"center center","background-size":"auto","background-attachment":"scroll","background-type":"","background-media":"","overlay-type":"","overlay-color":"","overlay-opacity":"","overlay-gradient":""}},"ast-content-background-meta":{"desktop":{"background-color":"var(--ast-global-color-4)","background-image":"","background-repeat":"repeat","background-position":"center center","background-size":"auto","background-attachment":"scroll","background-type":"","background-media":"","overlay-type":"","overlay-color":"","overlay-opacity":"","overlay-gradient":""},"tablet":{"background-color":"var(--ast-global-color-4)","background-image":"","background-repeat":"repeat","background-position":"center center","background-size":"auto","background-attachment":"scroll","background-type":"","background-media":"","overlay-type":"","overlay-color":"","overlay-opacity":"","overlay-gradient":""},"mobile":{"background-color":"var(--ast-global-color-4)","background-image":"","background-repeat":"repeat","background-position":"center center","background-size":"auto","background-attachment":"scroll","background-type":"","background-media":"","overlay-type":"","overlay-color":"","overlay-opacity":"","overlay-gradient":""}},"footnotes":""},"categories":[1],"tags":[],"class_list":["post-151966","post","type-post","status-publish","format-standard","hentry","category-sem-categoria"],"yoast_head":"<!-- This site is optimized with the Yoast SEO plugin v26.6 - https:\/\/yoast.com\/wordpress\/plugins\/seo\/ -->\n<title>Festival de Natal Equatorial chega \u00e0 sua 4\u00aa edi\u00e7\u00e3o com dois dias de m\u00fasica na Pra\u00e7a Maria Arag\u00e3o - Daniel Matos<\/title>\n<meta name=\"robots\" content=\"index, follow, max-snippet:-1, max-image-preview:large, max-video-preview:-1\" \/>\n<link rel=\"canonical\" href=\"https:\/\/www.blogsoestado.com\/danielmatos\/festival-de-natal-equatorial-chega-a-sua-4a-edicao-com-dois-dias-de-musica-na-praca-maria-aragao\/\" \/>\n<meta property=\"og:locale\" content=\"pt_BR\" \/>\n<meta property=\"og:type\" content=\"article\" \/>\n<meta property=\"og:title\" content=\"Festival de Natal Equatorial chega \u00e0 sua 4\u00aa edi\u00e7\u00e3o com dois dias de m\u00fasica na Pra\u00e7a Maria Arag\u00e3o - Daniel Matos\" \/>\n<meta property=\"og:description\" content=\"Com shows gratuitos e grande diversidade musical, o evento ser\u00e1 realizado nos dias 6 e 7 de dezembro Desde a [&hellip;]\" \/>\n<meta property=\"og:url\" content=\"https:\/\/www.blogsoestado.com\/danielmatos\/festival-de-natal-equatorial-chega-a-sua-4a-edicao-com-dois-dias-de-musica-na-praca-maria-aragao\/\" \/>\n<meta property=\"og:site_name\" content=\"Daniel Matos\" \/>\n<meta property=\"article:published_time\" content=\"2025-12-04T21:57:51+00:00\" \/>\n<meta property=\"article:modified_time\" content=\"2025-12-04T21:58:02+00:00\" \/>\n<meta property=\"og:image\" content=\"https:\/\/www.blogsoestado.com\/danielmatos\/wp-content\/uploads\/sites\/2\/2025\/12\/1004455768-2.jpg\" \/>\n\t<meta property=\"og:image:width\" content=\"1170\" \/>\n\t<meta property=\"og:image:height\" content=\"1188\" \/>\n\t<meta property=\"og:image:type\" content=\"image\/jpeg\" \/>\n<meta name=\"author\" content=\"Daniel Matos\" \/>\n<meta name=\"twitter:card\" content=\"summary_large_image\" \/>\n<meta name=\"twitter:label1\" content=\"Escrito por\" \/>\n\t<meta name=\"twitter:data1\" content=\"Daniel Matos\" \/>\n\t<meta name=\"twitter:label2\" content=\"Est. tempo de leitura\" \/>\n\t<meta name=\"twitter:data2\" content=\"5 minutos\" \/>\n<script type=\"application\/ld+json\" class=\"yoast-schema-graph\">{\"@context\":\"https:\/\/schema.org\",\"@graph\":[{\"@type\":\"WebPage\",\"@id\":\"https:\/\/www.blogsoestado.com\/danielmatos\/festival-de-natal-equatorial-chega-a-sua-4a-edicao-com-dois-dias-de-musica-na-praca-maria-aragao\/\",\"url\":\"https:\/\/www.blogsoestado.com\/danielmatos\/festival-de-natal-equatorial-chega-a-sua-4a-edicao-com-dois-dias-de-musica-na-praca-maria-aragao\/\",\"name\":\"Festival de Natal Equatorial chega \u00e0 sua 4\u00aa edi\u00e7\u00e3o com dois dias de m\u00fasica na Pra\u00e7a Maria Arag\u00e3o - Daniel Matos\",\"isPartOf\":{\"@id\":\"https:\/\/www.blogsoestado.com\/danielmatos\/#website\"},\"primaryImageOfPage\":{\"@id\":\"https:\/\/www.blogsoestado.com\/danielmatos\/festival-de-natal-equatorial-chega-a-sua-4a-edicao-com-dois-dias-de-musica-na-praca-maria-aragao\/#primaryimage\"},\"image\":{\"@id\":\"https:\/\/www.blogsoestado.com\/danielmatos\/festival-de-natal-equatorial-chega-a-sua-4a-edicao-com-dois-dias-de-musica-na-praca-maria-aragao\/#primaryimage\"},\"thumbnailUrl\":\"https:\/\/www.blogsoestado.com\/danielmatos\/wp-content\/uploads\/sites\/2\/2025\/12\/1004455768-2-1008x1024.jpg\",\"datePublished\":\"2025-12-04T21:57:51+00:00\",\"dateModified\":\"2025-12-04T21:58:02+00:00\",\"author\":{\"@id\":\"https:\/\/www.blogsoestado.com\/danielmatos\/#\/schema\/person\/9a209d407cd45631f131e1285b661bb0\"},\"breadcrumb\":{\"@id\":\"https:\/\/www.blogsoestado.com\/danielmatos\/festival-de-natal-equatorial-chega-a-sua-4a-edicao-com-dois-dias-de-musica-na-praca-maria-aragao\/#breadcrumb\"},\"inLanguage\":\"pt-BR\",\"potentialAction\":[{\"@type\":\"ReadAction\",\"target\":[\"https:\/\/www.blogsoestado.com\/danielmatos\/festival-de-natal-equatorial-chega-a-sua-4a-edicao-com-dois-dias-de-musica-na-praca-maria-aragao\/\"]}]},{\"@type\":\"ImageObject\",\"inLanguage\":\"pt-BR\",\"@id\":\"https:\/\/www.blogsoestado.com\/danielmatos\/festival-de-natal-equatorial-chega-a-sua-4a-edicao-com-dois-dias-de-musica-na-praca-maria-aragao\/#primaryimage\",\"url\":\"https:\/\/www.blogsoestado.com\/danielmatos\/wp-content\/uploads\/sites\/2\/2025\/12\/1004455768-2.jpg\",\"contentUrl\":\"https:\/\/www.blogsoestado.com\/danielmatos\/wp-content\/uploads\/sites\/2\/2025\/12\/1004455768-2.jpg\",\"width\":1170,\"height\":1188},{\"@type\":\"BreadcrumbList\",\"@id\":\"https:\/\/www.blogsoestado.com\/danielmatos\/festival-de-natal-equatorial-chega-a-sua-4a-edicao-com-dois-dias-de-musica-na-praca-maria-aragao\/#breadcrumb\",\"itemListElement\":[{\"@type\":\"ListItem\",\"position\":1,\"name\":\"In\u00edcio\",\"item\":\"https:\/\/www.blogsoestado.com\/danielmatos\/\"},{\"@type\":\"ListItem\",\"position\":2,\"name\":\"Festival de Natal Equatorial chega \u00e0 sua 4\u00aa edi\u00e7\u00e3o com dois dias de m\u00fasica na Pra\u00e7a Maria Arag\u00e3o\"}]},{\"@type\":\"WebSite\",\"@id\":\"https:\/\/www.blogsoestado.com\/danielmatos\/#website\",\"url\":\"https:\/\/www.blogsoestado.com\/danielmatos\/\",\"name\":\"Daniel Matos\",\"description\":\"\",\"potentialAction\":[{\"@type\":\"SearchAction\",\"target\":{\"@type\":\"EntryPoint\",\"urlTemplate\":\"https:\/\/www.blogsoestado.com\/danielmatos\/?s={search_term_string}\"},\"query-input\":{\"@type\":\"PropertyValueSpecification\",\"valueRequired\":true,\"valueName\":\"search_term_string\"}}],\"inLanguage\":\"pt-BR\"},{\"@type\":\"Person\",\"@id\":\"https:\/\/www.blogsoestado.com\/danielmatos\/#\/schema\/person\/9a209d407cd45631f131e1285b661bb0\",\"name\":\"Daniel Matos\",\"image\":{\"@type\":\"ImageObject\",\"inLanguage\":\"pt-BR\",\"@id\":\"https:\/\/www.blogsoestado.com\/danielmatos\/#\/schema\/person\/image\/\",\"url\":\"https:\/\/secure.gravatar.com\/avatar\/2f26c36ee355da19a257f0dfef43952a2588b324ca35d6719e859fe338ac0392?s=96&d=mm&r=g\",\"contentUrl\":\"https:\/\/secure.gravatar.com\/avatar\/2f26c36ee355da19a257f0dfef43952a2588b324ca35d6719e859fe338ac0392?s=96&d=mm&r=g\",\"caption\":\"Daniel Matos\"},\"url\":\"https:\/\/www.blogsoestado.com\/danielmatos\/author\/danielmatos\/\"}]}<\/script>\n<!-- \/ Yoast SEO plugin. -->","yoast_head_json":{"title":"Festival de Natal Equatorial chega \u00e0 sua 4\u00aa edi\u00e7\u00e3o com dois dias de m\u00fasica na Pra\u00e7a Maria Arag\u00e3o - Daniel Matos","robots":{"index":"index","follow":"follow","max-snippet":"max-snippet:-1","max-image-preview":"max-image-preview:large","max-video-preview":"max-video-preview:-1"},"canonical":"https:\/\/www.blogsoestado.com\/danielmatos\/festival-de-natal-equatorial-chega-a-sua-4a-edicao-com-dois-dias-de-musica-na-praca-maria-aragao\/","og_locale":"pt_BR","og_type":"article","og_title":"Festival de Natal Equatorial chega \u00e0 sua 4\u00aa edi\u00e7\u00e3o com dois dias de m\u00fasica na Pra\u00e7a Maria Arag\u00e3o - Daniel Matos","og_description":"Com shows gratuitos e grande diversidade musical, o evento ser\u00e1 realizado nos dias 6 e 7 de dezembro Desde a [&hellip;]","og_url":"https:\/\/www.blogsoestado.com\/danielmatos\/festival-de-natal-equatorial-chega-a-sua-4a-edicao-com-dois-dias-de-musica-na-praca-maria-aragao\/","og_site_name":"Daniel Matos","article_published_time":"2025-12-04T21:57:51+00:00","article_modified_time":"2025-12-04T21:58:02+00:00","og_image":[{"width":1170,"height":1188,"url":"https:\/\/www.blogsoestado.com\/danielmatos\/wp-content\/uploads\/sites\/2\/2025\/12\/1004455768-2.jpg","type":"image\/jpeg"}],"author":"Daniel Matos","twitter_card":"summary_large_image","twitter_misc":{"Escrito por":"Daniel Matos","Est. tempo de leitura":"5 minutos"},"schema":{"@context":"https:\/\/schema.org","@graph":[{"@type":"WebPage","@id":"https:\/\/www.blogsoestado.com\/danielmatos\/festival-de-natal-equatorial-chega-a-sua-4a-edicao-com-dois-dias-de-musica-na-praca-maria-aragao\/","url":"https:\/\/www.blogsoestado.com\/danielmatos\/festival-de-natal-equatorial-chega-a-sua-4a-edicao-com-dois-dias-de-musica-na-praca-maria-aragao\/","name":"Festival de Natal Equatorial chega \u00e0 sua 4\u00aa edi\u00e7\u00e3o com dois dias de m\u00fasica na Pra\u00e7a Maria Arag\u00e3o - Daniel Matos","isPartOf":{"@id":"https:\/\/www.blogsoestado.com\/danielmatos\/#website"},"primaryImageOfPage":{"@id":"https:\/\/www.blogsoestado.com\/danielmatos\/festival-de-natal-equatorial-chega-a-sua-4a-edicao-com-dois-dias-de-musica-na-praca-maria-aragao\/#primaryimage"},"image":{"@id":"https:\/\/www.blogsoestado.com\/danielmatos\/festival-de-natal-equatorial-chega-a-sua-4a-edicao-com-dois-dias-de-musica-na-praca-maria-aragao\/#primaryimage"},"thumbnailUrl":"https:\/\/www.blogsoestado.com\/danielmatos\/wp-content\/uploads\/sites\/2\/2025\/12\/1004455768-2-1008x1024.jpg","datePublished":"2025-12-04T21:57:51+00:00","dateModified":"2025-12-04T21:58:02+00:00","author":{"@id":"https:\/\/www.blogsoestado.com\/danielmatos\/#\/schema\/person\/9a209d407cd45631f131e1285b661bb0"},"breadcrumb":{"@id":"https:\/\/www.blogsoestado.com\/danielmatos\/festival-de-natal-equatorial-chega-a-sua-4a-edicao-com-dois-dias-de-musica-na-praca-maria-aragao\/#breadcrumb"},"inLanguage":"pt-BR","potentialAction":[{"@type":"ReadAction","target":["https:\/\/www.blogsoestado.com\/danielmatos\/festival-de-natal-equatorial-chega-a-sua-4a-edicao-com-dois-dias-de-musica-na-praca-maria-aragao\/"]}]},{"@type":"ImageObject","inLanguage":"pt-BR","@id":"https:\/\/www.blogsoestado.com\/danielmatos\/festival-de-natal-equatorial-chega-a-sua-4a-edicao-com-dois-dias-de-musica-na-praca-maria-aragao\/#primaryimage","url":"https:\/\/www.blogsoestado.com\/danielmatos\/wp-content\/uploads\/sites\/2\/2025\/12\/1004455768-2.jpg","contentUrl":"https:\/\/www.blogsoestado.com\/danielmatos\/wp-content\/uploads\/sites\/2\/2025\/12\/1004455768-2.jpg","width":1170,"height":1188},{"@type":"BreadcrumbList","@id":"https:\/\/www.blogsoestado.com\/danielmatos\/festival-de-natal-equatorial-chega-a-sua-4a-edicao-com-dois-dias-de-musica-na-praca-maria-aragao\/#breadcrumb","itemListElement":[{"@type":"ListItem","position":1,"name":"In\u00edcio","item":"https:\/\/www.blogsoestado.com\/danielmatos\/"},{"@type":"ListItem","position":2,"name":"Festival de Natal Equatorial chega \u00e0 sua 4\u00aa edi\u00e7\u00e3o com dois dias de m\u00fasica na Pra\u00e7a Maria Arag\u00e3o"}]},{"@type":"WebSite","@id":"https:\/\/www.blogsoestado.com\/danielmatos\/#website","url":"https:\/\/www.blogsoestado.com\/danielmatos\/","name":"Daniel Matos","description":"","potentialAction":[{"@type":"SearchAction","target":{"@type":"EntryPoint","urlTemplate":"https:\/\/www.blogsoestado.com\/danielmatos\/?s={search_term_string}"},"query-input":{"@type":"PropertyValueSpecification","valueRequired":true,"valueName":"search_term_string"}}],"inLanguage":"pt-BR"},{"@type":"Person","@id":"https:\/\/www.blogsoestado.com\/danielmatos\/#\/schema\/person\/9a209d407cd45631f131e1285b661bb0","name":"Daniel Matos","image":{"@type":"ImageObject","inLanguage":"pt-BR","@id":"https:\/\/www.blogsoestado.com\/danielmatos\/#\/schema\/person\/image\/","url":"https:\/\/secure.gravatar.com\/avatar\/2f26c36ee355da19a257f0dfef43952a2588b324ca35d6719e859fe338ac0392?s=96&d=mm&r=g","contentUrl":"https:\/\/secure.gravatar.com\/avatar\/2f26c36ee355da19a257f0dfef43952a2588b324ca35d6719e859fe338ac0392?s=96&d=mm&r=g","caption":"Daniel Matos"},"url":"https:\/\/www.blogsoestado.com\/danielmatos\/author\/danielmatos\/"}]}},"jetpack_featured_media_url":"","_links":{"self":[{"href":"https:\/\/www.blogsoestado.com\/danielmatos\/wp-json\/wp\/v2\/posts\/151966","targetHints":{"allow":["GET"]}}],"collection":[{"href":"https:\/\/www.blogsoestado.com\/danielmatos\/wp-json\/wp\/v2\/posts"}],"about":[{"href":"https:\/\/www.blogsoestado.com\/danielmatos\/wp-json\/wp\/v2\/types\/post"}],"author":[{"embeddable":true,"href":"https:\/\/www.blogsoestado.com\/danielmatos\/wp-json\/wp\/v2\/users\/2"}],"replies":[{"embeddable":true,"href":"https:\/\/www.blogsoestado.com\/danielmatos\/wp-json\/wp\/v2\/comments?post=151966"}],"version-history":[{"count":1,"href":"https:\/\/www.blogsoestado.com\/danielmatos\/wp-json\/wp\/v2\/posts\/151966\/revisions"}],"predecessor-version":[{"id":151975,"href":"https:\/\/www.blogsoestado.com\/danielmatos\/wp-json\/wp\/v2\/posts\/151966\/revisions\/151975"}],"wp:attachment":[{"href":"https:\/\/www.blogsoestado.com\/danielmatos\/wp-json\/wp\/v2\/media?parent=151966"}],"wp:term":[{"taxonomy":"category","embeddable":true,"href":"https:\/\/www.blogsoestado.com\/danielmatos\/wp-json\/wp\/v2\/categories?post=151966"},{"taxonomy":"post_tag","embeddable":true,"href":"https:\/\/www.blogsoestado.com\/danielmatos\/wp-json\/wp\/v2\/tags?post=151966"}],"curies":[{"name":"wp","href":"https:\/\/api.w.org\/{rel}","templated":true}]}}