{"id":151976,"date":"2025-12-04T20:02:56","date_gmt":"2025-12-04T23:02:56","guid":{"rendered":"https:\/\/www.blogsoestado.com\/danielmatos\/?p=151976"},"modified":"2025-12-04T20:15:31","modified_gmt":"2025-12-04T23:15:31","slug":"maranhao-reduz-em-11-o-numero-de-mortes-por-aids-e-segue-tendencia-nacional-de-queda","status":"publish","type":"post","link":"https:\/\/www.blogsoestado.com\/danielmatos\/maranhao-reduz-em-11-o-numero-de-mortes-por-aids-e-segue-tendencia-nacional-de-queda\/","title":{"rendered":"Maranh\u00e3o\u00a0reduz em 11% o n\u00famero de mortes por aids e segue tend\u00eancia nacional de queda"},"content":{"rendered":"\n<p><strong><mark style=\"color:#cf2e2e\" class=\"has-inline-color\">Avan\u00e7os s\u00e3o resultados da amplia\u00e7\u00e3o da testagem e oferta de tratamentos mais modernos no SUS. Minist\u00e9rio da Sa\u00fade lan\u00e7a campanha de conscientiza\u00e7\u00e3o \u201cViver sem aids: essa \u00e9 a vida que eu quis\u201d<\/mark><\/strong><\/p>\n\n\n\n<figure class=\"wp-block-image aligncenter size-full\"><img fetchpriority=\"high\" decoding=\"async\" width=\"984\" height=\"984\" src=\"https:\/\/www.blogsoestado.com\/danielmatos\/wp-content\/uploads\/sites\/2\/2025\/12\/1004456837.jpg\" alt=\"\" class=\"wp-image-151977\" srcset=\"https:\/\/www.blogsoestado.com\/danielmatos\/wp-content\/uploads\/sites\/2\/2025\/12\/1004456837.jpg 984w, https:\/\/www.blogsoestado.com\/danielmatos\/wp-content\/uploads\/sites\/2\/2025\/12\/1004456837-300x300.jpg 300w, https:\/\/www.blogsoestado.com\/danielmatos\/wp-content\/uploads\/sites\/2\/2025\/12\/1004456837-150x150.jpg 150w, https:\/\/www.blogsoestado.com\/danielmatos\/wp-content\/uploads\/sites\/2\/2025\/12\/1004456837-768x768.jpg 768w\" sizes=\"(max-width: 984px) 100vw, 984px\" \/><\/figure>\n\n\n\n<p>O Maranh\u00e3o&nbsp;apresentou redu\u00e7\u00e3o significativa nas mortes por aids entre 2023 e 2024. O n\u00famero de \u00f3bitos caiu de 398 para 354, o que representa uma redu\u00e7\u00e3o de 11%. O resultado acompanha a tend\u00eancia nacional: o pa\u00eds tamb\u00e9m reduziu em 13% os \u00f3bitos por aids, passando de mais de 10 mil para 9,1 mil no mesmo per\u00edodo, o menor n\u00famero em tr\u00eas d\u00e9cadas, segundo o novo Boletim Epidemiol\u00f3gico divulgado pelo Minist\u00e9rio da Sa\u00fade.<\/p>\n\n\n\n<p>Os dados refletem os avan\u00e7os em preven\u00e7\u00e3o, diagn\u00f3stico e, principalmente, no acesso gratuito pelo SUS a terapias de ponta capazes de tornar o v\u00edrus indetect\u00e1vel e intransmiss\u00edvel. Combina\u00e7\u00e3o que levou tamb\u00e9m a elimina\u00e7\u00e3o, como problema de sa\u00fade p\u00fablica, da transmiss\u00e3o vertical da doen\u00e7a, quando ocorre da m\u00e3e para o beb\u00ea.<\/p>\n\n\n\n<p>\u201cHoje \u00e9 um dia de luta, mas tamb\u00e9m de conquista hist\u00f3rica: alcan\u00e7amos o menor n\u00famero de mortes por aids em 32 anos. Esse resultado s\u00f3 foi poss\u00edvel porque o SUS oferece gratuitamente as tecnologias mais modernas de preven\u00e7\u00e3o, diagn\u00f3stico e tratamento. Os avan\u00e7os tamb\u00e9m<\/p>\n\n\n\n<p>permitiram ao pa\u00eds alcan\u00e7ar as metas de elimina\u00e7\u00e3o da transmiss\u00e3o vertical como problema de sa\u00fade p\u00fablica\u201d, afirmou o ministro da Sa\u00fade, Alexandre Padilha.<\/p>\n\n\n\n<p>Os casos de aids no Brasil tamb\u00e9m apresentaram redu\u00e7\u00e3o no per\u00edodo, com queda de 1,5%, passando de 37,5 mil em 2023 para 36,9 mil no \u00faltimo ano. Em 2024, o&nbsp;Maranh\u00e3o&nbsp;registrou 1.280 casos de aids. No componente materno-infantil, o pa\u00eds registrou queda de 7,9% nos casos de gestantes com HIV (7,5 mil) e de 4,2% no n\u00famero de crian\u00e7as expostas ao v\u00edrus (6,8 mil). O in\u00edcio tardio da profilaxia neonatal caiu 54%, o que demonstra melhora significativa na aten\u00e7\u00e3o ofertada no pr\u00e9-natal e nas maternidades.<\/p>\n\n\n\n<p>A elimina\u00e7\u00e3o da transmiss\u00e3o vertical como problema de sa\u00fade p\u00fablica tamb\u00e9m foi alcan\u00e7ada: o Brasil manteve a taxa de transmiss\u00e3o vertical abaixo de 2% e a incid\u00eancia da infec\u00e7\u00e3o em crian\u00e7as abaixo de 0,5 caso por mil nascidos vivos. O pa\u00eds tamb\u00e9m atingiu mais de 95% de cobertura em pr\u00e9-natal, testagem para HIV e oferta de tratamento \u00e0s gestantes que vivem com o v\u00edrus. Isso significa que o pa\u00eds interrompeu, de forma sustentada, a infec\u00e7\u00e3o de beb\u00eas durante a gesta\u00e7\u00e3o, o parto ou a amamenta\u00e7\u00e3o, atingindo integralmente as metas internacionais. Os resultados est\u00e3o em linha com os crit\u00e9rios da Organiza\u00e7\u00e3o Mundial da Sa\u00fade (OMS).<\/p>\n\n\n\n<p>Em 2024, o Brasil contabilizou 68,4 mil pessoas vivendo com HIV ou aids, mantendo a tend\u00eancia de estabilidade observada nos \u00faltimos anos. No&nbsp;Maranh\u00e3o, foram 2.411 registros.<\/p>\n\n\n\n<p><strong><mark style=\"color:#cf2e2e\" class=\"has-inline-color\">Saiba mais <a href=\"https:\/\/www.gov.br\/saude\/pt-br\/assuntos\/noticias-para-os-estados\/maranhao\/2025\/dezembro\/maranhao-reduz-em-11-o-numero-de-mortes-por-aids-e-segue-tendencia-nacional-de-queda\">aqui<\/a>.<\/mark><\/strong><\/p>\n","protected":false},"excerpt":{"rendered":"<p>Avan\u00e7os s\u00e3o resultados da amplia\u00e7\u00e3o da testagem e oferta de tratamentos mais modernos no SUS. Minist\u00e9rio da Sa\u00fade lan\u00e7a campanha [&hellip;]<\/p>\n","protected":false},"author":2,"featured_media":0,"comment_status":"open","ping_status":"open","sticky":false,"template":"","format":"standard","meta":{"site-sidebar-layout":"default","site-content-layout":"","ast-site-content-layout":"default","site-content-style":"default","site-sidebar-style":"default","ast-global-header-display":"","ast-banner-title-visibility":"","ast-main-header-display":"","ast-hfb-above-header-display":"","ast-hfb-below-header-display":"","ast-hfb-mobile-header-display":"","site-post-title":"","ast-breadcrumbs-content":"","ast-featured-img":"","footer-sml-layout":"","ast-disable-related-posts":"","theme-transparent-header-meta":"","adv-header-id-meta":"","stick-header-meta":"","header-above-stick-meta":"","header-main-stick-meta":"","header-below-stick-meta":"","astra-migrate-meta-layouts":"default","ast-page-background-enabled":"default","ast-page-background-meta":{"desktop":{"background-color":"var(--ast-global-color-5)","background-image":"","background-repeat":"repeat","background-position":"center center","background-size":"auto","background-attachment":"scroll","background-type":"","background-media":"","overlay-type":"","overlay-color":"","overlay-opacity":"","overlay-gradient":""},"tablet":{"background-color":"","background-image":"","background-repeat":"repeat","background-position":"center center","background-size":"auto","background-attachment":"scroll","background-type":"","background-media":"","overlay-type":"","overlay-color":"","overlay-opacity":"","overlay-gradient":""},"mobile":{"background-color":"","background-image":"","background-repeat":"repeat","background-position":"center center","background-size":"auto","background-attachment":"scroll","background-type":"","background-media":"","overlay-type":"","overlay-color":"","overlay-opacity":"","overlay-gradient":""}},"ast-content-background-meta":{"desktop":{"background-color":"var(--ast-global-color-4)","background-image":"","background-repeat":"repeat","background-position":"center center","background-size":"auto","background-attachment":"scroll","background-type":"","background-media":"","overlay-type":"","overlay-color":"","overlay-opacity":"","overlay-gradient":""},"tablet":{"background-color":"var(--ast-global-color-4)","background-image":"","background-repeat":"repeat","background-position":"center center","background-size":"auto","background-attachment":"scroll","background-type":"","background-media":"","overlay-type":"","overlay-color":"","overlay-opacity":"","overlay-gradient":""},"mobile":{"background-color":"var(--ast-global-color-4)","background-image":"","background-repeat":"repeat","background-position":"center center","background-size":"auto","background-attachment":"scroll","background-type":"","background-media":"","overlay-type":"","overlay-color":"","overlay-opacity":"","overlay-gradient":""}},"footnotes":""},"categories":[1],"tags":[],"class_list":["post-151976","post","type-post","status-publish","format-standard","hentry","category-sem-categoria"],"yoast_head":"<!-- This site is optimized with the Yoast SEO plugin v26.6 - https:\/\/yoast.com\/wordpress\/plugins\/seo\/ -->\n<title>Maranh\u00e3o\u00a0reduz em 11% o n\u00famero de mortes por aids e segue tend\u00eancia nacional de queda - Daniel Matos<\/title>\n<meta name=\"robots\" content=\"index, follow, max-snippet:-1, max-image-preview:large, max-video-preview:-1\" \/>\n<link rel=\"canonical\" href=\"https:\/\/www.blogsoestado.com\/danielmatos\/maranhao-reduz-em-11-o-numero-de-mortes-por-aids-e-segue-tendencia-nacional-de-queda\/\" \/>\n<meta property=\"og:locale\" content=\"pt_BR\" \/>\n<meta property=\"og:type\" content=\"article\" \/>\n<meta property=\"og:title\" content=\"Maranh\u00e3o\u00a0reduz em 11% o n\u00famero de mortes por aids e segue tend\u00eancia nacional de queda - Daniel Matos\" \/>\n<meta property=\"og:description\" content=\"Avan\u00e7os s\u00e3o resultados da amplia\u00e7\u00e3o da testagem e oferta de tratamentos mais modernos no SUS. Minist\u00e9rio da Sa\u00fade lan\u00e7a campanha [&hellip;]\" \/>\n<meta property=\"og:url\" content=\"https:\/\/www.blogsoestado.com\/danielmatos\/maranhao-reduz-em-11-o-numero-de-mortes-por-aids-e-segue-tendencia-nacional-de-queda\/\" \/>\n<meta property=\"og:site_name\" content=\"Daniel Matos\" \/>\n<meta property=\"article:published_time\" content=\"2025-12-04T23:02:56+00:00\" \/>\n<meta property=\"article:modified_time\" content=\"2025-12-04T23:15:31+00:00\" \/>\n<meta property=\"og:image\" content=\"https:\/\/www.blogsoestado.com\/danielmatos\/wp-content\/uploads\/sites\/2\/2025\/12\/1004456837.jpg\" \/>\n\t<meta property=\"og:image:width\" content=\"984\" \/>\n\t<meta property=\"og:image:height\" content=\"984\" \/>\n\t<meta property=\"og:image:type\" content=\"image\/jpeg\" \/>\n<meta name=\"author\" content=\"Daniel Matos\" \/>\n<meta name=\"twitter:card\" content=\"summary_large_image\" \/>\n<meta name=\"twitter:label1\" content=\"Escrito por\" \/>\n\t<meta name=\"twitter:data1\" content=\"Daniel Matos\" \/>\n\t<meta name=\"twitter:label2\" content=\"Est. tempo de leitura\" \/>\n\t<meta name=\"twitter:data2\" content=\"3 minutos\" \/>\n<script type=\"application\/ld+json\" class=\"yoast-schema-graph\">{\"@context\":\"https:\/\/schema.org\",\"@graph\":[{\"@type\":\"WebPage\",\"@id\":\"https:\/\/www.blogsoestado.com\/danielmatos\/maranhao-reduz-em-11-o-numero-de-mortes-por-aids-e-segue-tendencia-nacional-de-queda\/\",\"url\":\"https:\/\/www.blogsoestado.com\/danielmatos\/maranhao-reduz-em-11-o-numero-de-mortes-por-aids-e-segue-tendencia-nacional-de-queda\/\",\"name\":\"Maranh\u00e3o\u00a0reduz em 11% o n\u00famero de mortes por aids e segue tend\u00eancia nacional de queda - Daniel Matos\",\"isPartOf\":{\"@id\":\"https:\/\/www.blogsoestado.com\/danielmatos\/#website\"},\"primaryImageOfPage\":{\"@id\":\"https:\/\/www.blogsoestado.com\/danielmatos\/maranhao-reduz-em-11-o-numero-de-mortes-por-aids-e-segue-tendencia-nacional-de-queda\/#primaryimage\"},\"image\":{\"@id\":\"https:\/\/www.blogsoestado.com\/danielmatos\/maranhao-reduz-em-11-o-numero-de-mortes-por-aids-e-segue-tendencia-nacional-de-queda\/#primaryimage\"},\"thumbnailUrl\":\"https:\/\/www.blogsoestado.com\/danielmatos\/wp-content\/uploads\/sites\/2\/2025\/12\/1004456837.jpg\",\"datePublished\":\"2025-12-04T23:02:56+00:00\",\"dateModified\":\"2025-12-04T23:15:31+00:00\",\"author\":{\"@id\":\"https:\/\/www.blogsoestado.com\/danielmatos\/#\/schema\/person\/9a209d407cd45631f131e1285b661bb0\"},\"breadcrumb\":{\"@id\":\"https:\/\/www.blogsoestado.com\/danielmatos\/maranhao-reduz-em-11-o-numero-de-mortes-por-aids-e-segue-tendencia-nacional-de-queda\/#breadcrumb\"},\"inLanguage\":\"pt-BR\",\"potentialAction\":[{\"@type\":\"ReadAction\",\"target\":[\"https:\/\/www.blogsoestado.com\/danielmatos\/maranhao-reduz-em-11-o-numero-de-mortes-por-aids-e-segue-tendencia-nacional-de-queda\/\"]}]},{\"@type\":\"ImageObject\",\"inLanguage\":\"pt-BR\",\"@id\":\"https:\/\/www.blogsoestado.com\/danielmatos\/maranhao-reduz-em-11-o-numero-de-mortes-por-aids-e-segue-tendencia-nacional-de-queda\/#primaryimage\",\"url\":\"https:\/\/www.blogsoestado.com\/danielmatos\/wp-content\/uploads\/sites\/2\/2025\/12\/1004456837.jpg\",\"contentUrl\":\"https:\/\/www.blogsoestado.com\/danielmatos\/wp-content\/uploads\/sites\/2\/2025\/12\/1004456837.jpg\",\"width\":984,\"height\":984},{\"@type\":\"BreadcrumbList\",\"@id\":\"https:\/\/www.blogsoestado.com\/danielmatos\/maranhao-reduz-em-11-o-numero-de-mortes-por-aids-e-segue-tendencia-nacional-de-queda\/#breadcrumb\",\"itemListElement\":[{\"@type\":\"ListItem\",\"position\":1,\"name\":\"In\u00edcio\",\"item\":\"https:\/\/www.blogsoestado.com\/danielmatos\/\"},{\"@type\":\"ListItem\",\"position\":2,\"name\":\"Maranh\u00e3o\u00a0reduz em 11% o n\u00famero de mortes por aids e segue tend\u00eancia nacional de queda\"}]},{\"@type\":\"WebSite\",\"@id\":\"https:\/\/www.blogsoestado.com\/danielmatos\/#website\",\"url\":\"https:\/\/www.blogsoestado.com\/danielmatos\/\",\"name\":\"Daniel Matos\",\"description\":\"\",\"potentialAction\":[{\"@type\":\"SearchAction\",\"target\":{\"@type\":\"EntryPoint\",\"urlTemplate\":\"https:\/\/www.blogsoestado.com\/danielmatos\/?s={search_term_string}\"},\"query-input\":{\"@type\":\"PropertyValueSpecification\",\"valueRequired\":true,\"valueName\":\"search_term_string\"}}],\"inLanguage\":\"pt-BR\"},{\"@type\":\"Person\",\"@id\":\"https:\/\/www.blogsoestado.com\/danielmatos\/#\/schema\/person\/9a209d407cd45631f131e1285b661bb0\",\"name\":\"Daniel Matos\",\"image\":{\"@type\":\"ImageObject\",\"inLanguage\":\"pt-BR\",\"@id\":\"https:\/\/www.blogsoestado.com\/danielmatos\/#\/schema\/person\/image\/\",\"url\":\"https:\/\/secure.gravatar.com\/avatar\/2f26c36ee355da19a257f0dfef43952a2588b324ca35d6719e859fe338ac0392?s=96&d=mm&r=g\",\"contentUrl\":\"https:\/\/secure.gravatar.com\/avatar\/2f26c36ee355da19a257f0dfef43952a2588b324ca35d6719e859fe338ac0392?s=96&d=mm&r=g\",\"caption\":\"Daniel Matos\"},\"url\":\"https:\/\/www.blogsoestado.com\/danielmatos\/author\/danielmatos\/\"}]}<\/script>\n<!-- \/ Yoast SEO plugin. -->","yoast_head_json":{"title":"Maranh\u00e3o\u00a0reduz em 11% o n\u00famero de mortes por aids e segue tend\u00eancia nacional de queda - Daniel Matos","robots":{"index":"index","follow":"follow","max-snippet":"max-snippet:-1","max-image-preview":"max-image-preview:large","max-video-preview":"max-video-preview:-1"},"canonical":"https:\/\/www.blogsoestado.com\/danielmatos\/maranhao-reduz-em-11-o-numero-de-mortes-por-aids-e-segue-tendencia-nacional-de-queda\/","og_locale":"pt_BR","og_type":"article","og_title":"Maranh\u00e3o\u00a0reduz em 11% o n\u00famero de mortes por aids e segue tend\u00eancia nacional de queda - Daniel Matos","og_description":"Avan\u00e7os s\u00e3o resultados da amplia\u00e7\u00e3o da testagem e oferta de tratamentos mais modernos no SUS. Minist\u00e9rio da Sa\u00fade lan\u00e7a campanha [&hellip;]","og_url":"https:\/\/www.blogsoestado.com\/danielmatos\/maranhao-reduz-em-11-o-numero-de-mortes-por-aids-e-segue-tendencia-nacional-de-queda\/","og_site_name":"Daniel Matos","article_published_time":"2025-12-04T23:02:56+00:00","article_modified_time":"2025-12-04T23:15:31+00:00","og_image":[{"width":984,"height":984,"url":"https:\/\/www.blogsoestado.com\/danielmatos\/wp-content\/uploads\/sites\/2\/2025\/12\/1004456837.jpg","type":"image\/jpeg"}],"author":"Daniel Matos","twitter_card":"summary_large_image","twitter_misc":{"Escrito por":"Daniel Matos","Est. tempo de leitura":"3 minutos"},"schema":{"@context":"https:\/\/schema.org","@graph":[{"@type":"WebPage","@id":"https:\/\/www.blogsoestado.com\/danielmatos\/maranhao-reduz-em-11-o-numero-de-mortes-por-aids-e-segue-tendencia-nacional-de-queda\/","url":"https:\/\/www.blogsoestado.com\/danielmatos\/maranhao-reduz-em-11-o-numero-de-mortes-por-aids-e-segue-tendencia-nacional-de-queda\/","name":"Maranh\u00e3o\u00a0reduz em 11% o n\u00famero de mortes por aids e segue tend\u00eancia nacional de queda - Daniel Matos","isPartOf":{"@id":"https:\/\/www.blogsoestado.com\/danielmatos\/#website"},"primaryImageOfPage":{"@id":"https:\/\/www.blogsoestado.com\/danielmatos\/maranhao-reduz-em-11-o-numero-de-mortes-por-aids-e-segue-tendencia-nacional-de-queda\/#primaryimage"},"image":{"@id":"https:\/\/www.blogsoestado.com\/danielmatos\/maranhao-reduz-em-11-o-numero-de-mortes-por-aids-e-segue-tendencia-nacional-de-queda\/#primaryimage"},"thumbnailUrl":"https:\/\/www.blogsoestado.com\/danielmatos\/wp-content\/uploads\/sites\/2\/2025\/12\/1004456837.jpg","datePublished":"2025-12-04T23:02:56+00:00","dateModified":"2025-12-04T23:15:31+00:00","author":{"@id":"https:\/\/www.blogsoestado.com\/danielmatos\/#\/schema\/person\/9a209d407cd45631f131e1285b661bb0"},"breadcrumb":{"@id":"https:\/\/www.blogsoestado.com\/danielmatos\/maranhao-reduz-em-11-o-numero-de-mortes-por-aids-e-segue-tendencia-nacional-de-queda\/#breadcrumb"},"inLanguage":"pt-BR","potentialAction":[{"@type":"ReadAction","target":["https:\/\/www.blogsoestado.com\/danielmatos\/maranhao-reduz-em-11-o-numero-de-mortes-por-aids-e-segue-tendencia-nacional-de-queda\/"]}]},{"@type":"ImageObject","inLanguage":"pt-BR","@id":"https:\/\/www.blogsoestado.com\/danielmatos\/maranhao-reduz-em-11-o-numero-de-mortes-por-aids-e-segue-tendencia-nacional-de-queda\/#primaryimage","url":"https:\/\/www.blogsoestado.com\/danielmatos\/wp-content\/uploads\/sites\/2\/2025\/12\/1004456837.jpg","contentUrl":"https:\/\/www.blogsoestado.com\/danielmatos\/wp-content\/uploads\/sites\/2\/2025\/12\/1004456837.jpg","width":984,"height":984},{"@type":"BreadcrumbList","@id":"https:\/\/www.blogsoestado.com\/danielmatos\/maranhao-reduz-em-11-o-numero-de-mortes-por-aids-e-segue-tendencia-nacional-de-queda\/#breadcrumb","itemListElement":[{"@type":"ListItem","position":1,"name":"In\u00edcio","item":"https:\/\/www.blogsoestado.com\/danielmatos\/"},{"@type":"ListItem","position":2,"name":"Maranh\u00e3o\u00a0reduz em 11% o n\u00famero de mortes por aids e segue tend\u00eancia nacional de queda"}]},{"@type":"WebSite","@id":"https:\/\/www.blogsoestado.com\/danielmatos\/#website","url":"https:\/\/www.blogsoestado.com\/danielmatos\/","name":"Daniel Matos","description":"","potentialAction":[{"@type":"SearchAction","target":{"@type":"EntryPoint","urlTemplate":"https:\/\/www.blogsoestado.com\/danielmatos\/?s={search_term_string}"},"query-input":{"@type":"PropertyValueSpecification","valueRequired":true,"valueName":"search_term_string"}}],"inLanguage":"pt-BR"},{"@type":"Person","@id":"https:\/\/www.blogsoestado.com\/danielmatos\/#\/schema\/person\/9a209d407cd45631f131e1285b661bb0","name":"Daniel Matos","image":{"@type":"ImageObject","inLanguage":"pt-BR","@id":"https:\/\/www.blogsoestado.com\/danielmatos\/#\/schema\/person\/image\/","url":"https:\/\/secure.gravatar.com\/avatar\/2f26c36ee355da19a257f0dfef43952a2588b324ca35d6719e859fe338ac0392?s=96&d=mm&r=g","contentUrl":"https:\/\/secure.gravatar.com\/avatar\/2f26c36ee355da19a257f0dfef43952a2588b324ca35d6719e859fe338ac0392?s=96&d=mm&r=g","caption":"Daniel Matos"},"url":"https:\/\/www.blogsoestado.com\/danielmatos\/author\/danielmatos\/"}]}},"jetpack_featured_media_url":"","_links":{"self":[{"href":"https:\/\/www.blogsoestado.com\/danielmatos\/wp-json\/wp\/v2\/posts\/151976","targetHints":{"allow":["GET"]}}],"collection":[{"href":"https:\/\/www.blogsoestado.com\/danielmatos\/wp-json\/wp\/v2\/posts"}],"about":[{"href":"https:\/\/www.blogsoestado.com\/danielmatos\/wp-json\/wp\/v2\/types\/post"}],"author":[{"embeddable":true,"href":"https:\/\/www.blogsoestado.com\/danielmatos\/wp-json\/wp\/v2\/users\/2"}],"replies":[{"embeddable":true,"href":"https:\/\/www.blogsoestado.com\/danielmatos\/wp-json\/wp\/v2\/comments?post=151976"}],"version-history":[{"count":2,"href":"https:\/\/www.blogsoestado.com\/danielmatos\/wp-json\/wp\/v2\/posts\/151976\/revisions"}],"predecessor-version":[{"id":151979,"href":"https:\/\/www.blogsoestado.com\/danielmatos\/wp-json\/wp\/v2\/posts\/151976\/revisions\/151979"}],"wp:attachment":[{"href":"https:\/\/www.blogsoestado.com\/danielmatos\/wp-json\/wp\/v2\/media?parent=151976"}],"wp:term":[{"taxonomy":"category","embeddable":true,"href":"https:\/\/www.blogsoestado.com\/danielmatos\/wp-json\/wp\/v2\/categories?post=151976"},{"taxonomy":"post_tag","embeddable":true,"href":"https:\/\/www.blogsoestado.com\/danielmatos\/wp-json\/wp\/v2\/tags?post=151976"}],"curies":[{"name":"wp","href":"https:\/\/api.w.org\/{rel}","templated":true}]}}