{"id":151992,"date":"2025-12-05T08:16:28","date_gmt":"2025-12-05T11:16:28","guid":{"rendered":"https:\/\/www.blogsoestado.com\/danielmatos\/?p=151992"},"modified":"2025-12-05T08:16:31","modified_gmt":"2025-12-05T11:16:31","slug":"cdl-sao-luis-destaca-potencial-do-comercio-local-e-expectativa-de-compras-no-final-do-ano","status":"publish","type":"post","link":"https:\/\/www.blogsoestado.com\/danielmatos\/cdl-sao-luis-destaca-potencial-do-comercio-local-e-expectativa-de-compras-no-final-do-ano\/","title":{"rendered":"CDL S\u00e3o Lu\u00eds destaca potencial do com\u00e9rcio local e expectativa de compras no final do ano"},"content":{"rendered":"\n<p><em><strong><mark style=\"color:#cf2e2e\" class=\"has-inline-color\">Segundo pesquisa da CNDL, per\u00edodo natalino deve impulsionar significativamente as vendas<\/mark><\/strong><\/em><\/p>\n\n\n\n<figure class=\"wp-block-image aligncenter size-large\"><img fetchpriority=\"high\" decoding=\"async\" width=\"1024\" height=\"768\" src=\"https:\/\/www.blogsoestado.com\/danielmatos\/wp-content\/uploads\/sites\/2\/2025\/12\/1004460159-1024x768.jpg\" alt=\"\" class=\"wp-image-151993\" srcset=\"https:\/\/www.blogsoestado.com\/danielmatos\/wp-content\/uploads\/sites\/2\/2025\/12\/1004460159-1024x768.jpg 1024w, https:\/\/www.blogsoestado.com\/danielmatos\/wp-content\/uploads\/sites\/2\/2025\/12\/1004460159-300x225.jpg 300w, https:\/\/www.blogsoestado.com\/danielmatos\/wp-content\/uploads\/sites\/2\/2025\/12\/1004460159-768x576.jpg 768w, https:\/\/www.blogsoestado.com\/danielmatos\/wp-content\/uploads\/sites\/2\/2025\/12\/1004460159.jpg 1280w\" sizes=\"(max-width: 1024px) 100vw, 1024px\" \/><figcaption class=\"wp-element-caption\"><em>O presidente da CDL S\u00e3o Lu\u00eds, F\u00e1bio Ribeiro, durante o lan\u00e7amento oficial da campanha na pra\u00e7a Deodoro<\/em><\/figcaption><\/figure>\n\n\n\n<p>A chegada do per\u00edodo natalino deve impulsionar significativamente as vendas no com\u00e9rcio maranhense. A previs\u00e3o \u00e9 refor\u00e7ada pela Pesquisa de Inten\u00e7\u00e3o de Compras para o Natal 2025, realizada pela Confedera\u00e7\u00e3o Nacional de Dirigentes Lojistas (CNDL), que aponta que 124,3 milh\u00f5es de consumidores brasileiros pretendem ir \u00e0s compras neste fim de ano.<\/p>\n\n\n\n<p>O estudo revela ainda que o ticket m\u00e9dio ser\u00e1 de R$ 174, e que as lojas f\u00edsicas seguir\u00e3o como protagonistas nas compras natalinas, j\u00e1 que 75% dos entrevistados afirmaram que preferem adquirir os presentes presencialmente. O movimento crescente anima o varejo e traz boas perspectivas para S\u00e3o Lu\u00eds.<\/p>\n\n\n\n<p>Diante desse cen\u00e1rio positivo, a C\u00e2mara de Dirigentes Lojistas de S\u00e3o Lu\u00eds (CDL S\u00e3o Lu\u00eds) prev\u00ea um impacto direto no desempenho no 8\u00ba Natal Show de Pr\u00eamios, campanha anual que incentiva as vendas no com\u00e9rcio local por meio de sorteios e vantagens ao consumidor.<\/p>\n\n\n\n<p>\u201cA pesquisa indica a prefer\u00eancia por lojas f\u00edsicas e um ticket m\u00e9dio na faixa estabelecida pela campanha, que garante ao consumidor cupom a partir de 100 reais em compras. Nesse cen\u00e1rio, o Natal Show de Pr\u00eamios \u00e9 um grande diferencial que influencia a decis\u00e3o de consumo dos clientes\u201d, destaca F\u00e1bio Ribeiro, presidente da CDL S\u00e3o Lu\u00eds.<\/p>\n\n\n\n<figure class=\"wp-block-image aligncenter size-full\"><img decoding=\"async\" width=\"600\" height=\"400\" src=\"https:\/\/www.blogsoestado.com\/danielmatos\/wp-content\/uploads\/sites\/2\/2025\/12\/1004460158.jpg\" alt=\"\" class=\"wp-image-151994\" srcset=\"https:\/\/www.blogsoestado.com\/danielmatos\/wp-content\/uploads\/sites\/2\/2025\/12\/1004460158.jpg 600w, https:\/\/www.blogsoestado.com\/danielmatos\/wp-content\/uploads\/sites\/2\/2025\/12\/1004460158-300x200.jpg 300w\" sizes=\"(max-width: 600px) 100vw, 600px\" \/><figcaption class=\"wp-element-caption\"><em>A Rua Grande de S\u00e3o Lu\u00eds, principal \u00e1rea comercial da cidade, deve ter um aumento no movimento nos pr\u00f3ximos dias<\/em><\/figcaption><\/figure>\n\n\n\n<p>Com a combina\u00e7\u00e3o de alta inten\u00e7\u00e3o de compra e est\u00edmulos oferecidos pela campanha, a CDL S\u00e3o Lu\u00eds refor\u00e7a a expectativa de que o Natal 2025 registre aumento nas vendas e movimenta\u00e7\u00e3o intensa no varejo da capital.<\/p>\n\n\n\n<p><strong>Como participar da campanha<\/strong><\/p>\n\n\n\n<p>Os consumidores podem participar comprando em lojas identificadas com o material da campanha Natal Show de Pr\u00eamios.&nbsp;A cada R$ 100 em compras, o consumidor recebe um cupom. Se o pagamento for feito na maquininha da Cielo, o cliente recebe tr\u00eas cupons a cada R$ 100,00; podendo concorrer a um autom\u00f3vel, duas motos e cinco smartTVs.<\/p>\n\n\n\n<p>O sorteio dos pr\u00eamios ser\u00e1 realizado dia 6<strong>&nbsp;<\/strong><strong>de janeiro de 2026<\/strong>, na sede da CDL S\u00e3o Lu\u00eds, com transmiss\u00e3o pelo canal do Youtube da entidade.<\/p>\n","protected":false},"excerpt":{"rendered":"<p>Segundo pesquisa da CNDL, per\u00edodo natalino deve impulsionar significativamente as vendas A chegada do per\u00edodo natalino deve impulsionar significativamente as [&hellip;]<\/p>\n","protected":false},"author":2,"featured_media":0,"comment_status":"open","ping_status":"open","sticky":false,"template":"","format":"standard","meta":{"site-sidebar-layout":"default","site-content-layout":"","ast-site-content-layout":"default","site-content-style":"default","site-sidebar-style":"default","ast-global-header-display":"","ast-banner-title-visibility":"","ast-main-header-display":"","ast-hfb-above-header-display":"","ast-hfb-below-header-display":"","ast-hfb-mobile-header-display":"","site-post-title":"","ast-breadcrumbs-content":"","ast-featured-img":"","footer-sml-layout":"","ast-disable-related-posts":"","theme-transparent-header-meta":"","adv-header-id-meta":"","stick-header-meta":"","header-above-stick-meta":"","header-main-stick-meta":"","header-below-stick-meta":"","astra-migrate-meta-layouts":"default","ast-page-background-enabled":"default","ast-page-background-meta":{"desktop":{"background-color":"var(--ast-global-color-5)","background-image":"","background-repeat":"repeat","background-position":"center center","background-size":"auto","background-attachment":"scroll","background-type":"","background-media":"","overlay-type":"","overlay-color":"","overlay-opacity":"","overlay-gradient":""},"tablet":{"background-color":"","background-image":"","background-repeat":"repeat","background-position":"center center","background-size":"auto","background-attachment":"scroll","background-type":"","background-media":"","overlay-type":"","overlay-color":"","overlay-opacity":"","overlay-gradient":""},"mobile":{"background-color":"","background-image":"","background-repeat":"repeat","background-position":"center center","background-size":"auto","background-attachment":"scroll","background-type":"","background-media":"","overlay-type":"","overlay-color":"","overlay-opacity":"","overlay-gradient":""}},"ast-content-background-meta":{"desktop":{"background-color":"var(--ast-global-color-4)","background-image":"","background-repeat":"repeat","background-position":"center center","background-size":"auto","background-attachment":"scroll","background-type":"","background-media":"","overlay-type":"","overlay-color":"","overlay-opacity":"","overlay-gradient":""},"tablet":{"background-color":"var(--ast-global-color-4)","background-image":"","background-repeat":"repeat","background-position":"center center","background-size":"auto","background-attachment":"scroll","background-type":"","background-media":"","overlay-type":"","overlay-color":"","overlay-opacity":"","overlay-gradient":""},"mobile":{"background-color":"var(--ast-global-color-4)","background-image":"","background-repeat":"repeat","background-position":"center center","background-size":"auto","background-attachment":"scroll","background-type":"","background-media":"","overlay-type":"","overlay-color":"","overlay-opacity":"","overlay-gradient":""}},"footnotes":""},"categories":[1],"tags":[],"class_list":["post-151992","post","type-post","status-publish","format-standard","hentry","category-sem-categoria"],"yoast_head":"<!-- This site is optimized with the Yoast SEO plugin v26.6 - https:\/\/yoast.com\/wordpress\/plugins\/seo\/ -->\n<title>CDL S\u00e3o Lu\u00eds destaca potencial do com\u00e9rcio local e expectativa de compras no final do ano - Daniel Matos<\/title>\n<meta name=\"robots\" content=\"index, follow, max-snippet:-1, max-image-preview:large, max-video-preview:-1\" \/>\n<link rel=\"canonical\" href=\"https:\/\/www.blogsoestado.com\/danielmatos\/cdl-sao-luis-destaca-potencial-do-comercio-local-e-expectativa-de-compras-no-final-do-ano\/\" \/>\n<meta property=\"og:locale\" content=\"pt_BR\" \/>\n<meta property=\"og:type\" content=\"article\" \/>\n<meta property=\"og:title\" content=\"CDL S\u00e3o Lu\u00eds destaca potencial do com\u00e9rcio local e expectativa de compras no final do ano - Daniel Matos\" \/>\n<meta property=\"og:description\" content=\"Segundo pesquisa da CNDL, per\u00edodo natalino deve impulsionar significativamente as vendas A chegada do per\u00edodo natalino deve impulsionar significativamente as [&hellip;]\" \/>\n<meta property=\"og:url\" content=\"https:\/\/www.blogsoestado.com\/danielmatos\/cdl-sao-luis-destaca-potencial-do-comercio-local-e-expectativa-de-compras-no-final-do-ano\/\" \/>\n<meta property=\"og:site_name\" content=\"Daniel Matos\" \/>\n<meta property=\"article:published_time\" content=\"2025-12-05T11:16:28+00:00\" \/>\n<meta property=\"article:modified_time\" content=\"2025-12-05T11:16:31+00:00\" \/>\n<meta property=\"og:image\" content=\"https:\/\/www.blogsoestado.com\/danielmatos\/wp-content\/uploads\/sites\/2\/2025\/12\/1004460159.jpg\" \/>\n\t<meta property=\"og:image:width\" content=\"1280\" \/>\n\t<meta property=\"og:image:height\" content=\"960\" \/>\n\t<meta property=\"og:image:type\" content=\"image\/jpeg\" \/>\n<meta name=\"author\" content=\"Daniel Matos\" \/>\n<meta name=\"twitter:card\" content=\"summary_large_image\" \/>\n<meta name=\"twitter:label1\" content=\"Escrito por\" \/>\n\t<meta name=\"twitter:data1\" content=\"Daniel Matos\" \/>\n\t<meta name=\"twitter:label2\" content=\"Est. tempo de leitura\" \/>\n\t<meta name=\"twitter:data2\" content=\"3 minutos\" \/>\n<script type=\"application\/ld+json\" class=\"yoast-schema-graph\">{\"@context\":\"https:\/\/schema.org\",\"@graph\":[{\"@type\":\"WebPage\",\"@id\":\"https:\/\/www.blogsoestado.com\/danielmatos\/cdl-sao-luis-destaca-potencial-do-comercio-local-e-expectativa-de-compras-no-final-do-ano\/\",\"url\":\"https:\/\/www.blogsoestado.com\/danielmatos\/cdl-sao-luis-destaca-potencial-do-comercio-local-e-expectativa-de-compras-no-final-do-ano\/\",\"name\":\"CDL S\u00e3o Lu\u00eds destaca potencial do com\u00e9rcio local e expectativa de compras no final do ano - Daniel Matos\",\"isPartOf\":{\"@id\":\"https:\/\/www.blogsoestado.com\/danielmatos\/#website\"},\"primaryImageOfPage\":{\"@id\":\"https:\/\/www.blogsoestado.com\/danielmatos\/cdl-sao-luis-destaca-potencial-do-comercio-local-e-expectativa-de-compras-no-final-do-ano\/#primaryimage\"},\"image\":{\"@id\":\"https:\/\/www.blogsoestado.com\/danielmatos\/cdl-sao-luis-destaca-potencial-do-comercio-local-e-expectativa-de-compras-no-final-do-ano\/#primaryimage\"},\"thumbnailUrl\":\"https:\/\/www.blogsoestado.com\/danielmatos\/wp-content\/uploads\/sites\/2\/2025\/12\/1004460159-1024x768.jpg\",\"datePublished\":\"2025-12-05T11:16:28+00:00\",\"dateModified\":\"2025-12-05T11:16:31+00:00\",\"author\":{\"@id\":\"https:\/\/www.blogsoestado.com\/danielmatos\/#\/schema\/person\/9a209d407cd45631f131e1285b661bb0\"},\"breadcrumb\":{\"@id\":\"https:\/\/www.blogsoestado.com\/danielmatos\/cdl-sao-luis-destaca-potencial-do-comercio-local-e-expectativa-de-compras-no-final-do-ano\/#breadcrumb\"},\"inLanguage\":\"pt-BR\",\"potentialAction\":[{\"@type\":\"ReadAction\",\"target\":[\"https:\/\/www.blogsoestado.com\/danielmatos\/cdl-sao-luis-destaca-potencial-do-comercio-local-e-expectativa-de-compras-no-final-do-ano\/\"]}]},{\"@type\":\"ImageObject\",\"inLanguage\":\"pt-BR\",\"@id\":\"https:\/\/www.blogsoestado.com\/danielmatos\/cdl-sao-luis-destaca-potencial-do-comercio-local-e-expectativa-de-compras-no-final-do-ano\/#primaryimage\",\"url\":\"https:\/\/www.blogsoestado.com\/danielmatos\/wp-content\/uploads\/sites\/2\/2025\/12\/1004460159.jpg\",\"contentUrl\":\"https:\/\/www.blogsoestado.com\/danielmatos\/wp-content\/uploads\/sites\/2\/2025\/12\/1004460159.jpg\",\"width\":1280,\"height\":960},{\"@type\":\"BreadcrumbList\",\"@id\":\"https:\/\/www.blogsoestado.com\/danielmatos\/cdl-sao-luis-destaca-potencial-do-comercio-local-e-expectativa-de-compras-no-final-do-ano\/#breadcrumb\",\"itemListElement\":[{\"@type\":\"ListItem\",\"position\":1,\"name\":\"In\u00edcio\",\"item\":\"https:\/\/www.blogsoestado.com\/danielmatos\/\"},{\"@type\":\"ListItem\",\"position\":2,\"name\":\"CDL S\u00e3o Lu\u00eds destaca potencial do com\u00e9rcio local e expectativa de compras no final do ano\"}]},{\"@type\":\"WebSite\",\"@id\":\"https:\/\/www.blogsoestado.com\/danielmatos\/#website\",\"url\":\"https:\/\/www.blogsoestado.com\/danielmatos\/\",\"name\":\"Daniel Matos\",\"description\":\"\",\"potentialAction\":[{\"@type\":\"SearchAction\",\"target\":{\"@type\":\"EntryPoint\",\"urlTemplate\":\"https:\/\/www.blogsoestado.com\/danielmatos\/?s={search_term_string}\"},\"query-input\":{\"@type\":\"PropertyValueSpecification\",\"valueRequired\":true,\"valueName\":\"search_term_string\"}}],\"inLanguage\":\"pt-BR\"},{\"@type\":\"Person\",\"@id\":\"https:\/\/www.blogsoestado.com\/danielmatos\/#\/schema\/person\/9a209d407cd45631f131e1285b661bb0\",\"name\":\"Daniel Matos\",\"image\":{\"@type\":\"ImageObject\",\"inLanguage\":\"pt-BR\",\"@id\":\"https:\/\/www.blogsoestado.com\/danielmatos\/#\/schema\/person\/image\/\",\"url\":\"https:\/\/secure.gravatar.com\/avatar\/2f26c36ee355da19a257f0dfef43952a2588b324ca35d6719e859fe338ac0392?s=96&d=mm&r=g\",\"contentUrl\":\"https:\/\/secure.gravatar.com\/avatar\/2f26c36ee355da19a257f0dfef43952a2588b324ca35d6719e859fe338ac0392?s=96&d=mm&r=g\",\"caption\":\"Daniel Matos\"},\"url\":\"https:\/\/www.blogsoestado.com\/danielmatos\/author\/danielmatos\/\"}]}<\/script>\n<!-- \/ Yoast SEO plugin. -->","yoast_head_json":{"title":"CDL S\u00e3o Lu\u00eds destaca potencial do com\u00e9rcio local e expectativa de compras no final do ano - Daniel Matos","robots":{"index":"index","follow":"follow","max-snippet":"max-snippet:-1","max-image-preview":"max-image-preview:large","max-video-preview":"max-video-preview:-1"},"canonical":"https:\/\/www.blogsoestado.com\/danielmatos\/cdl-sao-luis-destaca-potencial-do-comercio-local-e-expectativa-de-compras-no-final-do-ano\/","og_locale":"pt_BR","og_type":"article","og_title":"CDL S\u00e3o Lu\u00eds destaca potencial do com\u00e9rcio local e expectativa de compras no final do ano - Daniel Matos","og_description":"Segundo pesquisa da CNDL, per\u00edodo natalino deve impulsionar significativamente as vendas A chegada do per\u00edodo natalino deve impulsionar significativamente as [&hellip;]","og_url":"https:\/\/www.blogsoestado.com\/danielmatos\/cdl-sao-luis-destaca-potencial-do-comercio-local-e-expectativa-de-compras-no-final-do-ano\/","og_site_name":"Daniel Matos","article_published_time":"2025-12-05T11:16:28+00:00","article_modified_time":"2025-12-05T11:16:31+00:00","og_image":[{"width":1280,"height":960,"url":"https:\/\/www.blogsoestado.com\/danielmatos\/wp-content\/uploads\/sites\/2\/2025\/12\/1004460159.jpg","type":"image\/jpeg"}],"author":"Daniel Matos","twitter_card":"summary_large_image","twitter_misc":{"Escrito por":"Daniel Matos","Est. tempo de leitura":"3 minutos"},"schema":{"@context":"https:\/\/schema.org","@graph":[{"@type":"WebPage","@id":"https:\/\/www.blogsoestado.com\/danielmatos\/cdl-sao-luis-destaca-potencial-do-comercio-local-e-expectativa-de-compras-no-final-do-ano\/","url":"https:\/\/www.blogsoestado.com\/danielmatos\/cdl-sao-luis-destaca-potencial-do-comercio-local-e-expectativa-de-compras-no-final-do-ano\/","name":"CDL S\u00e3o Lu\u00eds destaca potencial do com\u00e9rcio local e expectativa de compras no final do ano - Daniel Matos","isPartOf":{"@id":"https:\/\/www.blogsoestado.com\/danielmatos\/#website"},"primaryImageOfPage":{"@id":"https:\/\/www.blogsoestado.com\/danielmatos\/cdl-sao-luis-destaca-potencial-do-comercio-local-e-expectativa-de-compras-no-final-do-ano\/#primaryimage"},"image":{"@id":"https:\/\/www.blogsoestado.com\/danielmatos\/cdl-sao-luis-destaca-potencial-do-comercio-local-e-expectativa-de-compras-no-final-do-ano\/#primaryimage"},"thumbnailUrl":"https:\/\/www.blogsoestado.com\/danielmatos\/wp-content\/uploads\/sites\/2\/2025\/12\/1004460159-1024x768.jpg","datePublished":"2025-12-05T11:16:28+00:00","dateModified":"2025-12-05T11:16:31+00:00","author":{"@id":"https:\/\/www.blogsoestado.com\/danielmatos\/#\/schema\/person\/9a209d407cd45631f131e1285b661bb0"},"breadcrumb":{"@id":"https:\/\/www.blogsoestado.com\/danielmatos\/cdl-sao-luis-destaca-potencial-do-comercio-local-e-expectativa-de-compras-no-final-do-ano\/#breadcrumb"},"inLanguage":"pt-BR","potentialAction":[{"@type":"ReadAction","target":["https:\/\/www.blogsoestado.com\/danielmatos\/cdl-sao-luis-destaca-potencial-do-comercio-local-e-expectativa-de-compras-no-final-do-ano\/"]}]},{"@type":"ImageObject","inLanguage":"pt-BR","@id":"https:\/\/www.blogsoestado.com\/danielmatos\/cdl-sao-luis-destaca-potencial-do-comercio-local-e-expectativa-de-compras-no-final-do-ano\/#primaryimage","url":"https:\/\/www.blogsoestado.com\/danielmatos\/wp-content\/uploads\/sites\/2\/2025\/12\/1004460159.jpg","contentUrl":"https:\/\/www.blogsoestado.com\/danielmatos\/wp-content\/uploads\/sites\/2\/2025\/12\/1004460159.jpg","width":1280,"height":960},{"@type":"BreadcrumbList","@id":"https:\/\/www.blogsoestado.com\/danielmatos\/cdl-sao-luis-destaca-potencial-do-comercio-local-e-expectativa-de-compras-no-final-do-ano\/#breadcrumb","itemListElement":[{"@type":"ListItem","position":1,"name":"In\u00edcio","item":"https:\/\/www.blogsoestado.com\/danielmatos\/"},{"@type":"ListItem","position":2,"name":"CDL S\u00e3o Lu\u00eds destaca potencial do com\u00e9rcio local e expectativa de compras no final do ano"}]},{"@type":"WebSite","@id":"https:\/\/www.blogsoestado.com\/danielmatos\/#website","url":"https:\/\/www.blogsoestado.com\/danielmatos\/","name":"Daniel Matos","description":"","potentialAction":[{"@type":"SearchAction","target":{"@type":"EntryPoint","urlTemplate":"https:\/\/www.blogsoestado.com\/danielmatos\/?s={search_term_string}"},"query-input":{"@type":"PropertyValueSpecification","valueRequired":true,"valueName":"search_term_string"}}],"inLanguage":"pt-BR"},{"@type":"Person","@id":"https:\/\/www.blogsoestado.com\/danielmatos\/#\/schema\/person\/9a209d407cd45631f131e1285b661bb0","name":"Daniel Matos","image":{"@type":"ImageObject","inLanguage":"pt-BR","@id":"https:\/\/www.blogsoestado.com\/danielmatos\/#\/schema\/person\/image\/","url":"https:\/\/secure.gravatar.com\/avatar\/2f26c36ee355da19a257f0dfef43952a2588b324ca35d6719e859fe338ac0392?s=96&d=mm&r=g","contentUrl":"https:\/\/secure.gravatar.com\/avatar\/2f26c36ee355da19a257f0dfef43952a2588b324ca35d6719e859fe338ac0392?s=96&d=mm&r=g","caption":"Daniel Matos"},"url":"https:\/\/www.blogsoestado.com\/danielmatos\/author\/danielmatos\/"}]}},"jetpack_featured_media_url":"","_links":{"self":[{"href":"https:\/\/www.blogsoestado.com\/danielmatos\/wp-json\/wp\/v2\/posts\/151992","targetHints":{"allow":["GET"]}}],"collection":[{"href":"https:\/\/www.blogsoestado.com\/danielmatos\/wp-json\/wp\/v2\/posts"}],"about":[{"href":"https:\/\/www.blogsoestado.com\/danielmatos\/wp-json\/wp\/v2\/types\/post"}],"author":[{"embeddable":true,"href":"https:\/\/www.blogsoestado.com\/danielmatos\/wp-json\/wp\/v2\/users\/2"}],"replies":[{"embeddable":true,"href":"https:\/\/www.blogsoestado.com\/danielmatos\/wp-json\/wp\/v2\/comments?post=151992"}],"version-history":[{"count":1,"href":"https:\/\/www.blogsoestado.com\/danielmatos\/wp-json\/wp\/v2\/posts\/151992\/revisions"}],"predecessor-version":[{"id":151995,"href":"https:\/\/www.blogsoestado.com\/danielmatos\/wp-json\/wp\/v2\/posts\/151992\/revisions\/151995"}],"wp:attachment":[{"href":"https:\/\/www.blogsoestado.com\/danielmatos\/wp-json\/wp\/v2\/media?parent=151992"}],"wp:term":[{"taxonomy":"category","embeddable":true,"href":"https:\/\/www.blogsoestado.com\/danielmatos\/wp-json\/wp\/v2\/categories?post=151992"},{"taxonomy":"post_tag","embeddable":true,"href":"https:\/\/www.blogsoestado.com\/danielmatos\/wp-json\/wp\/v2\/tags?post=151992"}],"curies":[{"name":"wp","href":"https:\/\/api.w.org\/{rel}","templated":true}]}}