{"id":152003,"date":"2025-12-05T10:58:50","date_gmt":"2025-12-05T13:58:50","guid":{"rendered":"https:\/\/www.blogsoestado.com\/danielmatos\/?p=152003"},"modified":"2025-12-05T10:58:56","modified_gmt":"2025-12-05T13:58:56","slug":"medicina-maranhense-homenageada-em-noite-de-gala","status":"publish","type":"post","link":"https:\/\/www.blogsoestado.com\/danielmatos\/medicina-maranhense-homenageada-em-noite-de-gala\/","title":{"rendered":"Medicina maranhense homenageada em noite de gala"},"content":{"rendered":"\n<figure class=\"wp-block-image aligncenter size-large\"><img fetchpriority=\"high\" decoding=\"async\" width=\"1024\" height=\"684\" src=\"https:\/\/www.blogsoestado.com\/danielmatos\/wp-content\/uploads\/sites\/2\/2025\/12\/1004461380-2-1024x684.jpg\" alt=\"\" class=\"wp-image-152006\" srcset=\"https:\/\/www.blogsoestado.com\/danielmatos\/wp-content\/uploads\/sites\/2\/2025\/12\/1004461380-2-1024x684.jpg 1024w, https:\/\/www.blogsoestado.com\/danielmatos\/wp-content\/uploads\/sites\/2\/2025\/12\/1004461380-2-300x201.jpg 300w, https:\/\/www.blogsoestado.com\/danielmatos\/wp-content\/uploads\/sites\/2\/2025\/12\/1004461380-2-768x513.jpg 768w, https:\/\/www.blogsoestado.com\/danielmatos\/wp-content\/uploads\/sites\/2\/2025\/12\/1004461380-2-1536x1027.jpg 1536w, https:\/\/www.blogsoestado.com\/danielmatos\/wp-content\/uploads\/sites\/2\/2025\/12\/1004461380-2-2048x1369.jpg 2048w\" sizes=\"(max-width: 1024px) 100vw, 1024px\" \/><figcaption class=\"wp-element-caption\">Os promotores da Noite da Medicina reunidos: Dr. M\u00e1rcio Assub (CTR), Adalberto Teobaldo e Gustavo Almeida (DOM), George Cadete (Inlab \/ Fleury) e Carlos Adler (CTR)<\/figcaption><\/figure>\n\n\n\n<p><mark class=\"has-inline-color has-ast-global-color-6-color\">Uma noite de gala e de homenagens para destacar o valor da classe m\u00e9dica maranhense, assim foi a Noite da Medicina Maranhense 2025<\/mark>. O evento criado pelo Grupo Dom em 2017 celebra a dedica\u00e7\u00e3o profissional, o legado e a grande contribui\u00e7\u00e3o de dez m\u00e9dicos (as) a cada edi\u00e7\u00e3o. Um encontro de diversas gera\u00e7\u00f5es de profissionais que comungam da mesma miss\u00e3o \u2013 curar e salvar vidas.<\/p>\n\n\n\n<figure class=\"wp-block-image aligncenter size-large\"><img decoding=\"async\" width=\"1024\" height=\"684\" src=\"https:\/\/www.blogsoestado.com\/danielmatos\/wp-content\/uploads\/sites\/2\/2025\/12\/1004461381-1-1024x684.jpg\" alt=\"\" class=\"wp-image-152008\" srcset=\"https:\/\/www.blogsoestado.com\/danielmatos\/wp-content\/uploads\/sites\/2\/2025\/12\/1004461381-1-1024x684.jpg 1024w, https:\/\/www.blogsoestado.com\/danielmatos\/wp-content\/uploads\/sites\/2\/2025\/12\/1004461381-1-300x201.jpg 300w, https:\/\/www.blogsoestado.com\/danielmatos\/wp-content\/uploads\/sites\/2\/2025\/12\/1004461381-1-768x513.jpg 768w, https:\/\/www.blogsoestado.com\/danielmatos\/wp-content\/uploads\/sites\/2\/2025\/12\/1004461381-1-1536x1027.jpg 1536w, https:\/\/www.blogsoestado.com\/danielmatos\/wp-content\/uploads\/sites\/2\/2025\/12\/1004461381-1-2048x1369.jpg 2048w\" sizes=\"(max-width: 1024px) 100vw, 1024px\" \/><figcaption class=\"wp-element-caption\">Os m\u00e9dicos homenageados: Hugo Couto, Laiane Dequeixes, Pres. do CRM-MA Jos\u00e9 Albuquerque, Darlane Caldas, Rafaelle Arcoverde, H\u00e9rquimas Pereira, Tadeu Pal\u00e1cio, Wener Cella, Jos\u00e9 M\u00e1rio Lauande e Santiago Servin<\/figcaption><\/figure>\n\n\n\n<p>Esse ano, o evento aconteceu no Vila Realle Buffet; em uma promo\u00e7\u00e3o conjunta das empresas Dom Medicina Diagn\u00f3stica; Hospital Dom; CTR Medicina Diagn\u00f3stica; Vitalmed; Inlab \/ Grupo Fleury e HRO \/ Hospital de Refer\u00eancia Oftalmol\u00f3gica, o mais novo parceiro do Hospital Dom na \u00e1rea oftalmol\u00f3gica.<\/p>\n\n\n\n<p>Os m\u00e9dicos foram brindados com um show de pop rock do cantor Jamilson Jackson, em uma noite de festa bastante prestigiada pela classe m\u00e9dica local.<\/p>\n\n\n\n<figure class=\"wp-block-image aligncenter size-large\"><img decoding=\"async\" width=\"1024\" height=\"684\" src=\"https:\/\/www.blogsoestado.com\/danielmatos\/wp-content\/uploads\/sites\/2\/2025\/12\/1004461379-3-1024x684.jpg\" alt=\"\" class=\"wp-image-152017\" srcset=\"https:\/\/www.blogsoestado.com\/danielmatos\/wp-content\/uploads\/sites\/2\/2025\/12\/1004461379-3-1024x684.jpg 1024w, https:\/\/www.blogsoestado.com\/danielmatos\/wp-content\/uploads\/sites\/2\/2025\/12\/1004461379-3-300x201.jpg 300w, https:\/\/www.blogsoestado.com\/danielmatos\/wp-content\/uploads\/sites\/2\/2025\/12\/1004461379-3-768x513.jpg 768w, https:\/\/www.blogsoestado.com\/danielmatos\/wp-content\/uploads\/sites\/2\/2025\/12\/1004461379-3-1536x1027.jpg 1536w, https:\/\/www.blogsoestado.com\/danielmatos\/wp-content\/uploads\/sites\/2\/2025\/12\/1004461379-3-2048x1369.jpg 2048w\" sizes=\"(max-width: 1024px) 100vw, 1024px\" \/><figcaption class=\"wp-element-caption\">O cantor Jamilson Jackson, que deu um show de pop rock<\/figcaption><\/figure>\n\n\n\n<p>Os dez homenageados especiais de 2025, eleitos em vota\u00e7\u00e3o pelas empresas promotoras do evento foram: Darlane Caldas; Jos\u00e9 M\u00e1rio Lauande; H\u00e9rquimas Pereira; Tadeu Pal\u00e1cio; Rafaela Arcoverde; Hugo Bernar; Santiago Serv\u00edn; Wener Cella; Laiane Dequeixes e Jos\u00e9 Albuquerque.<\/p>\n\n\n\n<p>Eles receberam um trof\u00e9u e em nome de todos os homenageados, o Pres. do CRM-MA Dr. Jos\u00e9 Albuquerque fez um discurso de agradecimento. Ele fez quest\u00e3o de enaltecer a iniciativa da Noite da Medicina, que valoriza o que h\u00e1 de mais importante \u201cque \u00e9 a dedica\u00e7\u00e3o e o profissionalismo dos colegas m\u00e9dicos, e o atendimento seguro e humanizado ao paciente. Tudo isso est\u00e1 representado nessa homenagem, que re\u00fane profissionais veteranos e jovens m\u00e9dicos\u201d declarou. Dr. Jos\u00e9 Albuquerque, que tamb\u00e9m agradeceu aos profissionais multidisciplinares de sa\u00fade que s\u00e3o a base da assist\u00eancia, al\u00e9m de destacar a import\u00e2ncia da fam\u00edlia dos pacientes no processo de restabelecimento da sa\u00fade.<\/p>\n\n\n\n<figure class=\"wp-block-image aligncenter size-large\"><img loading=\"lazy\" decoding=\"async\" width=\"1024\" height=\"684\" src=\"https:\/\/www.blogsoestado.com\/danielmatos\/wp-content\/uploads\/sites\/2\/2025\/12\/1004461378-3-1024x684.jpg\" alt=\"\" class=\"wp-image-152015\" srcset=\"https:\/\/www.blogsoestado.com\/danielmatos\/wp-content\/uploads\/sites\/2\/2025\/12\/1004461378-3-1024x684.jpg 1024w, https:\/\/www.blogsoestado.com\/danielmatos\/wp-content\/uploads\/sites\/2\/2025\/12\/1004461378-3-300x201.jpg 300w, https:\/\/www.blogsoestado.com\/danielmatos\/wp-content\/uploads\/sites\/2\/2025\/12\/1004461378-3-768x513.jpg 768w, https:\/\/www.blogsoestado.com\/danielmatos\/wp-content\/uploads\/sites\/2\/2025\/12\/1004461378-3-1536x1027.jpg 1536w, https:\/\/www.blogsoestado.com\/danielmatos\/wp-content\/uploads\/sites\/2\/2025\/12\/1004461378-3-2048x1369.jpg 2048w\" sizes=\"(max-width: 1024px) 100vw, 1024px\" \/><figcaption class=\"wp-element-caption\">O Pres. do CRM-MA, Dr. Jos\u00e9 Albuquerque,.recebeu a homenagem das m\u00e3os de Gustavo Almeida (DOM) e discursou em nome dos homenageados enaltecendo a iniciativa que valoriza a classe m\u00e9dica maranhense<\/figcaption><\/figure>\n\n\n\n<p>Para o oftalmologista Tadeu Pal\u00e1cio, que celebra 50 anos de dedica\u00e7\u00e3o \u00e0 medicina, a homenagem foi muito especial: \u201cestou muito feliz e agradecido com essa homenagem, que marca minha trajet\u00f3ria de 50 anos na oftalmologia. A medicina maranhense evoluiu muito em todas as especialidades, e isso tamb\u00e9m nos enche de orgulho\u201d.<\/p>\n\n\n\n<p>Emocionada, a jovem endocrinologista Darlane Caldas Loyola Marques refor\u00e7ou a relev\u00e2ncia da Noite da Medicina: \u201cPara mim, a medicina \u00e9 um sonho realizado. A cada novo atendimento eu lembro do quanto isso me realiza. Busco ser cada vez melhor para meus pacientes, pois eles s\u00e3o a raz\u00e3o de tudo. E ver essa trajet\u00f3ria de 18 anos reconhecida aqui foi muito gratificante. A Noite da Medicina \u00e9 um evento muito esperado pelos colegas m\u00e9dicos todos os anos\u201d.<\/p>\n\n\n\n<figure class=\"wp-block-image aligncenter size-large\"><img loading=\"lazy\" decoding=\"async\" width=\"1024\" height=\"682\" src=\"https:\/\/www.blogsoestado.com\/danielmatos\/wp-content\/uploads\/sites\/2\/2025\/12\/1004461382-1024x682.jpg\" alt=\"\" class=\"wp-image-152018\" srcset=\"https:\/\/www.blogsoestado.com\/danielmatos\/wp-content\/uploads\/sites\/2\/2025\/12\/1004461382-1024x682.jpg 1024w, https:\/\/www.blogsoestado.com\/danielmatos\/wp-content\/uploads\/sites\/2\/2025\/12\/1004461382-300x200.jpg 300w, https:\/\/www.blogsoestado.com\/danielmatos\/wp-content\/uploads\/sites\/2\/2025\/12\/1004461382-768x512.jpg 768w, https:\/\/www.blogsoestado.com\/danielmatos\/wp-content\/uploads\/sites\/2\/2025\/12\/1004461382-1536x1023.jpg 1536w, https:\/\/www.blogsoestado.com\/danielmatos\/wp-content\/uploads\/sites\/2\/2025\/12\/1004461382.jpg 1600w\" sizes=\"(max-width: 1024px) 100vw, 1024px\" \/><figcaption class=\"wp-element-caption\">George Cadete com o time do Inlab \/ Fleury<\/figcaption><\/figure>\n\n\n\n<p>Como destacou o s\u00f3cio do Grupo Dom Gustavo Almeida \u201cn\u00e3o se trata de premia\u00e7\u00e3o, mas sim de uma importante homenagem, onde todos os m\u00e9dicos e m\u00e9dicas s\u00e3o celebrados, e a grande premiada \u00e9 a medicina maranhense\u201d.<\/p>\n","protected":false},"excerpt":{"rendered":"<p>Uma noite de gala e de homenagens para destacar o valor da classe m\u00e9dica maranhense, assim foi a Noite da [&hellip;]<\/p>\n","protected":false},"author":2,"featured_media":0,"comment_status":"open","ping_status":"open","sticky":false,"template":"","format":"standard","meta":{"site-sidebar-layout":"default","site-content-layout":"","ast-site-content-layout":"default","site-content-style":"default","site-sidebar-style":"default","ast-global-header-display":"","ast-banner-title-visibility":"","ast-main-header-display":"","ast-hfb-above-header-display":"","ast-hfb-below-header-display":"","ast-hfb-mobile-header-display":"","site-post-title":"","ast-breadcrumbs-content":"","ast-featured-img":"","footer-sml-layout":"","ast-disable-related-posts":"","theme-transparent-header-meta":"","adv-header-id-meta":"","stick-header-meta":"","header-above-stick-meta":"","header-main-stick-meta":"","header-below-stick-meta":"","astra-migrate-meta-layouts":"default","ast-page-background-enabled":"default","ast-page-background-meta":{"desktop":{"background-color":"var(--ast-global-color-5)","background-image":"","background-repeat":"repeat","background-position":"center center","background-size":"auto","background-attachment":"scroll","background-type":"","background-media":"","overlay-type":"","overlay-color":"","overlay-opacity":"","overlay-gradient":""},"tablet":{"background-color":"","background-image":"","background-repeat":"repeat","background-position":"center center","background-size":"auto","background-attachment":"scroll","background-type":"","background-media":"","overlay-type":"","overlay-color":"","overlay-opacity":"","overlay-gradient":""},"mobile":{"background-color":"","background-image":"","background-repeat":"repeat","background-position":"center center","background-size":"auto","background-attachment":"scroll","background-type":"","background-media":"","overlay-type":"","overlay-color":"","overlay-opacity":"","overlay-gradient":""}},"ast-content-background-meta":{"desktop":{"background-color":"var(--ast-global-color-4)","background-image":"","background-repeat":"repeat","background-position":"center center","background-size":"auto","background-attachment":"scroll","background-type":"","background-media":"","overlay-type":"","overlay-color":"","overlay-opacity":"","overlay-gradient":""},"tablet":{"background-color":"var(--ast-global-color-4)","background-image":"","background-repeat":"repeat","background-position":"center center","background-size":"auto","background-attachment":"scroll","background-type":"","background-media":"","overlay-type":"","overlay-color":"","overlay-opacity":"","overlay-gradient":""},"mobile":{"background-color":"var(--ast-global-color-4)","background-image":"","background-repeat":"repeat","background-position":"center center","background-size":"auto","background-attachment":"scroll","background-type":"","background-media":"","overlay-type":"","overlay-color":"","overlay-opacity":"","overlay-gradient":""}},"footnotes":""},"categories":[1],"tags":[],"class_list":["post-152003","post","type-post","status-publish","format-standard","hentry","category-sem-categoria"],"yoast_head":"<!-- This site is optimized with the Yoast SEO plugin v26.6 - https:\/\/yoast.com\/wordpress\/plugins\/seo\/ -->\n<title>Medicina maranhense homenageada em noite de gala - Daniel Matos<\/title>\n<meta name=\"robots\" content=\"index, follow, max-snippet:-1, max-image-preview:large, max-video-preview:-1\" \/>\n<link rel=\"canonical\" href=\"https:\/\/www.blogsoestado.com\/danielmatos\/medicina-maranhense-homenageada-em-noite-de-gala\/\" \/>\n<meta property=\"og:locale\" content=\"pt_BR\" \/>\n<meta property=\"og:type\" content=\"article\" \/>\n<meta property=\"og:title\" content=\"Medicina maranhense homenageada em noite de gala - Daniel Matos\" \/>\n<meta property=\"og:description\" content=\"Uma noite de gala e de homenagens para destacar o valor da classe m\u00e9dica maranhense, assim foi a Noite da [&hellip;]\" \/>\n<meta property=\"og:url\" content=\"https:\/\/www.blogsoestado.com\/danielmatos\/medicina-maranhense-homenageada-em-noite-de-gala\/\" \/>\n<meta property=\"og:site_name\" content=\"Daniel Matos\" \/>\n<meta property=\"article:published_time\" content=\"2025-12-05T13:58:50+00:00\" \/>\n<meta property=\"article:modified_time\" content=\"2025-12-05T13:58:56+00:00\" \/>\n<meta property=\"og:image\" content=\"https:\/\/www.blogsoestado.com\/danielmatos\/wp-content\/uploads\/sites\/2\/2025\/12\/1004461380-2.jpg\" \/>\n\t<meta property=\"og:image:width\" content=\"2560\" \/>\n\t<meta property=\"og:image:height\" content=\"1711\" \/>\n\t<meta property=\"og:image:type\" content=\"image\/jpeg\" \/>\n<meta name=\"author\" content=\"Daniel Matos\" \/>\n<meta name=\"twitter:card\" content=\"summary_large_image\" \/>\n<meta name=\"twitter:label1\" content=\"Escrito por\" \/>\n\t<meta name=\"twitter:data1\" content=\"Daniel Matos\" \/>\n\t<meta name=\"twitter:label2\" content=\"Est. tempo de leitura\" \/>\n\t<meta name=\"twitter:data2\" content=\"5 minutos\" \/>\n<script type=\"application\/ld+json\" class=\"yoast-schema-graph\">{\"@context\":\"https:\/\/schema.org\",\"@graph\":[{\"@type\":\"WebPage\",\"@id\":\"https:\/\/www.blogsoestado.com\/danielmatos\/medicina-maranhense-homenageada-em-noite-de-gala\/\",\"url\":\"https:\/\/www.blogsoestado.com\/danielmatos\/medicina-maranhense-homenageada-em-noite-de-gala\/\",\"name\":\"Medicina maranhense homenageada em noite de gala - Daniel Matos\",\"isPartOf\":{\"@id\":\"https:\/\/www.blogsoestado.com\/danielmatos\/#website\"},\"primaryImageOfPage\":{\"@id\":\"https:\/\/www.blogsoestado.com\/danielmatos\/medicina-maranhense-homenageada-em-noite-de-gala\/#primaryimage\"},\"image\":{\"@id\":\"https:\/\/www.blogsoestado.com\/danielmatos\/medicina-maranhense-homenageada-em-noite-de-gala\/#primaryimage\"},\"thumbnailUrl\":\"https:\/\/www.blogsoestado.com\/danielmatos\/wp-content\/uploads\/sites\/2\/2025\/12\/1004461380-2-1024x684.jpg\",\"datePublished\":\"2025-12-05T13:58:50+00:00\",\"dateModified\":\"2025-12-05T13:58:56+00:00\",\"author\":{\"@id\":\"https:\/\/www.blogsoestado.com\/danielmatos\/#\/schema\/person\/9a209d407cd45631f131e1285b661bb0\"},\"breadcrumb\":{\"@id\":\"https:\/\/www.blogsoestado.com\/danielmatos\/medicina-maranhense-homenageada-em-noite-de-gala\/#breadcrumb\"},\"inLanguage\":\"pt-BR\",\"potentialAction\":[{\"@type\":\"ReadAction\",\"target\":[\"https:\/\/www.blogsoestado.com\/danielmatos\/medicina-maranhense-homenageada-em-noite-de-gala\/\"]}]},{\"@type\":\"ImageObject\",\"inLanguage\":\"pt-BR\",\"@id\":\"https:\/\/www.blogsoestado.com\/danielmatos\/medicina-maranhense-homenageada-em-noite-de-gala\/#primaryimage\",\"url\":\"https:\/\/www.blogsoestado.com\/danielmatos\/wp-content\/uploads\/sites\/2\/2025\/12\/1004461380-2.jpg\",\"contentUrl\":\"https:\/\/www.blogsoestado.com\/danielmatos\/wp-content\/uploads\/sites\/2\/2025\/12\/1004461380-2.jpg\",\"width\":2560,\"height\":1711},{\"@type\":\"BreadcrumbList\",\"@id\":\"https:\/\/www.blogsoestado.com\/danielmatos\/medicina-maranhense-homenageada-em-noite-de-gala\/#breadcrumb\",\"itemListElement\":[{\"@type\":\"ListItem\",\"position\":1,\"name\":\"In\u00edcio\",\"item\":\"https:\/\/www.blogsoestado.com\/danielmatos\/\"},{\"@type\":\"ListItem\",\"position\":2,\"name\":\"Medicina maranhense homenageada em noite de gala\"}]},{\"@type\":\"WebSite\",\"@id\":\"https:\/\/www.blogsoestado.com\/danielmatos\/#website\",\"url\":\"https:\/\/www.blogsoestado.com\/danielmatos\/\",\"name\":\"Daniel Matos\",\"description\":\"\",\"potentialAction\":[{\"@type\":\"SearchAction\",\"target\":{\"@type\":\"EntryPoint\",\"urlTemplate\":\"https:\/\/www.blogsoestado.com\/danielmatos\/?s={search_term_string}\"},\"query-input\":{\"@type\":\"PropertyValueSpecification\",\"valueRequired\":true,\"valueName\":\"search_term_string\"}}],\"inLanguage\":\"pt-BR\"},{\"@type\":\"Person\",\"@id\":\"https:\/\/www.blogsoestado.com\/danielmatos\/#\/schema\/person\/9a209d407cd45631f131e1285b661bb0\",\"name\":\"Daniel Matos\",\"image\":{\"@type\":\"ImageObject\",\"inLanguage\":\"pt-BR\",\"@id\":\"https:\/\/www.blogsoestado.com\/danielmatos\/#\/schema\/person\/image\/\",\"url\":\"https:\/\/secure.gravatar.com\/avatar\/2f26c36ee355da19a257f0dfef43952a2588b324ca35d6719e859fe338ac0392?s=96&d=mm&r=g\",\"contentUrl\":\"https:\/\/secure.gravatar.com\/avatar\/2f26c36ee355da19a257f0dfef43952a2588b324ca35d6719e859fe338ac0392?s=96&d=mm&r=g\",\"caption\":\"Daniel Matos\"},\"url\":\"https:\/\/www.blogsoestado.com\/danielmatos\/author\/danielmatos\/\"}]}<\/script>\n<!-- \/ Yoast SEO plugin. -->","yoast_head_json":{"title":"Medicina maranhense homenageada em noite de gala - Daniel Matos","robots":{"index":"index","follow":"follow","max-snippet":"max-snippet:-1","max-image-preview":"max-image-preview:large","max-video-preview":"max-video-preview:-1"},"canonical":"https:\/\/www.blogsoestado.com\/danielmatos\/medicina-maranhense-homenageada-em-noite-de-gala\/","og_locale":"pt_BR","og_type":"article","og_title":"Medicina maranhense homenageada em noite de gala - Daniel Matos","og_description":"Uma noite de gala e de homenagens para destacar o valor da classe m\u00e9dica maranhense, assim foi a Noite da [&hellip;]","og_url":"https:\/\/www.blogsoestado.com\/danielmatos\/medicina-maranhense-homenageada-em-noite-de-gala\/","og_site_name":"Daniel Matos","article_published_time":"2025-12-05T13:58:50+00:00","article_modified_time":"2025-12-05T13:58:56+00:00","og_image":[{"width":2560,"height":1711,"url":"https:\/\/www.blogsoestado.com\/danielmatos\/wp-content\/uploads\/sites\/2\/2025\/12\/1004461380-2.jpg","type":"image\/jpeg"}],"author":"Daniel Matos","twitter_card":"summary_large_image","twitter_misc":{"Escrito por":"Daniel Matos","Est. tempo de leitura":"5 minutos"},"schema":{"@context":"https:\/\/schema.org","@graph":[{"@type":"WebPage","@id":"https:\/\/www.blogsoestado.com\/danielmatos\/medicina-maranhense-homenageada-em-noite-de-gala\/","url":"https:\/\/www.blogsoestado.com\/danielmatos\/medicina-maranhense-homenageada-em-noite-de-gala\/","name":"Medicina maranhense homenageada em noite de gala - Daniel Matos","isPartOf":{"@id":"https:\/\/www.blogsoestado.com\/danielmatos\/#website"},"primaryImageOfPage":{"@id":"https:\/\/www.blogsoestado.com\/danielmatos\/medicina-maranhense-homenageada-em-noite-de-gala\/#primaryimage"},"image":{"@id":"https:\/\/www.blogsoestado.com\/danielmatos\/medicina-maranhense-homenageada-em-noite-de-gala\/#primaryimage"},"thumbnailUrl":"https:\/\/www.blogsoestado.com\/danielmatos\/wp-content\/uploads\/sites\/2\/2025\/12\/1004461380-2-1024x684.jpg","datePublished":"2025-12-05T13:58:50+00:00","dateModified":"2025-12-05T13:58:56+00:00","author":{"@id":"https:\/\/www.blogsoestado.com\/danielmatos\/#\/schema\/person\/9a209d407cd45631f131e1285b661bb0"},"breadcrumb":{"@id":"https:\/\/www.blogsoestado.com\/danielmatos\/medicina-maranhense-homenageada-em-noite-de-gala\/#breadcrumb"},"inLanguage":"pt-BR","potentialAction":[{"@type":"ReadAction","target":["https:\/\/www.blogsoestado.com\/danielmatos\/medicina-maranhense-homenageada-em-noite-de-gala\/"]}]},{"@type":"ImageObject","inLanguage":"pt-BR","@id":"https:\/\/www.blogsoestado.com\/danielmatos\/medicina-maranhense-homenageada-em-noite-de-gala\/#primaryimage","url":"https:\/\/www.blogsoestado.com\/danielmatos\/wp-content\/uploads\/sites\/2\/2025\/12\/1004461380-2.jpg","contentUrl":"https:\/\/www.blogsoestado.com\/danielmatos\/wp-content\/uploads\/sites\/2\/2025\/12\/1004461380-2.jpg","width":2560,"height":1711},{"@type":"BreadcrumbList","@id":"https:\/\/www.blogsoestado.com\/danielmatos\/medicina-maranhense-homenageada-em-noite-de-gala\/#breadcrumb","itemListElement":[{"@type":"ListItem","position":1,"name":"In\u00edcio","item":"https:\/\/www.blogsoestado.com\/danielmatos\/"},{"@type":"ListItem","position":2,"name":"Medicina maranhense homenageada em noite de gala"}]},{"@type":"WebSite","@id":"https:\/\/www.blogsoestado.com\/danielmatos\/#website","url":"https:\/\/www.blogsoestado.com\/danielmatos\/","name":"Daniel Matos","description":"","potentialAction":[{"@type":"SearchAction","target":{"@type":"EntryPoint","urlTemplate":"https:\/\/www.blogsoestado.com\/danielmatos\/?s={search_term_string}"},"query-input":{"@type":"PropertyValueSpecification","valueRequired":true,"valueName":"search_term_string"}}],"inLanguage":"pt-BR"},{"@type":"Person","@id":"https:\/\/www.blogsoestado.com\/danielmatos\/#\/schema\/person\/9a209d407cd45631f131e1285b661bb0","name":"Daniel Matos","image":{"@type":"ImageObject","inLanguage":"pt-BR","@id":"https:\/\/www.blogsoestado.com\/danielmatos\/#\/schema\/person\/image\/","url":"https:\/\/secure.gravatar.com\/avatar\/2f26c36ee355da19a257f0dfef43952a2588b324ca35d6719e859fe338ac0392?s=96&d=mm&r=g","contentUrl":"https:\/\/secure.gravatar.com\/avatar\/2f26c36ee355da19a257f0dfef43952a2588b324ca35d6719e859fe338ac0392?s=96&d=mm&r=g","caption":"Daniel Matos"},"url":"https:\/\/www.blogsoestado.com\/danielmatos\/author\/danielmatos\/"}]}},"jetpack_featured_media_url":"","_links":{"self":[{"href":"https:\/\/www.blogsoestado.com\/danielmatos\/wp-json\/wp\/v2\/posts\/152003","targetHints":{"allow":["GET"]}}],"collection":[{"href":"https:\/\/www.blogsoestado.com\/danielmatos\/wp-json\/wp\/v2\/posts"}],"about":[{"href":"https:\/\/www.blogsoestado.com\/danielmatos\/wp-json\/wp\/v2\/types\/post"}],"author":[{"embeddable":true,"href":"https:\/\/www.blogsoestado.com\/danielmatos\/wp-json\/wp\/v2\/users\/2"}],"replies":[{"embeddable":true,"href":"https:\/\/www.blogsoestado.com\/danielmatos\/wp-json\/wp\/v2\/comments?post=152003"}],"version-history":[{"count":1,"href":"https:\/\/www.blogsoestado.com\/danielmatos\/wp-json\/wp\/v2\/posts\/152003\/revisions"}],"predecessor-version":[{"id":152019,"href":"https:\/\/www.blogsoestado.com\/danielmatos\/wp-json\/wp\/v2\/posts\/152003\/revisions\/152019"}],"wp:attachment":[{"href":"https:\/\/www.blogsoestado.com\/danielmatos\/wp-json\/wp\/v2\/media?parent=152003"}],"wp:term":[{"taxonomy":"category","embeddable":true,"href":"https:\/\/www.blogsoestado.com\/danielmatos\/wp-json\/wp\/v2\/categories?post=152003"},{"taxonomy":"post_tag","embeddable":true,"href":"https:\/\/www.blogsoestado.com\/danielmatos\/wp-json\/wp\/v2\/tags?post=152003"}],"curies":[{"name":"wp","href":"https:\/\/api.w.org\/{rel}","templated":true}]}}