{"id":152083,"date":"2025-12-08T09:39:13","date_gmt":"2025-12-08T12:39:13","guid":{"rendered":"https:\/\/www.blogsoestado.com\/danielmatos\/?p=152083"},"modified":"2025-12-08T09:39:20","modified_gmt":"2025-12-08T12:39:20","slug":"sebrae-inaugura-espaco-acredita-em-sao-luis-para-orientar-e-apoiar-empreendedores-com-relacao-ao-credito","status":"publish","type":"post","link":"https:\/\/www.blogsoestado.com\/danielmatos\/sebrae-inaugura-espaco-acredita-em-sao-luis-para-orientar-e-apoiar-empreendedores-com-relacao-ao-credito\/","title":{"rendered":"Sebrae inaugura &#8216;Espa\u00e7o Acredita&#8217; em S\u00e3o Lu\u00eds para orientar e apoiar empreendedores com rela\u00e7\u00e3o ao cr\u00e9dito"},"content":{"rendered":"\n<p><em><strong><mark style=\"color:#cf2e2e\" class=\"has-inline-color\">Com este, j\u00e1 s\u00e3o cinco espa\u00e7os, dois na capital e tr\u00eas no interior. Balsas ser\u00e1 o pr\u00f3ximo munic\u00edpio a contar com Espa\u00e7o Acredita. Evento marcou os 30 Anos do FAMPE, com recorde de cobertura no Maranh\u00e3o<\/mark><\/strong><\/em><\/p>\n\n\n\n<figure class=\"wp-block-image aligncenter size-large\"><img fetchpriority=\"high\" decoding=\"async\" width=\"1024\" height=\"761\" src=\"https:\/\/www.blogsoestado.com\/danielmatos\/wp-content\/uploads\/sites\/2\/2025\/12\/1004484766-1-1024x761.png\" alt=\"\" class=\"wp-image-152087\" srcset=\"https:\/\/www.blogsoestado.com\/danielmatos\/wp-content\/uploads\/sites\/2\/2025\/12\/1004484766-1-1024x761.png 1024w, https:\/\/www.blogsoestado.com\/danielmatos\/wp-content\/uploads\/sites\/2\/2025\/12\/1004484766-1-300x223.png 300w, https:\/\/www.blogsoestado.com\/danielmatos\/wp-content\/uploads\/sites\/2\/2025\/12\/1004484766-1-768x571.png 768w, https:\/\/www.blogsoestado.com\/danielmatos\/wp-content\/uploads\/sites\/2\/2025\/12\/1004484766-1.png 1080w\" sizes=\"(max-width: 1024px) 100vw, 1024px\" \/><figcaption class=\"wp-element-caption\">Presidente do CDE, Celso Gon\u00e7alo, destaca import\u00e2ncia do apoio a quem empreende no Maranh\u00e3o (<strong>Fotos: <\/strong>Sebrae\/divulga\u00e7\u00e3o)<\/figcaption><\/figure>\n\n\n\n<p>Empreendedores de S\u00e3o Lu\u00eds e Grande Ilha atendidos pelo Sebrae, pessoas interessadas em iniciar um neg\u00f3cio pr\u00f3prio ou, quem j\u00e1 tem um neg\u00f3cio,mas quer expandir, inovar e ganhar mais competitividade, j\u00e1 contam com o apoio do Espa\u00e7o Acredita para superar suas dificuldades com rela\u00e7\u00e3o ao cr\u00e9dito.<\/p>\n\n\n\n<p>Foram entregues ontem, em S\u00e3o Lu\u00eds, duas novas Salas Acredita, espa\u00e7os criados pela pela Institui\u00e7\u00e3o e parceiros com o objetivo de facilitar o acesso ao cr\u00e9dito e aproximar empreendedores das institui\u00e7\u00f5es financeiras, oferecendo orienta\u00e7\u00f5es qualificadas para apoiar o empreendedor no que se refere a essa quest\u00e3o. Os dois espa\u00e7os v\u00e3o funcionar junto \u00e0s Unidades de Atendimento da Sede (no Jaracaty) e na Unidade de S\u00e3o Lu\u00eds (Multicenter, em frente \u00e0 Ceasa).&nbsp;<\/p>\n\n\n\n<p>A inaugura\u00e7\u00e3o foi marcada pela assinatura de contratos de cr\u00e9dito que beneficiam empreendedores atendidos pelo Sebrae. Simbolizando o momento, foram assinados dois contratos: um com a empreendedora, Leidiane Sousa, viabilizado pelo Sicoob; e outro com Manoel Messias da MM Alta Costura (de Ros\u00e1rio &#8211; MA), financiado pelo Banco do Nordeste. Ambos os contratos t\u00eam cobertura do Fundo de Aval do Sebrae &#8211; o Fampe.<\/p>\n\n\n\n<figure class=\"wp-block-image aligncenter size-large\"><img decoding=\"async\" width=\"1024\" height=\"762\" src=\"https:\/\/www.blogsoestado.com\/danielmatos\/wp-content\/uploads\/sites\/2\/2025\/12\/1004484961-1024x762.png\" alt=\"\" class=\"wp-image-152088\" srcset=\"https:\/\/www.blogsoestado.com\/danielmatos\/wp-content\/uploads\/sites\/2\/2025\/12\/1004484961-1024x762.png 1024w, https:\/\/www.blogsoestado.com\/danielmatos\/wp-content\/uploads\/sites\/2\/2025\/12\/1004484961-300x223.png 300w, https:\/\/www.blogsoestado.com\/danielmatos\/wp-content\/uploads\/sites\/2\/2025\/12\/1004484961-768x572.png 768w, https:\/\/www.blogsoestado.com\/danielmatos\/wp-content\/uploads\/sites\/2\/2025\/12\/1004484961.png 1080w\" sizes=\"(max-width: 1024px) 100vw, 1024px\" \/><figcaption class=\"wp-element-caption\">Ao assinar contratos de financiamento, empreendedores ressaltam import\u00e2ncia do cr\u00e9dito assistido para impulsionar seus neg\u00f3cios<\/figcaption><\/figure>\n\n\n\n<p><strong>Funcionamento<\/strong>&nbsp;\u2013 O Espa\u00e7o Acredita \u00e9 um ambiente de atendimento direcionado para impulsionar o acesso a cr\u00e9dito, assegurando orienta\u00e7\u00f5es sobre finan\u00e7as e servi\u00e7os financeiros para pequenos neg\u00f3cios. A entrega dos dois espa\u00e7os faz parte do Programa Acredita Sebrae e marca a celebra\u00e7\u00e3o dos 30 Anos do Fampe (Fundo de Aval do Sebrae) no estado, em um momento de resultados hist\u00f3ricos.<\/p>\n\n\n\n<p>O local reunir\u00e1 consultores especializados (Agentes de Cr\u00e9dito e Fian\u00e7as e Agentes Fampe) e institui\u00e7\u00f5es financeiras parceiras, como Banco do Nordeste (BNB), Sicoob, Sicredi e Cresol. O objetivo \u00e9 prestar atendimento direto, esclarecendo d\u00favidas e orientando o empreendedor sobre a melhor forma de acessar linhas de cr\u00e9dito no pr\u00e9 e p\u00f3s-cr\u00e9dito.<\/p>\n\n\n\n<p><strong>Cerim\u00f4nia<\/strong>&nbsp;&#8211; A inaugura\u00e7\u00e3o do espa\u00e7o no Sebrae Jaracaty teve a presen\u00e7a do presidente do CDE, Celso Gon\u00e7alo; do diretor T\u00e9cnico Mauro Borralho; da diretora de Administra\u00e7\u00e3o e Finan\u00e7as, \u00c9dila Neves; do gerente da Unidade de Servi\u00e7os Financeiros, Jaime Coelho; da gerente da Unidade de S\u00e3o Lu\u00eds, Paula Waldira e t\u00e9cnicos da institui\u00e7\u00e3o, al\u00e9m de representantes do Banco do Nordeste, Sicoob, Sicredi, Cresol e Ceape. E, como convidados especiais, empreendedores beneficiados por solu\u00e7\u00f5es de cr\u00e9dito assistido, que deram seus depoimentos sobre como os recursos ajudaram a impulsionar seus empreendimentos.&nbsp;<\/p>\n\n\n\n<figure class=\"wp-block-image aligncenter size-large\"><img decoding=\"async\" width=\"1024\" height=\"786\" src=\"https:\/\/www.blogsoestado.com\/danielmatos\/wp-content\/uploads\/sites\/2\/2025\/12\/1004484991-1024x786.png\" alt=\"\" class=\"wp-image-152089\" srcset=\"https:\/\/www.blogsoestado.com\/danielmatos\/wp-content\/uploads\/sites\/2\/2025\/12\/1004484991-1024x786.png 1024w, https:\/\/www.blogsoestado.com\/danielmatos\/wp-content\/uploads\/sites\/2\/2025\/12\/1004484991-300x230.png 300w, https:\/\/www.blogsoestado.com\/danielmatos\/wp-content\/uploads\/sites\/2\/2025\/12\/1004484991-768x590.png 768w, https:\/\/www.blogsoestado.com\/danielmatos\/wp-content\/uploads\/sites\/2\/2025\/12\/1004484991.png 1080w\" sizes=\"(max-width: 1024px) 100vw, 1024px\" \/><figcaption class=\"wp-element-caption\">Empreendedores beneficiados pelo FAMPE falam sobre conquistas alcan\u00e7adas ap\u00f3s o cr\u00e9dito<\/figcaption><\/figure>\n\n\n\n<p>Antes, no momento da abertura, o gerente Jaime Coelho apresentou detalhes do funcionamento da sala, apresentou o time de consultores que vai atuar nos espa\u00e7os e anunciou as metas de instala\u00e7\u00e3o de novas salas, ainda este ano, como \u00e9 o caso de Balsas. Hoje, j\u00e1 s\u00e3o cinco espa\u00e7os em opera\u00e7\u00e3o: em Caxias, Santa In\u00eas, Imperatriz e as duas de S\u00e3o Lu\u00eds.&nbsp;<\/p>\n\n\n\n<p>\u201cQuem empreende, precisa de cr\u00e9dito e de apoio. Com estas duas Salas, damos um importante passo para apoiar o empreendedor, que gera renda, promove desenvolvimento e assegura oportunidades. Ao ampliar o conjunto de Espa\u00e7os Acredita no Maranh\u00e3o, o Sebrae cumpre sua miss\u00e3o de estar ao lado do empreendedor do nosso estado com o apoio necess\u00e1rio para que este possa crescer ainda mais\u201d, explicou o presidente Celso Gon\u00e7alo. \u201cEste espa\u00e7o une: necessidades do cliente, a determina\u00e7\u00e3o do Sebrae em apoiar esse cliente que precisa de orienta\u00e7\u00e3o sobre cr\u00e9dito e os parceiros que, junto conosco, estar\u00e3o compartilhando informa\u00e7\u00f5es, orienta\u00e7\u00f5es e todo o suporte para fazer chegar ao empreendedor recursos para impulsionar seus neg\u00f3cios, de forma assistida e segura\u201d, frisou Mauro Borralho.<\/p>\n\n\n\n<p><strong>Empreendedores&nbsp;<\/strong>&#8211; Participaram do momento de abertura, com depoimentos, empreendedores Thuany Lima Ara\u00fajo, da&nbsp; Lavanderia Lave &amp; Pegue &#8211; Revest Car e&nbsp; Izabelle&nbsp; Castro, da Gr\u00e3o Vegetal.<\/p>\n\n\n\n<figure class=\"wp-block-image aligncenter size-large\"><img loading=\"lazy\" decoding=\"async\" width=\"1024\" height=\"762\" src=\"https:\/\/www.blogsoestado.com\/danielmatos\/wp-content\/uploads\/sites\/2\/2025\/12\/1004485031-1024x762.png\" alt=\"\" class=\"wp-image-152090\" srcset=\"https:\/\/www.blogsoestado.com\/danielmatos\/wp-content\/uploads\/sites\/2\/2025\/12\/1004485031-1024x762.png 1024w, https:\/\/www.blogsoestado.com\/danielmatos\/wp-content\/uploads\/sites\/2\/2025\/12\/1004485031-300x223.png 300w, https:\/\/www.blogsoestado.com\/danielmatos\/wp-content\/uploads\/sites\/2\/2025\/12\/1004485031-768x572.png 768w, https:\/\/www.blogsoestado.com\/danielmatos\/wp-content\/uploads\/sites\/2\/2025\/12\/1004485031.png 1080w\" sizes=\"(max-width: 1024px) 100vw, 1024px\" \/><figcaption class=\"wp-element-caption\">Empreendedor de Ros\u00e1rio, Manuel Messias avalia que aporte financeiro vai gerar melhorias para a empresa e outros empreendedores<\/figcaption><\/figure>\n\n\n\n<p>Nos depoimentos de ambas, h\u00e1 um ponto em comum: a gratid\u00e3o aos parceiros do Sistema S e agentes financeiros e a constata\u00e7\u00e3o de que o cr\u00e9dito \u00e9 fator essencial para o crescimento dos neg\u00f3cios e que, com a orienta\u00e7\u00e3o adequada, esse processo se torna mais f\u00e1cil, \u00e1gil e seguro. \u201cCom esse suporte do cr\u00e9dito, estamos impulsionando a Gr\u00e3o Vegetal e conquistando novos espa\u00e7os e clientes\u201d, disse Izabelle Castro. \u201cH\u00e1 uma empresa antes dessa parceria com o Sebrae e o agente financeiro e depois. O cr\u00e9dito, com certeza, vai nos ajudar nas metas de crescimento e impulsionar novos voos\u201d, assegurou Thuany Ara\u00fajo. Por sua vez, Manoel Messias, que assinou contrato de cr\u00e9dito com o BNB, destacou: \u201cEsse aporte de cr\u00e9dito vai nos ajudar principalmente a gerar oportunidades para outros empreendedores que sonham em ter um futuro melhor e mais promissor\u201d, ressaltou.<\/p>\n\n\n\n<p><strong>Fundo de Aval faz a diferen\u00e7a no Maranh\u00e3o<\/strong><\/p>\n\n\n\n<p>O evento de entrega dos Espa\u00e7os Acredita marcou tamb\u00e9m as celebra\u00e7\u00f5es dos 30 anos do Fundo de Aval do Sebrae &#8211; o Fampe, com o encerramento e premia\u00e7\u00f5es aos colaboradores participantes de campanha interna sobre o Fundo e momentos de congra\u00e7amento, com corte de bolo comemorativo \u00e0 ocasi\u00e3o.&nbsp;<\/p>\n\n\n\n<p>No Maranh\u00e3o, no ano de 2025, as aplica\u00e7\u00f5es garantidas pelo FAMPE alcan\u00e7aram n\u00fameros expressivos. At\u00e9 outubro de 2025, o estado j\u00e1 havia superado em 237,66% a meta anual de aplica\u00e7\u00e3o do FAMPE, viabilizando impressionantes R$ 44,55 milh\u00f5es em financiamentos \u2013 a meta inicial era de R$ 18,8 milh\u00f5es.<\/p>\n\n\n\n<figure class=\"wp-block-image aligncenter size-large\"><img loading=\"lazy\" decoding=\"async\" width=\"1024\" height=\"764\" src=\"https:\/\/www.blogsoestado.com\/danielmatos\/wp-content\/uploads\/sites\/2\/2025\/12\/1004485053-1024x764.png\" alt=\"\" class=\"wp-image-152091\" srcset=\"https:\/\/www.blogsoestado.com\/danielmatos\/wp-content\/uploads\/sites\/2\/2025\/12\/1004485053-1024x764.png 1024w, https:\/\/www.blogsoestado.com\/danielmatos\/wp-content\/uploads\/sites\/2\/2025\/12\/1004485053-300x224.png 300w, https:\/\/www.blogsoestado.com\/danielmatos\/wp-content\/uploads\/sites\/2\/2025\/12\/1004485053-768x573.png 768w, https:\/\/www.blogsoestado.com\/danielmatos\/wp-content\/uploads\/sites\/2\/2025\/12\/1004485053.png 1080w\" sizes=\"(max-width: 1024px) 100vw, 1024px\" \/><figcaption class=\"wp-element-caption\">Sebrae e parceiros entregam Espa\u00e7o Acredita para apoiar o empreendedor que busca cr\u00e9dito<\/figcaption><\/figure>\n\n\n\n<p>At\u00e9 outubro, foram 618 opera\u00e7\u00f5es garantidas pelo Fundo, com valor m\u00e9dio de&nbsp; R$ 72 mil, tendo o Banco do Nordeste e o Sicoob com o maior n\u00famero de opera\u00e7\u00f5es. O BNB, com 323 e o Sicoob, com 232.<\/p>\n\n\n\n<p>Os maiores benefici\u00e1rios s\u00e3o as pequenas empresas, com 66,5% das opera\u00e7\u00f5es, seguidas das microempresas, com 21, 3% e MEI\u2019s, com 12,15%. Quanto aos setores beneficiados, o Com\u00e9rcio lidera, com 57,9% das opera\u00e7\u00f5es. A seguir, o setor de Servi\u00e7os, com 27,21% e fechando o quadro, a Ind\u00fastria, com 14,25% das opera\u00e7\u00f5es que tem o FAMPE como fundo garantidor no Maranh\u00e3o.<\/p>\n","protected":false},"excerpt":{"rendered":"<p>Com este, j\u00e1 s\u00e3o cinco espa\u00e7os, dois na capital e tr\u00eas no interior. Balsas ser\u00e1 o pr\u00f3ximo munic\u00edpio a contar [&hellip;]<\/p>\n","protected":false},"author":2,"featured_media":0,"comment_status":"open","ping_status":"open","sticky":false,"template":"","format":"standard","meta":{"site-sidebar-layout":"default","site-content-layout":"","ast-site-content-layout":"default","site-content-style":"default","site-sidebar-style":"default","ast-global-header-display":"","ast-banner-title-visibility":"","ast-main-header-display":"","ast-hfb-above-header-display":"","ast-hfb-below-header-display":"","ast-hfb-mobile-header-display":"","site-post-title":"","ast-breadcrumbs-content":"","ast-featured-img":"","footer-sml-layout":"","ast-disable-related-posts":"","theme-transparent-header-meta":"","adv-header-id-meta":"","stick-header-meta":"","header-above-stick-meta":"","header-main-stick-meta":"","header-below-stick-meta":"","astra-migrate-meta-layouts":"default","ast-page-background-enabled":"default","ast-page-background-meta":{"desktop":{"background-color":"var(--ast-global-color-5)","background-image":"","background-repeat":"repeat","background-position":"center center","background-size":"auto","background-attachment":"scroll","background-type":"","background-media":"","overlay-type":"","overlay-color":"","overlay-opacity":"","overlay-gradient":""},"tablet":{"background-color":"","background-image":"","background-repeat":"repeat","background-position":"center center","background-size":"auto","background-attachment":"scroll","background-type":"","background-media":"","overlay-type":"","overlay-color":"","overlay-opacity":"","overlay-gradient":""},"mobile":{"background-color":"","background-image":"","background-repeat":"repeat","background-position":"center center","background-size":"auto","background-attachment":"scroll","background-type":"","background-media":"","overlay-type":"","overlay-color":"","overlay-opacity":"","overlay-gradient":""}},"ast-content-background-meta":{"desktop":{"background-color":"var(--ast-global-color-4)","background-image":"","background-repeat":"repeat","background-position":"center center","background-size":"auto","background-attachment":"scroll","background-type":"","background-media":"","overlay-type":"","overlay-color":"","overlay-opacity":"","overlay-gradient":""},"tablet":{"background-color":"var(--ast-global-color-4)","background-image":"","background-repeat":"repeat","background-position":"center center","background-size":"auto","background-attachment":"scroll","background-type":"","background-media":"","overlay-type":"","overlay-color":"","overlay-opacity":"","overlay-gradient":""},"mobile":{"background-color":"var(--ast-global-color-4)","background-image":"","background-repeat":"repeat","background-position":"center center","background-size":"auto","background-attachment":"scroll","background-type":"","background-media":"","overlay-type":"","overlay-color":"","overlay-opacity":"","overlay-gradient":""}},"footnotes":""},"categories":[1],"tags":[],"class_list":["post-152083","post","type-post","status-publish","format-standard","hentry","category-sem-categoria"],"yoast_head":"<!-- This site is optimized with the Yoast SEO plugin v26.6 - https:\/\/yoast.com\/wordpress\/plugins\/seo\/ -->\n<title>Sebrae inaugura &#039;Espa\u00e7o Acredita&#039; em S\u00e3o Lu\u00eds para orientar e apoiar empreendedores com rela\u00e7\u00e3o ao cr\u00e9dito - Daniel Matos<\/title>\n<meta name=\"robots\" content=\"index, follow, max-snippet:-1, max-image-preview:large, max-video-preview:-1\" \/>\n<link rel=\"canonical\" href=\"https:\/\/www.blogsoestado.com\/danielmatos\/sebrae-inaugura-espaco-acredita-em-sao-luis-para-orientar-e-apoiar-empreendedores-com-relacao-ao-credito\/\" \/>\n<meta property=\"og:locale\" content=\"pt_BR\" \/>\n<meta property=\"og:type\" content=\"article\" \/>\n<meta property=\"og:title\" content=\"Sebrae inaugura &#039;Espa\u00e7o Acredita&#039; em S\u00e3o Lu\u00eds para orientar e apoiar empreendedores com rela\u00e7\u00e3o ao cr\u00e9dito - Daniel Matos\" \/>\n<meta property=\"og:description\" content=\"Com este, j\u00e1 s\u00e3o cinco espa\u00e7os, dois na capital e tr\u00eas no interior. Balsas ser\u00e1 o pr\u00f3ximo munic\u00edpio a contar [&hellip;]\" \/>\n<meta property=\"og:url\" content=\"https:\/\/www.blogsoestado.com\/danielmatos\/sebrae-inaugura-espaco-acredita-em-sao-luis-para-orientar-e-apoiar-empreendedores-com-relacao-ao-credito\/\" \/>\n<meta property=\"og:site_name\" content=\"Daniel Matos\" \/>\n<meta property=\"article:published_time\" content=\"2025-12-08T12:39:13+00:00\" \/>\n<meta property=\"article:modified_time\" content=\"2025-12-08T12:39:20+00:00\" \/>\n<meta property=\"og:image\" content=\"https:\/\/www.blogsoestado.com\/danielmatos\/wp-content\/uploads\/sites\/2\/2025\/12\/1004484766-1.png\" \/>\n\t<meta property=\"og:image:width\" content=\"1080\" \/>\n\t<meta property=\"og:image:height\" content=\"803\" \/>\n\t<meta property=\"og:image:type\" content=\"image\/png\" \/>\n<meta name=\"author\" content=\"Daniel Matos\" \/>\n<meta name=\"twitter:card\" content=\"summary_large_image\" \/>\n<meta name=\"twitter:label1\" content=\"Escrito por\" \/>\n\t<meta name=\"twitter:data1\" content=\"Daniel Matos\" \/>\n\t<meta name=\"twitter:label2\" content=\"Est. tempo de leitura\" \/>\n\t<meta name=\"twitter:data2\" content=\"7 minutos\" \/>\n<script type=\"application\/ld+json\" class=\"yoast-schema-graph\">{\"@context\":\"https:\/\/schema.org\",\"@graph\":[{\"@type\":\"WebPage\",\"@id\":\"https:\/\/www.blogsoestado.com\/danielmatos\/sebrae-inaugura-espaco-acredita-em-sao-luis-para-orientar-e-apoiar-empreendedores-com-relacao-ao-credito\/\",\"url\":\"https:\/\/www.blogsoestado.com\/danielmatos\/sebrae-inaugura-espaco-acredita-em-sao-luis-para-orientar-e-apoiar-empreendedores-com-relacao-ao-credito\/\",\"name\":\"Sebrae inaugura 'Espa\u00e7o Acredita' em S\u00e3o Lu\u00eds para orientar e apoiar empreendedores com rela\u00e7\u00e3o ao cr\u00e9dito - Daniel Matos\",\"isPartOf\":{\"@id\":\"https:\/\/www.blogsoestado.com\/danielmatos\/#website\"},\"primaryImageOfPage\":{\"@id\":\"https:\/\/www.blogsoestado.com\/danielmatos\/sebrae-inaugura-espaco-acredita-em-sao-luis-para-orientar-e-apoiar-empreendedores-com-relacao-ao-credito\/#primaryimage\"},\"image\":{\"@id\":\"https:\/\/www.blogsoestado.com\/danielmatos\/sebrae-inaugura-espaco-acredita-em-sao-luis-para-orientar-e-apoiar-empreendedores-com-relacao-ao-credito\/#primaryimage\"},\"thumbnailUrl\":\"https:\/\/www.blogsoestado.com\/danielmatos\/wp-content\/uploads\/sites\/2\/2025\/12\/1004484766-1-1024x761.png\",\"datePublished\":\"2025-12-08T12:39:13+00:00\",\"dateModified\":\"2025-12-08T12:39:20+00:00\",\"author\":{\"@id\":\"https:\/\/www.blogsoestado.com\/danielmatos\/#\/schema\/person\/9a209d407cd45631f131e1285b661bb0\"},\"breadcrumb\":{\"@id\":\"https:\/\/www.blogsoestado.com\/danielmatos\/sebrae-inaugura-espaco-acredita-em-sao-luis-para-orientar-e-apoiar-empreendedores-com-relacao-ao-credito\/#breadcrumb\"},\"inLanguage\":\"pt-BR\",\"potentialAction\":[{\"@type\":\"ReadAction\",\"target\":[\"https:\/\/www.blogsoestado.com\/danielmatos\/sebrae-inaugura-espaco-acredita-em-sao-luis-para-orientar-e-apoiar-empreendedores-com-relacao-ao-credito\/\"]}]},{\"@type\":\"ImageObject\",\"inLanguage\":\"pt-BR\",\"@id\":\"https:\/\/www.blogsoestado.com\/danielmatos\/sebrae-inaugura-espaco-acredita-em-sao-luis-para-orientar-e-apoiar-empreendedores-com-relacao-ao-credito\/#primaryimage\",\"url\":\"https:\/\/www.blogsoestado.com\/danielmatos\/wp-content\/uploads\/sites\/2\/2025\/12\/1004484766-1.png\",\"contentUrl\":\"https:\/\/www.blogsoestado.com\/danielmatos\/wp-content\/uploads\/sites\/2\/2025\/12\/1004484766-1.png\",\"width\":1080,\"height\":803},{\"@type\":\"BreadcrumbList\",\"@id\":\"https:\/\/www.blogsoestado.com\/danielmatos\/sebrae-inaugura-espaco-acredita-em-sao-luis-para-orientar-e-apoiar-empreendedores-com-relacao-ao-credito\/#breadcrumb\",\"itemListElement\":[{\"@type\":\"ListItem\",\"position\":1,\"name\":\"In\u00edcio\",\"item\":\"https:\/\/www.blogsoestado.com\/danielmatos\/\"},{\"@type\":\"ListItem\",\"position\":2,\"name\":\"Sebrae inaugura &#8216;Espa\u00e7o Acredita&#8217; em S\u00e3o Lu\u00eds para orientar e apoiar empreendedores com rela\u00e7\u00e3o ao cr\u00e9dito\"}]},{\"@type\":\"WebSite\",\"@id\":\"https:\/\/www.blogsoestado.com\/danielmatos\/#website\",\"url\":\"https:\/\/www.blogsoestado.com\/danielmatos\/\",\"name\":\"Daniel Matos\",\"description\":\"\",\"potentialAction\":[{\"@type\":\"SearchAction\",\"target\":{\"@type\":\"EntryPoint\",\"urlTemplate\":\"https:\/\/www.blogsoestado.com\/danielmatos\/?s={search_term_string}\"},\"query-input\":{\"@type\":\"PropertyValueSpecification\",\"valueRequired\":true,\"valueName\":\"search_term_string\"}}],\"inLanguage\":\"pt-BR\"},{\"@type\":\"Person\",\"@id\":\"https:\/\/www.blogsoestado.com\/danielmatos\/#\/schema\/person\/9a209d407cd45631f131e1285b661bb0\",\"name\":\"Daniel Matos\",\"image\":{\"@type\":\"ImageObject\",\"inLanguage\":\"pt-BR\",\"@id\":\"https:\/\/www.blogsoestado.com\/danielmatos\/#\/schema\/person\/image\/\",\"url\":\"https:\/\/secure.gravatar.com\/avatar\/2f26c36ee355da19a257f0dfef43952a2588b324ca35d6719e859fe338ac0392?s=96&d=mm&r=g\",\"contentUrl\":\"https:\/\/secure.gravatar.com\/avatar\/2f26c36ee355da19a257f0dfef43952a2588b324ca35d6719e859fe338ac0392?s=96&d=mm&r=g\",\"caption\":\"Daniel Matos\"},\"url\":\"https:\/\/www.blogsoestado.com\/danielmatos\/author\/danielmatos\/\"}]}<\/script>\n<!-- \/ Yoast SEO plugin. -->","yoast_head_json":{"title":"Sebrae inaugura 'Espa\u00e7o Acredita' em S\u00e3o Lu\u00eds para orientar e apoiar empreendedores com rela\u00e7\u00e3o ao cr\u00e9dito - Daniel Matos","robots":{"index":"index","follow":"follow","max-snippet":"max-snippet:-1","max-image-preview":"max-image-preview:large","max-video-preview":"max-video-preview:-1"},"canonical":"https:\/\/www.blogsoestado.com\/danielmatos\/sebrae-inaugura-espaco-acredita-em-sao-luis-para-orientar-e-apoiar-empreendedores-com-relacao-ao-credito\/","og_locale":"pt_BR","og_type":"article","og_title":"Sebrae inaugura 'Espa\u00e7o Acredita' em S\u00e3o Lu\u00eds para orientar e apoiar empreendedores com rela\u00e7\u00e3o ao cr\u00e9dito - Daniel Matos","og_description":"Com este, j\u00e1 s\u00e3o cinco espa\u00e7os, dois na capital e tr\u00eas no interior. Balsas ser\u00e1 o pr\u00f3ximo munic\u00edpio a contar [&hellip;]","og_url":"https:\/\/www.blogsoestado.com\/danielmatos\/sebrae-inaugura-espaco-acredita-em-sao-luis-para-orientar-e-apoiar-empreendedores-com-relacao-ao-credito\/","og_site_name":"Daniel Matos","article_published_time":"2025-12-08T12:39:13+00:00","article_modified_time":"2025-12-08T12:39:20+00:00","og_image":[{"width":1080,"height":803,"url":"https:\/\/www.blogsoestado.com\/danielmatos\/wp-content\/uploads\/sites\/2\/2025\/12\/1004484766-1.png","type":"image\/png"}],"author":"Daniel Matos","twitter_card":"summary_large_image","twitter_misc":{"Escrito por":"Daniel Matos","Est. tempo de leitura":"7 minutos"},"schema":{"@context":"https:\/\/schema.org","@graph":[{"@type":"WebPage","@id":"https:\/\/www.blogsoestado.com\/danielmatos\/sebrae-inaugura-espaco-acredita-em-sao-luis-para-orientar-e-apoiar-empreendedores-com-relacao-ao-credito\/","url":"https:\/\/www.blogsoestado.com\/danielmatos\/sebrae-inaugura-espaco-acredita-em-sao-luis-para-orientar-e-apoiar-empreendedores-com-relacao-ao-credito\/","name":"Sebrae inaugura 'Espa\u00e7o Acredita' em S\u00e3o Lu\u00eds para orientar e apoiar empreendedores com rela\u00e7\u00e3o ao cr\u00e9dito - Daniel Matos","isPartOf":{"@id":"https:\/\/www.blogsoestado.com\/danielmatos\/#website"},"primaryImageOfPage":{"@id":"https:\/\/www.blogsoestado.com\/danielmatos\/sebrae-inaugura-espaco-acredita-em-sao-luis-para-orientar-e-apoiar-empreendedores-com-relacao-ao-credito\/#primaryimage"},"image":{"@id":"https:\/\/www.blogsoestado.com\/danielmatos\/sebrae-inaugura-espaco-acredita-em-sao-luis-para-orientar-e-apoiar-empreendedores-com-relacao-ao-credito\/#primaryimage"},"thumbnailUrl":"https:\/\/www.blogsoestado.com\/danielmatos\/wp-content\/uploads\/sites\/2\/2025\/12\/1004484766-1-1024x761.png","datePublished":"2025-12-08T12:39:13+00:00","dateModified":"2025-12-08T12:39:20+00:00","author":{"@id":"https:\/\/www.blogsoestado.com\/danielmatos\/#\/schema\/person\/9a209d407cd45631f131e1285b661bb0"},"breadcrumb":{"@id":"https:\/\/www.blogsoestado.com\/danielmatos\/sebrae-inaugura-espaco-acredita-em-sao-luis-para-orientar-e-apoiar-empreendedores-com-relacao-ao-credito\/#breadcrumb"},"inLanguage":"pt-BR","potentialAction":[{"@type":"ReadAction","target":["https:\/\/www.blogsoestado.com\/danielmatos\/sebrae-inaugura-espaco-acredita-em-sao-luis-para-orientar-e-apoiar-empreendedores-com-relacao-ao-credito\/"]}]},{"@type":"ImageObject","inLanguage":"pt-BR","@id":"https:\/\/www.blogsoestado.com\/danielmatos\/sebrae-inaugura-espaco-acredita-em-sao-luis-para-orientar-e-apoiar-empreendedores-com-relacao-ao-credito\/#primaryimage","url":"https:\/\/www.blogsoestado.com\/danielmatos\/wp-content\/uploads\/sites\/2\/2025\/12\/1004484766-1.png","contentUrl":"https:\/\/www.blogsoestado.com\/danielmatos\/wp-content\/uploads\/sites\/2\/2025\/12\/1004484766-1.png","width":1080,"height":803},{"@type":"BreadcrumbList","@id":"https:\/\/www.blogsoestado.com\/danielmatos\/sebrae-inaugura-espaco-acredita-em-sao-luis-para-orientar-e-apoiar-empreendedores-com-relacao-ao-credito\/#breadcrumb","itemListElement":[{"@type":"ListItem","position":1,"name":"In\u00edcio","item":"https:\/\/www.blogsoestado.com\/danielmatos\/"},{"@type":"ListItem","position":2,"name":"Sebrae inaugura &#8216;Espa\u00e7o Acredita&#8217; em S\u00e3o Lu\u00eds para orientar e apoiar empreendedores com rela\u00e7\u00e3o ao cr\u00e9dito"}]},{"@type":"WebSite","@id":"https:\/\/www.blogsoestado.com\/danielmatos\/#website","url":"https:\/\/www.blogsoestado.com\/danielmatos\/","name":"Daniel Matos","description":"","potentialAction":[{"@type":"SearchAction","target":{"@type":"EntryPoint","urlTemplate":"https:\/\/www.blogsoestado.com\/danielmatos\/?s={search_term_string}"},"query-input":{"@type":"PropertyValueSpecification","valueRequired":true,"valueName":"search_term_string"}}],"inLanguage":"pt-BR"},{"@type":"Person","@id":"https:\/\/www.blogsoestado.com\/danielmatos\/#\/schema\/person\/9a209d407cd45631f131e1285b661bb0","name":"Daniel Matos","image":{"@type":"ImageObject","inLanguage":"pt-BR","@id":"https:\/\/www.blogsoestado.com\/danielmatos\/#\/schema\/person\/image\/","url":"https:\/\/secure.gravatar.com\/avatar\/2f26c36ee355da19a257f0dfef43952a2588b324ca35d6719e859fe338ac0392?s=96&d=mm&r=g","contentUrl":"https:\/\/secure.gravatar.com\/avatar\/2f26c36ee355da19a257f0dfef43952a2588b324ca35d6719e859fe338ac0392?s=96&d=mm&r=g","caption":"Daniel Matos"},"url":"https:\/\/www.blogsoestado.com\/danielmatos\/author\/danielmatos\/"}]}},"jetpack_featured_media_url":"","_links":{"self":[{"href":"https:\/\/www.blogsoestado.com\/danielmatos\/wp-json\/wp\/v2\/posts\/152083","targetHints":{"allow":["GET"]}}],"collection":[{"href":"https:\/\/www.blogsoestado.com\/danielmatos\/wp-json\/wp\/v2\/posts"}],"about":[{"href":"https:\/\/www.blogsoestado.com\/danielmatos\/wp-json\/wp\/v2\/types\/post"}],"author":[{"embeddable":true,"href":"https:\/\/www.blogsoestado.com\/danielmatos\/wp-json\/wp\/v2\/users\/2"}],"replies":[{"embeddable":true,"href":"https:\/\/www.blogsoestado.com\/danielmatos\/wp-json\/wp\/v2\/comments?post=152083"}],"version-history":[{"count":1,"href":"https:\/\/www.blogsoestado.com\/danielmatos\/wp-json\/wp\/v2\/posts\/152083\/revisions"}],"predecessor-version":[{"id":152092,"href":"https:\/\/www.blogsoestado.com\/danielmatos\/wp-json\/wp\/v2\/posts\/152083\/revisions\/152092"}],"wp:attachment":[{"href":"https:\/\/www.blogsoestado.com\/danielmatos\/wp-json\/wp\/v2\/media?parent=152083"}],"wp:term":[{"taxonomy":"category","embeddable":true,"href":"https:\/\/www.blogsoestado.com\/danielmatos\/wp-json\/wp\/v2\/categories?post=152083"},{"taxonomy":"post_tag","embeddable":true,"href":"https:\/\/www.blogsoestado.com\/danielmatos\/wp-json\/wp\/v2\/tags?post=152083"}],"curies":[{"name":"wp","href":"https:\/\/api.w.org\/{rel}","templated":true}]}}