{"id":152093,"date":"2025-12-08T10:08:38","date_gmt":"2025-12-08T13:08:38","guid":{"rendered":"https:\/\/www.blogsoestado.com\/danielmatos\/?p=152093"},"modified":"2025-12-08T10:08:42","modified_gmt":"2025-12-08T13:08:42","slug":"corte-interamericana-dos-direitos-humanos-condena-brasil-por-violacoes-contra-quilombolas-em-alcantara-ma","status":"publish","type":"post","link":"https:\/\/www.blogsoestado.com\/danielmatos\/corte-interamericana-dos-direitos-humanos-condena-brasil-por-violacoes-contra-quilombolas-em-alcantara-ma\/","title":{"rendered":"Corte Interamericana dos Direitos Humanos condena Brasil por viola\u00e7\u00f5es contra quilombolas em Alc\u00e2ntara (MA)"},"content":{"rendered":"\n<p><strong><mark style=\"color:#cf2e2e\" class=\"has-inline-color\">Foram constatadas viola\u00e7\u00f5es aos direitos \u00e0 propriedade coletiva, bem como \u00e0s garantias e prote\u00e7\u00e3o judiciais, em preju\u00edzo das comunidades afrodescendentes<\/mark><\/strong><\/p>\n\n\n\n<figure class=\"wp-block-image aligncenter size-large\"><img fetchpriority=\"high\" decoding=\"async\" width=\"1024\" height=\"613\" src=\"https:\/\/www.blogsoestado.com\/danielmatos\/wp-content\/uploads\/sites\/2\/2025\/12\/1004485460-1024x613.webp\" alt=\"\" class=\"wp-image-152094\" srcset=\"https:\/\/www.blogsoestado.com\/danielmatos\/wp-content\/uploads\/sites\/2\/2025\/12\/1004485460-1024x613.webp 1024w, https:\/\/www.blogsoestado.com\/danielmatos\/wp-content\/uploads\/sites\/2\/2025\/12\/1004485460-300x179.webp 300w, https:\/\/www.blogsoestado.com\/danielmatos\/wp-content\/uploads\/sites\/2\/2025\/12\/1004485460-768x459.webp 768w, https:\/\/www.blogsoestado.com\/danielmatos\/wp-content\/uploads\/sites\/2\/2025\/12\/1004485460.webp 1170w\" sizes=\"(max-width: 1024px) 100vw, 1024px\" \/><figcaption class=\"wp-element-caption\">Comunidade quilombola, no munic\u00edpio de Alc\u00e2ntara, no Maranh\u00e3o<\/figcaption><\/figure>\n\n\n\n<p>A Corte Interamericana de Direitos Humanos (Corte IDH) proferiu senten\u00e7a, em 21 de novembro, na qual declarou que o Estado brasileiro \u00e9 respons\u00e1vel por viola\u00e7\u00f5es dos direitos humanos, ocorridas em 171 comunidades quilombolas localizadas no munic\u00edpio de Alc\u00e2ntara (MA), num processo de desapropria\u00e7\u00e3o de terrenos na d\u00e9cada de 1980. De acordo com a senten\u00e7a, o Estado \u00e9 respons\u00e1vel pela viola\u00e7\u00e3o dos direitos \u00e0 prote\u00e7\u00e3o da fam\u00edlia, \u00e0 propriedade coletiva, \u00e0 alimenta\u00e7\u00e3o e habita\u00e7\u00e3o adequadas, \u00e0 participa\u00e7\u00e3o na vida cultural e \u00e0 educa\u00e7\u00e3o, \u00e0 prote\u00e7\u00e3o e garantias judiciais.<\/p>\n\n\n\n<p>A Corte constatou que o Estado violou os direitos \u00e0 propriedade coletiva e \u00e0 livre circula\u00e7\u00e3o e resid\u00eancia por: (i) n\u00e3o cumprir sua obriga\u00e7\u00e3o de delimitar, demarcar, titular e desintruir o territ\u00f3rio das Comunidades Quilombolas de Alc\u00e2ntara; (ii) conceder t\u00edtulos individuais de propriedade em vez de reconhecer a propriedade coletiva em favor da comunidade; e, (iii) n\u00e3o cumprir seu dever de garantir o pleno uso e gozo do territ\u00f3rio coletivo por parte das comunidades. O Tribunal tamb\u00e9m declarou a responsabilidade do Estado por n\u00e3o cumprir sua obriga\u00e7\u00e3o de realizar uma consulta livre, pr\u00e9via e informada \u00e0s comunidades sobre medidas que iriam impact\u00e1-las.<\/p>\n\n\n\n<p>O Estado brasileiro reconheceu sua omiss\u00e3o na demarca\u00e7\u00e3o e titula\u00e7\u00e3o coletiva do territ\u00f3rio quilombola de Alc\u00e2ntara, na falta de recursos administrativos ou judiciais adequados e efetivos para a demarca\u00e7\u00e3o e titula\u00e7\u00e3o do territ\u00f3rio, bem como o atraso no processo de titula\u00e7\u00e3o do territ\u00f3rio quilombola.<\/p>\n\n\n\n<p><strong><a href=\"https:\/\/jurisprudencia.corteidh.or.cr\/pt_br\/vid\/1067534926\" target=\"_blank\" rel=\"noreferrer noopener\">Leia a senten\u00e7a completa<\/a><\/strong><\/p>\n\n\n\n<p><strong>Caso Comunidades Quilombolas de Alc\u00e2ntara<\/strong><\/p>\n\n\n\n<p>O Brasil foi denunciado \u00e0 Corte IDH por sistem\u00e1ticas viola\u00e7\u00f5es contra os quilombolas durante a constru\u00e7\u00e3o do projeto Centro de Lan\u00e7amento de Alc\u00e2ntara (CLA), da For\u00e7a A\u00e9rea Brasileira (FAB), na regi\u00e3o metropolitana de S\u00e3o Lu\u00eds (MA), na d\u00e9cada de 1980. Esta foi a primeira vez que o Brasil foi julgado por um caso envolvendo quilombolas.<\/p>\n\n\n\n<p>As viola\u00e7\u00f5es relatadas s\u00e3o resultado da instala\u00e7\u00e3o de uma base de lan\u00e7amento de foguetes da FAB e da omiss\u00e3o do Estado brasileiro em conferir os t\u00edtulos de propriedade definitiva para os quilombolas. Al\u00e9m das desapropria\u00e7\u00f5es e remo\u00e7\u00f5es for\u00e7adas, a perda do territ\u00f3rio abalou o direito \u00e0 cultura, alimenta\u00e7\u00e3o adequada, livre circula\u00e7\u00e3o, educa\u00e7\u00e3o, sa\u00fade, saneamento b\u00e1sico e transporte, afetando comunidades quilombolas.<\/p>\n\n\n\n<p><strong>Repara\u00e7\u00e3o<\/strong><\/p>\n\n\n\n<p>A Corte ordenou uma s\u00e9rie de medidas que o Estado brasileiro deve assumir, diante da senten\u00e7a enunciada:<br>&#8211; Adotar ou concluir as a\u00e7\u00f5es pertinentes para garantir o direito de propriedade coletiva a todas as comunidades, oferecendo-lhes um t\u00edtulo coletivo que reconhe\u00e7a os 78.105 hectares de seu territ\u00f3rio e adotando as medidas necess\u00e1rias para delimitar, demarcar e desintruir adequadamente a propriedade;<br>&#8211; Abster-se de realizar atos que, alheios ao funcionamento do CLA, possam permitir que agentes do pr\u00f3prio Estado ou terceiros, agindo com sua toler\u00e2ncia, possam afetar a exist\u00eancia, valor, uso ou gozo do territ\u00f3rio mencionado, em detrimento do acordado entre as partes;<br>&#8211; Instalar uma mesa de di\u00e1logo permanente em comum acordo com as comunidades;<br>&#8211; Realizar consultas pr\u00e9vias, livres e informadas;<br>&#8211; Realizar um ato p\u00fablico de reconhecimento de responsabilidade internacional;<br>&#8211; Pagar as quantias fixadas a t\u00edtulo de indeniza\u00e7\u00e3o por dano material e imaterial e pelo reembolso de custas e gastos.<\/p>\n\n\n\n<p><strong>Corte IDH<\/strong><\/p>\n\n\n\n<p>A Corte Interamericana de Direitos Humanos tem a fun\u00e7\u00e3o de aplicar a Conven\u00e7\u00e3o Americana sobre Direitos Humanos (CADH). O Brasil, como membro da Organiza\u00e7\u00e3o dos Estados Americanos (OEA) e Estado-parte da CADH, reconhece a compet\u00eancia da Corte para julgar casos de viola\u00e7\u00f5es de direitos humanos nos Estados-membros sob sua jurisdi\u00e7\u00e3o.<\/p>\n","protected":false},"excerpt":{"rendered":"<p>Foram constatadas viola\u00e7\u00f5es aos direitos \u00e0 propriedade coletiva, bem como \u00e0s garantias e prote\u00e7\u00e3o judiciais, em preju\u00edzo das comunidades afrodescendentes [&hellip;]<\/p>\n","protected":false},"author":2,"featured_media":0,"comment_status":"open","ping_status":"open","sticky":false,"template":"","format":"standard","meta":{"site-sidebar-layout":"default","site-content-layout":"","ast-site-content-layout":"default","site-content-style":"default","site-sidebar-style":"default","ast-global-header-display":"","ast-banner-title-visibility":"","ast-main-header-display":"","ast-hfb-above-header-display":"","ast-hfb-below-header-display":"","ast-hfb-mobile-header-display":"","site-post-title":"","ast-breadcrumbs-content":"","ast-featured-img":"","footer-sml-layout":"","ast-disable-related-posts":"","theme-transparent-header-meta":"","adv-header-id-meta":"","stick-header-meta":"","header-above-stick-meta":"","header-main-stick-meta":"","header-below-stick-meta":"","astra-migrate-meta-layouts":"default","ast-page-background-enabled":"default","ast-page-background-meta":{"desktop":{"background-color":"var(--ast-global-color-5)","background-image":"","background-repeat":"repeat","background-position":"center center","background-size":"auto","background-attachment":"scroll","background-type":"","background-media":"","overlay-type":"","overlay-color":"","overlay-opacity":"","overlay-gradient":""},"tablet":{"background-color":"","background-image":"","background-repeat":"repeat","background-position":"center center","background-size":"auto","background-attachment":"scroll","background-type":"","background-media":"","overlay-type":"","overlay-color":"","overlay-opacity":"","overlay-gradient":""},"mobile":{"background-color":"","background-image":"","background-repeat":"repeat","background-position":"center center","background-size":"auto","background-attachment":"scroll","background-type":"","background-media":"","overlay-type":"","overlay-color":"","overlay-opacity":"","overlay-gradient":""}},"ast-content-background-meta":{"desktop":{"background-color":"var(--ast-global-color-4)","background-image":"","background-repeat":"repeat","background-position":"center center","background-size":"auto","background-attachment":"scroll","background-type":"","background-media":"","overlay-type":"","overlay-color":"","overlay-opacity":"","overlay-gradient":""},"tablet":{"background-color":"var(--ast-global-color-4)","background-image":"","background-repeat":"repeat","background-position":"center center","background-size":"auto","background-attachment":"scroll","background-type":"","background-media":"","overlay-type":"","overlay-color":"","overlay-opacity":"","overlay-gradient":""},"mobile":{"background-color":"var(--ast-global-color-4)","background-image":"","background-repeat":"repeat","background-position":"center center","background-size":"auto","background-attachment":"scroll","background-type":"","background-media":"","overlay-type":"","overlay-color":"","overlay-opacity":"","overlay-gradient":""}},"footnotes":""},"categories":[1],"tags":[],"class_list":["post-152093","post","type-post","status-publish","format-standard","hentry","category-sem-categoria"],"yoast_head":"<!-- This site is optimized with the Yoast SEO plugin v26.6 - https:\/\/yoast.com\/wordpress\/plugins\/seo\/ -->\n<title>Corte Interamericana dos Direitos Humanos condena Brasil por viola\u00e7\u00f5es contra quilombolas em Alc\u00e2ntara (MA) - Daniel Matos<\/title>\n<meta name=\"robots\" content=\"index, follow, max-snippet:-1, max-image-preview:large, max-video-preview:-1\" \/>\n<link rel=\"canonical\" href=\"https:\/\/www.blogsoestado.com\/danielmatos\/corte-interamericana-dos-direitos-humanos-condena-brasil-por-violacoes-contra-quilombolas-em-alcantara-ma\/\" \/>\n<meta property=\"og:locale\" content=\"pt_BR\" \/>\n<meta property=\"og:type\" content=\"article\" \/>\n<meta property=\"og:title\" content=\"Corte Interamericana dos Direitos Humanos condena Brasil por viola\u00e7\u00f5es contra quilombolas em Alc\u00e2ntara (MA) - Daniel Matos\" \/>\n<meta property=\"og:description\" content=\"Foram constatadas viola\u00e7\u00f5es aos direitos \u00e0 propriedade coletiva, bem como \u00e0s garantias e prote\u00e7\u00e3o judiciais, em preju\u00edzo das comunidades afrodescendentes [&hellip;]\" \/>\n<meta property=\"og:url\" content=\"https:\/\/www.blogsoestado.com\/danielmatos\/corte-interamericana-dos-direitos-humanos-condena-brasil-por-violacoes-contra-quilombolas-em-alcantara-ma\/\" \/>\n<meta property=\"og:site_name\" content=\"Daniel Matos\" \/>\n<meta property=\"article:published_time\" content=\"2025-12-08T13:08:38+00:00\" \/>\n<meta property=\"article:modified_time\" content=\"2025-12-08T13:08:42+00:00\" \/>\n<meta property=\"og:image\" content=\"https:\/\/www.blogsoestado.com\/danielmatos\/wp-content\/uploads\/sites\/2\/2025\/12\/1004485460.webp\" \/>\n\t<meta property=\"og:image:width\" content=\"1170\" \/>\n\t<meta property=\"og:image:height\" content=\"700\" \/>\n\t<meta property=\"og:image:type\" content=\"image\/webp\" \/>\n<meta name=\"author\" content=\"Daniel Matos\" \/>\n<meta name=\"twitter:card\" content=\"summary_large_image\" \/>\n<meta name=\"twitter:label1\" content=\"Escrito por\" \/>\n\t<meta name=\"twitter:data1\" content=\"Daniel Matos\" \/>\n\t<meta name=\"twitter:label2\" content=\"Est. tempo de leitura\" \/>\n\t<meta name=\"twitter:data2\" content=\"4 minutos\" \/>\n<script type=\"application\/ld+json\" class=\"yoast-schema-graph\">{\"@context\":\"https:\/\/schema.org\",\"@graph\":[{\"@type\":\"WebPage\",\"@id\":\"https:\/\/www.blogsoestado.com\/danielmatos\/corte-interamericana-dos-direitos-humanos-condena-brasil-por-violacoes-contra-quilombolas-em-alcantara-ma\/\",\"url\":\"https:\/\/www.blogsoestado.com\/danielmatos\/corte-interamericana-dos-direitos-humanos-condena-brasil-por-violacoes-contra-quilombolas-em-alcantara-ma\/\",\"name\":\"Corte Interamericana dos Direitos Humanos condena Brasil por viola\u00e7\u00f5es contra quilombolas em Alc\u00e2ntara (MA) - Daniel Matos\",\"isPartOf\":{\"@id\":\"https:\/\/www.blogsoestado.com\/danielmatos\/#website\"},\"primaryImageOfPage\":{\"@id\":\"https:\/\/www.blogsoestado.com\/danielmatos\/corte-interamericana-dos-direitos-humanos-condena-brasil-por-violacoes-contra-quilombolas-em-alcantara-ma\/#primaryimage\"},\"image\":{\"@id\":\"https:\/\/www.blogsoestado.com\/danielmatos\/corte-interamericana-dos-direitos-humanos-condena-brasil-por-violacoes-contra-quilombolas-em-alcantara-ma\/#primaryimage\"},\"thumbnailUrl\":\"https:\/\/www.blogsoestado.com\/danielmatos\/wp-content\/uploads\/sites\/2\/2025\/12\/1004485460-1024x613.webp\",\"datePublished\":\"2025-12-08T13:08:38+00:00\",\"dateModified\":\"2025-12-08T13:08:42+00:00\",\"author\":{\"@id\":\"https:\/\/www.blogsoestado.com\/danielmatos\/#\/schema\/person\/9a209d407cd45631f131e1285b661bb0\"},\"breadcrumb\":{\"@id\":\"https:\/\/www.blogsoestado.com\/danielmatos\/corte-interamericana-dos-direitos-humanos-condena-brasil-por-violacoes-contra-quilombolas-em-alcantara-ma\/#breadcrumb\"},\"inLanguage\":\"pt-BR\",\"potentialAction\":[{\"@type\":\"ReadAction\",\"target\":[\"https:\/\/www.blogsoestado.com\/danielmatos\/corte-interamericana-dos-direitos-humanos-condena-brasil-por-violacoes-contra-quilombolas-em-alcantara-ma\/\"]}]},{\"@type\":\"ImageObject\",\"inLanguage\":\"pt-BR\",\"@id\":\"https:\/\/www.blogsoestado.com\/danielmatos\/corte-interamericana-dos-direitos-humanos-condena-brasil-por-violacoes-contra-quilombolas-em-alcantara-ma\/#primaryimage\",\"url\":\"https:\/\/www.blogsoestado.com\/danielmatos\/wp-content\/uploads\/sites\/2\/2025\/12\/1004485460.webp\",\"contentUrl\":\"https:\/\/www.blogsoestado.com\/danielmatos\/wp-content\/uploads\/sites\/2\/2025\/12\/1004485460.webp\",\"width\":1170,\"height\":700},{\"@type\":\"BreadcrumbList\",\"@id\":\"https:\/\/www.blogsoestado.com\/danielmatos\/corte-interamericana-dos-direitos-humanos-condena-brasil-por-violacoes-contra-quilombolas-em-alcantara-ma\/#breadcrumb\",\"itemListElement\":[{\"@type\":\"ListItem\",\"position\":1,\"name\":\"In\u00edcio\",\"item\":\"https:\/\/www.blogsoestado.com\/danielmatos\/\"},{\"@type\":\"ListItem\",\"position\":2,\"name\":\"Corte Interamericana dos Direitos Humanos condena Brasil por viola\u00e7\u00f5es contra quilombolas em Alc\u00e2ntara (MA)\"}]},{\"@type\":\"WebSite\",\"@id\":\"https:\/\/www.blogsoestado.com\/danielmatos\/#website\",\"url\":\"https:\/\/www.blogsoestado.com\/danielmatos\/\",\"name\":\"Daniel Matos\",\"description\":\"\",\"potentialAction\":[{\"@type\":\"SearchAction\",\"target\":{\"@type\":\"EntryPoint\",\"urlTemplate\":\"https:\/\/www.blogsoestado.com\/danielmatos\/?s={search_term_string}\"},\"query-input\":{\"@type\":\"PropertyValueSpecification\",\"valueRequired\":true,\"valueName\":\"search_term_string\"}}],\"inLanguage\":\"pt-BR\"},{\"@type\":\"Person\",\"@id\":\"https:\/\/www.blogsoestado.com\/danielmatos\/#\/schema\/person\/9a209d407cd45631f131e1285b661bb0\",\"name\":\"Daniel Matos\",\"image\":{\"@type\":\"ImageObject\",\"inLanguage\":\"pt-BR\",\"@id\":\"https:\/\/www.blogsoestado.com\/danielmatos\/#\/schema\/person\/image\/\",\"url\":\"https:\/\/secure.gravatar.com\/avatar\/2f26c36ee355da19a257f0dfef43952a2588b324ca35d6719e859fe338ac0392?s=96&d=mm&r=g\",\"contentUrl\":\"https:\/\/secure.gravatar.com\/avatar\/2f26c36ee355da19a257f0dfef43952a2588b324ca35d6719e859fe338ac0392?s=96&d=mm&r=g\",\"caption\":\"Daniel Matos\"},\"url\":\"https:\/\/www.blogsoestado.com\/danielmatos\/author\/danielmatos\/\"}]}<\/script>\n<!-- \/ Yoast SEO plugin. -->","yoast_head_json":{"title":"Corte Interamericana dos Direitos Humanos condena Brasil por viola\u00e7\u00f5es contra quilombolas em Alc\u00e2ntara (MA) - Daniel Matos","robots":{"index":"index","follow":"follow","max-snippet":"max-snippet:-1","max-image-preview":"max-image-preview:large","max-video-preview":"max-video-preview:-1"},"canonical":"https:\/\/www.blogsoestado.com\/danielmatos\/corte-interamericana-dos-direitos-humanos-condena-brasil-por-violacoes-contra-quilombolas-em-alcantara-ma\/","og_locale":"pt_BR","og_type":"article","og_title":"Corte Interamericana dos Direitos Humanos condena Brasil por viola\u00e7\u00f5es contra quilombolas em Alc\u00e2ntara (MA) - Daniel Matos","og_description":"Foram constatadas viola\u00e7\u00f5es aos direitos \u00e0 propriedade coletiva, bem como \u00e0s garantias e prote\u00e7\u00e3o judiciais, em preju\u00edzo das comunidades afrodescendentes [&hellip;]","og_url":"https:\/\/www.blogsoestado.com\/danielmatos\/corte-interamericana-dos-direitos-humanos-condena-brasil-por-violacoes-contra-quilombolas-em-alcantara-ma\/","og_site_name":"Daniel Matos","article_published_time":"2025-12-08T13:08:38+00:00","article_modified_time":"2025-12-08T13:08:42+00:00","og_image":[{"width":1170,"height":700,"url":"https:\/\/www.blogsoestado.com\/danielmatos\/wp-content\/uploads\/sites\/2\/2025\/12\/1004485460.webp","type":"image\/webp"}],"author":"Daniel Matos","twitter_card":"summary_large_image","twitter_misc":{"Escrito por":"Daniel Matos","Est. tempo de leitura":"4 minutos"},"schema":{"@context":"https:\/\/schema.org","@graph":[{"@type":"WebPage","@id":"https:\/\/www.blogsoestado.com\/danielmatos\/corte-interamericana-dos-direitos-humanos-condena-brasil-por-violacoes-contra-quilombolas-em-alcantara-ma\/","url":"https:\/\/www.blogsoestado.com\/danielmatos\/corte-interamericana-dos-direitos-humanos-condena-brasil-por-violacoes-contra-quilombolas-em-alcantara-ma\/","name":"Corte Interamericana dos Direitos Humanos condena Brasil por viola\u00e7\u00f5es contra quilombolas em Alc\u00e2ntara (MA) - Daniel Matos","isPartOf":{"@id":"https:\/\/www.blogsoestado.com\/danielmatos\/#website"},"primaryImageOfPage":{"@id":"https:\/\/www.blogsoestado.com\/danielmatos\/corte-interamericana-dos-direitos-humanos-condena-brasil-por-violacoes-contra-quilombolas-em-alcantara-ma\/#primaryimage"},"image":{"@id":"https:\/\/www.blogsoestado.com\/danielmatos\/corte-interamericana-dos-direitos-humanos-condena-brasil-por-violacoes-contra-quilombolas-em-alcantara-ma\/#primaryimage"},"thumbnailUrl":"https:\/\/www.blogsoestado.com\/danielmatos\/wp-content\/uploads\/sites\/2\/2025\/12\/1004485460-1024x613.webp","datePublished":"2025-12-08T13:08:38+00:00","dateModified":"2025-12-08T13:08:42+00:00","author":{"@id":"https:\/\/www.blogsoestado.com\/danielmatos\/#\/schema\/person\/9a209d407cd45631f131e1285b661bb0"},"breadcrumb":{"@id":"https:\/\/www.blogsoestado.com\/danielmatos\/corte-interamericana-dos-direitos-humanos-condena-brasil-por-violacoes-contra-quilombolas-em-alcantara-ma\/#breadcrumb"},"inLanguage":"pt-BR","potentialAction":[{"@type":"ReadAction","target":["https:\/\/www.blogsoestado.com\/danielmatos\/corte-interamericana-dos-direitos-humanos-condena-brasil-por-violacoes-contra-quilombolas-em-alcantara-ma\/"]}]},{"@type":"ImageObject","inLanguage":"pt-BR","@id":"https:\/\/www.blogsoestado.com\/danielmatos\/corte-interamericana-dos-direitos-humanos-condena-brasil-por-violacoes-contra-quilombolas-em-alcantara-ma\/#primaryimage","url":"https:\/\/www.blogsoestado.com\/danielmatos\/wp-content\/uploads\/sites\/2\/2025\/12\/1004485460.webp","contentUrl":"https:\/\/www.blogsoestado.com\/danielmatos\/wp-content\/uploads\/sites\/2\/2025\/12\/1004485460.webp","width":1170,"height":700},{"@type":"BreadcrumbList","@id":"https:\/\/www.blogsoestado.com\/danielmatos\/corte-interamericana-dos-direitos-humanos-condena-brasil-por-violacoes-contra-quilombolas-em-alcantara-ma\/#breadcrumb","itemListElement":[{"@type":"ListItem","position":1,"name":"In\u00edcio","item":"https:\/\/www.blogsoestado.com\/danielmatos\/"},{"@type":"ListItem","position":2,"name":"Corte Interamericana dos Direitos Humanos condena Brasil por viola\u00e7\u00f5es contra quilombolas em Alc\u00e2ntara (MA)"}]},{"@type":"WebSite","@id":"https:\/\/www.blogsoestado.com\/danielmatos\/#website","url":"https:\/\/www.blogsoestado.com\/danielmatos\/","name":"Daniel Matos","description":"","potentialAction":[{"@type":"SearchAction","target":{"@type":"EntryPoint","urlTemplate":"https:\/\/www.blogsoestado.com\/danielmatos\/?s={search_term_string}"},"query-input":{"@type":"PropertyValueSpecification","valueRequired":true,"valueName":"search_term_string"}}],"inLanguage":"pt-BR"},{"@type":"Person","@id":"https:\/\/www.blogsoestado.com\/danielmatos\/#\/schema\/person\/9a209d407cd45631f131e1285b661bb0","name":"Daniel Matos","image":{"@type":"ImageObject","inLanguage":"pt-BR","@id":"https:\/\/www.blogsoestado.com\/danielmatos\/#\/schema\/person\/image\/","url":"https:\/\/secure.gravatar.com\/avatar\/2f26c36ee355da19a257f0dfef43952a2588b324ca35d6719e859fe338ac0392?s=96&d=mm&r=g","contentUrl":"https:\/\/secure.gravatar.com\/avatar\/2f26c36ee355da19a257f0dfef43952a2588b324ca35d6719e859fe338ac0392?s=96&d=mm&r=g","caption":"Daniel Matos"},"url":"https:\/\/www.blogsoestado.com\/danielmatos\/author\/danielmatos\/"}]}},"jetpack_featured_media_url":"","_links":{"self":[{"href":"https:\/\/www.blogsoestado.com\/danielmatos\/wp-json\/wp\/v2\/posts\/152093","targetHints":{"allow":["GET"]}}],"collection":[{"href":"https:\/\/www.blogsoestado.com\/danielmatos\/wp-json\/wp\/v2\/posts"}],"about":[{"href":"https:\/\/www.blogsoestado.com\/danielmatos\/wp-json\/wp\/v2\/types\/post"}],"author":[{"embeddable":true,"href":"https:\/\/www.blogsoestado.com\/danielmatos\/wp-json\/wp\/v2\/users\/2"}],"replies":[{"embeddable":true,"href":"https:\/\/www.blogsoestado.com\/danielmatos\/wp-json\/wp\/v2\/comments?post=152093"}],"version-history":[{"count":1,"href":"https:\/\/www.blogsoestado.com\/danielmatos\/wp-json\/wp\/v2\/posts\/152093\/revisions"}],"predecessor-version":[{"id":152095,"href":"https:\/\/www.blogsoestado.com\/danielmatos\/wp-json\/wp\/v2\/posts\/152093\/revisions\/152095"}],"wp:attachment":[{"href":"https:\/\/www.blogsoestado.com\/danielmatos\/wp-json\/wp\/v2\/media?parent=152093"}],"wp:term":[{"taxonomy":"category","embeddable":true,"href":"https:\/\/www.blogsoestado.com\/danielmatos\/wp-json\/wp\/v2\/categories?post=152093"},{"taxonomy":"post_tag","embeddable":true,"href":"https:\/\/www.blogsoestado.com\/danielmatos\/wp-json\/wp\/v2\/tags?post=152093"}],"curies":[{"name":"wp","href":"https:\/\/api.w.org\/{rel}","templated":true}]}}