{"id":152096,"date":"2025-12-08T11:06:46","date_gmt":"2025-12-08T14:06:46","guid":{"rendered":"https:\/\/www.blogsoestado.com\/danielmatos\/?p=152096"},"modified":"2025-12-08T11:06:53","modified_gmt":"2025-12-08T14:06:53","slug":"julio-filho-prestigia-os-25-anos-do-impacto-abencoando-vidas","status":"publish","type":"post","link":"https:\/\/www.blogsoestado.com\/danielmatos\/julio-filho-prestigia-os-25-anos-do-impacto-abencoando-vidas\/","title":{"rendered":"J\u00falio Filho prestigia os 25 anos do \u201cImpacto Aben\u00e7oando Vidas\u201d"},"content":{"rendered":"\n<figure class=\"wp-block-image aligncenter size-large\"><img fetchpriority=\"high\" decoding=\"async\" width=\"731\" height=\"1024\" src=\"https:\/\/www.blogsoestado.com\/danielmatos\/wp-content\/uploads\/sites\/2\/2025\/12\/1004485963-731x1024.jpg\" alt=\"\" class=\"wp-image-152097\" srcset=\"https:\/\/www.blogsoestado.com\/danielmatos\/wp-content\/uploads\/sites\/2\/2025\/12\/1004485963-731x1024.jpg 731w, https:\/\/www.blogsoestado.com\/danielmatos\/wp-content\/uploads\/sites\/2\/2025\/12\/1004485963-214x300.jpg 214w, https:\/\/www.blogsoestado.com\/danielmatos\/wp-content\/uploads\/sites\/2\/2025\/12\/1004485963-768x1076.jpg 768w, https:\/\/www.blogsoestado.com\/danielmatos\/wp-content\/uploads\/sites\/2\/2025\/12\/1004485963.jpg 864w\" sizes=\"(max-width: 731px) 100vw, 731px\" \/><figcaption class=\"wp-element-caption\">O pr\u00e9-candidato a deputado estadual J\u00falio Filho marcou presen\u00e7a na celebra\u00e7\u00e3o dos 25 anos do \u201cImpacto Aben\u00e7oando Vidas\u201d, evento evang\u00e9lico realizado no bairro do Cohatrac<\/figcaption><\/figure>\n\n\n\n<p>O pr\u00e9-candidato a deputado estadual J\u00falio Filho, no \u00faltimo domingo (7), marcou presen\u00e7a na celebra\u00e7\u00e3o dos 25 anos do \u201cImpacto Aben\u00e7oando Vidas\u201d. O evento evang\u00e9lico foi realizado em S\u00e3o Lu\u00eds, no bairro do Cohatrac.<\/p>\n\n\n\n<p>Conduzido pelo Pastor Jo\u00e1s Albuquerque, o evento reuniu fi\u00e9is e lideran\u00e7as em um momento de f\u00e9 e gratid\u00e3o, sendo considerado um dos mais importantes da comunidade evang\u00e9lica local.<\/p>\n\n\n\n<p>Durante a celebra\u00e7\u00e3o, J\u00falio Filho destacou o papel do Impacto na transforma\u00e7\u00e3o de vidas e no fortalecimento da espiritualidade na cidade. \u201c\u00c9 uma grande satisfa\u00e7\u00e3o participar deste evento t\u00e3o enriquecedor. Estar aqui cercado de pessoas de f\u00e9 \u00e9, para mim, uma d\u00e1diva. Quero agradecer aos organizadores deste maravilhoso encontro de f\u00e9 e uni\u00e3o\u201d, declarou.<\/p>\n\n\n\n<p>A participa\u00e7\u00e3o de J\u00falio Filho refor\u00e7a seu compromisso com projetos comunit\u00e1rios que promovem uni\u00e3o, f\u00e9 e desenvolvimento humano. O evento contou tamb\u00e9m com o apoio do deputado federal Cleber Verde e do vereador de S\u00e3o Lu\u00eds Cleber Verde Filho.<\/p>\n","protected":false},"excerpt":{"rendered":"<p>O pr\u00e9-candidato a deputado estadual J\u00falio Filho, no \u00faltimo domingo (7), marcou presen\u00e7a na celebra\u00e7\u00e3o dos 25 anos do \u201cImpacto [&hellip;]<\/p>\n","protected":false},"author":2,"featured_media":0,"comment_status":"open","ping_status":"open","sticky":false,"template":"","format":"standard","meta":{"site-sidebar-layout":"default","site-content-layout":"","ast-site-content-layout":"default","site-content-style":"default","site-sidebar-style":"default","ast-global-header-display":"","ast-banner-title-visibility":"","ast-main-header-display":"","ast-hfb-above-header-display":"","ast-hfb-below-header-display":"","ast-hfb-mobile-header-display":"","site-post-title":"","ast-breadcrumbs-content":"","ast-featured-img":"","footer-sml-layout":"","ast-disable-related-posts":"","theme-transparent-header-meta":"","adv-header-id-meta":"","stick-header-meta":"","header-above-stick-meta":"","header-main-stick-meta":"","header-below-stick-meta":"","astra-migrate-meta-layouts":"default","ast-page-background-enabled":"default","ast-page-background-meta":{"desktop":{"background-color":"var(--ast-global-color-5)","background-image":"","background-repeat":"repeat","background-position":"center center","background-size":"auto","background-attachment":"scroll","background-type":"","background-media":"","overlay-type":"","overlay-color":"","overlay-opacity":"","overlay-gradient":""},"tablet":{"background-color":"","background-image":"","background-repeat":"repeat","background-position":"center center","background-size":"auto","background-attachment":"scroll","background-type":"","background-media":"","overlay-type":"","overlay-color":"","overlay-opacity":"","overlay-gradient":""},"mobile":{"background-color":"","background-image":"","background-repeat":"repeat","background-position":"center center","background-size":"auto","background-attachment":"scroll","background-type":"","background-media":"","overlay-type":"","overlay-color":"","overlay-opacity":"","overlay-gradient":""}},"ast-content-background-meta":{"desktop":{"background-color":"var(--ast-global-color-4)","background-image":"","background-repeat":"repeat","background-position":"center center","background-size":"auto","background-attachment":"scroll","background-type":"","background-media":"","overlay-type":"","overlay-color":"","overlay-opacity":"","overlay-gradient":""},"tablet":{"background-color":"var(--ast-global-color-4)","background-image":"","background-repeat":"repeat","background-position":"center center","background-size":"auto","background-attachment":"scroll","background-type":"","background-media":"","overlay-type":"","overlay-color":"","overlay-opacity":"","overlay-gradient":""},"mobile":{"background-color":"var(--ast-global-color-4)","background-image":"","background-repeat":"repeat","background-position":"center center","background-size":"auto","background-attachment":"scroll","background-type":"","background-media":"","overlay-type":"","overlay-color":"","overlay-opacity":"","overlay-gradient":""}},"footnotes":""},"categories":[1],"tags":[],"class_list":["post-152096","post","type-post","status-publish","format-standard","hentry","category-sem-categoria"],"yoast_head":"<!-- This site is optimized with the Yoast SEO plugin v26.6 - https:\/\/yoast.com\/wordpress\/plugins\/seo\/ -->\n<title>J\u00falio Filho prestigia os 25 anos do \u201cImpacto Aben\u00e7oando Vidas\u201d - Daniel Matos<\/title>\n<meta name=\"robots\" content=\"index, follow, max-snippet:-1, max-image-preview:large, max-video-preview:-1\" \/>\n<link rel=\"canonical\" href=\"https:\/\/www.blogsoestado.com\/danielmatos\/julio-filho-prestigia-os-25-anos-do-impacto-abencoando-vidas\/\" \/>\n<meta property=\"og:locale\" content=\"pt_BR\" \/>\n<meta property=\"og:type\" content=\"article\" \/>\n<meta property=\"og:title\" content=\"J\u00falio Filho prestigia os 25 anos do \u201cImpacto Aben\u00e7oando Vidas\u201d - Daniel Matos\" \/>\n<meta property=\"og:description\" content=\"O pr\u00e9-candidato a deputado estadual J\u00falio Filho, no \u00faltimo domingo (7), marcou presen\u00e7a na celebra\u00e7\u00e3o dos 25 anos do \u201cImpacto [&hellip;]\" \/>\n<meta property=\"og:url\" content=\"https:\/\/www.blogsoestado.com\/danielmatos\/julio-filho-prestigia-os-25-anos-do-impacto-abencoando-vidas\/\" \/>\n<meta property=\"og:site_name\" content=\"Daniel Matos\" \/>\n<meta property=\"article:published_time\" content=\"2025-12-08T14:06:46+00:00\" \/>\n<meta property=\"article:modified_time\" content=\"2025-12-08T14:06:53+00:00\" \/>\n<meta property=\"og:image\" content=\"https:\/\/www.blogsoestado.com\/danielmatos\/wp-content\/uploads\/sites\/2\/2025\/12\/1004485963.jpg\" \/>\n\t<meta property=\"og:image:width\" content=\"864\" \/>\n\t<meta property=\"og:image:height\" content=\"1211\" \/>\n\t<meta property=\"og:image:type\" content=\"image\/jpeg\" \/>\n<meta name=\"author\" content=\"Daniel Matos\" \/>\n<meta name=\"twitter:card\" content=\"summary_large_image\" \/>\n<meta name=\"twitter:label1\" content=\"Escrito por\" \/>\n\t<meta name=\"twitter:data1\" content=\"Daniel Matos\" \/>\n\t<meta name=\"twitter:label2\" content=\"Est. tempo de leitura\" \/>\n\t<meta name=\"twitter:data2\" content=\"2 minutos\" \/>\n<script type=\"application\/ld+json\" class=\"yoast-schema-graph\">{\"@context\":\"https:\/\/schema.org\",\"@graph\":[{\"@type\":\"WebPage\",\"@id\":\"https:\/\/www.blogsoestado.com\/danielmatos\/julio-filho-prestigia-os-25-anos-do-impacto-abencoando-vidas\/\",\"url\":\"https:\/\/www.blogsoestado.com\/danielmatos\/julio-filho-prestigia-os-25-anos-do-impacto-abencoando-vidas\/\",\"name\":\"J\u00falio Filho prestigia os 25 anos do \u201cImpacto Aben\u00e7oando Vidas\u201d - Daniel Matos\",\"isPartOf\":{\"@id\":\"https:\/\/www.blogsoestado.com\/danielmatos\/#website\"},\"primaryImageOfPage\":{\"@id\":\"https:\/\/www.blogsoestado.com\/danielmatos\/julio-filho-prestigia-os-25-anos-do-impacto-abencoando-vidas\/#primaryimage\"},\"image\":{\"@id\":\"https:\/\/www.blogsoestado.com\/danielmatos\/julio-filho-prestigia-os-25-anos-do-impacto-abencoando-vidas\/#primaryimage\"},\"thumbnailUrl\":\"https:\/\/www.blogsoestado.com\/danielmatos\/wp-content\/uploads\/sites\/2\/2025\/12\/1004485963-731x1024.jpg\",\"datePublished\":\"2025-12-08T14:06:46+00:00\",\"dateModified\":\"2025-12-08T14:06:53+00:00\",\"author\":{\"@id\":\"https:\/\/www.blogsoestado.com\/danielmatos\/#\/schema\/person\/9a209d407cd45631f131e1285b661bb0\"},\"breadcrumb\":{\"@id\":\"https:\/\/www.blogsoestado.com\/danielmatos\/julio-filho-prestigia-os-25-anos-do-impacto-abencoando-vidas\/#breadcrumb\"},\"inLanguage\":\"pt-BR\",\"potentialAction\":[{\"@type\":\"ReadAction\",\"target\":[\"https:\/\/www.blogsoestado.com\/danielmatos\/julio-filho-prestigia-os-25-anos-do-impacto-abencoando-vidas\/\"]}]},{\"@type\":\"ImageObject\",\"inLanguage\":\"pt-BR\",\"@id\":\"https:\/\/www.blogsoestado.com\/danielmatos\/julio-filho-prestigia-os-25-anos-do-impacto-abencoando-vidas\/#primaryimage\",\"url\":\"https:\/\/www.blogsoestado.com\/danielmatos\/wp-content\/uploads\/sites\/2\/2025\/12\/1004485963.jpg\",\"contentUrl\":\"https:\/\/www.blogsoestado.com\/danielmatos\/wp-content\/uploads\/sites\/2\/2025\/12\/1004485963.jpg\",\"width\":864,\"height\":1211},{\"@type\":\"BreadcrumbList\",\"@id\":\"https:\/\/www.blogsoestado.com\/danielmatos\/julio-filho-prestigia-os-25-anos-do-impacto-abencoando-vidas\/#breadcrumb\",\"itemListElement\":[{\"@type\":\"ListItem\",\"position\":1,\"name\":\"In\u00edcio\",\"item\":\"https:\/\/www.blogsoestado.com\/danielmatos\/\"},{\"@type\":\"ListItem\",\"position\":2,\"name\":\"J\u00falio Filho prestigia os 25 anos do \u201cImpacto Aben\u00e7oando Vidas\u201d\"}]},{\"@type\":\"WebSite\",\"@id\":\"https:\/\/www.blogsoestado.com\/danielmatos\/#website\",\"url\":\"https:\/\/www.blogsoestado.com\/danielmatos\/\",\"name\":\"Daniel Matos\",\"description\":\"\",\"potentialAction\":[{\"@type\":\"SearchAction\",\"target\":{\"@type\":\"EntryPoint\",\"urlTemplate\":\"https:\/\/www.blogsoestado.com\/danielmatos\/?s={search_term_string}\"},\"query-input\":{\"@type\":\"PropertyValueSpecification\",\"valueRequired\":true,\"valueName\":\"search_term_string\"}}],\"inLanguage\":\"pt-BR\"},{\"@type\":\"Person\",\"@id\":\"https:\/\/www.blogsoestado.com\/danielmatos\/#\/schema\/person\/9a209d407cd45631f131e1285b661bb0\",\"name\":\"Daniel Matos\",\"image\":{\"@type\":\"ImageObject\",\"inLanguage\":\"pt-BR\",\"@id\":\"https:\/\/www.blogsoestado.com\/danielmatos\/#\/schema\/person\/image\/\",\"url\":\"https:\/\/secure.gravatar.com\/avatar\/2f26c36ee355da19a257f0dfef43952a2588b324ca35d6719e859fe338ac0392?s=96&d=mm&r=g\",\"contentUrl\":\"https:\/\/secure.gravatar.com\/avatar\/2f26c36ee355da19a257f0dfef43952a2588b324ca35d6719e859fe338ac0392?s=96&d=mm&r=g\",\"caption\":\"Daniel Matos\"},\"url\":\"https:\/\/www.blogsoestado.com\/danielmatos\/author\/danielmatos\/\"}]}<\/script>\n<!-- \/ Yoast SEO plugin. -->","yoast_head_json":{"title":"J\u00falio Filho prestigia os 25 anos do \u201cImpacto Aben\u00e7oando Vidas\u201d - Daniel Matos","robots":{"index":"index","follow":"follow","max-snippet":"max-snippet:-1","max-image-preview":"max-image-preview:large","max-video-preview":"max-video-preview:-1"},"canonical":"https:\/\/www.blogsoestado.com\/danielmatos\/julio-filho-prestigia-os-25-anos-do-impacto-abencoando-vidas\/","og_locale":"pt_BR","og_type":"article","og_title":"J\u00falio Filho prestigia os 25 anos do \u201cImpacto Aben\u00e7oando Vidas\u201d - Daniel Matos","og_description":"O pr\u00e9-candidato a deputado estadual J\u00falio Filho, no \u00faltimo domingo (7), marcou presen\u00e7a na celebra\u00e7\u00e3o dos 25 anos do \u201cImpacto [&hellip;]","og_url":"https:\/\/www.blogsoestado.com\/danielmatos\/julio-filho-prestigia-os-25-anos-do-impacto-abencoando-vidas\/","og_site_name":"Daniel Matos","article_published_time":"2025-12-08T14:06:46+00:00","article_modified_time":"2025-12-08T14:06:53+00:00","og_image":[{"width":864,"height":1211,"url":"https:\/\/www.blogsoestado.com\/danielmatos\/wp-content\/uploads\/sites\/2\/2025\/12\/1004485963.jpg","type":"image\/jpeg"}],"author":"Daniel Matos","twitter_card":"summary_large_image","twitter_misc":{"Escrito por":"Daniel Matos","Est. tempo de leitura":"2 minutos"},"schema":{"@context":"https:\/\/schema.org","@graph":[{"@type":"WebPage","@id":"https:\/\/www.blogsoestado.com\/danielmatos\/julio-filho-prestigia-os-25-anos-do-impacto-abencoando-vidas\/","url":"https:\/\/www.blogsoestado.com\/danielmatos\/julio-filho-prestigia-os-25-anos-do-impacto-abencoando-vidas\/","name":"J\u00falio Filho prestigia os 25 anos do \u201cImpacto Aben\u00e7oando Vidas\u201d - Daniel Matos","isPartOf":{"@id":"https:\/\/www.blogsoestado.com\/danielmatos\/#website"},"primaryImageOfPage":{"@id":"https:\/\/www.blogsoestado.com\/danielmatos\/julio-filho-prestigia-os-25-anos-do-impacto-abencoando-vidas\/#primaryimage"},"image":{"@id":"https:\/\/www.blogsoestado.com\/danielmatos\/julio-filho-prestigia-os-25-anos-do-impacto-abencoando-vidas\/#primaryimage"},"thumbnailUrl":"https:\/\/www.blogsoestado.com\/danielmatos\/wp-content\/uploads\/sites\/2\/2025\/12\/1004485963-731x1024.jpg","datePublished":"2025-12-08T14:06:46+00:00","dateModified":"2025-12-08T14:06:53+00:00","author":{"@id":"https:\/\/www.blogsoestado.com\/danielmatos\/#\/schema\/person\/9a209d407cd45631f131e1285b661bb0"},"breadcrumb":{"@id":"https:\/\/www.blogsoestado.com\/danielmatos\/julio-filho-prestigia-os-25-anos-do-impacto-abencoando-vidas\/#breadcrumb"},"inLanguage":"pt-BR","potentialAction":[{"@type":"ReadAction","target":["https:\/\/www.blogsoestado.com\/danielmatos\/julio-filho-prestigia-os-25-anos-do-impacto-abencoando-vidas\/"]}]},{"@type":"ImageObject","inLanguage":"pt-BR","@id":"https:\/\/www.blogsoestado.com\/danielmatos\/julio-filho-prestigia-os-25-anos-do-impacto-abencoando-vidas\/#primaryimage","url":"https:\/\/www.blogsoestado.com\/danielmatos\/wp-content\/uploads\/sites\/2\/2025\/12\/1004485963.jpg","contentUrl":"https:\/\/www.blogsoestado.com\/danielmatos\/wp-content\/uploads\/sites\/2\/2025\/12\/1004485963.jpg","width":864,"height":1211},{"@type":"BreadcrumbList","@id":"https:\/\/www.blogsoestado.com\/danielmatos\/julio-filho-prestigia-os-25-anos-do-impacto-abencoando-vidas\/#breadcrumb","itemListElement":[{"@type":"ListItem","position":1,"name":"In\u00edcio","item":"https:\/\/www.blogsoestado.com\/danielmatos\/"},{"@type":"ListItem","position":2,"name":"J\u00falio Filho prestigia os 25 anos do \u201cImpacto Aben\u00e7oando Vidas\u201d"}]},{"@type":"WebSite","@id":"https:\/\/www.blogsoestado.com\/danielmatos\/#website","url":"https:\/\/www.blogsoestado.com\/danielmatos\/","name":"Daniel Matos","description":"","potentialAction":[{"@type":"SearchAction","target":{"@type":"EntryPoint","urlTemplate":"https:\/\/www.blogsoestado.com\/danielmatos\/?s={search_term_string}"},"query-input":{"@type":"PropertyValueSpecification","valueRequired":true,"valueName":"search_term_string"}}],"inLanguage":"pt-BR"},{"@type":"Person","@id":"https:\/\/www.blogsoestado.com\/danielmatos\/#\/schema\/person\/9a209d407cd45631f131e1285b661bb0","name":"Daniel Matos","image":{"@type":"ImageObject","inLanguage":"pt-BR","@id":"https:\/\/www.blogsoestado.com\/danielmatos\/#\/schema\/person\/image\/","url":"https:\/\/secure.gravatar.com\/avatar\/2f26c36ee355da19a257f0dfef43952a2588b324ca35d6719e859fe338ac0392?s=96&d=mm&r=g","contentUrl":"https:\/\/secure.gravatar.com\/avatar\/2f26c36ee355da19a257f0dfef43952a2588b324ca35d6719e859fe338ac0392?s=96&d=mm&r=g","caption":"Daniel Matos"},"url":"https:\/\/www.blogsoestado.com\/danielmatos\/author\/danielmatos\/"}]}},"jetpack_featured_media_url":"","_links":{"self":[{"href":"https:\/\/www.blogsoestado.com\/danielmatos\/wp-json\/wp\/v2\/posts\/152096","targetHints":{"allow":["GET"]}}],"collection":[{"href":"https:\/\/www.blogsoestado.com\/danielmatos\/wp-json\/wp\/v2\/posts"}],"about":[{"href":"https:\/\/www.blogsoestado.com\/danielmatos\/wp-json\/wp\/v2\/types\/post"}],"author":[{"embeddable":true,"href":"https:\/\/www.blogsoestado.com\/danielmatos\/wp-json\/wp\/v2\/users\/2"}],"replies":[{"embeddable":true,"href":"https:\/\/www.blogsoestado.com\/danielmatos\/wp-json\/wp\/v2\/comments?post=152096"}],"version-history":[{"count":1,"href":"https:\/\/www.blogsoestado.com\/danielmatos\/wp-json\/wp\/v2\/posts\/152096\/revisions"}],"predecessor-version":[{"id":152098,"href":"https:\/\/www.blogsoestado.com\/danielmatos\/wp-json\/wp\/v2\/posts\/152096\/revisions\/152098"}],"wp:attachment":[{"href":"https:\/\/www.blogsoestado.com\/danielmatos\/wp-json\/wp\/v2\/media?parent=152096"}],"wp:term":[{"taxonomy":"category","embeddable":true,"href":"https:\/\/www.blogsoestado.com\/danielmatos\/wp-json\/wp\/v2\/categories?post=152096"},{"taxonomy":"post_tag","embeddable":true,"href":"https:\/\/www.blogsoestado.com\/danielmatos\/wp-json\/wp\/v2\/tags?post=152096"}],"curies":[{"name":"wp","href":"https:\/\/api.w.org\/{rel}","templated":true}]}}