{"id":152099,"date":"2025-12-08T12:46:47","date_gmt":"2025-12-08T15:46:47","guid":{"rendered":"https:\/\/www.blogsoestado.com\/danielmatos\/?p=152099"},"modified":"2025-12-08T12:46:51","modified_gmt":"2025-12-08T15:46:51","slug":"stf-invalida-dispositivos-da-lei-do-zoneamento-ecologico-economico-do-maranhao-sancionada-no-governo-flavio-dino","status":"publish","type":"post","link":"https:\/\/www.blogsoestado.com\/danielmatos\/stf-invalida-dispositivos-da-lei-do-zoneamento-ecologico-economico-do-maranhao-sancionada-no-governo-flavio-dino\/","title":{"rendered":"STF\u00a0invalida dispositivos da Lei do Zoneamento Ecol\u00f3gico-Econ\u00f4mico do Maranh\u00e3o, sancionada no governo Fl\u00e1vio Dino"},"content":{"rendered":"\n<p><strong><mark style=\"color:#cf2e2e\" class=\"has-inline-color\">Ministro maranhense n\u00e3o votou por impedimento, pois foi o governador que sancionou a referida legisla\u00e7\u00e3o<\/mark><\/strong> <\/p>\n\n\n\n<figure class=\"wp-block-image aligncenter size-full\"><img fetchpriority=\"high\" decoding=\"async\" width=\"1000\" height=\"666\" src=\"https:\/\/www.blogsoestado.com\/danielmatos\/wp-content\/uploads\/sites\/2\/2025\/12\/1004487179.jpg\" alt=\"\" class=\"wp-image-152100\" srcset=\"https:\/\/www.blogsoestado.com\/danielmatos\/wp-content\/uploads\/sites\/2\/2025\/12\/1004487179.jpg 1000w, https:\/\/www.blogsoestado.com\/danielmatos\/wp-content\/uploads\/sites\/2\/2025\/12\/1004487179-300x200.jpg 300w, https:\/\/www.blogsoestado.com\/danielmatos\/wp-content\/uploads\/sites\/2\/2025\/12\/1004487179-768x511.jpg 768w\" sizes=\"(max-width: 1000px) 100vw, 1000px\" \/><figcaption class=\"wp-element-caption\">Sede do Supremo Tribunal Federal (STF), em Bras\u00edlia <\/figcaption><\/figure>\n\n\n\n<p>Por unanimidade, o Supremo Tribunal Federal (STF) invalidou dispositivos da lei do Zoneamento Ecol\u00f3gico-Econ\u00f4mico (ZEE) do Bioma Amaz\u00f4nico do Estado do Maranh\u00e3o que resultavam na redu\u00e7\u00e3o das \u00e1reas de reserva legal em im\u00f3veis rurais. A decis\u00e3o foi tomada na sess\u00e3o virtual encerrada em 1\u00ba\/12, no julgamento da A\u00e7\u00e3o Direta de Inconstitucionalidade\u00a0<a href=\"https:\/\/portal.stf.jus.br\/processos\/detalhe.asp?incidente=7302873\" target=\"_blank\" rel=\"noreferrer noopener\"><strong>(ADI) 7841<\/strong><\/a>, relatada pelo ministro Dias\u00a0Toffoli. O ministro Fl\u00e1vio Dino n\u00e3o votou por impedimento, pois foi o governador do Maranh\u00e3o que sancionou a lei.<\/p>\n\n\n\n<p><strong>Entenda o caso<\/strong>&nbsp;<\/p>\n\n\n\n<p>A Lei estadual 11.269\/2020, que instituiu o Zoneamento Ecol\u00f3gico-Econ\u00f4mico do Bioma Amaz\u00f4nico do Maranh\u00e3o, definiu o ordenamento geogr\u00e1fico e as diretrizes para a preserva\u00e7\u00e3o do bioma e fixou a express\u00e3o \u201c\u00e1rea com floresta\u201d para fins de reserva legal.&nbsp;<\/p>\n\n\n\n<p>Autora da a\u00e7\u00e3o, a Procuradoria-Geral da Rep\u00fablica (PGR) argumentou que o conceito adotado na norma estadual&nbsp;est\u00e1 em desacordo com&nbsp;o&nbsp;tratamento dado pelo C\u00f3digo Florestal (Lei Federal 12.651\/2012), legisla\u00e7\u00e3o mais protetiva.&nbsp;<\/p>\n\n\n\n<p><strong>Descompasso<\/strong>&nbsp;<\/p>\n\n\n\n<p>No voto, o ministro Dias Toffoli reconheceu que os dispositivos da lei maranhense contrariam as normas gerais estabelecidas pelo C\u00f3digo Florestal, que instituiu uma disciplina mais protetiva para essa tipologia vegetal ao definir, de modo mais amplo, a delimita\u00e7\u00e3o das \u00e1reas de reserva legal.&nbsp;<\/p>\n\n\n\n<p>Ele explicou que o C\u00f3digo Florestal estabelece, como regra geral, o percentual de 80% para reserva legal em \u201c\u00e1reas de florestas\u201d de im\u00f3veis rurais na Amaz\u00f4nia Legal. Esse percentual, no entanto,&nbsp;pode ser reduzido para at\u00e9 50%&nbsp;quando&nbsp;obedecidas \u00e0s&nbsp;condicionantes expressamente previstas.&nbsp;<\/p>\n\n\n\n<p>J\u00e1 em rela\u00e7\u00e3o aos dispositivos da lei questionada, o ministro verificou que, embora a&nbsp;ela&nbsp;utilize percentual&nbsp;o percentual de&nbsp;50%, a terminologia adotada considera apenas algumas classes de cobertura vegetal como pertencentes \u00e0 tipologia de floresta. Al\u00e9m disso, toma como refer\u00eancia o mapeamento realizado em 2019, e n\u00e3o a ocorr\u00eancia natural da tipologia vegetal. Os dispositivos da lei maranhense,&nbsp;portanto, est\u00e3o em descompasso com o que foi estipulado pela norma federal.&nbsp;<\/p>\n\n\n\n<p><strong>Veda\u00e7\u00e3o ao retrocesso ambiental<\/strong>&nbsp;<\/p>\n\n\n\n<p>Al\u00e9m disso, o relator verificou que&nbsp;a lei estadual&nbsp;conflita&nbsp;com o princ\u00edpio constitucional&nbsp;da&nbsp;veda\u00e7\u00e3o ao retrocesso ambiental. Esse princ\u00edpio&nbsp;afasta a possibilidade de que normas legais&nbsp;reduzam ou suprimam&nbsp;os n\u00edveis de prote\u00e7\u00e3o ambiental&nbsp;previstos na&nbsp;atual legisla\u00e7\u00e3o.&nbsp;<\/p>\n","protected":false},"excerpt":{"rendered":"<p>Ministro maranhense n\u00e3o votou por impedimento, pois foi o governador que sancionou a referida legisla\u00e7\u00e3o Por unanimidade, o Supremo Tribunal [&hellip;]<\/p>\n","protected":false},"author":2,"featured_media":0,"comment_status":"open","ping_status":"open","sticky":false,"template":"","format":"standard","meta":{"site-sidebar-layout":"default","site-content-layout":"","ast-site-content-layout":"default","site-content-style":"default","site-sidebar-style":"default","ast-global-header-display":"","ast-banner-title-visibility":"","ast-main-header-display":"","ast-hfb-above-header-display":"","ast-hfb-below-header-display":"","ast-hfb-mobile-header-display":"","site-post-title":"","ast-breadcrumbs-content":"","ast-featured-img":"","footer-sml-layout":"","ast-disable-related-posts":"","theme-transparent-header-meta":"","adv-header-id-meta":"","stick-header-meta":"","header-above-stick-meta":"","header-main-stick-meta":"","header-below-stick-meta":"","astra-migrate-meta-layouts":"default","ast-page-background-enabled":"default","ast-page-background-meta":{"desktop":{"background-color":"var(--ast-global-color-5)","background-image":"","background-repeat":"repeat","background-position":"center center","background-size":"auto","background-attachment":"scroll","background-type":"","background-media":"","overlay-type":"","overlay-color":"","overlay-opacity":"","overlay-gradient":""},"tablet":{"background-color":"","background-image":"","background-repeat":"repeat","background-position":"center center","background-size":"auto","background-attachment":"scroll","background-type":"","background-media":"","overlay-type":"","overlay-color":"","overlay-opacity":"","overlay-gradient":""},"mobile":{"background-color":"","background-image":"","background-repeat":"repeat","background-position":"center center","background-size":"auto","background-attachment":"scroll","background-type":"","background-media":"","overlay-type":"","overlay-color":"","overlay-opacity":"","overlay-gradient":""}},"ast-content-background-meta":{"desktop":{"background-color":"var(--ast-global-color-4)","background-image":"","background-repeat":"repeat","background-position":"center center","background-size":"auto","background-attachment":"scroll","background-type":"","background-media":"","overlay-type":"","overlay-color":"","overlay-opacity":"","overlay-gradient":""},"tablet":{"background-color":"var(--ast-global-color-4)","background-image":"","background-repeat":"repeat","background-position":"center center","background-size":"auto","background-attachment":"scroll","background-type":"","background-media":"","overlay-type":"","overlay-color":"","overlay-opacity":"","overlay-gradient":""},"mobile":{"background-color":"var(--ast-global-color-4)","background-image":"","background-repeat":"repeat","background-position":"center center","background-size":"auto","background-attachment":"scroll","background-type":"","background-media":"","overlay-type":"","overlay-color":"","overlay-opacity":"","overlay-gradient":""}},"footnotes":""},"categories":[1],"tags":[],"class_list":["post-152099","post","type-post","status-publish","format-standard","hentry","category-sem-categoria"],"yoast_head":"<!-- This site is optimized with the Yoast SEO plugin v26.6 - https:\/\/yoast.com\/wordpress\/plugins\/seo\/ -->\n<title>STF\u00a0invalida dispositivos da Lei do Zoneamento Ecol\u00f3gico-Econ\u00f4mico do Maranh\u00e3o, sancionada no governo Fl\u00e1vio Dino - Daniel Matos<\/title>\n<meta name=\"robots\" content=\"index, follow, max-snippet:-1, max-image-preview:large, max-video-preview:-1\" \/>\n<link rel=\"canonical\" href=\"https:\/\/www.blogsoestado.com\/danielmatos\/stf-invalida-dispositivos-da-lei-do-zoneamento-ecologico-economico-do-maranhao-sancionada-no-governo-flavio-dino\/\" \/>\n<meta property=\"og:locale\" content=\"pt_BR\" \/>\n<meta property=\"og:type\" content=\"article\" \/>\n<meta property=\"og:title\" content=\"STF\u00a0invalida dispositivos da Lei do Zoneamento Ecol\u00f3gico-Econ\u00f4mico do Maranh\u00e3o, sancionada no governo Fl\u00e1vio Dino - Daniel Matos\" \/>\n<meta property=\"og:description\" content=\"Ministro maranhense n\u00e3o votou por impedimento, pois foi o governador que sancionou a referida legisla\u00e7\u00e3o Por unanimidade, o Supremo Tribunal [&hellip;]\" \/>\n<meta property=\"og:url\" content=\"https:\/\/www.blogsoestado.com\/danielmatos\/stf-invalida-dispositivos-da-lei-do-zoneamento-ecologico-economico-do-maranhao-sancionada-no-governo-flavio-dino\/\" \/>\n<meta property=\"og:site_name\" content=\"Daniel Matos\" \/>\n<meta property=\"article:published_time\" content=\"2025-12-08T15:46:47+00:00\" \/>\n<meta property=\"article:modified_time\" content=\"2025-12-08T15:46:51+00:00\" \/>\n<meta property=\"og:image\" content=\"https:\/\/www.blogsoestado.com\/danielmatos\/wp-content\/uploads\/sites\/2\/2025\/12\/1004487179.jpg\" \/>\n\t<meta property=\"og:image:width\" content=\"1000\" \/>\n\t<meta property=\"og:image:height\" content=\"666\" \/>\n\t<meta property=\"og:image:type\" content=\"image\/jpeg\" \/>\n<meta name=\"author\" content=\"Daniel Matos\" \/>\n<meta name=\"twitter:card\" content=\"summary_large_image\" \/>\n<meta name=\"twitter:label1\" content=\"Escrito por\" \/>\n\t<meta name=\"twitter:data1\" content=\"Daniel Matos\" \/>\n\t<meta name=\"twitter:label2\" content=\"Est. tempo de leitura\" \/>\n\t<meta name=\"twitter:data2\" content=\"3 minutos\" \/>\n<script type=\"application\/ld+json\" class=\"yoast-schema-graph\">{\"@context\":\"https:\/\/schema.org\",\"@graph\":[{\"@type\":\"WebPage\",\"@id\":\"https:\/\/www.blogsoestado.com\/danielmatos\/stf-invalida-dispositivos-da-lei-do-zoneamento-ecologico-economico-do-maranhao-sancionada-no-governo-flavio-dino\/\",\"url\":\"https:\/\/www.blogsoestado.com\/danielmatos\/stf-invalida-dispositivos-da-lei-do-zoneamento-ecologico-economico-do-maranhao-sancionada-no-governo-flavio-dino\/\",\"name\":\"STF\u00a0invalida dispositivos da Lei do Zoneamento Ecol\u00f3gico-Econ\u00f4mico do Maranh\u00e3o, sancionada no governo Fl\u00e1vio Dino - Daniel Matos\",\"isPartOf\":{\"@id\":\"https:\/\/www.blogsoestado.com\/danielmatos\/#website\"},\"primaryImageOfPage\":{\"@id\":\"https:\/\/www.blogsoestado.com\/danielmatos\/stf-invalida-dispositivos-da-lei-do-zoneamento-ecologico-economico-do-maranhao-sancionada-no-governo-flavio-dino\/#primaryimage\"},\"image\":{\"@id\":\"https:\/\/www.blogsoestado.com\/danielmatos\/stf-invalida-dispositivos-da-lei-do-zoneamento-ecologico-economico-do-maranhao-sancionada-no-governo-flavio-dino\/#primaryimage\"},\"thumbnailUrl\":\"https:\/\/www.blogsoestado.com\/danielmatos\/wp-content\/uploads\/sites\/2\/2025\/12\/1004487179.jpg\",\"datePublished\":\"2025-12-08T15:46:47+00:00\",\"dateModified\":\"2025-12-08T15:46:51+00:00\",\"author\":{\"@id\":\"https:\/\/www.blogsoestado.com\/danielmatos\/#\/schema\/person\/9a209d407cd45631f131e1285b661bb0\"},\"breadcrumb\":{\"@id\":\"https:\/\/www.blogsoestado.com\/danielmatos\/stf-invalida-dispositivos-da-lei-do-zoneamento-ecologico-economico-do-maranhao-sancionada-no-governo-flavio-dino\/#breadcrumb\"},\"inLanguage\":\"pt-BR\",\"potentialAction\":[{\"@type\":\"ReadAction\",\"target\":[\"https:\/\/www.blogsoestado.com\/danielmatos\/stf-invalida-dispositivos-da-lei-do-zoneamento-ecologico-economico-do-maranhao-sancionada-no-governo-flavio-dino\/\"]}]},{\"@type\":\"ImageObject\",\"inLanguage\":\"pt-BR\",\"@id\":\"https:\/\/www.blogsoestado.com\/danielmatos\/stf-invalida-dispositivos-da-lei-do-zoneamento-ecologico-economico-do-maranhao-sancionada-no-governo-flavio-dino\/#primaryimage\",\"url\":\"https:\/\/www.blogsoestado.com\/danielmatos\/wp-content\/uploads\/sites\/2\/2025\/12\/1004487179.jpg\",\"contentUrl\":\"https:\/\/www.blogsoestado.com\/danielmatos\/wp-content\/uploads\/sites\/2\/2025\/12\/1004487179.jpg\",\"width\":1000,\"height\":666,\"caption\":\"Brasilia, DF. 28\/07\/11. Presidente Celso Peluso em audiencia com Governador do Amazonas, no Supremo Tribunal Federal. Foto: Dorivan Marinho\"},{\"@type\":\"BreadcrumbList\",\"@id\":\"https:\/\/www.blogsoestado.com\/danielmatos\/stf-invalida-dispositivos-da-lei-do-zoneamento-ecologico-economico-do-maranhao-sancionada-no-governo-flavio-dino\/#breadcrumb\",\"itemListElement\":[{\"@type\":\"ListItem\",\"position\":1,\"name\":\"In\u00edcio\",\"item\":\"https:\/\/www.blogsoestado.com\/danielmatos\/\"},{\"@type\":\"ListItem\",\"position\":2,\"name\":\"STF\u00a0invalida dispositivos da Lei do Zoneamento Ecol\u00f3gico-Econ\u00f4mico do Maranh\u00e3o, sancionada no governo Fl\u00e1vio Dino\"}]},{\"@type\":\"WebSite\",\"@id\":\"https:\/\/www.blogsoestado.com\/danielmatos\/#website\",\"url\":\"https:\/\/www.blogsoestado.com\/danielmatos\/\",\"name\":\"Daniel Matos\",\"description\":\"\",\"potentialAction\":[{\"@type\":\"SearchAction\",\"target\":{\"@type\":\"EntryPoint\",\"urlTemplate\":\"https:\/\/www.blogsoestado.com\/danielmatos\/?s={search_term_string}\"},\"query-input\":{\"@type\":\"PropertyValueSpecification\",\"valueRequired\":true,\"valueName\":\"search_term_string\"}}],\"inLanguage\":\"pt-BR\"},{\"@type\":\"Person\",\"@id\":\"https:\/\/www.blogsoestado.com\/danielmatos\/#\/schema\/person\/9a209d407cd45631f131e1285b661bb0\",\"name\":\"Daniel Matos\",\"image\":{\"@type\":\"ImageObject\",\"inLanguage\":\"pt-BR\",\"@id\":\"https:\/\/www.blogsoestado.com\/danielmatos\/#\/schema\/person\/image\/\",\"url\":\"https:\/\/secure.gravatar.com\/avatar\/2f26c36ee355da19a257f0dfef43952a2588b324ca35d6719e859fe338ac0392?s=96&d=mm&r=g\",\"contentUrl\":\"https:\/\/secure.gravatar.com\/avatar\/2f26c36ee355da19a257f0dfef43952a2588b324ca35d6719e859fe338ac0392?s=96&d=mm&r=g\",\"caption\":\"Daniel Matos\"},\"url\":\"https:\/\/www.blogsoestado.com\/danielmatos\/author\/danielmatos\/\"}]}<\/script>\n<!-- \/ Yoast SEO plugin. -->","yoast_head_json":{"title":"STF\u00a0invalida dispositivos da Lei do Zoneamento Ecol\u00f3gico-Econ\u00f4mico do Maranh\u00e3o, sancionada no governo Fl\u00e1vio Dino - Daniel Matos","robots":{"index":"index","follow":"follow","max-snippet":"max-snippet:-1","max-image-preview":"max-image-preview:large","max-video-preview":"max-video-preview:-1"},"canonical":"https:\/\/www.blogsoestado.com\/danielmatos\/stf-invalida-dispositivos-da-lei-do-zoneamento-ecologico-economico-do-maranhao-sancionada-no-governo-flavio-dino\/","og_locale":"pt_BR","og_type":"article","og_title":"STF\u00a0invalida dispositivos da Lei do Zoneamento Ecol\u00f3gico-Econ\u00f4mico do Maranh\u00e3o, sancionada no governo Fl\u00e1vio Dino - Daniel Matos","og_description":"Ministro maranhense n\u00e3o votou por impedimento, pois foi o governador que sancionou a referida legisla\u00e7\u00e3o Por unanimidade, o Supremo Tribunal [&hellip;]","og_url":"https:\/\/www.blogsoestado.com\/danielmatos\/stf-invalida-dispositivos-da-lei-do-zoneamento-ecologico-economico-do-maranhao-sancionada-no-governo-flavio-dino\/","og_site_name":"Daniel Matos","article_published_time":"2025-12-08T15:46:47+00:00","article_modified_time":"2025-12-08T15:46:51+00:00","og_image":[{"width":1000,"height":666,"url":"https:\/\/www.blogsoestado.com\/danielmatos\/wp-content\/uploads\/sites\/2\/2025\/12\/1004487179.jpg","type":"image\/jpeg"}],"author":"Daniel Matos","twitter_card":"summary_large_image","twitter_misc":{"Escrito por":"Daniel Matos","Est. tempo de leitura":"3 minutos"},"schema":{"@context":"https:\/\/schema.org","@graph":[{"@type":"WebPage","@id":"https:\/\/www.blogsoestado.com\/danielmatos\/stf-invalida-dispositivos-da-lei-do-zoneamento-ecologico-economico-do-maranhao-sancionada-no-governo-flavio-dino\/","url":"https:\/\/www.blogsoestado.com\/danielmatos\/stf-invalida-dispositivos-da-lei-do-zoneamento-ecologico-economico-do-maranhao-sancionada-no-governo-flavio-dino\/","name":"STF\u00a0invalida dispositivos da Lei do Zoneamento Ecol\u00f3gico-Econ\u00f4mico do Maranh\u00e3o, sancionada no governo Fl\u00e1vio Dino - Daniel Matos","isPartOf":{"@id":"https:\/\/www.blogsoestado.com\/danielmatos\/#website"},"primaryImageOfPage":{"@id":"https:\/\/www.blogsoestado.com\/danielmatos\/stf-invalida-dispositivos-da-lei-do-zoneamento-ecologico-economico-do-maranhao-sancionada-no-governo-flavio-dino\/#primaryimage"},"image":{"@id":"https:\/\/www.blogsoestado.com\/danielmatos\/stf-invalida-dispositivos-da-lei-do-zoneamento-ecologico-economico-do-maranhao-sancionada-no-governo-flavio-dino\/#primaryimage"},"thumbnailUrl":"https:\/\/www.blogsoestado.com\/danielmatos\/wp-content\/uploads\/sites\/2\/2025\/12\/1004487179.jpg","datePublished":"2025-12-08T15:46:47+00:00","dateModified":"2025-12-08T15:46:51+00:00","author":{"@id":"https:\/\/www.blogsoestado.com\/danielmatos\/#\/schema\/person\/9a209d407cd45631f131e1285b661bb0"},"breadcrumb":{"@id":"https:\/\/www.blogsoestado.com\/danielmatos\/stf-invalida-dispositivos-da-lei-do-zoneamento-ecologico-economico-do-maranhao-sancionada-no-governo-flavio-dino\/#breadcrumb"},"inLanguage":"pt-BR","potentialAction":[{"@type":"ReadAction","target":["https:\/\/www.blogsoestado.com\/danielmatos\/stf-invalida-dispositivos-da-lei-do-zoneamento-ecologico-economico-do-maranhao-sancionada-no-governo-flavio-dino\/"]}]},{"@type":"ImageObject","inLanguage":"pt-BR","@id":"https:\/\/www.blogsoestado.com\/danielmatos\/stf-invalida-dispositivos-da-lei-do-zoneamento-ecologico-economico-do-maranhao-sancionada-no-governo-flavio-dino\/#primaryimage","url":"https:\/\/www.blogsoestado.com\/danielmatos\/wp-content\/uploads\/sites\/2\/2025\/12\/1004487179.jpg","contentUrl":"https:\/\/www.blogsoestado.com\/danielmatos\/wp-content\/uploads\/sites\/2\/2025\/12\/1004487179.jpg","width":1000,"height":666,"caption":"Brasilia, DF. 28\/07\/11. Presidente Celso Peluso em audiencia com Governador do Amazonas, no Supremo Tribunal Federal. Foto: Dorivan Marinho"},{"@type":"BreadcrumbList","@id":"https:\/\/www.blogsoestado.com\/danielmatos\/stf-invalida-dispositivos-da-lei-do-zoneamento-ecologico-economico-do-maranhao-sancionada-no-governo-flavio-dino\/#breadcrumb","itemListElement":[{"@type":"ListItem","position":1,"name":"In\u00edcio","item":"https:\/\/www.blogsoestado.com\/danielmatos\/"},{"@type":"ListItem","position":2,"name":"STF\u00a0invalida dispositivos da Lei do Zoneamento Ecol\u00f3gico-Econ\u00f4mico do Maranh\u00e3o, sancionada no governo Fl\u00e1vio Dino"}]},{"@type":"WebSite","@id":"https:\/\/www.blogsoestado.com\/danielmatos\/#website","url":"https:\/\/www.blogsoestado.com\/danielmatos\/","name":"Daniel Matos","description":"","potentialAction":[{"@type":"SearchAction","target":{"@type":"EntryPoint","urlTemplate":"https:\/\/www.blogsoestado.com\/danielmatos\/?s={search_term_string}"},"query-input":{"@type":"PropertyValueSpecification","valueRequired":true,"valueName":"search_term_string"}}],"inLanguage":"pt-BR"},{"@type":"Person","@id":"https:\/\/www.blogsoestado.com\/danielmatos\/#\/schema\/person\/9a209d407cd45631f131e1285b661bb0","name":"Daniel Matos","image":{"@type":"ImageObject","inLanguage":"pt-BR","@id":"https:\/\/www.blogsoestado.com\/danielmatos\/#\/schema\/person\/image\/","url":"https:\/\/secure.gravatar.com\/avatar\/2f26c36ee355da19a257f0dfef43952a2588b324ca35d6719e859fe338ac0392?s=96&d=mm&r=g","contentUrl":"https:\/\/secure.gravatar.com\/avatar\/2f26c36ee355da19a257f0dfef43952a2588b324ca35d6719e859fe338ac0392?s=96&d=mm&r=g","caption":"Daniel Matos"},"url":"https:\/\/www.blogsoestado.com\/danielmatos\/author\/danielmatos\/"}]}},"jetpack_featured_media_url":"","_links":{"self":[{"href":"https:\/\/www.blogsoestado.com\/danielmatos\/wp-json\/wp\/v2\/posts\/152099","targetHints":{"allow":["GET"]}}],"collection":[{"href":"https:\/\/www.blogsoestado.com\/danielmatos\/wp-json\/wp\/v2\/posts"}],"about":[{"href":"https:\/\/www.blogsoestado.com\/danielmatos\/wp-json\/wp\/v2\/types\/post"}],"author":[{"embeddable":true,"href":"https:\/\/www.blogsoestado.com\/danielmatos\/wp-json\/wp\/v2\/users\/2"}],"replies":[{"embeddable":true,"href":"https:\/\/www.blogsoestado.com\/danielmatos\/wp-json\/wp\/v2\/comments?post=152099"}],"version-history":[{"count":1,"href":"https:\/\/www.blogsoestado.com\/danielmatos\/wp-json\/wp\/v2\/posts\/152099\/revisions"}],"predecessor-version":[{"id":152101,"href":"https:\/\/www.blogsoestado.com\/danielmatos\/wp-json\/wp\/v2\/posts\/152099\/revisions\/152101"}],"wp:attachment":[{"href":"https:\/\/www.blogsoestado.com\/danielmatos\/wp-json\/wp\/v2\/media?parent=152099"}],"wp:term":[{"taxonomy":"category","embeddable":true,"href":"https:\/\/www.blogsoestado.com\/danielmatos\/wp-json\/wp\/v2\/categories?post=152099"},{"taxonomy":"post_tag","embeddable":true,"href":"https:\/\/www.blogsoestado.com\/danielmatos\/wp-json\/wp\/v2\/tags?post=152099"}],"curies":[{"name":"wp","href":"https:\/\/api.w.org\/{rel}","templated":true}]}}