{"id":152113,"date":"2025-12-08T18:55:03","date_gmt":"2025-12-08T21:55:03","guid":{"rendered":"https:\/\/www.blogsoestado.com\/danielmatos\/?p=152113"},"modified":"2025-12-08T18:55:12","modified_gmt":"2025-12-08T21:55:12","slug":"pib-do-maranhao-cresce-32-e-ja-e-o-segundo-do-nordeste-afirma-secretario-vinicius-ferro","status":"publish","type":"post","link":"https:\/\/www.blogsoestado.com\/danielmatos\/pib-do-maranhao-cresce-32-e-ja-e-o-segundo-do-nordeste-afirma-secretario-vinicius-ferro\/","title":{"rendered":"PIB do Maranh\u00e3o cresce 3,2% e j\u00e1 \u00e9 o segundo do Nordeste, afirma secret\u00e1rio Vinicius Ferro"},"content":{"rendered":"\n<figure class=\"wp-block-image aligncenter size-full\"><img fetchpriority=\"high\" decoding=\"async\" width=\"952\" height=\"616\" src=\"https:\/\/www.blogsoestado.com\/danielmatos\/wp-content\/uploads\/sites\/2\/2025\/12\/1004489964.jpg\" alt=\"\" class=\"wp-image-152114\" srcset=\"https:\/\/www.blogsoestado.com\/danielmatos\/wp-content\/uploads\/sites\/2\/2025\/12\/1004489964.jpg 952w, https:\/\/www.blogsoestado.com\/danielmatos\/wp-content\/uploads\/sites\/2\/2025\/12\/1004489964-300x194.jpg 300w, https:\/\/www.blogsoestado.com\/danielmatos\/wp-content\/uploads\/sites\/2\/2025\/12\/1004489964-768x497.jpg 768w\" sizes=\"(max-width: 952px) 100vw, 952px\" \/><figcaption class=\"wp-element-caption\">O secret\u00e1rio de Estado de Planejamento e Or\u00e7amento, Vin\u00edcius Ferro, destacou o fortalecimento da economia do Maranh\u00e3o, refletido pelo crescimento do PIB acima da m\u00e9dia nacional<\/figcaption><\/figure>\n\n\n\n<p>A evolu\u00e7\u00e3o e o crescimento do Maranh\u00e3o nas \u00e1reas da economia e gest\u00e3o no governo de Carlos Brand\u00e3o foram destacados pelo secret\u00e1rio de Estado de Planejamento e Or\u00e7amento, Vin\u00edcius Ferro, em entrevista ao quadro Bastidores, do Bom Dia Mirante desta segunda-feira (8). \u201cEstamos avan\u00e7ando cada vez mais, fortalecendo a gest\u00e3o p\u00fablica, otimizando nossos recursos e buscando parcerias\u201d, afirmou.<\/p>\n\n\n\n<p>O significativo crescimento do Produto Interno Bruto (PIB) estadual, acima da m\u00e9dia nacional, foi um dos pontos observados pelo secret\u00e1rio. \u201cO PIB do Maranh\u00e3o cresceu 3,2%. O do Brasil cresceu 2,9%. \u00c9 o segundo estado do Nordeste, perdendo s\u00f3 para a Bahia. Isso demonstra que o Estado est\u00e1 forte\u201d, detalhou.<\/p>\n\n\n\n<p>Vin\u00edcius Ferro tamb\u00e9m ressaltou os n\u00fameros positivos alcan\u00e7ados nas \u00e1reas da exporta\u00e7\u00e3o e da gera\u00e7\u00e3o de emprego, com o Maranh\u00e3o batendo recorde todos os meses no n\u00famero de carteiras assinadas, de acordo com o Cadastro Geral de Empregados e Desempregados (Caged).<\/p>\n\n\n\n<figure class=\"wp-block-image aligncenter size-full\"><img decoding=\"async\" width=\"996\" height=\"556\" src=\"https:\/\/www.blogsoestado.com\/danielmatos\/wp-content\/uploads\/sites\/2\/2025\/12\/1004489970.jpg\" alt=\"\" class=\"wp-image-152115\" srcset=\"https:\/\/www.blogsoestado.com\/danielmatos\/wp-content\/uploads\/sites\/2\/2025\/12\/1004489970.jpg 996w, https:\/\/www.blogsoestado.com\/danielmatos\/wp-content\/uploads\/sites\/2\/2025\/12\/1004489970-300x167.jpg 300w, https:\/\/www.blogsoestado.com\/danielmatos\/wp-content\/uploads\/sites\/2\/2025\/12\/1004489970-768x429.jpg 768w\" sizes=\"(max-width: 996px) 100vw, 996px\" \/><figcaption class=\"wp-element-caption\">Na entrevista \u00e0 jornalista Carla Lima, o secret\u00e1rio tamb\u00e9m assinalou que j\u00e1 \u00e9 poss\u00edvel perceber melhorias em alguns setores econ\u00f4micos<\/figcaption><\/figure>\n\n\n\n<p>Na entrevista \u00e0 jornalista Carla Lima, o secret\u00e1rio tamb\u00e9m assinalou que j\u00e1 \u00e9 poss\u00edvel sentir as mudan\u00e7as em alguns setores e que, com esse cen\u00e1rio de n\u00fameros positivos, o governador Carlos Brand\u00e3o lidera processo de transforma\u00e7\u00e3o da economia do Estado e, consequentemente, da vida dos maranhenses. Ele destacou como exemplo a eleva\u00e7\u00e3o da renda per capita do maranhense.<\/p>\n\n\n\n<p>\u201cN\u00f3s \u00faltimos dois anos, conseguimos tirar mais de um milh\u00e3o de pessoas da extrema pobreza. Isso significa que tiramos um milh\u00e3o de maranhenses que tinham renda per capita de R$ 218,00. E conseguimos isso com v\u00e1rios programas sociais e investimentos\u201d, observou ressaltando a a\u00e7\u00e3o de programas como o Maranh\u00e3o Livre da Fome.<\/p>\n","protected":false},"excerpt":{"rendered":"<p>A evolu\u00e7\u00e3o e o crescimento do Maranh\u00e3o nas \u00e1reas da economia e gest\u00e3o no governo de Carlos Brand\u00e3o foram destacados [&hellip;]<\/p>\n","protected":false},"author":2,"featured_media":0,"comment_status":"open","ping_status":"open","sticky":false,"template":"","format":"standard","meta":{"site-sidebar-layout":"default","site-content-layout":"","ast-site-content-layout":"default","site-content-style":"default","site-sidebar-style":"default","ast-global-header-display":"","ast-banner-title-visibility":"","ast-main-header-display":"","ast-hfb-above-header-display":"","ast-hfb-below-header-display":"","ast-hfb-mobile-header-display":"","site-post-title":"","ast-breadcrumbs-content":"","ast-featured-img":"","footer-sml-layout":"","ast-disable-related-posts":"","theme-transparent-header-meta":"","adv-header-id-meta":"","stick-header-meta":"","header-above-stick-meta":"","header-main-stick-meta":"","header-below-stick-meta":"","astra-migrate-meta-layouts":"default","ast-page-background-enabled":"default","ast-page-background-meta":{"desktop":{"background-color":"var(--ast-global-color-5)","background-image":"","background-repeat":"repeat","background-position":"center center","background-size":"auto","background-attachment":"scroll","background-type":"","background-media":"","overlay-type":"","overlay-color":"","overlay-opacity":"","overlay-gradient":""},"tablet":{"background-color":"","background-image":"","background-repeat":"repeat","background-position":"center center","background-size":"auto","background-attachment":"scroll","background-type":"","background-media":"","overlay-type":"","overlay-color":"","overlay-opacity":"","overlay-gradient":""},"mobile":{"background-color":"","background-image":"","background-repeat":"repeat","background-position":"center center","background-size":"auto","background-attachment":"scroll","background-type":"","background-media":"","overlay-type":"","overlay-color":"","overlay-opacity":"","overlay-gradient":""}},"ast-content-background-meta":{"desktop":{"background-color":"var(--ast-global-color-4)","background-image":"","background-repeat":"repeat","background-position":"center center","background-size":"auto","background-attachment":"scroll","background-type":"","background-media":"","overlay-type":"","overlay-color":"","overlay-opacity":"","overlay-gradient":""},"tablet":{"background-color":"var(--ast-global-color-4)","background-image":"","background-repeat":"repeat","background-position":"center center","background-size":"auto","background-attachment":"scroll","background-type":"","background-media":"","overlay-type":"","overlay-color":"","overlay-opacity":"","overlay-gradient":""},"mobile":{"background-color":"var(--ast-global-color-4)","background-image":"","background-repeat":"repeat","background-position":"center center","background-size":"auto","background-attachment":"scroll","background-type":"","background-media":"","overlay-type":"","overlay-color":"","overlay-opacity":"","overlay-gradient":""}},"footnotes":""},"categories":[1],"tags":[],"class_list":["post-152113","post","type-post","status-publish","format-standard","hentry","category-sem-categoria"],"yoast_head":"<!-- This site is optimized with the Yoast SEO plugin v26.6 - https:\/\/yoast.com\/wordpress\/plugins\/seo\/ -->\n<title>PIB do Maranh\u00e3o cresce 3,2% e j\u00e1 \u00e9 o segundo do Nordeste, afirma secret\u00e1rio Vinicius Ferro - Daniel Matos<\/title>\n<meta name=\"robots\" content=\"index, follow, max-snippet:-1, max-image-preview:large, max-video-preview:-1\" \/>\n<link rel=\"canonical\" href=\"https:\/\/www.blogsoestado.com\/danielmatos\/pib-do-maranhao-cresce-32-e-ja-e-o-segundo-do-nordeste-afirma-secretario-vinicius-ferro\/\" \/>\n<meta property=\"og:locale\" content=\"pt_BR\" \/>\n<meta property=\"og:type\" content=\"article\" \/>\n<meta property=\"og:title\" content=\"PIB do Maranh\u00e3o cresce 3,2% e j\u00e1 \u00e9 o segundo do Nordeste, afirma secret\u00e1rio Vinicius Ferro - Daniel Matos\" \/>\n<meta property=\"og:description\" content=\"A evolu\u00e7\u00e3o e o crescimento do Maranh\u00e3o nas \u00e1reas da economia e gest\u00e3o no governo de Carlos Brand\u00e3o foram destacados [&hellip;]\" \/>\n<meta property=\"og:url\" content=\"https:\/\/www.blogsoestado.com\/danielmatos\/pib-do-maranhao-cresce-32-e-ja-e-o-segundo-do-nordeste-afirma-secretario-vinicius-ferro\/\" \/>\n<meta property=\"og:site_name\" content=\"Daniel Matos\" \/>\n<meta property=\"article:published_time\" content=\"2025-12-08T21:55:03+00:00\" \/>\n<meta property=\"article:modified_time\" content=\"2025-12-08T21:55:12+00:00\" \/>\n<meta property=\"og:image\" content=\"https:\/\/www.blogsoestado.com\/danielmatos\/wp-content\/uploads\/sites\/2\/2025\/12\/1004489964.jpg\" \/>\n\t<meta property=\"og:image:width\" content=\"952\" \/>\n\t<meta property=\"og:image:height\" content=\"616\" \/>\n\t<meta property=\"og:image:type\" content=\"image\/jpeg\" \/>\n<meta name=\"author\" content=\"Daniel Matos\" \/>\n<meta name=\"twitter:card\" content=\"summary_large_image\" \/>\n<meta name=\"twitter:label1\" content=\"Escrito por\" \/>\n\t<meta name=\"twitter:data1\" content=\"Daniel Matos\" \/>\n\t<meta name=\"twitter:label2\" content=\"Est. tempo de leitura\" \/>\n\t<meta name=\"twitter:data2\" content=\"3 minutos\" \/>\n<script type=\"application\/ld+json\" class=\"yoast-schema-graph\">{\"@context\":\"https:\/\/schema.org\",\"@graph\":[{\"@type\":\"WebPage\",\"@id\":\"https:\/\/www.blogsoestado.com\/danielmatos\/pib-do-maranhao-cresce-32-e-ja-e-o-segundo-do-nordeste-afirma-secretario-vinicius-ferro\/\",\"url\":\"https:\/\/www.blogsoestado.com\/danielmatos\/pib-do-maranhao-cresce-32-e-ja-e-o-segundo-do-nordeste-afirma-secretario-vinicius-ferro\/\",\"name\":\"PIB do Maranh\u00e3o cresce 3,2% e j\u00e1 \u00e9 o segundo do Nordeste, afirma secret\u00e1rio Vinicius Ferro - Daniel Matos\",\"isPartOf\":{\"@id\":\"https:\/\/www.blogsoestado.com\/danielmatos\/#website\"},\"primaryImageOfPage\":{\"@id\":\"https:\/\/www.blogsoestado.com\/danielmatos\/pib-do-maranhao-cresce-32-e-ja-e-o-segundo-do-nordeste-afirma-secretario-vinicius-ferro\/#primaryimage\"},\"image\":{\"@id\":\"https:\/\/www.blogsoestado.com\/danielmatos\/pib-do-maranhao-cresce-32-e-ja-e-o-segundo-do-nordeste-afirma-secretario-vinicius-ferro\/#primaryimage\"},\"thumbnailUrl\":\"https:\/\/www.blogsoestado.com\/danielmatos\/wp-content\/uploads\/sites\/2\/2025\/12\/1004489964.jpg\",\"datePublished\":\"2025-12-08T21:55:03+00:00\",\"dateModified\":\"2025-12-08T21:55:12+00:00\",\"author\":{\"@id\":\"https:\/\/www.blogsoestado.com\/danielmatos\/#\/schema\/person\/9a209d407cd45631f131e1285b661bb0\"},\"breadcrumb\":{\"@id\":\"https:\/\/www.blogsoestado.com\/danielmatos\/pib-do-maranhao-cresce-32-e-ja-e-o-segundo-do-nordeste-afirma-secretario-vinicius-ferro\/#breadcrumb\"},\"inLanguage\":\"pt-BR\",\"potentialAction\":[{\"@type\":\"ReadAction\",\"target\":[\"https:\/\/www.blogsoestado.com\/danielmatos\/pib-do-maranhao-cresce-32-e-ja-e-o-segundo-do-nordeste-afirma-secretario-vinicius-ferro\/\"]}]},{\"@type\":\"ImageObject\",\"inLanguage\":\"pt-BR\",\"@id\":\"https:\/\/www.blogsoestado.com\/danielmatos\/pib-do-maranhao-cresce-32-e-ja-e-o-segundo-do-nordeste-afirma-secretario-vinicius-ferro\/#primaryimage\",\"url\":\"https:\/\/www.blogsoestado.com\/danielmatos\/wp-content\/uploads\/sites\/2\/2025\/12\/1004489964.jpg\",\"contentUrl\":\"https:\/\/www.blogsoestado.com\/danielmatos\/wp-content\/uploads\/sites\/2\/2025\/12\/1004489964.jpg\",\"width\":952,\"height\":616},{\"@type\":\"BreadcrumbList\",\"@id\":\"https:\/\/www.blogsoestado.com\/danielmatos\/pib-do-maranhao-cresce-32-e-ja-e-o-segundo-do-nordeste-afirma-secretario-vinicius-ferro\/#breadcrumb\",\"itemListElement\":[{\"@type\":\"ListItem\",\"position\":1,\"name\":\"In\u00edcio\",\"item\":\"https:\/\/www.blogsoestado.com\/danielmatos\/\"},{\"@type\":\"ListItem\",\"position\":2,\"name\":\"PIB do Maranh\u00e3o cresce 3,2% e j\u00e1 \u00e9 o segundo do Nordeste, afirma secret\u00e1rio Vinicius Ferro\"}]},{\"@type\":\"WebSite\",\"@id\":\"https:\/\/www.blogsoestado.com\/danielmatos\/#website\",\"url\":\"https:\/\/www.blogsoestado.com\/danielmatos\/\",\"name\":\"Daniel Matos\",\"description\":\"\",\"potentialAction\":[{\"@type\":\"SearchAction\",\"target\":{\"@type\":\"EntryPoint\",\"urlTemplate\":\"https:\/\/www.blogsoestado.com\/danielmatos\/?s={search_term_string}\"},\"query-input\":{\"@type\":\"PropertyValueSpecification\",\"valueRequired\":true,\"valueName\":\"search_term_string\"}}],\"inLanguage\":\"pt-BR\"},{\"@type\":\"Person\",\"@id\":\"https:\/\/www.blogsoestado.com\/danielmatos\/#\/schema\/person\/9a209d407cd45631f131e1285b661bb0\",\"name\":\"Daniel Matos\",\"image\":{\"@type\":\"ImageObject\",\"inLanguage\":\"pt-BR\",\"@id\":\"https:\/\/www.blogsoestado.com\/danielmatos\/#\/schema\/person\/image\/\",\"url\":\"https:\/\/secure.gravatar.com\/avatar\/2f26c36ee355da19a257f0dfef43952a2588b324ca35d6719e859fe338ac0392?s=96&d=mm&r=g\",\"contentUrl\":\"https:\/\/secure.gravatar.com\/avatar\/2f26c36ee355da19a257f0dfef43952a2588b324ca35d6719e859fe338ac0392?s=96&d=mm&r=g\",\"caption\":\"Daniel Matos\"},\"url\":\"https:\/\/www.blogsoestado.com\/danielmatos\/author\/danielmatos\/\"}]}<\/script>\n<!-- \/ Yoast SEO plugin. -->","yoast_head_json":{"title":"PIB do Maranh\u00e3o cresce 3,2% e j\u00e1 \u00e9 o segundo do Nordeste, afirma secret\u00e1rio Vinicius Ferro - Daniel Matos","robots":{"index":"index","follow":"follow","max-snippet":"max-snippet:-1","max-image-preview":"max-image-preview:large","max-video-preview":"max-video-preview:-1"},"canonical":"https:\/\/www.blogsoestado.com\/danielmatos\/pib-do-maranhao-cresce-32-e-ja-e-o-segundo-do-nordeste-afirma-secretario-vinicius-ferro\/","og_locale":"pt_BR","og_type":"article","og_title":"PIB do Maranh\u00e3o cresce 3,2% e j\u00e1 \u00e9 o segundo do Nordeste, afirma secret\u00e1rio Vinicius Ferro - Daniel Matos","og_description":"A evolu\u00e7\u00e3o e o crescimento do Maranh\u00e3o nas \u00e1reas da economia e gest\u00e3o no governo de Carlos Brand\u00e3o foram destacados [&hellip;]","og_url":"https:\/\/www.blogsoestado.com\/danielmatos\/pib-do-maranhao-cresce-32-e-ja-e-o-segundo-do-nordeste-afirma-secretario-vinicius-ferro\/","og_site_name":"Daniel Matos","article_published_time":"2025-12-08T21:55:03+00:00","article_modified_time":"2025-12-08T21:55:12+00:00","og_image":[{"width":952,"height":616,"url":"https:\/\/www.blogsoestado.com\/danielmatos\/wp-content\/uploads\/sites\/2\/2025\/12\/1004489964.jpg","type":"image\/jpeg"}],"author":"Daniel Matos","twitter_card":"summary_large_image","twitter_misc":{"Escrito por":"Daniel Matos","Est. tempo de leitura":"3 minutos"},"schema":{"@context":"https:\/\/schema.org","@graph":[{"@type":"WebPage","@id":"https:\/\/www.blogsoestado.com\/danielmatos\/pib-do-maranhao-cresce-32-e-ja-e-o-segundo-do-nordeste-afirma-secretario-vinicius-ferro\/","url":"https:\/\/www.blogsoestado.com\/danielmatos\/pib-do-maranhao-cresce-32-e-ja-e-o-segundo-do-nordeste-afirma-secretario-vinicius-ferro\/","name":"PIB do Maranh\u00e3o cresce 3,2% e j\u00e1 \u00e9 o segundo do Nordeste, afirma secret\u00e1rio Vinicius Ferro - Daniel Matos","isPartOf":{"@id":"https:\/\/www.blogsoestado.com\/danielmatos\/#website"},"primaryImageOfPage":{"@id":"https:\/\/www.blogsoestado.com\/danielmatos\/pib-do-maranhao-cresce-32-e-ja-e-o-segundo-do-nordeste-afirma-secretario-vinicius-ferro\/#primaryimage"},"image":{"@id":"https:\/\/www.blogsoestado.com\/danielmatos\/pib-do-maranhao-cresce-32-e-ja-e-o-segundo-do-nordeste-afirma-secretario-vinicius-ferro\/#primaryimage"},"thumbnailUrl":"https:\/\/www.blogsoestado.com\/danielmatos\/wp-content\/uploads\/sites\/2\/2025\/12\/1004489964.jpg","datePublished":"2025-12-08T21:55:03+00:00","dateModified":"2025-12-08T21:55:12+00:00","author":{"@id":"https:\/\/www.blogsoestado.com\/danielmatos\/#\/schema\/person\/9a209d407cd45631f131e1285b661bb0"},"breadcrumb":{"@id":"https:\/\/www.blogsoestado.com\/danielmatos\/pib-do-maranhao-cresce-32-e-ja-e-o-segundo-do-nordeste-afirma-secretario-vinicius-ferro\/#breadcrumb"},"inLanguage":"pt-BR","potentialAction":[{"@type":"ReadAction","target":["https:\/\/www.blogsoestado.com\/danielmatos\/pib-do-maranhao-cresce-32-e-ja-e-o-segundo-do-nordeste-afirma-secretario-vinicius-ferro\/"]}]},{"@type":"ImageObject","inLanguage":"pt-BR","@id":"https:\/\/www.blogsoestado.com\/danielmatos\/pib-do-maranhao-cresce-32-e-ja-e-o-segundo-do-nordeste-afirma-secretario-vinicius-ferro\/#primaryimage","url":"https:\/\/www.blogsoestado.com\/danielmatos\/wp-content\/uploads\/sites\/2\/2025\/12\/1004489964.jpg","contentUrl":"https:\/\/www.blogsoestado.com\/danielmatos\/wp-content\/uploads\/sites\/2\/2025\/12\/1004489964.jpg","width":952,"height":616},{"@type":"BreadcrumbList","@id":"https:\/\/www.blogsoestado.com\/danielmatos\/pib-do-maranhao-cresce-32-e-ja-e-o-segundo-do-nordeste-afirma-secretario-vinicius-ferro\/#breadcrumb","itemListElement":[{"@type":"ListItem","position":1,"name":"In\u00edcio","item":"https:\/\/www.blogsoestado.com\/danielmatos\/"},{"@type":"ListItem","position":2,"name":"PIB do Maranh\u00e3o cresce 3,2% e j\u00e1 \u00e9 o segundo do Nordeste, afirma secret\u00e1rio Vinicius Ferro"}]},{"@type":"WebSite","@id":"https:\/\/www.blogsoestado.com\/danielmatos\/#website","url":"https:\/\/www.blogsoestado.com\/danielmatos\/","name":"Daniel Matos","description":"","potentialAction":[{"@type":"SearchAction","target":{"@type":"EntryPoint","urlTemplate":"https:\/\/www.blogsoestado.com\/danielmatos\/?s={search_term_string}"},"query-input":{"@type":"PropertyValueSpecification","valueRequired":true,"valueName":"search_term_string"}}],"inLanguage":"pt-BR"},{"@type":"Person","@id":"https:\/\/www.blogsoestado.com\/danielmatos\/#\/schema\/person\/9a209d407cd45631f131e1285b661bb0","name":"Daniel Matos","image":{"@type":"ImageObject","inLanguage":"pt-BR","@id":"https:\/\/www.blogsoestado.com\/danielmatos\/#\/schema\/person\/image\/","url":"https:\/\/secure.gravatar.com\/avatar\/2f26c36ee355da19a257f0dfef43952a2588b324ca35d6719e859fe338ac0392?s=96&d=mm&r=g","contentUrl":"https:\/\/secure.gravatar.com\/avatar\/2f26c36ee355da19a257f0dfef43952a2588b324ca35d6719e859fe338ac0392?s=96&d=mm&r=g","caption":"Daniel Matos"},"url":"https:\/\/www.blogsoestado.com\/danielmatos\/author\/danielmatos\/"}]}},"jetpack_featured_media_url":"","_links":{"self":[{"href":"https:\/\/www.blogsoestado.com\/danielmatos\/wp-json\/wp\/v2\/posts\/152113","targetHints":{"allow":["GET"]}}],"collection":[{"href":"https:\/\/www.blogsoestado.com\/danielmatos\/wp-json\/wp\/v2\/posts"}],"about":[{"href":"https:\/\/www.blogsoestado.com\/danielmatos\/wp-json\/wp\/v2\/types\/post"}],"author":[{"embeddable":true,"href":"https:\/\/www.blogsoestado.com\/danielmatos\/wp-json\/wp\/v2\/users\/2"}],"replies":[{"embeddable":true,"href":"https:\/\/www.blogsoestado.com\/danielmatos\/wp-json\/wp\/v2\/comments?post=152113"}],"version-history":[{"count":1,"href":"https:\/\/www.blogsoestado.com\/danielmatos\/wp-json\/wp\/v2\/posts\/152113\/revisions"}],"predecessor-version":[{"id":152116,"href":"https:\/\/www.blogsoestado.com\/danielmatos\/wp-json\/wp\/v2\/posts\/152113\/revisions\/152116"}],"wp:attachment":[{"href":"https:\/\/www.blogsoestado.com\/danielmatos\/wp-json\/wp\/v2\/media?parent=152113"}],"wp:term":[{"taxonomy":"category","embeddable":true,"href":"https:\/\/www.blogsoestado.com\/danielmatos\/wp-json\/wp\/v2\/categories?post=152113"},{"taxonomy":"post_tag","embeddable":true,"href":"https:\/\/www.blogsoestado.com\/danielmatos\/wp-json\/wp\/v2\/tags?post=152113"}],"curies":[{"name":"wp","href":"https:\/\/api.w.org\/{rel}","templated":true}]}}