{"id":152120,"date":"2025-12-08T23:37:20","date_gmt":"2025-12-09T02:37:20","guid":{"rendered":"https:\/\/www.blogsoestado.com\/danielmatos\/?p=152120"},"modified":"2025-12-08T23:37:26","modified_gmt":"2025-12-09T02:37:26","slug":"lancamento-do-podcast-rosas-podadas","status":"publish","type":"post","link":"https:\/\/www.blogsoestado.com\/danielmatos\/lancamento-do-podcast-rosas-podadas\/","title":{"rendered":"Lan\u00e7amento do podcast Rosas Podadas"},"content":{"rendered":"\n<figure class=\"wp-block-image aligncenter size-large\"><img fetchpriority=\"high\" decoding=\"async\" width=\"1024\" height=\"768\" src=\"https:\/\/www.blogsoestado.com\/danielmatos\/wp-content\/uploads\/sites\/2\/2025\/12\/1004492561-1-1024x768.jpg\" alt=\"\" class=\"wp-image-152122\" srcset=\"https:\/\/www.blogsoestado.com\/danielmatos\/wp-content\/uploads\/sites\/2\/2025\/12\/1004492561-1-1024x768.jpg 1024w, https:\/\/www.blogsoestado.com\/danielmatos\/wp-content\/uploads\/sites\/2\/2025\/12\/1004492561-1-300x225.jpg 300w, https:\/\/www.blogsoestado.com\/danielmatos\/wp-content\/uploads\/sites\/2\/2025\/12\/1004492561-1-768x576.jpg 768w, https:\/\/www.blogsoestado.com\/danielmatos\/wp-content\/uploads\/sites\/2\/2025\/12\/1004492561-1-1536x1152.jpg 1536w, https:\/\/www.blogsoestado.com\/danielmatos\/wp-content\/uploads\/sites\/2\/2025\/12\/1004492561-1.jpg 1600w\" sizes=\"(max-width: 1024px) 100vw, 1024px\" \/><\/figure>\n\n\n\n<p>O Projeto Rosas podadas, tem como prop\u00f3sito acolher,orientar e fortalecer o coletivo de mulheres em harmonia da viv\u00eancia,equil\u00edbrio e intelig\u00eancia emocional e sa\u00fade mental,transformando a dor do c\u00e2ncer de mama de forma plural,com c\u00e1rater informativo,apoio espiritual e emocional,\u00e0 mulheres de comunidades urbanas e rurais,quilombolas de diversos segmentos da Grande S\u00e3o Lu\u00eds.<\/p>\n\n\n\n<p>O PODCAST Rosas Podadas \u00e9 o canal de escuta p\u00fablica,com depoimentos reais,de sa\u00fade mental e emocional que espelha as jornadas de vida e avan\u00e7os a luta do c\u00e2ncer de mama,preven\u00e7\u00e3o e cuidados sobre o tema por especialistas e convidados.<\/p>\n\n\n\n<p>O Podcast Rosas Podadas, \u00e9 autonomia e gest\u00e3o femenjna,uma iniciativa que nasce para dar voz, apoio e visibilidade \u00e0s mulheres que atravessam vulnerabilidades emocionais, sociais e de sa\u00fade \u2014 especialmente aquelas que enfrentam o diagn\u00f3stico e tratamento do c\u00e2ncer de mama.<\/p>\n\n\n\n<p>O Lan\u00e7amento,se dar\u00e1 dia 09 de dezembro no HURB Refesa, o espa\u00e7o que acolheu a proposta com sensibilidade e compromisso, acolhedor aos parceiros,multiplicadores e comunidade ,em geral das 08:00 \u00e0s 17h.<\/p>\n\n\n\n<figure class=\"wp-block-image aligncenter size-large\"><img decoding=\"async\" width=\"846\" height=\"1024\" src=\"https:\/\/www.blogsoestado.com\/danielmatos\/wp-content\/uploads\/sites\/2\/2025\/12\/1004492559-846x1024.jpg\" alt=\"\" class=\"wp-image-152123\" srcset=\"https:\/\/www.blogsoestado.com\/danielmatos\/wp-content\/uploads\/sites\/2\/2025\/12\/1004492559-846x1024.jpg 846w, https:\/\/www.blogsoestado.com\/danielmatos\/wp-content\/uploads\/sites\/2\/2025\/12\/1004492559-248x300.jpg 248w, https:\/\/www.blogsoestado.com\/danielmatos\/wp-content\/uploads\/sites\/2\/2025\/12\/1004492559-768x930.jpg 768w, https:\/\/www.blogsoestado.com\/danielmatos\/wp-content\/uploads\/sites\/2\/2025\/12\/1004492559.jpg 1079w\" sizes=\"(max-width: 846px) 100vw, 846px\" \/><\/figure>\n\n\n\n<p>O Rosas Podadas nasce da uni\u00e3o de prop\u00f3sitos , duas mulheres que transformaram suas hist\u00f3rias em miss\u00e3o, em di\u00e1logo puderam superar barreiras, segundo a coordenadora executiva, Aurinea Franco. &#8220;Encontrei o chamado ao vencer o c\u00e2ncer de mama HER2+, encontrou em sua cura f\u00edsica e espiritual o chamado para alcan\u00e7ar outras mulheres podadas pela dor \u2014 e lembr\u00e1-las de que ainda podem florescer.&#8221;<\/p>\n\n\n\n<p>A fus\u00e3o de ideias, hist\u00f3rias,dialogos e acolhimento formou n\u00e3o apenas um podcast, mas um movimento de acolhimento, f\u00e9, supera\u00e7\u00e3o e identidade para mulheres.<\/p>\n\n\n\n<p>Segundo Gislane Sousa &#8220;a sensibilidade e atua\u00e7\u00e3o comunit\u00e1ria, abra\u00e7ou o projeto com profissionalismo em prop\u00f3sito, do cuidado e informa\u00e7\u00e3o a mulheres em condi\u00e7\u00e3o de vulnerabilidade, florescendo a ess\u00eancia da for\u00e7a interior para a cura e enfrentamento do c\u00e2ncer de mama.<\/p>\n\n\n\n<p>O PODCAST ROSAS PODADAS,dar\u00e1 miss\u00e3o e valores do Projeto,as hist\u00f3rias que permeam a constru\u00e7\u00e3o da vit\u00f3ria e fortalecimento na &#8220;preven\u00e7\u00e3o e diagn\u00f3stico ao c\u00e2ncer de mama&#8221;, a consolida\u00e7\u00e3o dos caminhos da estrutura\u00e7\u00e3o de Rede de Apoio &#8220;prop\u00f3sito para 2026 consolida\u00e7\u00e3o deredes de apoio(Palestras\/Rodas de conversa\/Workshops) presencial,on-line ou streaming m\u00eddia, a musicalidade como terapia(din\u00e2mica de enfrentamento)fortalecer trajet\u00f3rias de supera\u00e7\u00e3o<\/p>\n\n\n\n<figure class=\"wp-block-image aligncenter size-large\"><img decoding=\"async\" width=\"1024\" height=\"754\" src=\"https:\/\/www.blogsoestado.com\/danielmatos\/wp-content\/uploads\/sites\/2\/2025\/12\/1004492560-1024x754.jpg\" alt=\"\" class=\"wp-image-152124\" srcset=\"https:\/\/www.blogsoestado.com\/danielmatos\/wp-content\/uploads\/sites\/2\/2025\/12\/1004492560-1024x754.jpg 1024w, https:\/\/www.blogsoestado.com\/danielmatos\/wp-content\/uploads\/sites\/2\/2025\/12\/1004492560-300x221.jpg 300w, https:\/\/www.blogsoestado.com\/danielmatos\/wp-content\/uploads\/sites\/2\/2025\/12\/1004492560-768x566.jpg 768w, https:\/\/www.blogsoestado.com\/danielmatos\/wp-content\/uploads\/sites\/2\/2025\/12\/1004492560.jpg 1078w\" sizes=\"(max-width: 1024px) 100vw, 1024px\" \/><\/figure>\n\n\n\n<p>O evento contar\u00e1 com a presen\u00e7a de profissionais da sa\u00fade, apoiadores, autoridades e convidadas especiais que acreditam na import\u00e2ncia do Projeto,que lan\u00e7am a jornada de 2026 de Encontros presenciais e online,na amplia\u00e7\u00e3o e difus\u00e3o dessa Rede Apoio e Sa\u00fade da Mulher assessivel de conex\u00e3o e afeto em acolhimento as mulheres com c\u00e2ncer de Mama no Maranh\u00e3o.<\/p>\n\n\n\n<p><strong>Servi\u00e7o<\/strong><\/p>\n\n\n\n<p>Evento: Lan\u00e7amento do 1\u00ba Epis\u00f3dio do Podcast Rosas Podadas<br>Data: 09\/12\/2025<br>Local: Locomotiva HURB- Refesa<br>Hor\u00e1rios: Turnos manh\u00e3 e tarde<br>Entrada: Gratuita<\/p>\n\n\n\n<p>P\u00fablico-alvo: Mulheres em tratamento ou p\u00f3s-tratamento do c\u00e2ncer; autoridades; profissionais de sa\u00fade; apoiadores; convidadas.<\/p>\n","protected":false},"excerpt":{"rendered":"<p>O Projeto Rosas podadas, tem como prop\u00f3sito acolher,orientar e fortalecer o coletivo de mulheres em harmonia da viv\u00eancia,equil\u00edbrio e intelig\u00eancia [&hellip;]<\/p>\n","protected":false},"author":2,"featured_media":0,"comment_status":"open","ping_status":"open","sticky":false,"template":"","format":"standard","meta":{"site-sidebar-layout":"default","site-content-layout":"","ast-site-content-layout":"default","site-content-style":"default","site-sidebar-style":"default","ast-global-header-display":"","ast-banner-title-visibility":"","ast-main-header-display":"","ast-hfb-above-header-display":"","ast-hfb-below-header-display":"","ast-hfb-mobile-header-display":"","site-post-title":"","ast-breadcrumbs-content":"","ast-featured-img":"","footer-sml-layout":"","ast-disable-related-posts":"","theme-transparent-header-meta":"","adv-header-id-meta":"","stick-header-meta":"","header-above-stick-meta":"","header-main-stick-meta":"","header-below-stick-meta":"","astra-migrate-meta-layouts":"default","ast-page-background-enabled":"default","ast-page-background-meta":{"desktop":{"background-color":"var(--ast-global-color-5)","background-image":"","background-repeat":"repeat","background-position":"center center","background-size":"auto","background-attachment":"scroll","background-type":"","background-media":"","overlay-type":"","overlay-color":"","overlay-opacity":"","overlay-gradient":""},"tablet":{"background-color":"","background-image":"","background-repeat":"repeat","background-position":"center center","background-size":"auto","background-attachment":"scroll","background-type":"","background-media":"","overlay-type":"","overlay-color":"","overlay-opacity":"","overlay-gradient":""},"mobile":{"background-color":"","background-image":"","background-repeat":"repeat","background-position":"center center","background-size":"auto","background-attachment":"scroll","background-type":"","background-media":"","overlay-type":"","overlay-color":"","overlay-opacity":"","overlay-gradient":""}},"ast-content-background-meta":{"desktop":{"background-color":"var(--ast-global-color-4)","background-image":"","background-repeat":"repeat","background-position":"center center","background-size":"auto","background-attachment":"scroll","background-type":"","background-media":"","overlay-type":"","overlay-color":"","overlay-opacity":"","overlay-gradient":""},"tablet":{"background-color":"var(--ast-global-color-4)","background-image":"","background-repeat":"repeat","background-position":"center center","background-size":"auto","background-attachment":"scroll","background-type":"","background-media":"","overlay-type":"","overlay-color":"","overlay-opacity":"","overlay-gradient":""},"mobile":{"background-color":"var(--ast-global-color-4)","background-image":"","background-repeat":"repeat","background-position":"center center","background-size":"auto","background-attachment":"scroll","background-type":"","background-media":"","overlay-type":"","overlay-color":"","overlay-opacity":"","overlay-gradient":""}},"footnotes":""},"categories":[1],"tags":[],"class_list":["post-152120","post","type-post","status-publish","format-standard","hentry","category-sem-categoria"],"yoast_head":"<!-- This site is optimized with the Yoast SEO plugin v26.6 - https:\/\/yoast.com\/wordpress\/plugins\/seo\/ -->\n<title>Lan\u00e7amento do podcast Rosas Podadas - Daniel Matos<\/title>\n<meta name=\"robots\" content=\"index, follow, max-snippet:-1, max-image-preview:large, max-video-preview:-1\" \/>\n<link rel=\"canonical\" href=\"https:\/\/www.blogsoestado.com\/danielmatos\/lancamento-do-podcast-rosas-podadas\/\" \/>\n<meta property=\"og:locale\" content=\"pt_BR\" \/>\n<meta property=\"og:type\" content=\"article\" \/>\n<meta property=\"og:title\" content=\"Lan\u00e7amento do podcast Rosas Podadas - Daniel Matos\" \/>\n<meta property=\"og:description\" content=\"O Projeto Rosas podadas, tem como prop\u00f3sito acolher,orientar e fortalecer o coletivo de mulheres em harmonia da viv\u00eancia,equil\u00edbrio e intelig\u00eancia [&hellip;]\" \/>\n<meta property=\"og:url\" content=\"https:\/\/www.blogsoestado.com\/danielmatos\/lancamento-do-podcast-rosas-podadas\/\" \/>\n<meta property=\"og:site_name\" content=\"Daniel Matos\" \/>\n<meta property=\"article:published_time\" content=\"2025-12-09T02:37:20+00:00\" \/>\n<meta property=\"article:modified_time\" content=\"2025-12-09T02:37:26+00:00\" \/>\n<meta property=\"og:image\" content=\"https:\/\/www.blogsoestado.com\/danielmatos\/wp-content\/uploads\/sites\/2\/2025\/12\/1004492561-1.jpg\" \/>\n\t<meta property=\"og:image:width\" content=\"1600\" \/>\n\t<meta property=\"og:image:height\" content=\"1200\" \/>\n\t<meta property=\"og:image:type\" content=\"image\/jpeg\" \/>\n<meta name=\"author\" content=\"Daniel Matos\" \/>\n<meta name=\"twitter:card\" content=\"summary_large_image\" \/>\n<meta name=\"twitter:label1\" content=\"Escrito por\" \/>\n\t<meta name=\"twitter:data1\" content=\"Daniel Matos\" \/>\n\t<meta name=\"twitter:label2\" content=\"Est. tempo de leitura\" \/>\n\t<meta name=\"twitter:data2\" content=\"4 minutos\" \/>\n<script type=\"application\/ld+json\" class=\"yoast-schema-graph\">{\"@context\":\"https:\/\/schema.org\",\"@graph\":[{\"@type\":\"WebPage\",\"@id\":\"https:\/\/www.blogsoestado.com\/danielmatos\/lancamento-do-podcast-rosas-podadas\/\",\"url\":\"https:\/\/www.blogsoestado.com\/danielmatos\/lancamento-do-podcast-rosas-podadas\/\",\"name\":\"Lan\u00e7amento do podcast Rosas Podadas - Daniel Matos\",\"isPartOf\":{\"@id\":\"https:\/\/www.blogsoestado.com\/danielmatos\/#website\"},\"primaryImageOfPage\":{\"@id\":\"https:\/\/www.blogsoestado.com\/danielmatos\/lancamento-do-podcast-rosas-podadas\/#primaryimage\"},\"image\":{\"@id\":\"https:\/\/www.blogsoestado.com\/danielmatos\/lancamento-do-podcast-rosas-podadas\/#primaryimage\"},\"thumbnailUrl\":\"https:\/\/www.blogsoestado.com\/danielmatos\/wp-content\/uploads\/sites\/2\/2025\/12\/1004492561-1-1024x768.jpg\",\"datePublished\":\"2025-12-09T02:37:20+00:00\",\"dateModified\":\"2025-12-09T02:37:26+00:00\",\"author\":{\"@id\":\"https:\/\/www.blogsoestado.com\/danielmatos\/#\/schema\/person\/9a209d407cd45631f131e1285b661bb0\"},\"breadcrumb\":{\"@id\":\"https:\/\/www.blogsoestado.com\/danielmatos\/lancamento-do-podcast-rosas-podadas\/#breadcrumb\"},\"inLanguage\":\"pt-BR\",\"potentialAction\":[{\"@type\":\"ReadAction\",\"target\":[\"https:\/\/www.blogsoestado.com\/danielmatos\/lancamento-do-podcast-rosas-podadas\/\"]}]},{\"@type\":\"ImageObject\",\"inLanguage\":\"pt-BR\",\"@id\":\"https:\/\/www.blogsoestado.com\/danielmatos\/lancamento-do-podcast-rosas-podadas\/#primaryimage\",\"url\":\"https:\/\/www.blogsoestado.com\/danielmatos\/wp-content\/uploads\/sites\/2\/2025\/12\/1004492561-1.jpg\",\"contentUrl\":\"https:\/\/www.blogsoestado.com\/danielmatos\/wp-content\/uploads\/sites\/2\/2025\/12\/1004492561-1.jpg\",\"width\":1600,\"height\":1200},{\"@type\":\"BreadcrumbList\",\"@id\":\"https:\/\/www.blogsoestado.com\/danielmatos\/lancamento-do-podcast-rosas-podadas\/#breadcrumb\",\"itemListElement\":[{\"@type\":\"ListItem\",\"position\":1,\"name\":\"In\u00edcio\",\"item\":\"https:\/\/www.blogsoestado.com\/danielmatos\/\"},{\"@type\":\"ListItem\",\"position\":2,\"name\":\"Lan\u00e7amento do podcast Rosas Podadas\"}]},{\"@type\":\"WebSite\",\"@id\":\"https:\/\/www.blogsoestado.com\/danielmatos\/#website\",\"url\":\"https:\/\/www.blogsoestado.com\/danielmatos\/\",\"name\":\"Daniel Matos\",\"description\":\"\",\"potentialAction\":[{\"@type\":\"SearchAction\",\"target\":{\"@type\":\"EntryPoint\",\"urlTemplate\":\"https:\/\/www.blogsoestado.com\/danielmatos\/?s={search_term_string}\"},\"query-input\":{\"@type\":\"PropertyValueSpecification\",\"valueRequired\":true,\"valueName\":\"search_term_string\"}}],\"inLanguage\":\"pt-BR\"},{\"@type\":\"Person\",\"@id\":\"https:\/\/www.blogsoestado.com\/danielmatos\/#\/schema\/person\/9a209d407cd45631f131e1285b661bb0\",\"name\":\"Daniel Matos\",\"image\":{\"@type\":\"ImageObject\",\"inLanguage\":\"pt-BR\",\"@id\":\"https:\/\/www.blogsoestado.com\/danielmatos\/#\/schema\/person\/image\/\",\"url\":\"https:\/\/secure.gravatar.com\/avatar\/2f26c36ee355da19a257f0dfef43952a2588b324ca35d6719e859fe338ac0392?s=96&d=mm&r=g\",\"contentUrl\":\"https:\/\/secure.gravatar.com\/avatar\/2f26c36ee355da19a257f0dfef43952a2588b324ca35d6719e859fe338ac0392?s=96&d=mm&r=g\",\"caption\":\"Daniel Matos\"},\"url\":\"https:\/\/www.blogsoestado.com\/danielmatos\/author\/danielmatos\/\"}]}<\/script>\n<!-- \/ Yoast SEO plugin. -->","yoast_head_json":{"title":"Lan\u00e7amento do podcast Rosas Podadas - Daniel Matos","robots":{"index":"index","follow":"follow","max-snippet":"max-snippet:-1","max-image-preview":"max-image-preview:large","max-video-preview":"max-video-preview:-1"},"canonical":"https:\/\/www.blogsoestado.com\/danielmatos\/lancamento-do-podcast-rosas-podadas\/","og_locale":"pt_BR","og_type":"article","og_title":"Lan\u00e7amento do podcast Rosas Podadas - Daniel Matos","og_description":"O Projeto Rosas podadas, tem como prop\u00f3sito acolher,orientar e fortalecer o coletivo de mulheres em harmonia da viv\u00eancia,equil\u00edbrio e intelig\u00eancia [&hellip;]","og_url":"https:\/\/www.blogsoestado.com\/danielmatos\/lancamento-do-podcast-rosas-podadas\/","og_site_name":"Daniel Matos","article_published_time":"2025-12-09T02:37:20+00:00","article_modified_time":"2025-12-09T02:37:26+00:00","og_image":[{"width":1600,"height":1200,"url":"https:\/\/www.blogsoestado.com\/danielmatos\/wp-content\/uploads\/sites\/2\/2025\/12\/1004492561-1.jpg","type":"image\/jpeg"}],"author":"Daniel Matos","twitter_card":"summary_large_image","twitter_misc":{"Escrito por":"Daniel Matos","Est. tempo de leitura":"4 minutos"},"schema":{"@context":"https:\/\/schema.org","@graph":[{"@type":"WebPage","@id":"https:\/\/www.blogsoestado.com\/danielmatos\/lancamento-do-podcast-rosas-podadas\/","url":"https:\/\/www.blogsoestado.com\/danielmatos\/lancamento-do-podcast-rosas-podadas\/","name":"Lan\u00e7amento do podcast Rosas Podadas - Daniel Matos","isPartOf":{"@id":"https:\/\/www.blogsoestado.com\/danielmatos\/#website"},"primaryImageOfPage":{"@id":"https:\/\/www.blogsoestado.com\/danielmatos\/lancamento-do-podcast-rosas-podadas\/#primaryimage"},"image":{"@id":"https:\/\/www.blogsoestado.com\/danielmatos\/lancamento-do-podcast-rosas-podadas\/#primaryimage"},"thumbnailUrl":"https:\/\/www.blogsoestado.com\/danielmatos\/wp-content\/uploads\/sites\/2\/2025\/12\/1004492561-1-1024x768.jpg","datePublished":"2025-12-09T02:37:20+00:00","dateModified":"2025-12-09T02:37:26+00:00","author":{"@id":"https:\/\/www.blogsoestado.com\/danielmatos\/#\/schema\/person\/9a209d407cd45631f131e1285b661bb0"},"breadcrumb":{"@id":"https:\/\/www.blogsoestado.com\/danielmatos\/lancamento-do-podcast-rosas-podadas\/#breadcrumb"},"inLanguage":"pt-BR","potentialAction":[{"@type":"ReadAction","target":["https:\/\/www.blogsoestado.com\/danielmatos\/lancamento-do-podcast-rosas-podadas\/"]}]},{"@type":"ImageObject","inLanguage":"pt-BR","@id":"https:\/\/www.blogsoestado.com\/danielmatos\/lancamento-do-podcast-rosas-podadas\/#primaryimage","url":"https:\/\/www.blogsoestado.com\/danielmatos\/wp-content\/uploads\/sites\/2\/2025\/12\/1004492561-1.jpg","contentUrl":"https:\/\/www.blogsoestado.com\/danielmatos\/wp-content\/uploads\/sites\/2\/2025\/12\/1004492561-1.jpg","width":1600,"height":1200},{"@type":"BreadcrumbList","@id":"https:\/\/www.blogsoestado.com\/danielmatos\/lancamento-do-podcast-rosas-podadas\/#breadcrumb","itemListElement":[{"@type":"ListItem","position":1,"name":"In\u00edcio","item":"https:\/\/www.blogsoestado.com\/danielmatos\/"},{"@type":"ListItem","position":2,"name":"Lan\u00e7amento do podcast Rosas Podadas"}]},{"@type":"WebSite","@id":"https:\/\/www.blogsoestado.com\/danielmatos\/#website","url":"https:\/\/www.blogsoestado.com\/danielmatos\/","name":"Daniel Matos","description":"","potentialAction":[{"@type":"SearchAction","target":{"@type":"EntryPoint","urlTemplate":"https:\/\/www.blogsoestado.com\/danielmatos\/?s={search_term_string}"},"query-input":{"@type":"PropertyValueSpecification","valueRequired":true,"valueName":"search_term_string"}}],"inLanguage":"pt-BR"},{"@type":"Person","@id":"https:\/\/www.blogsoestado.com\/danielmatos\/#\/schema\/person\/9a209d407cd45631f131e1285b661bb0","name":"Daniel Matos","image":{"@type":"ImageObject","inLanguage":"pt-BR","@id":"https:\/\/www.blogsoestado.com\/danielmatos\/#\/schema\/person\/image\/","url":"https:\/\/secure.gravatar.com\/avatar\/2f26c36ee355da19a257f0dfef43952a2588b324ca35d6719e859fe338ac0392?s=96&d=mm&r=g","contentUrl":"https:\/\/secure.gravatar.com\/avatar\/2f26c36ee355da19a257f0dfef43952a2588b324ca35d6719e859fe338ac0392?s=96&d=mm&r=g","caption":"Daniel Matos"},"url":"https:\/\/www.blogsoestado.com\/danielmatos\/author\/danielmatos\/"}]}},"jetpack_featured_media_url":"","_links":{"self":[{"href":"https:\/\/www.blogsoestado.com\/danielmatos\/wp-json\/wp\/v2\/posts\/152120","targetHints":{"allow":["GET"]}}],"collection":[{"href":"https:\/\/www.blogsoestado.com\/danielmatos\/wp-json\/wp\/v2\/posts"}],"about":[{"href":"https:\/\/www.blogsoestado.com\/danielmatos\/wp-json\/wp\/v2\/types\/post"}],"author":[{"embeddable":true,"href":"https:\/\/www.blogsoestado.com\/danielmatos\/wp-json\/wp\/v2\/users\/2"}],"replies":[{"embeddable":true,"href":"https:\/\/www.blogsoestado.com\/danielmatos\/wp-json\/wp\/v2\/comments?post=152120"}],"version-history":[{"count":1,"href":"https:\/\/www.blogsoestado.com\/danielmatos\/wp-json\/wp\/v2\/posts\/152120\/revisions"}],"predecessor-version":[{"id":152125,"href":"https:\/\/www.blogsoestado.com\/danielmatos\/wp-json\/wp\/v2\/posts\/152120\/revisions\/152125"}],"wp:attachment":[{"href":"https:\/\/www.blogsoestado.com\/danielmatos\/wp-json\/wp\/v2\/media?parent=152120"}],"wp:term":[{"taxonomy":"category","embeddable":true,"href":"https:\/\/www.blogsoestado.com\/danielmatos\/wp-json\/wp\/v2\/categories?post=152120"},{"taxonomy":"post_tag","embeddable":true,"href":"https:\/\/www.blogsoestado.com\/danielmatos\/wp-json\/wp\/v2\/tags?post=152120"}],"curies":[{"name":"wp","href":"https:\/\/api.w.org\/{rel}","templated":true}]}}