{"id":152469,"date":"2025-12-17T06:34:50","date_gmt":"2025-12-17T09:34:50","guid":{"rendered":"https:\/\/www.blogsoestado.com\/danielmatos\/?p=152469"},"modified":"2025-12-17T06:35:00","modified_gmt":"2025-12-17T09:35:00","slug":"adiado-lancamento-de-foguete-sul-coreano-no-maranhao-saiba-nova-data","status":"publish","type":"post","link":"https:\/\/www.blogsoestado.com\/danielmatos\/adiado-lancamento-de-foguete-sul-coreano-no-maranhao-saiba-nova-data\/","title":{"rendered":"Adiado lan\u00e7amento de foguete sul-coreano no Maranh\u00e3o; saiba nova data"},"content":{"rendered":"\n<h2 class=\"wp-block-heading\"><mark style=\"color:#cf2e2e\" class=\"has-inline-color\">Opera\u00e7\u00e3o in\u00e9dita no Brasil marca a entrada do pa\u00eds no mercado global de lan\u00e7amentos espaciais privados<\/mark><\/h2>\n\n\n\n<figure class=\"wp-block-image aligncenter size-full\"><img fetchpriority=\"high\" decoding=\"async\" width=\"768\" height=\"432\" src=\"https:\/\/www.blogsoestado.com\/danielmatos\/wp-content\/uploads\/sites\/2\/2025\/12\/1004566484.jpg\" alt=\"\" class=\"wp-image-152470\" srcset=\"https:\/\/www.blogsoestado.com\/danielmatos\/wp-content\/uploads\/sites\/2\/2025\/12\/1004566484.jpg 768w, https:\/\/www.blogsoestado.com\/danielmatos\/wp-content\/uploads\/sites\/2\/2025\/12\/1004566484-300x169.jpg 300w\" sizes=\"(max-width: 768px) 100vw, 768px\" \/><figcaption class=\"wp-element-caption\">Foguete Hanbit-Nano no Centro de Lan\u00e7amento de Alc\u00e2ntara (CLA) (<strong>Foto: <\/strong>Innospace)<\/figcaption><\/figure>\n\n\n\n<p>O foguete HANBIT-Nano que seria lan\u00e7ado, nesta quarta-feira (17) \u00e0s 15h45, a partir do Centro de Lan\u00e7amento de Alc\u00e2ntara, no Maranh\u00e3o, foi adiado mais uma vez. Segundo planeja a empresa sul-coreana Innospace<strong>,\u00a0<\/strong>desenvolvedora do foguete,\u00a0<strong>agora a miss\u00e3o est\u00e1 prevista para dia 19 \u00e0s 15h34 (hor\u00e1rio de Bras\u00edlia).\u00a0<\/strong><\/p>\n\n\n\n<p>A\u00a0 FAB (For\u00e7a A\u00e9rea Brasileira) tem uma janela de poss\u00edveis lan\u00e7amentos at\u00e9 a pr\u00f3xima segunda-feira (22). A institui\u00e7\u00e3o n\u00e3o explicou os motivos da nova data.<\/p>\n\n\n\n<p>A A Opera\u00e7\u00e3o Spaceward, em parceria com a Ag\u00eancia Espacial Brasileira, marca a entrada do Brasil no mercado global de lan\u00e7amentos espaciais. Na tarde desta ter\u00e7a-feira (16),&nbsp;<strong>a empresa asi\u00e1tica realizou os preparativos para a primeira tentativa de lan\u00e7amento do foguete<\/strong>.<\/p>\n\n\n\n<p>O objetivo da miss\u00e3o \u00e9 transportar cinco sat\u00e9lites e tr\u00eas experimentos para o espa\u00e7o.&nbsp;<strong>A iniciativa \u00e9 fruto do edital de chamamento p\u00fablico lan\u00e7ado em 2020. O grupo sul coreano foi uma das empresas selecionadas, assinando contrato com o Comando da Aeron\u00e1utica, em 2022<\/strong>.<\/p>\n\n\n\n<p>A base de Alc\u00e2ntara tem uma posi\u00e7\u00e3o geogr\u00e1fica privilegiada,\u00a0<a href=\"https:\/\/www.cnnbrasil.com.br\/nacional\/base-de-alcantara-tem-uma-posicao-geografica-muito-boa-para-lancamento-diz-especialista\/\">principalmente por estar localizado pr\u00f3ximo a linha do Equador<\/a>. \u201cTemos um potencial muito grande desperdi\u00e7ado ao longo das \u00faltimas d\u00e9cadas, que hoje \u00e9 um problema em rela\u00e7\u00e3o a outros pa\u00edses, como EUA, R\u00fassia, China, \u00cdndia, entre outros\u201d, Pedro Pallotta, divulgador cient\u00edfico e especialista no tema espacial.<\/p>\n\n\n\n<p><strong>Fonte:<\/strong> CNN Brasil <\/p>\n","protected":false},"excerpt":{"rendered":"<p>Opera\u00e7\u00e3o in\u00e9dita no Brasil marca a entrada do pa\u00eds no mercado global de lan\u00e7amentos espaciais privados O foguete HANBIT-Nano que [&hellip;]<\/p>\n","protected":false},"author":2,"featured_media":0,"comment_status":"open","ping_status":"open","sticky":false,"template":"","format":"standard","meta":{"site-sidebar-layout":"default","site-content-layout":"","ast-site-content-layout":"default","site-content-style":"default","site-sidebar-style":"default","ast-global-header-display":"","ast-banner-title-visibility":"","ast-main-header-display":"","ast-hfb-above-header-display":"","ast-hfb-below-header-display":"","ast-hfb-mobile-header-display":"","site-post-title":"","ast-breadcrumbs-content":"","ast-featured-img":"","footer-sml-layout":"","ast-disable-related-posts":"","theme-transparent-header-meta":"","adv-header-id-meta":"","stick-header-meta":"","header-above-stick-meta":"","header-main-stick-meta":"","header-below-stick-meta":"","astra-migrate-meta-layouts":"default","ast-page-background-enabled":"default","ast-page-background-meta":{"desktop":{"background-color":"var(--ast-global-color-5)","background-image":"","background-repeat":"repeat","background-position":"center center","background-size":"auto","background-attachment":"scroll","background-type":"","background-media":"","overlay-type":"","overlay-color":"","overlay-opacity":"","overlay-gradient":""},"tablet":{"background-color":"","background-image":"","background-repeat":"repeat","background-position":"center center","background-size":"auto","background-attachment":"scroll","background-type":"","background-media":"","overlay-type":"","overlay-color":"","overlay-opacity":"","overlay-gradient":""},"mobile":{"background-color":"","background-image":"","background-repeat":"repeat","background-position":"center center","background-size":"auto","background-attachment":"scroll","background-type":"","background-media":"","overlay-type":"","overlay-color":"","overlay-opacity":"","overlay-gradient":""}},"ast-content-background-meta":{"desktop":{"background-color":"var(--ast-global-color-4)","background-image":"","background-repeat":"repeat","background-position":"center center","background-size":"auto","background-attachment":"scroll","background-type":"","background-media":"","overlay-type":"","overlay-color":"","overlay-opacity":"","overlay-gradient":""},"tablet":{"background-color":"var(--ast-global-color-4)","background-image":"","background-repeat":"repeat","background-position":"center center","background-size":"auto","background-attachment":"scroll","background-type":"","background-media":"","overlay-type":"","overlay-color":"","overlay-opacity":"","overlay-gradient":""},"mobile":{"background-color":"var(--ast-global-color-4)","background-image":"","background-repeat":"repeat","background-position":"center center","background-size":"auto","background-attachment":"scroll","background-type":"","background-media":"","overlay-type":"","overlay-color":"","overlay-opacity":"","overlay-gradient":""}},"footnotes":""},"categories":[1],"tags":[],"class_list":["post-152469","post","type-post","status-publish","format-standard","hentry","category-sem-categoria"],"yoast_head":"<!-- This site is optimized with the Yoast SEO plugin v26.6 - https:\/\/yoast.com\/wordpress\/plugins\/seo\/ -->\n<title>Adiado lan\u00e7amento de foguete sul-coreano no Maranh\u00e3o; saiba nova data - Daniel Matos<\/title>\n<meta name=\"robots\" content=\"index, follow, max-snippet:-1, max-image-preview:large, max-video-preview:-1\" \/>\n<link rel=\"canonical\" href=\"https:\/\/www.blogsoestado.com\/danielmatos\/adiado-lancamento-de-foguete-sul-coreano-no-maranhao-saiba-nova-data\/\" \/>\n<meta property=\"og:locale\" content=\"pt_BR\" \/>\n<meta property=\"og:type\" content=\"article\" \/>\n<meta property=\"og:title\" content=\"Adiado lan\u00e7amento de foguete sul-coreano no Maranh\u00e3o; saiba nova data - Daniel Matos\" \/>\n<meta property=\"og:description\" content=\"Opera\u00e7\u00e3o in\u00e9dita no Brasil marca a entrada do pa\u00eds no mercado global de lan\u00e7amentos espaciais privados O foguete HANBIT-Nano que [&hellip;]\" \/>\n<meta property=\"og:url\" content=\"https:\/\/www.blogsoestado.com\/danielmatos\/adiado-lancamento-de-foguete-sul-coreano-no-maranhao-saiba-nova-data\/\" \/>\n<meta property=\"og:site_name\" content=\"Daniel Matos\" \/>\n<meta property=\"article:published_time\" content=\"2025-12-17T09:34:50+00:00\" \/>\n<meta property=\"article:modified_time\" content=\"2025-12-17T09:35:00+00:00\" \/>\n<meta property=\"og:image\" content=\"https:\/\/www.blogsoestado.com\/danielmatos\/wp-content\/uploads\/sites\/2\/2025\/12\/1004566484.jpg\" \/>\n\t<meta property=\"og:image:width\" content=\"768\" \/>\n\t<meta property=\"og:image:height\" content=\"432\" \/>\n\t<meta property=\"og:image:type\" content=\"image\/jpeg\" \/>\n<meta name=\"author\" content=\"Daniel Matos\" \/>\n<meta name=\"twitter:card\" content=\"summary_large_image\" \/>\n<meta name=\"twitter:label1\" content=\"Escrito por\" \/>\n\t<meta name=\"twitter:data1\" content=\"Daniel Matos\" \/>\n\t<meta name=\"twitter:label2\" content=\"Est. tempo de leitura\" \/>\n\t<meta name=\"twitter:data2\" content=\"2 minutos\" \/>\n<script type=\"application\/ld+json\" class=\"yoast-schema-graph\">{\"@context\":\"https:\/\/schema.org\",\"@graph\":[{\"@type\":\"WebPage\",\"@id\":\"https:\/\/www.blogsoestado.com\/danielmatos\/adiado-lancamento-de-foguete-sul-coreano-no-maranhao-saiba-nova-data\/\",\"url\":\"https:\/\/www.blogsoestado.com\/danielmatos\/adiado-lancamento-de-foguete-sul-coreano-no-maranhao-saiba-nova-data\/\",\"name\":\"Adiado lan\u00e7amento de foguete sul-coreano no Maranh\u00e3o; saiba nova data - Daniel Matos\",\"isPartOf\":{\"@id\":\"https:\/\/www.blogsoestado.com\/danielmatos\/#website\"},\"primaryImageOfPage\":{\"@id\":\"https:\/\/www.blogsoestado.com\/danielmatos\/adiado-lancamento-de-foguete-sul-coreano-no-maranhao-saiba-nova-data\/#primaryimage\"},\"image\":{\"@id\":\"https:\/\/www.blogsoestado.com\/danielmatos\/adiado-lancamento-de-foguete-sul-coreano-no-maranhao-saiba-nova-data\/#primaryimage\"},\"thumbnailUrl\":\"https:\/\/www.blogsoestado.com\/danielmatos\/wp-content\/uploads\/sites\/2\/2025\/12\/1004566484.jpg\",\"datePublished\":\"2025-12-17T09:34:50+00:00\",\"dateModified\":\"2025-12-17T09:35:00+00:00\",\"author\":{\"@id\":\"https:\/\/www.blogsoestado.com\/danielmatos\/#\/schema\/person\/9a209d407cd45631f131e1285b661bb0\"},\"breadcrumb\":{\"@id\":\"https:\/\/www.blogsoestado.com\/danielmatos\/adiado-lancamento-de-foguete-sul-coreano-no-maranhao-saiba-nova-data\/#breadcrumb\"},\"inLanguage\":\"pt-BR\",\"potentialAction\":[{\"@type\":\"ReadAction\",\"target\":[\"https:\/\/www.blogsoestado.com\/danielmatos\/adiado-lancamento-de-foguete-sul-coreano-no-maranhao-saiba-nova-data\/\"]}]},{\"@type\":\"ImageObject\",\"inLanguage\":\"pt-BR\",\"@id\":\"https:\/\/www.blogsoestado.com\/danielmatos\/adiado-lancamento-de-foguete-sul-coreano-no-maranhao-saiba-nova-data\/#primaryimage\",\"url\":\"https:\/\/www.blogsoestado.com\/danielmatos\/wp-content\/uploads\/sites\/2\/2025\/12\/1004566484.jpg\",\"contentUrl\":\"https:\/\/www.blogsoestado.com\/danielmatos\/wp-content\/uploads\/sites\/2\/2025\/12\/1004566484.jpg\",\"width\":768,\"height\":432},{\"@type\":\"BreadcrumbList\",\"@id\":\"https:\/\/www.blogsoestado.com\/danielmatos\/adiado-lancamento-de-foguete-sul-coreano-no-maranhao-saiba-nova-data\/#breadcrumb\",\"itemListElement\":[{\"@type\":\"ListItem\",\"position\":1,\"name\":\"In\u00edcio\",\"item\":\"https:\/\/www.blogsoestado.com\/danielmatos\/\"},{\"@type\":\"ListItem\",\"position\":2,\"name\":\"Adiado lan\u00e7amento de foguete sul-coreano no Maranh\u00e3o; saiba nova data\"}]},{\"@type\":\"WebSite\",\"@id\":\"https:\/\/www.blogsoestado.com\/danielmatos\/#website\",\"url\":\"https:\/\/www.blogsoestado.com\/danielmatos\/\",\"name\":\"Daniel Matos\",\"description\":\"\",\"potentialAction\":[{\"@type\":\"SearchAction\",\"target\":{\"@type\":\"EntryPoint\",\"urlTemplate\":\"https:\/\/www.blogsoestado.com\/danielmatos\/?s={search_term_string}\"},\"query-input\":{\"@type\":\"PropertyValueSpecification\",\"valueRequired\":true,\"valueName\":\"search_term_string\"}}],\"inLanguage\":\"pt-BR\"},{\"@type\":\"Person\",\"@id\":\"https:\/\/www.blogsoestado.com\/danielmatos\/#\/schema\/person\/9a209d407cd45631f131e1285b661bb0\",\"name\":\"Daniel Matos\",\"image\":{\"@type\":\"ImageObject\",\"inLanguage\":\"pt-BR\",\"@id\":\"https:\/\/www.blogsoestado.com\/danielmatos\/#\/schema\/person\/image\/\",\"url\":\"https:\/\/secure.gravatar.com\/avatar\/2f26c36ee355da19a257f0dfef43952a2588b324ca35d6719e859fe338ac0392?s=96&d=mm&r=g\",\"contentUrl\":\"https:\/\/secure.gravatar.com\/avatar\/2f26c36ee355da19a257f0dfef43952a2588b324ca35d6719e859fe338ac0392?s=96&d=mm&r=g\",\"caption\":\"Daniel Matos\"},\"url\":\"https:\/\/www.blogsoestado.com\/danielmatos\/author\/danielmatos\/\"}]}<\/script>\n<!-- \/ Yoast SEO plugin. -->","yoast_head_json":{"title":"Adiado lan\u00e7amento de foguete sul-coreano no Maranh\u00e3o; saiba nova data - Daniel Matos","robots":{"index":"index","follow":"follow","max-snippet":"max-snippet:-1","max-image-preview":"max-image-preview:large","max-video-preview":"max-video-preview:-1"},"canonical":"https:\/\/www.blogsoestado.com\/danielmatos\/adiado-lancamento-de-foguete-sul-coreano-no-maranhao-saiba-nova-data\/","og_locale":"pt_BR","og_type":"article","og_title":"Adiado lan\u00e7amento de foguete sul-coreano no Maranh\u00e3o; saiba nova data - Daniel Matos","og_description":"Opera\u00e7\u00e3o in\u00e9dita no Brasil marca a entrada do pa\u00eds no mercado global de lan\u00e7amentos espaciais privados O foguete HANBIT-Nano que [&hellip;]","og_url":"https:\/\/www.blogsoestado.com\/danielmatos\/adiado-lancamento-de-foguete-sul-coreano-no-maranhao-saiba-nova-data\/","og_site_name":"Daniel Matos","article_published_time":"2025-12-17T09:34:50+00:00","article_modified_time":"2025-12-17T09:35:00+00:00","og_image":[{"width":768,"height":432,"url":"https:\/\/www.blogsoestado.com\/danielmatos\/wp-content\/uploads\/sites\/2\/2025\/12\/1004566484.jpg","type":"image\/jpeg"}],"author":"Daniel Matos","twitter_card":"summary_large_image","twitter_misc":{"Escrito por":"Daniel Matos","Est. tempo de leitura":"2 minutos"},"schema":{"@context":"https:\/\/schema.org","@graph":[{"@type":"WebPage","@id":"https:\/\/www.blogsoestado.com\/danielmatos\/adiado-lancamento-de-foguete-sul-coreano-no-maranhao-saiba-nova-data\/","url":"https:\/\/www.blogsoestado.com\/danielmatos\/adiado-lancamento-de-foguete-sul-coreano-no-maranhao-saiba-nova-data\/","name":"Adiado lan\u00e7amento de foguete sul-coreano no Maranh\u00e3o; saiba nova data - Daniel Matos","isPartOf":{"@id":"https:\/\/www.blogsoestado.com\/danielmatos\/#website"},"primaryImageOfPage":{"@id":"https:\/\/www.blogsoestado.com\/danielmatos\/adiado-lancamento-de-foguete-sul-coreano-no-maranhao-saiba-nova-data\/#primaryimage"},"image":{"@id":"https:\/\/www.blogsoestado.com\/danielmatos\/adiado-lancamento-de-foguete-sul-coreano-no-maranhao-saiba-nova-data\/#primaryimage"},"thumbnailUrl":"https:\/\/www.blogsoestado.com\/danielmatos\/wp-content\/uploads\/sites\/2\/2025\/12\/1004566484.jpg","datePublished":"2025-12-17T09:34:50+00:00","dateModified":"2025-12-17T09:35:00+00:00","author":{"@id":"https:\/\/www.blogsoestado.com\/danielmatos\/#\/schema\/person\/9a209d407cd45631f131e1285b661bb0"},"breadcrumb":{"@id":"https:\/\/www.blogsoestado.com\/danielmatos\/adiado-lancamento-de-foguete-sul-coreano-no-maranhao-saiba-nova-data\/#breadcrumb"},"inLanguage":"pt-BR","potentialAction":[{"@type":"ReadAction","target":["https:\/\/www.blogsoestado.com\/danielmatos\/adiado-lancamento-de-foguete-sul-coreano-no-maranhao-saiba-nova-data\/"]}]},{"@type":"ImageObject","inLanguage":"pt-BR","@id":"https:\/\/www.blogsoestado.com\/danielmatos\/adiado-lancamento-de-foguete-sul-coreano-no-maranhao-saiba-nova-data\/#primaryimage","url":"https:\/\/www.blogsoestado.com\/danielmatos\/wp-content\/uploads\/sites\/2\/2025\/12\/1004566484.jpg","contentUrl":"https:\/\/www.blogsoestado.com\/danielmatos\/wp-content\/uploads\/sites\/2\/2025\/12\/1004566484.jpg","width":768,"height":432},{"@type":"BreadcrumbList","@id":"https:\/\/www.blogsoestado.com\/danielmatos\/adiado-lancamento-de-foguete-sul-coreano-no-maranhao-saiba-nova-data\/#breadcrumb","itemListElement":[{"@type":"ListItem","position":1,"name":"In\u00edcio","item":"https:\/\/www.blogsoestado.com\/danielmatos\/"},{"@type":"ListItem","position":2,"name":"Adiado lan\u00e7amento de foguete sul-coreano no Maranh\u00e3o; saiba nova data"}]},{"@type":"WebSite","@id":"https:\/\/www.blogsoestado.com\/danielmatos\/#website","url":"https:\/\/www.blogsoestado.com\/danielmatos\/","name":"Daniel Matos","description":"","potentialAction":[{"@type":"SearchAction","target":{"@type":"EntryPoint","urlTemplate":"https:\/\/www.blogsoestado.com\/danielmatos\/?s={search_term_string}"},"query-input":{"@type":"PropertyValueSpecification","valueRequired":true,"valueName":"search_term_string"}}],"inLanguage":"pt-BR"},{"@type":"Person","@id":"https:\/\/www.blogsoestado.com\/danielmatos\/#\/schema\/person\/9a209d407cd45631f131e1285b661bb0","name":"Daniel Matos","image":{"@type":"ImageObject","inLanguage":"pt-BR","@id":"https:\/\/www.blogsoestado.com\/danielmatos\/#\/schema\/person\/image\/","url":"https:\/\/secure.gravatar.com\/avatar\/2f26c36ee355da19a257f0dfef43952a2588b324ca35d6719e859fe338ac0392?s=96&d=mm&r=g","contentUrl":"https:\/\/secure.gravatar.com\/avatar\/2f26c36ee355da19a257f0dfef43952a2588b324ca35d6719e859fe338ac0392?s=96&d=mm&r=g","caption":"Daniel Matos"},"url":"https:\/\/www.blogsoestado.com\/danielmatos\/author\/danielmatos\/"}]}},"jetpack_featured_media_url":"","_links":{"self":[{"href":"https:\/\/www.blogsoestado.com\/danielmatos\/wp-json\/wp\/v2\/posts\/152469","targetHints":{"allow":["GET"]}}],"collection":[{"href":"https:\/\/www.blogsoestado.com\/danielmatos\/wp-json\/wp\/v2\/posts"}],"about":[{"href":"https:\/\/www.blogsoestado.com\/danielmatos\/wp-json\/wp\/v2\/types\/post"}],"author":[{"embeddable":true,"href":"https:\/\/www.blogsoestado.com\/danielmatos\/wp-json\/wp\/v2\/users\/2"}],"replies":[{"embeddable":true,"href":"https:\/\/www.blogsoestado.com\/danielmatos\/wp-json\/wp\/v2\/comments?post=152469"}],"version-history":[{"count":1,"href":"https:\/\/www.blogsoestado.com\/danielmatos\/wp-json\/wp\/v2\/posts\/152469\/revisions"}],"predecessor-version":[{"id":152471,"href":"https:\/\/www.blogsoestado.com\/danielmatos\/wp-json\/wp\/v2\/posts\/152469\/revisions\/152471"}],"wp:attachment":[{"href":"https:\/\/www.blogsoestado.com\/danielmatos\/wp-json\/wp\/v2\/media?parent=152469"}],"wp:term":[{"taxonomy":"category","embeddable":true,"href":"https:\/\/www.blogsoestado.com\/danielmatos\/wp-json\/wp\/v2\/categories?post=152469"},{"taxonomy":"post_tag","embeddable":true,"href":"https:\/\/www.blogsoestado.com\/danielmatos\/wp-json\/wp\/v2\/tags?post=152469"}],"curies":[{"name":"wp","href":"https:\/\/api.w.org\/{rel}","templated":true}]}}