{"id":152482,"date":"2025-12-17T13:17:17","date_gmt":"2025-12-17T16:17:17","guid":{"rendered":"https:\/\/www.blogsoestado.com\/danielmatos\/?p=152482"},"modified":"2025-12-17T13:17:20","modified_gmt":"2025-12-17T16:17:20","slug":"gentil-neto-reforca-compromisso-com-moradia-digna-e-seguranca-juridica-para-familias-de-caxias","status":"publish","type":"post","link":"https:\/\/www.blogsoestado.com\/danielmatos\/gentil-neto-reforca-compromisso-com-moradia-digna-e-seguranca-juridica-para-familias-de-caxias\/","title":{"rendered":"Gentil Neto refor\u00e7a compromisso com moradia digna e seguran\u00e7a jur\u00eddica para fam\u00edlias de Caxias"},"content":{"rendered":"\n<figure class=\"wp-block-image aligncenter size-large\"><img fetchpriority=\"high\" decoding=\"async\" width=\"1024\" height=\"682\" src=\"https:\/\/www.blogsoestado.com\/danielmatos\/wp-content\/uploads\/sites\/2\/2025\/12\/1004569927-1024x682.jpg\" alt=\"\" class=\"wp-image-152481\" srcset=\"https:\/\/www.blogsoestado.com\/danielmatos\/wp-content\/uploads\/sites\/2\/2025\/12\/1004569927-1024x682.jpg 1024w, https:\/\/www.blogsoestado.com\/danielmatos\/wp-content\/uploads\/sites\/2\/2025\/12\/1004569927-300x200.jpg 300w, https:\/\/www.blogsoestado.com\/danielmatos\/wp-content\/uploads\/sites\/2\/2025\/12\/1004569927-768x511.jpg 768w, https:\/\/www.blogsoestado.com\/danielmatos\/wp-content\/uploads\/sites\/2\/2025\/12\/1004569927.jpg 1280w\" sizes=\"(max-width: 1024px) 100vw, 1024px\" \/><figcaption class=\"wp-element-caption\">O prefeito de Caxias, Gentil Neto, entregou T\u00edtulos P\u00fablicos de Regulariza\u00e7\u00e3o Fundi\u00e1ria Social, no bairro Bela Vista, beneficiando 195 fam\u00edlias<\/figcaption><\/figure>\n\n\n\n<p>A gest\u00e3o do prefeito Gentil Neto segue demonstrando, na pr\u00e1tica, uma preocupa\u00e7\u00e3o constante com o bem-estar da popula\u00e7\u00e3o caxiense, especialmente quando o assunto \u00e9 moradia digna, cidadania e seguran\u00e7a jur\u00eddica. No \u00faltimo dia 16 de dezembro, o munic\u00edpio de Caxias realizou a 1\u00aa etapa da entrega dos T\u00edtulos P\u00fablicos de Regulariza\u00e7\u00e3o Fundi\u00e1ria Social, no bairro Bela Vista, beneficiando 195 fam\u00edlias.<\/p>\n\n\n\n<p>A a\u00e7\u00e3o representa mais do que a entrega de documentos: simboliza a garantia do direito \u00e0 moradia legal, o reconhecimento oficial da posse dos im\u00f3veis e a tranquilidade para centenas de fam\u00edlias que, a partir de agora, passam a ter seguran\u00e7a jur\u00eddica sobre suas casas.<\/p>\n\n\n\n<p>Durante a solenidade, Gentil Neto destacou que a regulariza\u00e7\u00e3o fundi\u00e1ria \u00e9 uma das prioridades de sua gest\u00e3o, por entender que n\u00e3o existe desenvolvimento urbano sem justi\u00e7a social. Para o prefeito, assegurar que as fam\u00edlias tenham seus im\u00f3veis regularizados \u00e9 uma forma concreta de promover dignidade, inclus\u00e3o e qualidade de vida.<\/p>\n\n\n\n<p>\u201cRegularizar \u00e9 cuidar das pessoas, \u00e9 dar tranquilidade \u00e0s fam\u00edlias e fortalecer os bairros. Essa \u00e9 uma pol\u00edtica p\u00fablica que transforma vidas\u201d, tem refor\u00e7ado o prefeito em a\u00e7\u00f5es dessa natureza.<\/p>\n\n\n\n<figure class=\"wp-block-image aligncenter size-large\"><img decoding=\"async\" width=\"1024\" height=\"682\" src=\"https:\/\/www.blogsoestado.com\/danielmatos\/wp-content\/uploads\/sites\/2\/2025\/12\/1004569929-1024x682.jpg\" alt=\"\" class=\"wp-image-152483\" srcset=\"https:\/\/www.blogsoestado.com\/danielmatos\/wp-content\/uploads\/sites\/2\/2025\/12\/1004569929-1024x682.jpg 1024w, https:\/\/www.blogsoestado.com\/danielmatos\/wp-content\/uploads\/sites\/2\/2025\/12\/1004569929-300x200.jpg 300w, https:\/\/www.blogsoestado.com\/danielmatos\/wp-content\/uploads\/sites\/2\/2025\/12\/1004569929-768x511.jpg 768w, https:\/\/www.blogsoestado.com\/danielmatos\/wp-content\/uploads\/sites\/2\/2025\/12\/1004569929.jpg 1280w\" sizes=\"(max-width: 1024px) 100vw, 1024px\" \/><figcaption class=\"wp-element-caption\">Gentil Neto destacou que a regulariza\u00e7\u00e3o fundi\u00e1ria \u00e9 uma das prioridades de sua gest\u00e3o<\/figcaption><\/figure>\n\n\n\n<p>O evento contou ainda com a presen\u00e7a do secret\u00e1rio municipal de Regulariza\u00e7\u00e3o Fundi\u00e1ria, Jamerson Levi, al\u00e9m da representa\u00e7\u00e3o do N\u00facleo de Governan\u00e7a Fundi\u00e1ria do Tribunal de Justi\u00e7a do Maranh\u00e3o (NGF\/TJMA), fortalecendo a parceria entre o munic\u00edpio e o Judici\u00e1rio para ampliar o alcance das pol\u00edticas de regulariza\u00e7\u00e3o.<\/p>\n\n\n\n<p>A iniciativa reafirma o compromisso da Prefeitura de Caxias com o ordenamento territorial, o desenvolvimento urbano planejado e, sobretudo, com a promo\u00e7\u00e3o da cidadania, garantindo que o direito \u00e0 moradia saia do papel e chegue, de forma concreta, \u00e0 vida das pessoas.<\/p>\n\n\n\n<p>Sob a lideran\u00e7a de Gentil Neto, Caxias avan\u00e7a com pol\u00edticas p\u00fablicas que colocam as fam\u00edlias no centro das decis\u00f5es, mostrando que governar \u00e9, acima de tudo, cuidar de gente.<\/p>\n","protected":false},"excerpt":{"rendered":"<p>A gest\u00e3o do prefeito Gentil Neto segue demonstrando, na pr\u00e1tica, uma preocupa\u00e7\u00e3o constante com o bem-estar da popula\u00e7\u00e3o caxiense, especialmente [&hellip;]<\/p>\n","protected":false},"author":2,"featured_media":0,"comment_status":"open","ping_status":"open","sticky":false,"template":"","format":"standard","meta":{"site-sidebar-layout":"default","site-content-layout":"","ast-site-content-layout":"default","site-content-style":"default","site-sidebar-style":"default","ast-global-header-display":"","ast-banner-title-visibility":"","ast-main-header-display":"","ast-hfb-above-header-display":"","ast-hfb-below-header-display":"","ast-hfb-mobile-header-display":"","site-post-title":"","ast-breadcrumbs-content":"","ast-featured-img":"","footer-sml-layout":"","ast-disable-related-posts":"","theme-transparent-header-meta":"","adv-header-id-meta":"","stick-header-meta":"","header-above-stick-meta":"","header-main-stick-meta":"","header-below-stick-meta":"","astra-migrate-meta-layouts":"default","ast-page-background-enabled":"default","ast-page-background-meta":{"desktop":{"background-color":"var(--ast-global-color-5)","background-image":"","background-repeat":"repeat","background-position":"center center","background-size":"auto","background-attachment":"scroll","background-type":"","background-media":"","overlay-type":"","overlay-color":"","overlay-opacity":"","overlay-gradient":""},"tablet":{"background-color":"","background-image":"","background-repeat":"repeat","background-position":"center center","background-size":"auto","background-attachment":"scroll","background-type":"","background-media":"","overlay-type":"","overlay-color":"","overlay-opacity":"","overlay-gradient":""},"mobile":{"background-color":"","background-image":"","background-repeat":"repeat","background-position":"center center","background-size":"auto","background-attachment":"scroll","background-type":"","background-media":"","overlay-type":"","overlay-color":"","overlay-opacity":"","overlay-gradient":""}},"ast-content-background-meta":{"desktop":{"background-color":"var(--ast-global-color-4)","background-image":"","background-repeat":"repeat","background-position":"center center","background-size":"auto","background-attachment":"scroll","background-type":"","background-media":"","overlay-type":"","overlay-color":"","overlay-opacity":"","overlay-gradient":""},"tablet":{"background-color":"var(--ast-global-color-4)","background-image":"","background-repeat":"repeat","background-position":"center center","background-size":"auto","background-attachment":"scroll","background-type":"","background-media":"","overlay-type":"","overlay-color":"","overlay-opacity":"","overlay-gradient":""},"mobile":{"background-color":"var(--ast-global-color-4)","background-image":"","background-repeat":"repeat","background-position":"center center","background-size":"auto","background-attachment":"scroll","background-type":"","background-media":"","overlay-type":"","overlay-color":"","overlay-opacity":"","overlay-gradient":""}},"footnotes":""},"categories":[1],"tags":[],"class_list":["post-152482","post","type-post","status-publish","format-standard","hentry","category-sem-categoria"],"yoast_head":"<!-- This site is optimized with the Yoast SEO plugin v26.6 - https:\/\/yoast.com\/wordpress\/plugins\/seo\/ -->\n<title>Gentil Neto refor\u00e7a compromisso com moradia digna e seguran\u00e7a jur\u00eddica para fam\u00edlias de Caxias - Daniel Matos<\/title>\n<meta name=\"robots\" content=\"index, follow, max-snippet:-1, max-image-preview:large, max-video-preview:-1\" \/>\n<link rel=\"canonical\" href=\"https:\/\/www.blogsoestado.com\/danielmatos\/gentil-neto-reforca-compromisso-com-moradia-digna-e-seguranca-juridica-para-familias-de-caxias\/\" \/>\n<meta property=\"og:locale\" content=\"pt_BR\" \/>\n<meta property=\"og:type\" content=\"article\" \/>\n<meta property=\"og:title\" content=\"Gentil Neto refor\u00e7a compromisso com moradia digna e seguran\u00e7a jur\u00eddica para fam\u00edlias de Caxias - Daniel Matos\" \/>\n<meta property=\"og:description\" content=\"A gest\u00e3o do prefeito Gentil Neto segue demonstrando, na pr\u00e1tica, uma preocupa\u00e7\u00e3o constante com o bem-estar da popula\u00e7\u00e3o caxiense, especialmente [&hellip;]\" \/>\n<meta property=\"og:url\" content=\"https:\/\/www.blogsoestado.com\/danielmatos\/gentil-neto-reforca-compromisso-com-moradia-digna-e-seguranca-juridica-para-familias-de-caxias\/\" \/>\n<meta property=\"og:site_name\" content=\"Daniel Matos\" \/>\n<meta property=\"article:published_time\" content=\"2025-12-17T16:17:17+00:00\" \/>\n<meta property=\"article:modified_time\" content=\"2025-12-17T16:17:20+00:00\" \/>\n<meta property=\"og:image\" content=\"https:\/\/www.blogsoestado.com\/danielmatos\/wp-content\/uploads\/sites\/2\/2025\/12\/1004569927.jpg\" \/>\n\t<meta property=\"og:image:width\" content=\"1280\" \/>\n\t<meta property=\"og:image:height\" content=\"852\" \/>\n\t<meta property=\"og:image:type\" content=\"image\/jpeg\" \/>\n<meta name=\"author\" content=\"Daniel Matos\" \/>\n<meta name=\"twitter:card\" content=\"summary_large_image\" \/>\n<meta name=\"twitter:label1\" content=\"Escrito por\" \/>\n\t<meta name=\"twitter:data1\" content=\"Daniel Matos\" \/>\n\t<meta name=\"twitter:label2\" content=\"Est. tempo de leitura\" \/>\n\t<meta name=\"twitter:data2\" content=\"3 minutos\" \/>\n<script type=\"application\/ld+json\" class=\"yoast-schema-graph\">{\"@context\":\"https:\/\/schema.org\",\"@graph\":[{\"@type\":\"WebPage\",\"@id\":\"https:\/\/www.blogsoestado.com\/danielmatos\/gentil-neto-reforca-compromisso-com-moradia-digna-e-seguranca-juridica-para-familias-de-caxias\/\",\"url\":\"https:\/\/www.blogsoestado.com\/danielmatos\/gentil-neto-reforca-compromisso-com-moradia-digna-e-seguranca-juridica-para-familias-de-caxias\/\",\"name\":\"Gentil Neto refor\u00e7a compromisso com moradia digna e seguran\u00e7a jur\u00eddica para fam\u00edlias de Caxias - Daniel Matos\",\"isPartOf\":{\"@id\":\"https:\/\/www.blogsoestado.com\/danielmatos\/#website\"},\"primaryImageOfPage\":{\"@id\":\"https:\/\/www.blogsoestado.com\/danielmatos\/gentil-neto-reforca-compromisso-com-moradia-digna-e-seguranca-juridica-para-familias-de-caxias\/#primaryimage\"},\"image\":{\"@id\":\"https:\/\/www.blogsoestado.com\/danielmatos\/gentil-neto-reforca-compromisso-com-moradia-digna-e-seguranca-juridica-para-familias-de-caxias\/#primaryimage\"},\"thumbnailUrl\":\"https:\/\/www.blogsoestado.com\/danielmatos\/wp-content\/uploads\/sites\/2\/2025\/12\/1004569927-1024x682.jpg\",\"datePublished\":\"2025-12-17T16:17:17+00:00\",\"dateModified\":\"2025-12-17T16:17:20+00:00\",\"author\":{\"@id\":\"https:\/\/www.blogsoestado.com\/danielmatos\/#\/schema\/person\/9a209d407cd45631f131e1285b661bb0\"},\"breadcrumb\":{\"@id\":\"https:\/\/www.blogsoestado.com\/danielmatos\/gentil-neto-reforca-compromisso-com-moradia-digna-e-seguranca-juridica-para-familias-de-caxias\/#breadcrumb\"},\"inLanguage\":\"pt-BR\",\"potentialAction\":[{\"@type\":\"ReadAction\",\"target\":[\"https:\/\/www.blogsoestado.com\/danielmatos\/gentil-neto-reforca-compromisso-com-moradia-digna-e-seguranca-juridica-para-familias-de-caxias\/\"]}]},{\"@type\":\"ImageObject\",\"inLanguage\":\"pt-BR\",\"@id\":\"https:\/\/www.blogsoestado.com\/danielmatos\/gentil-neto-reforca-compromisso-com-moradia-digna-e-seguranca-juridica-para-familias-de-caxias\/#primaryimage\",\"url\":\"https:\/\/www.blogsoestado.com\/danielmatos\/wp-content\/uploads\/sites\/2\/2025\/12\/1004569927.jpg\",\"contentUrl\":\"https:\/\/www.blogsoestado.com\/danielmatos\/wp-content\/uploads\/sites\/2\/2025\/12\/1004569927.jpg\",\"width\":1280,\"height\":852},{\"@type\":\"BreadcrumbList\",\"@id\":\"https:\/\/www.blogsoestado.com\/danielmatos\/gentil-neto-reforca-compromisso-com-moradia-digna-e-seguranca-juridica-para-familias-de-caxias\/#breadcrumb\",\"itemListElement\":[{\"@type\":\"ListItem\",\"position\":1,\"name\":\"In\u00edcio\",\"item\":\"https:\/\/www.blogsoestado.com\/danielmatos\/\"},{\"@type\":\"ListItem\",\"position\":2,\"name\":\"Gentil Neto refor\u00e7a compromisso com moradia digna e seguran\u00e7a jur\u00eddica para fam\u00edlias de Caxias\"}]},{\"@type\":\"WebSite\",\"@id\":\"https:\/\/www.blogsoestado.com\/danielmatos\/#website\",\"url\":\"https:\/\/www.blogsoestado.com\/danielmatos\/\",\"name\":\"Daniel Matos\",\"description\":\"\",\"potentialAction\":[{\"@type\":\"SearchAction\",\"target\":{\"@type\":\"EntryPoint\",\"urlTemplate\":\"https:\/\/www.blogsoestado.com\/danielmatos\/?s={search_term_string}\"},\"query-input\":{\"@type\":\"PropertyValueSpecification\",\"valueRequired\":true,\"valueName\":\"search_term_string\"}}],\"inLanguage\":\"pt-BR\"},{\"@type\":\"Person\",\"@id\":\"https:\/\/www.blogsoestado.com\/danielmatos\/#\/schema\/person\/9a209d407cd45631f131e1285b661bb0\",\"name\":\"Daniel Matos\",\"image\":{\"@type\":\"ImageObject\",\"inLanguage\":\"pt-BR\",\"@id\":\"https:\/\/www.blogsoestado.com\/danielmatos\/#\/schema\/person\/image\/\",\"url\":\"https:\/\/secure.gravatar.com\/avatar\/2f26c36ee355da19a257f0dfef43952a2588b324ca35d6719e859fe338ac0392?s=96&d=mm&r=g\",\"contentUrl\":\"https:\/\/secure.gravatar.com\/avatar\/2f26c36ee355da19a257f0dfef43952a2588b324ca35d6719e859fe338ac0392?s=96&d=mm&r=g\",\"caption\":\"Daniel Matos\"},\"url\":\"https:\/\/www.blogsoestado.com\/danielmatos\/author\/danielmatos\/\"}]}<\/script>\n<!-- \/ Yoast SEO plugin. -->","yoast_head_json":{"title":"Gentil Neto refor\u00e7a compromisso com moradia digna e seguran\u00e7a jur\u00eddica para fam\u00edlias de Caxias - Daniel Matos","robots":{"index":"index","follow":"follow","max-snippet":"max-snippet:-1","max-image-preview":"max-image-preview:large","max-video-preview":"max-video-preview:-1"},"canonical":"https:\/\/www.blogsoestado.com\/danielmatos\/gentil-neto-reforca-compromisso-com-moradia-digna-e-seguranca-juridica-para-familias-de-caxias\/","og_locale":"pt_BR","og_type":"article","og_title":"Gentil Neto refor\u00e7a compromisso com moradia digna e seguran\u00e7a jur\u00eddica para fam\u00edlias de Caxias - Daniel Matos","og_description":"A gest\u00e3o do prefeito Gentil Neto segue demonstrando, na pr\u00e1tica, uma preocupa\u00e7\u00e3o constante com o bem-estar da popula\u00e7\u00e3o caxiense, especialmente [&hellip;]","og_url":"https:\/\/www.blogsoestado.com\/danielmatos\/gentil-neto-reforca-compromisso-com-moradia-digna-e-seguranca-juridica-para-familias-de-caxias\/","og_site_name":"Daniel Matos","article_published_time":"2025-12-17T16:17:17+00:00","article_modified_time":"2025-12-17T16:17:20+00:00","og_image":[{"width":1280,"height":852,"url":"https:\/\/www.blogsoestado.com\/danielmatos\/wp-content\/uploads\/sites\/2\/2025\/12\/1004569927.jpg","type":"image\/jpeg"}],"author":"Daniel Matos","twitter_card":"summary_large_image","twitter_misc":{"Escrito por":"Daniel Matos","Est. tempo de leitura":"3 minutos"},"schema":{"@context":"https:\/\/schema.org","@graph":[{"@type":"WebPage","@id":"https:\/\/www.blogsoestado.com\/danielmatos\/gentil-neto-reforca-compromisso-com-moradia-digna-e-seguranca-juridica-para-familias-de-caxias\/","url":"https:\/\/www.blogsoestado.com\/danielmatos\/gentil-neto-reforca-compromisso-com-moradia-digna-e-seguranca-juridica-para-familias-de-caxias\/","name":"Gentil Neto refor\u00e7a compromisso com moradia digna e seguran\u00e7a jur\u00eddica para fam\u00edlias de Caxias - Daniel Matos","isPartOf":{"@id":"https:\/\/www.blogsoestado.com\/danielmatos\/#website"},"primaryImageOfPage":{"@id":"https:\/\/www.blogsoestado.com\/danielmatos\/gentil-neto-reforca-compromisso-com-moradia-digna-e-seguranca-juridica-para-familias-de-caxias\/#primaryimage"},"image":{"@id":"https:\/\/www.blogsoestado.com\/danielmatos\/gentil-neto-reforca-compromisso-com-moradia-digna-e-seguranca-juridica-para-familias-de-caxias\/#primaryimage"},"thumbnailUrl":"https:\/\/www.blogsoestado.com\/danielmatos\/wp-content\/uploads\/sites\/2\/2025\/12\/1004569927-1024x682.jpg","datePublished":"2025-12-17T16:17:17+00:00","dateModified":"2025-12-17T16:17:20+00:00","author":{"@id":"https:\/\/www.blogsoestado.com\/danielmatos\/#\/schema\/person\/9a209d407cd45631f131e1285b661bb0"},"breadcrumb":{"@id":"https:\/\/www.blogsoestado.com\/danielmatos\/gentil-neto-reforca-compromisso-com-moradia-digna-e-seguranca-juridica-para-familias-de-caxias\/#breadcrumb"},"inLanguage":"pt-BR","potentialAction":[{"@type":"ReadAction","target":["https:\/\/www.blogsoestado.com\/danielmatos\/gentil-neto-reforca-compromisso-com-moradia-digna-e-seguranca-juridica-para-familias-de-caxias\/"]}]},{"@type":"ImageObject","inLanguage":"pt-BR","@id":"https:\/\/www.blogsoestado.com\/danielmatos\/gentil-neto-reforca-compromisso-com-moradia-digna-e-seguranca-juridica-para-familias-de-caxias\/#primaryimage","url":"https:\/\/www.blogsoestado.com\/danielmatos\/wp-content\/uploads\/sites\/2\/2025\/12\/1004569927.jpg","contentUrl":"https:\/\/www.blogsoestado.com\/danielmatos\/wp-content\/uploads\/sites\/2\/2025\/12\/1004569927.jpg","width":1280,"height":852},{"@type":"BreadcrumbList","@id":"https:\/\/www.blogsoestado.com\/danielmatos\/gentil-neto-reforca-compromisso-com-moradia-digna-e-seguranca-juridica-para-familias-de-caxias\/#breadcrumb","itemListElement":[{"@type":"ListItem","position":1,"name":"In\u00edcio","item":"https:\/\/www.blogsoestado.com\/danielmatos\/"},{"@type":"ListItem","position":2,"name":"Gentil Neto refor\u00e7a compromisso com moradia digna e seguran\u00e7a jur\u00eddica para fam\u00edlias de Caxias"}]},{"@type":"WebSite","@id":"https:\/\/www.blogsoestado.com\/danielmatos\/#website","url":"https:\/\/www.blogsoestado.com\/danielmatos\/","name":"Daniel Matos","description":"","potentialAction":[{"@type":"SearchAction","target":{"@type":"EntryPoint","urlTemplate":"https:\/\/www.blogsoestado.com\/danielmatos\/?s={search_term_string}"},"query-input":{"@type":"PropertyValueSpecification","valueRequired":true,"valueName":"search_term_string"}}],"inLanguage":"pt-BR"},{"@type":"Person","@id":"https:\/\/www.blogsoestado.com\/danielmatos\/#\/schema\/person\/9a209d407cd45631f131e1285b661bb0","name":"Daniel Matos","image":{"@type":"ImageObject","inLanguage":"pt-BR","@id":"https:\/\/www.blogsoestado.com\/danielmatos\/#\/schema\/person\/image\/","url":"https:\/\/secure.gravatar.com\/avatar\/2f26c36ee355da19a257f0dfef43952a2588b324ca35d6719e859fe338ac0392?s=96&d=mm&r=g","contentUrl":"https:\/\/secure.gravatar.com\/avatar\/2f26c36ee355da19a257f0dfef43952a2588b324ca35d6719e859fe338ac0392?s=96&d=mm&r=g","caption":"Daniel Matos"},"url":"https:\/\/www.blogsoestado.com\/danielmatos\/author\/danielmatos\/"}]}},"jetpack_featured_media_url":"","_links":{"self":[{"href":"https:\/\/www.blogsoestado.com\/danielmatos\/wp-json\/wp\/v2\/posts\/152482","targetHints":{"allow":["GET"]}}],"collection":[{"href":"https:\/\/www.blogsoestado.com\/danielmatos\/wp-json\/wp\/v2\/posts"}],"about":[{"href":"https:\/\/www.blogsoestado.com\/danielmatos\/wp-json\/wp\/v2\/types\/post"}],"author":[{"embeddable":true,"href":"https:\/\/www.blogsoestado.com\/danielmatos\/wp-json\/wp\/v2\/users\/2"}],"replies":[{"embeddable":true,"href":"https:\/\/www.blogsoestado.com\/danielmatos\/wp-json\/wp\/v2\/comments?post=152482"}],"version-history":[{"count":1,"href":"https:\/\/www.blogsoestado.com\/danielmatos\/wp-json\/wp\/v2\/posts\/152482\/revisions"}],"predecessor-version":[{"id":152484,"href":"https:\/\/www.blogsoestado.com\/danielmatos\/wp-json\/wp\/v2\/posts\/152482\/revisions\/152484"}],"wp:attachment":[{"href":"https:\/\/www.blogsoestado.com\/danielmatos\/wp-json\/wp\/v2\/media?parent=152482"}],"wp:term":[{"taxonomy":"category","embeddable":true,"href":"https:\/\/www.blogsoestado.com\/danielmatos\/wp-json\/wp\/v2\/categories?post=152482"},{"taxonomy":"post_tag","embeddable":true,"href":"https:\/\/www.blogsoestado.com\/danielmatos\/wp-json\/wp\/v2\/tags?post=152482"}],"curies":[{"name":"wp","href":"https:\/\/api.w.org\/{rel}","templated":true}]}}