{"id":152492,"date":"2025-12-17T15:34:02","date_gmt":"2025-12-17T18:34:02","guid":{"rendered":"https:\/\/www.blogsoestado.com\/danielmatos\/?p=152492"},"modified":"2025-12-17T15:34:08","modified_gmt":"2025-12-17T18:34:08","slug":"pf-cumpre-mandados-em-duas-cidades-do-maranhao-em-operacao-contra-o-crime-organizado-no-para","status":"publish","type":"post","link":"https:\/\/www.blogsoestado.com\/danielmatos\/pf-cumpre-mandados-em-duas-cidades-do-maranhao-em-operacao-contra-o-crime-organizado-no-para\/","title":{"rendered":"PF cumpre mandados em duas cidades do Maranh\u00e3o em opera\u00e7\u00e3o contra o crime organizado no Par\u00e1"},"content":{"rendered":"\n<p><strong><mark style=\"color:#cf2e2e\" class=\"has-inline-color\">Terceira fase da Opera\u00e7\u00e3o Coaliz\u00e3o atuou em sete estados, com apreens\u00e3o de maconha, coca\u00edna e armas de fogo<\/mark><\/strong><\/p>\n\n\n\n<figure class=\"wp-block-image aligncenter size-full\"><img fetchpriority=\"high\" decoding=\"async\" width=\"768\" height=\"763\" src=\"https:\/\/www.blogsoestado.com\/danielmatos\/wp-content\/uploads\/sites\/2\/2025\/12\/1004571366.png\" alt=\"\" class=\"wp-image-152493\" srcset=\"https:\/\/www.blogsoestado.com\/danielmatos\/wp-content\/uploads\/sites\/2\/2025\/12\/1004571366.png 768w, https:\/\/www.blogsoestado.com\/danielmatos\/wp-content\/uploads\/sites\/2\/2025\/12\/1004571366-300x298.png 300w, https:\/\/www.blogsoestado.com\/danielmatos\/wp-content\/uploads\/sites\/2\/2025\/12\/1004571366-150x150.png 150w\" sizes=\"(max-width: 768px) 100vw, 768px\" \/><figcaption class=\"wp-element-caption\">Foram cumpridos 18 mandados de busca e apreens\u00e3o e 42 mandados de pris\u00e3o<\/figcaption><\/figure>\n\n\n\n<p>A For\u00e7a Integrada de Combate ao Crime Organizado do Par\u00e1 (FICCO\/PA) e o Grupo de Trabalho de Fac\u00e7\u00f5es Criminosas (GTF\/NIP) deflagraram, na manh\u00e3 desta quarta-feira (17), a terceira fase da Opera\u00e7\u00e3o Coaliz\u00e3o. A a\u00e7\u00e3o teve como foco o cumprimento de mandados de pris\u00e3o preventiva e de busca e apreens\u00e3o contra integrantes de organiza\u00e7\u00f5es criminosas que atuam no estado. Duas cidades do Maranh\u00e3o foram alvos da opera\u00e7\u00e3o.<\/p>\n\n\n\n<p>Foram cumpridos 18 mandados de busca e apreens\u00e3o e 42 mandados de pris\u00e3o em Bel\u00e9m, Ananindeua, Marituba, Abaetetuba, Itaituba, Santar\u00e9m, Tucuru\u00ed, Muan\u00e1, \u00d3bidos, Almeirim, Monte Alegre, Juruti, Capanema, Colares, Santo Ant\u00f4nio do Tau\u00e1, Imperatriz\/MA, Pinheiros\/MA, Manaus\/AM, Parintins\/AM, Cuiab\u00e1\/MT, Pontes e Lacerda\/MT, Goi\u00e2nia\/GO, Macap\u00e1\/AP e Rio de Janeiro\/RJ. Desses, 32 pris\u00f5es est\u00e3o relacionadas diretamente ao crime organizado, seis a homic\u00eddios, duas ao tr\u00e1fico de drogas e duas a recapturas de foragidos.<\/p>\n\n\n\n<p>Durante as dilig\u00eancias, tamb\u00e9m foram registradas quatro pris\u00f5es em flagrante pelos crimes de posse ilegal de arma de fogo, tr\u00e1fico de entorpecentes e uso de documento falso. Com os suspeitos, foram apreendidas por\u00e7\u00f5es de maconha, coca\u00edna e tr\u00eas armas de fogo.<\/p>\n\n\n\n<p>De acordo com as investiga\u00e7\u00f5es, os alvos da opera\u00e7\u00e3o integram uma organiza\u00e7\u00e3o criminosa envolvida com tr\u00e1fico de drogas, extors\u00f5es e ataques contra agentes da seguran\u00e7a p\u00fablica.<\/p>\n\n\n\n<p>As ordens judiciais foram expedidas pelo Tribunal de Justi\u00e7a do Estado do Par\u00e1, ap\u00f3s representa\u00e7\u00e3o da FICCO\/PA em primeira inst\u00e2ncia e recurso apresentado pelo Grupo de Atua\u00e7\u00e3o Especial no Combate ao Crime Organizado do Minist\u00e9rio P\u00fablico do Par\u00e1 (GAECO).<\/p>\n\n\n\n<p>A opera\u00e7\u00e3o contou com a atua\u00e7\u00e3o integrada do GAECO,For\u00e7as Integradas de Combate ao Crime Organizado (FICCO) dos estados de Goi\u00e1s (GO), Amap\u00e1 (AP) e Mato Grosso (MT); Pol\u00edcia Civil do Estado do Par\u00e1 (PCPA), atrav\u00e9s da Coordenadoria de Recursos Especiais (CORE), Divis\u00e3o de Repress\u00e3o ao Crime Organizado (DRCO), Superintend\u00eancias da Pol\u00edcia Civil de Santar\u00e9m, Abaetetuba e Tucuru\u00ed, e Delegacias da Pol\u00edcia Civil de Muan\u00e1, Colares e Santo Ant\u00f4nio do Tau\u00e1, N\u00facleos de Apoio \u00e0 Investiga\u00e7\u00e3o (NAI) de Capanema, Tucuru\u00ed, Abaetetuba e Santar\u00e9m; Superintend\u00eancia da Pol\u00edcia Federal no Estado do Par\u00e1; Pol\u00edcia Militar de Colares e de Almeirim; Pol\u00edcia Civil do&nbsp;Maranh\u00e3o; Pol\u00edcia Militar dos Estados de Goi\u00e1s e Amazonas; Secretarias de Estado de Administra\u00e7\u00e3o Penitenci\u00e1ria dos Estados do Par\u00e1,&nbsp;Maranh\u00e3o, Amazonas, Rio de Janeiro, Mato Grosso e Goi\u00e1s.<\/p>\n\n\n\n<p>A FICCO\/PA \u00e9 uma for\u00e7a-tarefa formada pela Pol\u00edcia Federal, Pol\u00edcia Civil do Estado do Par\u00e1 e Secretaria de Administra\u00e7\u00e3o Penitenci\u00e1ria, com o objetivo de fortalecer a atua\u00e7\u00e3o conjunta no enfrentamento ao crime organizado em todo o territ\u00f3rio paraense.<\/p>\n","protected":false},"excerpt":{"rendered":"<p>Terceira fase da Opera\u00e7\u00e3o Coaliz\u00e3o atuou em sete estados, com apreens\u00e3o de maconha, coca\u00edna e armas de fogo A For\u00e7a [&hellip;]<\/p>\n","protected":false},"author":2,"featured_media":0,"comment_status":"open","ping_status":"open","sticky":false,"template":"","format":"standard","meta":{"site-sidebar-layout":"default","site-content-layout":"","ast-site-content-layout":"default","site-content-style":"default","site-sidebar-style":"default","ast-global-header-display":"","ast-banner-title-visibility":"","ast-main-header-display":"","ast-hfb-above-header-display":"","ast-hfb-below-header-display":"","ast-hfb-mobile-header-display":"","site-post-title":"","ast-breadcrumbs-content":"","ast-featured-img":"","footer-sml-layout":"","ast-disable-related-posts":"","theme-transparent-header-meta":"","adv-header-id-meta":"","stick-header-meta":"","header-above-stick-meta":"","header-main-stick-meta":"","header-below-stick-meta":"","astra-migrate-meta-layouts":"default","ast-page-background-enabled":"default","ast-page-background-meta":{"desktop":{"background-color":"var(--ast-global-color-5)","background-image":"","background-repeat":"repeat","background-position":"center center","background-size":"auto","background-attachment":"scroll","background-type":"","background-media":"","overlay-type":"","overlay-color":"","overlay-opacity":"","overlay-gradient":""},"tablet":{"background-color":"","background-image":"","background-repeat":"repeat","background-position":"center center","background-size":"auto","background-attachment":"scroll","background-type":"","background-media":"","overlay-type":"","overlay-color":"","overlay-opacity":"","overlay-gradient":""},"mobile":{"background-color":"","background-image":"","background-repeat":"repeat","background-position":"center center","background-size":"auto","background-attachment":"scroll","background-type":"","background-media":"","overlay-type":"","overlay-color":"","overlay-opacity":"","overlay-gradient":""}},"ast-content-background-meta":{"desktop":{"background-color":"var(--ast-global-color-4)","background-image":"","background-repeat":"repeat","background-position":"center center","background-size":"auto","background-attachment":"scroll","background-type":"","background-media":"","overlay-type":"","overlay-color":"","overlay-opacity":"","overlay-gradient":""},"tablet":{"background-color":"var(--ast-global-color-4)","background-image":"","background-repeat":"repeat","background-position":"center center","background-size":"auto","background-attachment":"scroll","background-type":"","background-media":"","overlay-type":"","overlay-color":"","overlay-opacity":"","overlay-gradient":""},"mobile":{"background-color":"var(--ast-global-color-4)","background-image":"","background-repeat":"repeat","background-position":"center center","background-size":"auto","background-attachment":"scroll","background-type":"","background-media":"","overlay-type":"","overlay-color":"","overlay-opacity":"","overlay-gradient":""}},"footnotes":""},"categories":[1],"tags":[],"class_list":["post-152492","post","type-post","status-publish","format-standard","hentry","category-sem-categoria"],"yoast_head":"<!-- This site is optimized with the Yoast SEO plugin v26.6 - https:\/\/yoast.com\/wordpress\/plugins\/seo\/ -->\n<title>PF cumpre mandados em duas cidades do Maranh\u00e3o em opera\u00e7\u00e3o contra o crime organizado no Par\u00e1 - Daniel Matos<\/title>\n<meta name=\"robots\" content=\"index, follow, max-snippet:-1, max-image-preview:large, max-video-preview:-1\" \/>\n<link rel=\"canonical\" href=\"https:\/\/www.blogsoestado.com\/danielmatos\/pf-cumpre-mandados-em-duas-cidades-do-maranhao-em-operacao-contra-o-crime-organizado-no-para\/\" \/>\n<meta property=\"og:locale\" content=\"pt_BR\" \/>\n<meta property=\"og:type\" content=\"article\" \/>\n<meta property=\"og:title\" content=\"PF cumpre mandados em duas cidades do Maranh\u00e3o em opera\u00e7\u00e3o contra o crime organizado no Par\u00e1 - Daniel Matos\" \/>\n<meta property=\"og:description\" content=\"Terceira fase da Opera\u00e7\u00e3o Coaliz\u00e3o atuou em sete estados, com apreens\u00e3o de maconha, coca\u00edna e armas de fogo A For\u00e7a [&hellip;]\" \/>\n<meta property=\"og:url\" content=\"https:\/\/www.blogsoestado.com\/danielmatos\/pf-cumpre-mandados-em-duas-cidades-do-maranhao-em-operacao-contra-o-crime-organizado-no-para\/\" \/>\n<meta property=\"og:site_name\" content=\"Daniel Matos\" \/>\n<meta property=\"article:published_time\" content=\"2025-12-17T18:34:02+00:00\" \/>\n<meta property=\"article:modified_time\" content=\"2025-12-17T18:34:08+00:00\" \/>\n<meta property=\"og:image\" content=\"https:\/\/www.blogsoestado.com\/danielmatos\/wp-content\/uploads\/sites\/2\/2025\/12\/1004571366.png\" \/>\n\t<meta property=\"og:image:width\" content=\"768\" \/>\n\t<meta property=\"og:image:height\" content=\"763\" \/>\n\t<meta property=\"og:image:type\" content=\"image\/png\" \/>\n<meta name=\"author\" content=\"Daniel Matos\" \/>\n<meta name=\"twitter:card\" content=\"summary_large_image\" \/>\n<meta name=\"twitter:label1\" content=\"Escrito por\" \/>\n\t<meta name=\"twitter:data1\" content=\"Daniel Matos\" \/>\n\t<meta name=\"twitter:label2\" content=\"Est. tempo de leitura\" \/>\n\t<meta name=\"twitter:data2\" content=\"3 minutos\" \/>\n<script type=\"application\/ld+json\" class=\"yoast-schema-graph\">{\"@context\":\"https:\/\/schema.org\",\"@graph\":[{\"@type\":\"WebPage\",\"@id\":\"https:\/\/www.blogsoestado.com\/danielmatos\/pf-cumpre-mandados-em-duas-cidades-do-maranhao-em-operacao-contra-o-crime-organizado-no-para\/\",\"url\":\"https:\/\/www.blogsoestado.com\/danielmatos\/pf-cumpre-mandados-em-duas-cidades-do-maranhao-em-operacao-contra-o-crime-organizado-no-para\/\",\"name\":\"PF cumpre mandados em duas cidades do Maranh\u00e3o em opera\u00e7\u00e3o contra o crime organizado no Par\u00e1 - Daniel Matos\",\"isPartOf\":{\"@id\":\"https:\/\/www.blogsoestado.com\/danielmatos\/#website\"},\"primaryImageOfPage\":{\"@id\":\"https:\/\/www.blogsoestado.com\/danielmatos\/pf-cumpre-mandados-em-duas-cidades-do-maranhao-em-operacao-contra-o-crime-organizado-no-para\/#primaryimage\"},\"image\":{\"@id\":\"https:\/\/www.blogsoestado.com\/danielmatos\/pf-cumpre-mandados-em-duas-cidades-do-maranhao-em-operacao-contra-o-crime-organizado-no-para\/#primaryimage\"},\"thumbnailUrl\":\"https:\/\/www.blogsoestado.com\/danielmatos\/wp-content\/uploads\/sites\/2\/2025\/12\/1004571366.png\",\"datePublished\":\"2025-12-17T18:34:02+00:00\",\"dateModified\":\"2025-12-17T18:34:08+00:00\",\"author\":{\"@id\":\"https:\/\/www.blogsoestado.com\/danielmatos\/#\/schema\/person\/9a209d407cd45631f131e1285b661bb0\"},\"breadcrumb\":{\"@id\":\"https:\/\/www.blogsoestado.com\/danielmatos\/pf-cumpre-mandados-em-duas-cidades-do-maranhao-em-operacao-contra-o-crime-organizado-no-para\/#breadcrumb\"},\"inLanguage\":\"pt-BR\",\"potentialAction\":[{\"@type\":\"ReadAction\",\"target\":[\"https:\/\/www.blogsoestado.com\/danielmatos\/pf-cumpre-mandados-em-duas-cidades-do-maranhao-em-operacao-contra-o-crime-organizado-no-para\/\"]}]},{\"@type\":\"ImageObject\",\"inLanguage\":\"pt-BR\",\"@id\":\"https:\/\/www.blogsoestado.com\/danielmatos\/pf-cumpre-mandados-em-duas-cidades-do-maranhao-em-operacao-contra-o-crime-organizado-no-para\/#primaryimage\",\"url\":\"https:\/\/www.blogsoestado.com\/danielmatos\/wp-content\/uploads\/sites\/2\/2025\/12\/1004571366.png\",\"contentUrl\":\"https:\/\/www.blogsoestado.com\/danielmatos\/wp-content\/uploads\/sites\/2\/2025\/12\/1004571366.png\",\"width\":768,\"height\":763},{\"@type\":\"BreadcrumbList\",\"@id\":\"https:\/\/www.blogsoestado.com\/danielmatos\/pf-cumpre-mandados-em-duas-cidades-do-maranhao-em-operacao-contra-o-crime-organizado-no-para\/#breadcrumb\",\"itemListElement\":[{\"@type\":\"ListItem\",\"position\":1,\"name\":\"In\u00edcio\",\"item\":\"https:\/\/www.blogsoestado.com\/danielmatos\/\"},{\"@type\":\"ListItem\",\"position\":2,\"name\":\"PF cumpre mandados em duas cidades do Maranh\u00e3o em opera\u00e7\u00e3o contra o crime organizado no Par\u00e1\"}]},{\"@type\":\"WebSite\",\"@id\":\"https:\/\/www.blogsoestado.com\/danielmatos\/#website\",\"url\":\"https:\/\/www.blogsoestado.com\/danielmatos\/\",\"name\":\"Daniel Matos\",\"description\":\"\",\"potentialAction\":[{\"@type\":\"SearchAction\",\"target\":{\"@type\":\"EntryPoint\",\"urlTemplate\":\"https:\/\/www.blogsoestado.com\/danielmatos\/?s={search_term_string}\"},\"query-input\":{\"@type\":\"PropertyValueSpecification\",\"valueRequired\":true,\"valueName\":\"search_term_string\"}}],\"inLanguage\":\"pt-BR\"},{\"@type\":\"Person\",\"@id\":\"https:\/\/www.blogsoestado.com\/danielmatos\/#\/schema\/person\/9a209d407cd45631f131e1285b661bb0\",\"name\":\"Daniel Matos\",\"image\":{\"@type\":\"ImageObject\",\"inLanguage\":\"pt-BR\",\"@id\":\"https:\/\/www.blogsoestado.com\/danielmatos\/#\/schema\/person\/image\/\",\"url\":\"https:\/\/secure.gravatar.com\/avatar\/2f26c36ee355da19a257f0dfef43952a2588b324ca35d6719e859fe338ac0392?s=96&d=mm&r=g\",\"contentUrl\":\"https:\/\/secure.gravatar.com\/avatar\/2f26c36ee355da19a257f0dfef43952a2588b324ca35d6719e859fe338ac0392?s=96&d=mm&r=g\",\"caption\":\"Daniel Matos\"},\"url\":\"https:\/\/www.blogsoestado.com\/danielmatos\/author\/danielmatos\/\"}]}<\/script>\n<!-- \/ Yoast SEO plugin. -->","yoast_head_json":{"title":"PF cumpre mandados em duas cidades do Maranh\u00e3o em opera\u00e7\u00e3o contra o crime organizado no Par\u00e1 - Daniel Matos","robots":{"index":"index","follow":"follow","max-snippet":"max-snippet:-1","max-image-preview":"max-image-preview:large","max-video-preview":"max-video-preview:-1"},"canonical":"https:\/\/www.blogsoestado.com\/danielmatos\/pf-cumpre-mandados-em-duas-cidades-do-maranhao-em-operacao-contra-o-crime-organizado-no-para\/","og_locale":"pt_BR","og_type":"article","og_title":"PF cumpre mandados em duas cidades do Maranh\u00e3o em opera\u00e7\u00e3o contra o crime organizado no Par\u00e1 - Daniel Matos","og_description":"Terceira fase da Opera\u00e7\u00e3o Coaliz\u00e3o atuou em sete estados, com apreens\u00e3o de maconha, coca\u00edna e armas de fogo A For\u00e7a [&hellip;]","og_url":"https:\/\/www.blogsoestado.com\/danielmatos\/pf-cumpre-mandados-em-duas-cidades-do-maranhao-em-operacao-contra-o-crime-organizado-no-para\/","og_site_name":"Daniel Matos","article_published_time":"2025-12-17T18:34:02+00:00","article_modified_time":"2025-12-17T18:34:08+00:00","og_image":[{"width":768,"height":763,"url":"https:\/\/www.blogsoestado.com\/danielmatos\/wp-content\/uploads\/sites\/2\/2025\/12\/1004571366.png","type":"image\/png"}],"author":"Daniel Matos","twitter_card":"summary_large_image","twitter_misc":{"Escrito por":"Daniel Matos","Est. tempo de leitura":"3 minutos"},"schema":{"@context":"https:\/\/schema.org","@graph":[{"@type":"WebPage","@id":"https:\/\/www.blogsoestado.com\/danielmatos\/pf-cumpre-mandados-em-duas-cidades-do-maranhao-em-operacao-contra-o-crime-organizado-no-para\/","url":"https:\/\/www.blogsoestado.com\/danielmatos\/pf-cumpre-mandados-em-duas-cidades-do-maranhao-em-operacao-contra-o-crime-organizado-no-para\/","name":"PF cumpre mandados em duas cidades do Maranh\u00e3o em opera\u00e7\u00e3o contra o crime organizado no Par\u00e1 - Daniel Matos","isPartOf":{"@id":"https:\/\/www.blogsoestado.com\/danielmatos\/#website"},"primaryImageOfPage":{"@id":"https:\/\/www.blogsoestado.com\/danielmatos\/pf-cumpre-mandados-em-duas-cidades-do-maranhao-em-operacao-contra-o-crime-organizado-no-para\/#primaryimage"},"image":{"@id":"https:\/\/www.blogsoestado.com\/danielmatos\/pf-cumpre-mandados-em-duas-cidades-do-maranhao-em-operacao-contra-o-crime-organizado-no-para\/#primaryimage"},"thumbnailUrl":"https:\/\/www.blogsoestado.com\/danielmatos\/wp-content\/uploads\/sites\/2\/2025\/12\/1004571366.png","datePublished":"2025-12-17T18:34:02+00:00","dateModified":"2025-12-17T18:34:08+00:00","author":{"@id":"https:\/\/www.blogsoestado.com\/danielmatos\/#\/schema\/person\/9a209d407cd45631f131e1285b661bb0"},"breadcrumb":{"@id":"https:\/\/www.blogsoestado.com\/danielmatos\/pf-cumpre-mandados-em-duas-cidades-do-maranhao-em-operacao-contra-o-crime-organizado-no-para\/#breadcrumb"},"inLanguage":"pt-BR","potentialAction":[{"@type":"ReadAction","target":["https:\/\/www.blogsoestado.com\/danielmatos\/pf-cumpre-mandados-em-duas-cidades-do-maranhao-em-operacao-contra-o-crime-organizado-no-para\/"]}]},{"@type":"ImageObject","inLanguage":"pt-BR","@id":"https:\/\/www.blogsoestado.com\/danielmatos\/pf-cumpre-mandados-em-duas-cidades-do-maranhao-em-operacao-contra-o-crime-organizado-no-para\/#primaryimage","url":"https:\/\/www.blogsoestado.com\/danielmatos\/wp-content\/uploads\/sites\/2\/2025\/12\/1004571366.png","contentUrl":"https:\/\/www.blogsoestado.com\/danielmatos\/wp-content\/uploads\/sites\/2\/2025\/12\/1004571366.png","width":768,"height":763},{"@type":"BreadcrumbList","@id":"https:\/\/www.blogsoestado.com\/danielmatos\/pf-cumpre-mandados-em-duas-cidades-do-maranhao-em-operacao-contra-o-crime-organizado-no-para\/#breadcrumb","itemListElement":[{"@type":"ListItem","position":1,"name":"In\u00edcio","item":"https:\/\/www.blogsoestado.com\/danielmatos\/"},{"@type":"ListItem","position":2,"name":"PF cumpre mandados em duas cidades do Maranh\u00e3o em opera\u00e7\u00e3o contra o crime organizado no Par\u00e1"}]},{"@type":"WebSite","@id":"https:\/\/www.blogsoestado.com\/danielmatos\/#website","url":"https:\/\/www.blogsoestado.com\/danielmatos\/","name":"Daniel Matos","description":"","potentialAction":[{"@type":"SearchAction","target":{"@type":"EntryPoint","urlTemplate":"https:\/\/www.blogsoestado.com\/danielmatos\/?s={search_term_string}"},"query-input":{"@type":"PropertyValueSpecification","valueRequired":true,"valueName":"search_term_string"}}],"inLanguage":"pt-BR"},{"@type":"Person","@id":"https:\/\/www.blogsoestado.com\/danielmatos\/#\/schema\/person\/9a209d407cd45631f131e1285b661bb0","name":"Daniel Matos","image":{"@type":"ImageObject","inLanguage":"pt-BR","@id":"https:\/\/www.blogsoestado.com\/danielmatos\/#\/schema\/person\/image\/","url":"https:\/\/secure.gravatar.com\/avatar\/2f26c36ee355da19a257f0dfef43952a2588b324ca35d6719e859fe338ac0392?s=96&d=mm&r=g","contentUrl":"https:\/\/secure.gravatar.com\/avatar\/2f26c36ee355da19a257f0dfef43952a2588b324ca35d6719e859fe338ac0392?s=96&d=mm&r=g","caption":"Daniel Matos"},"url":"https:\/\/www.blogsoestado.com\/danielmatos\/author\/danielmatos\/"}]}},"jetpack_featured_media_url":"","_links":{"self":[{"href":"https:\/\/www.blogsoestado.com\/danielmatos\/wp-json\/wp\/v2\/posts\/152492","targetHints":{"allow":["GET"]}}],"collection":[{"href":"https:\/\/www.blogsoestado.com\/danielmatos\/wp-json\/wp\/v2\/posts"}],"about":[{"href":"https:\/\/www.blogsoestado.com\/danielmatos\/wp-json\/wp\/v2\/types\/post"}],"author":[{"embeddable":true,"href":"https:\/\/www.blogsoestado.com\/danielmatos\/wp-json\/wp\/v2\/users\/2"}],"replies":[{"embeddable":true,"href":"https:\/\/www.blogsoestado.com\/danielmatos\/wp-json\/wp\/v2\/comments?post=152492"}],"version-history":[{"count":1,"href":"https:\/\/www.blogsoestado.com\/danielmatos\/wp-json\/wp\/v2\/posts\/152492\/revisions"}],"predecessor-version":[{"id":152494,"href":"https:\/\/www.blogsoestado.com\/danielmatos\/wp-json\/wp\/v2\/posts\/152492\/revisions\/152494"}],"wp:attachment":[{"href":"https:\/\/www.blogsoestado.com\/danielmatos\/wp-json\/wp\/v2\/media?parent=152492"}],"wp:term":[{"taxonomy":"category","embeddable":true,"href":"https:\/\/www.blogsoestado.com\/danielmatos\/wp-json\/wp\/v2\/categories?post=152492"},{"taxonomy":"post_tag","embeddable":true,"href":"https:\/\/www.blogsoestado.com\/danielmatos\/wp-json\/wp\/v2\/tags?post=152492"}],"curies":[{"name":"wp","href":"https:\/\/api.w.org\/{rel}","templated":true}]}}