{"id":153228,"date":"2026-01-06T12:24:39","date_gmt":"2026-01-06T15:24:39","guid":{"rendered":"https:\/\/www.blogsoestado.com\/danielmatos\/?p=153228"},"modified":"2026-01-06T12:24:47","modified_gmt":"2026-01-06T15:24:47","slug":"medida-certa-universidade-ceuma-abre-incricoes-para-programa-de-combate-ao-sedentarismo-e-cuidados-com-a-saude","status":"publish","type":"post","link":"https:\/\/www.blogsoestado.com\/danielmatos\/medida-certa-universidade-ceuma-abre-incricoes-para-programa-de-combate-ao-sedentarismo-e-cuidados-com-a-saude\/","title":{"rendered":"Medida Certa: Universidade Ceuma abre incri\u00e7\u00f5es para programa de combate ao sedentarismo e cuidados com a sa\u00fade"},"content":{"rendered":"\n<figure class=\"wp-block-image aligncenter size-large\"><img fetchpriority=\"high\" decoding=\"async\" width=\"683\" height=\"1024\" src=\"https:\/\/www.blogsoestado.com\/danielmatos\/wp-content\/uploads\/sites\/2\/2026\/01\/1004723143-683x1024.jpg\" alt=\"\" class=\"wp-image-153229\" srcset=\"https:\/\/www.blogsoestado.com\/danielmatos\/wp-content\/uploads\/sites\/2\/2026\/01\/1004723143-683x1024.jpg 683w, https:\/\/www.blogsoestado.com\/danielmatos\/wp-content\/uploads\/sites\/2\/2026\/01\/1004723143-200x300.jpg 200w, https:\/\/www.blogsoestado.com\/danielmatos\/wp-content\/uploads\/sites\/2\/2026\/01\/1004723143-768x1152.jpg 768w, https:\/\/www.blogsoestado.com\/danielmatos\/wp-content\/uploads\/sites\/2\/2026\/01\/1004723143.jpg 1024w\" sizes=\"(max-width: 683px) 100vw, 683px\" \/><\/figure>\n\n\n\n<p>A Universidade Ceuma lan\u00e7a a melhor oportunidade de cuidar da sa\u00fade por meio da atividade f\u00edsica. Em tempos de estabelecimento de metas para 2026, a institui\u00e7\u00e3o de ensino oferece grande chance de fortalecer corpo e mente para garantir melhor rendimento em todas as \u00e1reas da vida.<\/p>\n\n\n\n<p>Se a atividade f\u00edsica est\u00e1 entre as metas para os pr\u00f3ximos 12 meses, a Universidade Ceuma oferece a melhor oportunidade: Medida Certa 2026.1, que chega para transformar o ano com atividades orientadas, integra\u00e7\u00e3o e sa\u00fade de verdade!<\/p>\n\n\n\n<p>\ud83d\uddd3\ufe0f Cronograma:<\/p>\n\n\n\n<p>Studio Fitness: 12\/01 a 10\/07\/2026;<br>Demais modalidades: 09\/02 a 10\/07\/2026.<\/p>\n\n\n\n<p>E o melhor: valores promocionais garantidos at\u00e9 20 de janeiro de 2026!<\/p>\n\n\n\n<p>Comece o ano com foco, energia e h\u00e1bitos que v\u00e3o te acompanhar o ano inteiro!<\/p>\n\n\n\n<p>N\u00e3o deixe para depois, 2026 merece ser o seu ano mais saud\u00e1vel e ativo!<\/p>\n\n\n\n<p><strong><mark style=\"color:#cf2e2e\" class=\"has-inline-color\">Inscreva-se <a href=\"https:\/\/www.even3.com.br\/medidacerta-2026-1-efceuma-675029\/\">aqui<\/a> e venha fazer parte dessa mudan\u00e7a!<\/mark><\/strong><\/p>\n\n\n\n<p><strong>Sobre o Medida Certa<\/strong><\/p>\n\n\n\n<p>O Programa Medida Certa \u00e9 uma iniciativa da Universidade Ceuma de combate ao sedentarismo e promo\u00e7\u00e3o de sa\u00fade, oportunizando aos seus alunos, funcion\u00e1rios e comunidade em geral, a pr\u00e1tica esportiva orientada com aproveitamento de seu tempo ocioso dentro da pr\u00f3pria Universidade.<\/p>\n\n\n\n<p>A pr\u00e1tica esportiva de cunho educacional promove a integra\u00e7\u00e3o entre seus praticantes e contribui para o seu desenvolvimento integral, sob os aspectos f\u00edsicos, ps\u00edquicos, afetivos e sociais, promovendo sa\u00fade e possibilitando a absor\u00e7\u00e3o de h\u00e1bitos de vida saud\u00e1veis.<\/p>\n\n\n\n<p>O Programa conta com a oferta de diversas modalidades orientadas por profissionais e monitores do Curso de Educa\u00e7\u00e3o F\u00edsica e tem dura\u00e7\u00e3o aproximada de 5 (cinco) meses.<\/p>\n\n\n\n<p><strong>Per\u00edodo das atividades:<\/strong><\/p>\n\n\n\n<p>In\u00edcio &#8211; 12\/01\/2026 (Studio Fitness) e 09\/02\/2026 (demais modalidades);<\/p>\n\n\n\n<p>T\u00e9rmino (todas as modalidades) &#8211; 10\/07\/2026<\/p>\n\n\n\n<p>As inscri\u00e7\u00f5es s\u00e3o v\u00e1lidas para cada modalidade e quantidade de vezes na semana, conforme est\u00e3o descritas no ato da inscri\u00e7\u00e3o.<\/p>\n\n\n\n<p><strong>IMPORTANTE: <\/strong>a idade m\u00ednima para participa\u00e7\u00e3o no programa \u00e9 de 14 anos.<\/p>\n","protected":false},"excerpt":{"rendered":"<p>A Universidade Ceuma lan\u00e7a a melhor oportunidade de cuidar da sa\u00fade por meio da atividade f\u00edsica. Em tempos de estabelecimento [&hellip;]<\/p>\n","protected":false},"author":2,"featured_media":0,"comment_status":"open","ping_status":"open","sticky":false,"template":"","format":"standard","meta":{"site-sidebar-layout":"default","site-content-layout":"","ast-site-content-layout":"default","site-content-style":"default","site-sidebar-style":"default","ast-global-header-display":"","ast-banner-title-visibility":"","ast-main-header-display":"","ast-hfb-above-header-display":"","ast-hfb-below-header-display":"","ast-hfb-mobile-header-display":"","site-post-title":"","ast-breadcrumbs-content":"","ast-featured-img":"","footer-sml-layout":"","ast-disable-related-posts":"","theme-transparent-header-meta":"","adv-header-id-meta":"","stick-header-meta":"","header-above-stick-meta":"","header-main-stick-meta":"","header-below-stick-meta":"","astra-migrate-meta-layouts":"default","ast-page-background-enabled":"default","ast-page-background-meta":{"desktop":{"background-color":"var(--ast-global-color-5)","background-image":"","background-repeat":"repeat","background-position":"center center","background-size":"auto","background-attachment":"scroll","background-type":"","background-media":"","overlay-type":"","overlay-color":"","overlay-opacity":"","overlay-gradient":""},"tablet":{"background-color":"","background-image":"","background-repeat":"repeat","background-position":"center center","background-size":"auto","background-attachment":"scroll","background-type":"","background-media":"","overlay-type":"","overlay-color":"","overlay-opacity":"","overlay-gradient":""},"mobile":{"background-color":"","background-image":"","background-repeat":"repeat","background-position":"center center","background-size":"auto","background-attachment":"scroll","background-type":"","background-media":"","overlay-type":"","overlay-color":"","overlay-opacity":"","overlay-gradient":""}},"ast-content-background-meta":{"desktop":{"background-color":"var(--ast-global-color-4)","background-image":"","background-repeat":"repeat","background-position":"center center","background-size":"auto","background-attachment":"scroll","background-type":"","background-media":"","overlay-type":"","overlay-color":"","overlay-opacity":"","overlay-gradient":""},"tablet":{"background-color":"var(--ast-global-color-4)","background-image":"","background-repeat":"repeat","background-position":"center center","background-size":"auto","background-attachment":"scroll","background-type":"","background-media":"","overlay-type":"","overlay-color":"","overlay-opacity":"","overlay-gradient":""},"mobile":{"background-color":"var(--ast-global-color-4)","background-image":"","background-repeat":"repeat","background-position":"center center","background-size":"auto","background-attachment":"scroll","background-type":"","background-media":"","overlay-type":"","overlay-color":"","overlay-opacity":"","overlay-gradient":""}},"footnotes":""},"categories":[1],"tags":[],"class_list":["post-153228","post","type-post","status-publish","format-standard","hentry","category-sem-categoria"],"yoast_head":"<!-- This site is optimized with the Yoast SEO plugin v26.6 - https:\/\/yoast.com\/wordpress\/plugins\/seo\/ -->\n<title>Medida Certa: Universidade Ceuma abre incri\u00e7\u00f5es para programa de combate ao sedentarismo e cuidados com a sa\u00fade - Daniel Matos<\/title>\n<meta name=\"robots\" content=\"index, follow, max-snippet:-1, max-image-preview:large, max-video-preview:-1\" \/>\n<link rel=\"canonical\" href=\"https:\/\/www.blogsoestado.com\/danielmatos\/medida-certa-universidade-ceuma-abre-incricoes-para-programa-de-combate-ao-sedentarismo-e-cuidados-com-a-saude\/\" \/>\n<meta property=\"og:locale\" content=\"pt_BR\" \/>\n<meta property=\"og:type\" content=\"article\" \/>\n<meta property=\"og:title\" content=\"Medida Certa: Universidade Ceuma abre incri\u00e7\u00f5es para programa de combate ao sedentarismo e cuidados com a sa\u00fade - Daniel Matos\" \/>\n<meta property=\"og:description\" content=\"A Universidade Ceuma lan\u00e7a a melhor oportunidade de cuidar da sa\u00fade por meio da atividade f\u00edsica. Em tempos de estabelecimento [&hellip;]\" \/>\n<meta property=\"og:url\" content=\"https:\/\/www.blogsoestado.com\/danielmatos\/medida-certa-universidade-ceuma-abre-incricoes-para-programa-de-combate-ao-sedentarismo-e-cuidados-com-a-saude\/\" \/>\n<meta property=\"og:site_name\" content=\"Daniel Matos\" \/>\n<meta property=\"article:published_time\" content=\"2026-01-06T15:24:39+00:00\" \/>\n<meta property=\"article:modified_time\" content=\"2026-01-06T15:24:47+00:00\" \/>\n<meta property=\"og:image\" content=\"https:\/\/www.blogsoestado.com\/danielmatos\/wp-content\/uploads\/sites\/2\/2026\/01\/1004723143.jpg\" \/>\n\t<meta property=\"og:image:width\" content=\"1024\" \/>\n\t<meta property=\"og:image:height\" content=\"1536\" \/>\n\t<meta property=\"og:image:type\" content=\"image\/jpeg\" \/>\n<meta name=\"author\" content=\"Daniel Matos\" \/>\n<meta name=\"twitter:card\" content=\"summary_large_image\" \/>\n<meta name=\"twitter:label1\" content=\"Escrito por\" \/>\n\t<meta name=\"twitter:data1\" content=\"Daniel Matos\" \/>\n\t<meta name=\"twitter:label2\" content=\"Est. tempo de leitura\" \/>\n\t<meta name=\"twitter:data2\" content=\"2 minutos\" \/>\n<script type=\"application\/ld+json\" class=\"yoast-schema-graph\">{\"@context\":\"https:\/\/schema.org\",\"@graph\":[{\"@type\":\"WebPage\",\"@id\":\"https:\/\/www.blogsoestado.com\/danielmatos\/medida-certa-universidade-ceuma-abre-incricoes-para-programa-de-combate-ao-sedentarismo-e-cuidados-com-a-saude\/\",\"url\":\"https:\/\/www.blogsoestado.com\/danielmatos\/medida-certa-universidade-ceuma-abre-incricoes-para-programa-de-combate-ao-sedentarismo-e-cuidados-com-a-saude\/\",\"name\":\"Medida Certa: Universidade Ceuma abre incri\u00e7\u00f5es para programa de combate ao sedentarismo e cuidados com a sa\u00fade - Daniel Matos\",\"isPartOf\":{\"@id\":\"https:\/\/www.blogsoestado.com\/danielmatos\/#website\"},\"primaryImageOfPage\":{\"@id\":\"https:\/\/www.blogsoestado.com\/danielmatos\/medida-certa-universidade-ceuma-abre-incricoes-para-programa-de-combate-ao-sedentarismo-e-cuidados-com-a-saude\/#primaryimage\"},\"image\":{\"@id\":\"https:\/\/www.blogsoestado.com\/danielmatos\/medida-certa-universidade-ceuma-abre-incricoes-para-programa-de-combate-ao-sedentarismo-e-cuidados-com-a-saude\/#primaryimage\"},\"thumbnailUrl\":\"https:\/\/www.blogsoestado.com\/danielmatos\/wp-content\/uploads\/sites\/2\/2026\/01\/1004723143-683x1024.jpg\",\"datePublished\":\"2026-01-06T15:24:39+00:00\",\"dateModified\":\"2026-01-06T15:24:47+00:00\",\"author\":{\"@id\":\"https:\/\/www.blogsoestado.com\/danielmatos\/#\/schema\/person\/9a209d407cd45631f131e1285b661bb0\"},\"breadcrumb\":{\"@id\":\"https:\/\/www.blogsoestado.com\/danielmatos\/medida-certa-universidade-ceuma-abre-incricoes-para-programa-de-combate-ao-sedentarismo-e-cuidados-com-a-saude\/#breadcrumb\"},\"inLanguage\":\"pt-BR\",\"potentialAction\":[{\"@type\":\"ReadAction\",\"target\":[\"https:\/\/www.blogsoestado.com\/danielmatos\/medida-certa-universidade-ceuma-abre-incricoes-para-programa-de-combate-ao-sedentarismo-e-cuidados-com-a-saude\/\"]}]},{\"@type\":\"ImageObject\",\"inLanguage\":\"pt-BR\",\"@id\":\"https:\/\/www.blogsoestado.com\/danielmatos\/medida-certa-universidade-ceuma-abre-incricoes-para-programa-de-combate-ao-sedentarismo-e-cuidados-com-a-saude\/#primaryimage\",\"url\":\"https:\/\/www.blogsoestado.com\/danielmatos\/wp-content\/uploads\/sites\/2\/2026\/01\/1004723143.jpg\",\"contentUrl\":\"https:\/\/www.blogsoestado.com\/danielmatos\/wp-content\/uploads\/sites\/2\/2026\/01\/1004723143.jpg\",\"width\":1024,\"height\":1536},{\"@type\":\"BreadcrumbList\",\"@id\":\"https:\/\/www.blogsoestado.com\/danielmatos\/medida-certa-universidade-ceuma-abre-incricoes-para-programa-de-combate-ao-sedentarismo-e-cuidados-com-a-saude\/#breadcrumb\",\"itemListElement\":[{\"@type\":\"ListItem\",\"position\":1,\"name\":\"In\u00edcio\",\"item\":\"https:\/\/www.blogsoestado.com\/danielmatos\/\"},{\"@type\":\"ListItem\",\"position\":2,\"name\":\"Medida Certa: Universidade Ceuma abre incri\u00e7\u00f5es para programa de combate ao sedentarismo e cuidados com a sa\u00fade\"}]},{\"@type\":\"WebSite\",\"@id\":\"https:\/\/www.blogsoestado.com\/danielmatos\/#website\",\"url\":\"https:\/\/www.blogsoestado.com\/danielmatos\/\",\"name\":\"Daniel Matos\",\"description\":\"\",\"potentialAction\":[{\"@type\":\"SearchAction\",\"target\":{\"@type\":\"EntryPoint\",\"urlTemplate\":\"https:\/\/www.blogsoestado.com\/danielmatos\/?s={search_term_string}\"},\"query-input\":{\"@type\":\"PropertyValueSpecification\",\"valueRequired\":true,\"valueName\":\"search_term_string\"}}],\"inLanguage\":\"pt-BR\"},{\"@type\":\"Person\",\"@id\":\"https:\/\/www.blogsoestado.com\/danielmatos\/#\/schema\/person\/9a209d407cd45631f131e1285b661bb0\",\"name\":\"Daniel Matos\",\"image\":{\"@type\":\"ImageObject\",\"inLanguage\":\"pt-BR\",\"@id\":\"https:\/\/www.blogsoestado.com\/danielmatos\/#\/schema\/person\/image\/\",\"url\":\"https:\/\/secure.gravatar.com\/avatar\/2f26c36ee355da19a257f0dfef43952a2588b324ca35d6719e859fe338ac0392?s=96&d=mm&r=g\",\"contentUrl\":\"https:\/\/secure.gravatar.com\/avatar\/2f26c36ee355da19a257f0dfef43952a2588b324ca35d6719e859fe338ac0392?s=96&d=mm&r=g\",\"caption\":\"Daniel Matos\"},\"url\":\"https:\/\/www.blogsoestado.com\/danielmatos\/author\/danielmatos\/\"}]}<\/script>\n<!-- \/ Yoast SEO plugin. -->","yoast_head_json":{"title":"Medida Certa: Universidade Ceuma abre incri\u00e7\u00f5es para programa de combate ao sedentarismo e cuidados com a sa\u00fade - Daniel Matos","robots":{"index":"index","follow":"follow","max-snippet":"max-snippet:-1","max-image-preview":"max-image-preview:large","max-video-preview":"max-video-preview:-1"},"canonical":"https:\/\/www.blogsoestado.com\/danielmatos\/medida-certa-universidade-ceuma-abre-incricoes-para-programa-de-combate-ao-sedentarismo-e-cuidados-com-a-saude\/","og_locale":"pt_BR","og_type":"article","og_title":"Medida Certa: Universidade Ceuma abre incri\u00e7\u00f5es para programa de combate ao sedentarismo e cuidados com a sa\u00fade - Daniel Matos","og_description":"A Universidade Ceuma lan\u00e7a a melhor oportunidade de cuidar da sa\u00fade por meio da atividade f\u00edsica. Em tempos de estabelecimento [&hellip;]","og_url":"https:\/\/www.blogsoestado.com\/danielmatos\/medida-certa-universidade-ceuma-abre-incricoes-para-programa-de-combate-ao-sedentarismo-e-cuidados-com-a-saude\/","og_site_name":"Daniel Matos","article_published_time":"2026-01-06T15:24:39+00:00","article_modified_time":"2026-01-06T15:24:47+00:00","og_image":[{"width":1024,"height":1536,"url":"https:\/\/www.blogsoestado.com\/danielmatos\/wp-content\/uploads\/sites\/2\/2026\/01\/1004723143.jpg","type":"image\/jpeg"}],"author":"Daniel Matos","twitter_card":"summary_large_image","twitter_misc":{"Escrito por":"Daniel Matos","Est. tempo de leitura":"2 minutos"},"schema":{"@context":"https:\/\/schema.org","@graph":[{"@type":"WebPage","@id":"https:\/\/www.blogsoestado.com\/danielmatos\/medida-certa-universidade-ceuma-abre-incricoes-para-programa-de-combate-ao-sedentarismo-e-cuidados-com-a-saude\/","url":"https:\/\/www.blogsoestado.com\/danielmatos\/medida-certa-universidade-ceuma-abre-incricoes-para-programa-de-combate-ao-sedentarismo-e-cuidados-com-a-saude\/","name":"Medida Certa: Universidade Ceuma abre incri\u00e7\u00f5es para programa de combate ao sedentarismo e cuidados com a sa\u00fade - Daniel Matos","isPartOf":{"@id":"https:\/\/www.blogsoestado.com\/danielmatos\/#website"},"primaryImageOfPage":{"@id":"https:\/\/www.blogsoestado.com\/danielmatos\/medida-certa-universidade-ceuma-abre-incricoes-para-programa-de-combate-ao-sedentarismo-e-cuidados-com-a-saude\/#primaryimage"},"image":{"@id":"https:\/\/www.blogsoestado.com\/danielmatos\/medida-certa-universidade-ceuma-abre-incricoes-para-programa-de-combate-ao-sedentarismo-e-cuidados-com-a-saude\/#primaryimage"},"thumbnailUrl":"https:\/\/www.blogsoestado.com\/danielmatos\/wp-content\/uploads\/sites\/2\/2026\/01\/1004723143-683x1024.jpg","datePublished":"2026-01-06T15:24:39+00:00","dateModified":"2026-01-06T15:24:47+00:00","author":{"@id":"https:\/\/www.blogsoestado.com\/danielmatos\/#\/schema\/person\/9a209d407cd45631f131e1285b661bb0"},"breadcrumb":{"@id":"https:\/\/www.blogsoestado.com\/danielmatos\/medida-certa-universidade-ceuma-abre-incricoes-para-programa-de-combate-ao-sedentarismo-e-cuidados-com-a-saude\/#breadcrumb"},"inLanguage":"pt-BR","potentialAction":[{"@type":"ReadAction","target":["https:\/\/www.blogsoestado.com\/danielmatos\/medida-certa-universidade-ceuma-abre-incricoes-para-programa-de-combate-ao-sedentarismo-e-cuidados-com-a-saude\/"]}]},{"@type":"ImageObject","inLanguage":"pt-BR","@id":"https:\/\/www.blogsoestado.com\/danielmatos\/medida-certa-universidade-ceuma-abre-incricoes-para-programa-de-combate-ao-sedentarismo-e-cuidados-com-a-saude\/#primaryimage","url":"https:\/\/www.blogsoestado.com\/danielmatos\/wp-content\/uploads\/sites\/2\/2026\/01\/1004723143.jpg","contentUrl":"https:\/\/www.blogsoestado.com\/danielmatos\/wp-content\/uploads\/sites\/2\/2026\/01\/1004723143.jpg","width":1024,"height":1536},{"@type":"BreadcrumbList","@id":"https:\/\/www.blogsoestado.com\/danielmatos\/medida-certa-universidade-ceuma-abre-incricoes-para-programa-de-combate-ao-sedentarismo-e-cuidados-com-a-saude\/#breadcrumb","itemListElement":[{"@type":"ListItem","position":1,"name":"In\u00edcio","item":"https:\/\/www.blogsoestado.com\/danielmatos\/"},{"@type":"ListItem","position":2,"name":"Medida Certa: Universidade Ceuma abre incri\u00e7\u00f5es para programa de combate ao sedentarismo e cuidados com a sa\u00fade"}]},{"@type":"WebSite","@id":"https:\/\/www.blogsoestado.com\/danielmatos\/#website","url":"https:\/\/www.blogsoestado.com\/danielmatos\/","name":"Daniel Matos","description":"","potentialAction":[{"@type":"SearchAction","target":{"@type":"EntryPoint","urlTemplate":"https:\/\/www.blogsoestado.com\/danielmatos\/?s={search_term_string}"},"query-input":{"@type":"PropertyValueSpecification","valueRequired":true,"valueName":"search_term_string"}}],"inLanguage":"pt-BR"},{"@type":"Person","@id":"https:\/\/www.blogsoestado.com\/danielmatos\/#\/schema\/person\/9a209d407cd45631f131e1285b661bb0","name":"Daniel Matos","image":{"@type":"ImageObject","inLanguage":"pt-BR","@id":"https:\/\/www.blogsoestado.com\/danielmatos\/#\/schema\/person\/image\/","url":"https:\/\/secure.gravatar.com\/avatar\/2f26c36ee355da19a257f0dfef43952a2588b324ca35d6719e859fe338ac0392?s=96&d=mm&r=g","contentUrl":"https:\/\/secure.gravatar.com\/avatar\/2f26c36ee355da19a257f0dfef43952a2588b324ca35d6719e859fe338ac0392?s=96&d=mm&r=g","caption":"Daniel Matos"},"url":"https:\/\/www.blogsoestado.com\/danielmatos\/author\/danielmatos\/"}]}},"jetpack_featured_media_url":"","_links":{"self":[{"href":"https:\/\/www.blogsoestado.com\/danielmatos\/wp-json\/wp\/v2\/posts\/153228","targetHints":{"allow":["GET"]}}],"collection":[{"href":"https:\/\/www.blogsoestado.com\/danielmatos\/wp-json\/wp\/v2\/posts"}],"about":[{"href":"https:\/\/www.blogsoestado.com\/danielmatos\/wp-json\/wp\/v2\/types\/post"}],"author":[{"embeddable":true,"href":"https:\/\/www.blogsoestado.com\/danielmatos\/wp-json\/wp\/v2\/users\/2"}],"replies":[{"embeddable":true,"href":"https:\/\/www.blogsoestado.com\/danielmatos\/wp-json\/wp\/v2\/comments?post=153228"}],"version-history":[{"count":1,"href":"https:\/\/www.blogsoestado.com\/danielmatos\/wp-json\/wp\/v2\/posts\/153228\/revisions"}],"predecessor-version":[{"id":153230,"href":"https:\/\/www.blogsoestado.com\/danielmatos\/wp-json\/wp\/v2\/posts\/153228\/revisions\/153230"}],"wp:attachment":[{"href":"https:\/\/www.blogsoestado.com\/danielmatos\/wp-json\/wp\/v2\/media?parent=153228"}],"wp:term":[{"taxonomy":"category","embeddable":true,"href":"https:\/\/www.blogsoestado.com\/danielmatos\/wp-json\/wp\/v2\/categories?post=153228"},{"taxonomy":"post_tag","embeddable":true,"href":"https:\/\/www.blogsoestado.com\/danielmatos\/wp-json\/wp\/v2\/tags?post=153228"}],"curies":[{"name":"wp","href":"https:\/\/api.w.org\/{rel}","templated":true}]}}