{"id":153374,"date":"2026-01-10T11:35:20","date_gmt":"2026-01-10T14:35:20","guid":{"rendered":"https:\/\/www.blogsoestado.com\/danielmatos\/?p=153374"},"modified":"2026-01-10T11:35:29","modified_gmt":"2026-01-10T14:35:29","slug":"muito-alem-das-quatro-linhas-formacao-de-futuros-cidadaos-na-escolinha-de-futebol-ctm","status":"publish","type":"post","link":"https:\/\/www.blogsoestado.com\/danielmatos\/muito-alem-das-quatro-linhas-formacao-de-futuros-cidadaos-na-escolinha-de-futebol-ctm\/","title":{"rendered":"Muito al\u00e9m das quatro linhas: Forma\u00e7\u00e3o de futuros cidad\u00e3os na Escolinha de Futebol CTM"},"content":{"rendered":"\n<p><strong><em><mark style=\"color:#cf2e2e\" class=\"has-inline-color\">Projeto social desenvolvido no Pinda\u00ed, em S\u00e3o Jos\u00e9 de Ribamar, j\u00e1 iniciou treinos de 2026<\/mark><\/em><\/strong><\/p>\n\n\n\n<figure class=\"wp-block-image aligncenter size-large\"><img fetchpriority=\"high\" decoding=\"async\" width=\"768\" height=\"1024\" src=\"https:\/\/www.blogsoestado.com\/danielmatos\/wp-content\/uploads\/sites\/2\/2026\/01\/1004755920-768x1024.jpg\" alt=\"\" class=\"wp-image-153375\" srcset=\"https:\/\/www.blogsoestado.com\/danielmatos\/wp-content\/uploads\/sites\/2\/2026\/01\/1004755920-768x1024.jpg 768w, https:\/\/www.blogsoestado.com\/danielmatos\/wp-content\/uploads\/sites\/2\/2026\/01\/1004755920-225x300.jpg 225w, https:\/\/www.blogsoestado.com\/danielmatos\/wp-content\/uploads\/sites\/2\/2026\/01\/1004755920.jpg 960w\" sizes=\"(max-width: 768px) 100vw, 768px\" \/><figcaption class=\"wp-element-caption\">A temporada de treinos da Escolinha de Futebol CTM j\u00e1 foi iniciada, ap\u00f3s breve recesso de fim de ano<\/figcaption><\/figure>\n\n\n\n<p>Em tempos em que telas disputam a aten\u00e7\u00e3o das crian\u00e7as minuto a minuto e o sedentarismo se imp\u00f5e como um desafio silencioso \u00e0 sa\u00fade f\u00edsica e mental dos jovens, o futebol segue sendo um poderoso instrumento de transforma\u00e7\u00e3o social.<\/p>\n\n\n\n<p>No bairro do Pinda\u00ed e adjac\u00eancias, em S\u00e3o Jos\u00e9 de Ribamar, a Escolinha de Futebol CTM \u00e9 prova viva de que o esporte, quando bem orientado, vai muito al\u00e9m da forma\u00e7\u00e3o de craques: ajuda a construir cidad\u00e3os de bem, com valores s\u00f3lidos e perspectivas de futuro. E o mais importante, tem ajudado a manter crian\u00e7as e jovens bem longe das drogas, que s\u00e3o comuns na regi\u00e3o de alta vulnerabilidade social.<\/p>\n\n\n\n<p>Mantido com patroc\u00ednio do Grupo Potiguar e do Governo do Maranh\u00e3o, por meio da Lei Estadual de Incentivo ao Esporte, o projeto social desenvolvido pela Comunidade Terap\u00eautica do Maranh\u00e3o \/ CTM atua diretamente na base da forma\u00e7\u00e3o infantil e juvenil. Ali, a bola n\u00e3o \u00e9 apenas um objeto de lazer, mas uma ferramenta pedag\u00f3gica. Cada treino carrega li\u00e7\u00f5es que ultrapassam o campo: disciplina, \u00e9tica, respeito \u00e0s diferen\u00e7as, trabalho em equipe e responsabilidade.<\/p>\n\n\n\n<p>\u201cO futebol ensina a ganhar e a perder, a ouvir o outro, a respeitar regras e a entender que ningu\u00e9m vence sozinho\u201d, costumam destacar educadores e treinadores que atuam em projetos sociais esportivos. Na CTM, esse aprendizado \u00e9 refor\u00e7ado diariamente. O compromisso com a escola, por exemplo, \u00e9 condi\u00e7\u00e3o essencial para a perman\u00eancia das crian\u00e7as e adolescentes no projeto, criando um ciclo virtuoso em que esporte e educa\u00e7\u00e3o caminham juntos.<\/p>\n\n\n\n<p><strong>Temporada de treinos de 2026 j\u00e1 iniciada<\/strong><\/p>\n\n\n\n<p>Ap\u00f3s um breve recesso de fim ano, os treinos semanais j\u00e1 foram retomados e a bola est\u00e1 rolando forte na sede da CTM.<\/p>\n\n\n\n<p>\u201cNossos treinos j\u00e1 iniciaram e esperamos uma excelente temporada nesse ano de 2026. Somos muitos gratos aos nossos patrocinadores, Grupo Potiguar e Governo do Estado, atrav\u00e9s da SEDEL; que nos ajudam a viabilizar os treinos semanais \u00e0s ter\u00e7as e quintas, de manh\u00e3 e a tarde e aos s\u00e1bados pela manh\u00e3. A cada temporada sentimos que os valores repassados em campo d\u00e3o frutos importantes, e ficamos fellizes em receber os coment\u00e1rios das fam\u00edlias, elogiando o comportamento dos nossos alunos, que melhoram a cada temporada. Isso para n\u00f3s \u00e9 o maior incentivo \u2013 saber que estamos tendo sucesso em formar cidad\u00e3os de bem e combater as drogas e a criminalidade atrav\u00e9s do esporte\u201d decalara o Coordenador do Projeto \u00c9dison Lages.<\/p>\n\n\n\n<p><strong>Pr\u00e1tica desportiva melhora a qualidade de vida<\/strong><\/p>\n\n\n\n<p>Al\u00e9m do impacto social, os benef\u00edcios f\u00edsicos e cognitivos da pr\u00e1tica do futebol s\u00e3o amplamente reconhecidos. Estudos indicam que a atividade f\u00edsica regular melhora a oxigena\u00e7\u00e3o do c\u00e9rebro, contribui para o desenvolvimento da mem\u00f3ria, da concentra\u00e7\u00e3o e do racioc\u00ednio l\u00f3gico \u2014 fatores fundamentais para o desempenho escolar.<\/p>\n\n\n\n<figure class=\"wp-block-image aligncenter size-large\"><img decoding=\"async\" width=\"768\" height=\"1024\" src=\"https:\/\/www.blogsoestado.com\/danielmatos\/wp-content\/uploads\/sites\/2\/2026\/01\/1004755919-768x1024.jpg\" alt=\"\" class=\"wp-image-153376\" srcset=\"https:\/\/www.blogsoestado.com\/danielmatos\/wp-content\/uploads\/sites\/2\/2026\/01\/1004755919-768x1024.jpg 768w, https:\/\/www.blogsoestado.com\/danielmatos\/wp-content\/uploads\/sites\/2\/2026\/01\/1004755919-225x300.jpg 225w, https:\/\/www.blogsoestado.com\/danielmatos\/wp-content\/uploads\/sites\/2\/2026\/01\/1004755919.jpg 960w\" sizes=\"(max-width: 768px) 100vw, 768px\" \/><figcaption class=\"wp-element-caption\">Criada em 2017, a Escolinha de Futebol CTM beneficia 120 jovens, de 7 e 17 anos, nas categorias Sub-11, Sub-13 e Sub-15 com patroc\u00ednio da Potiguar e do Governo do estado \/ SEDEL, via Lei Estadual de Incentivo ao Esporte<\/figcaption><\/figure>\n\n\n\n<p>Em um cen\u00e1rio marcado pelo uso excessivo de celulares, videogames e redes sociais, iniciativas como a da Escolinha de Futebol CTM surgem como um contraponto saud\u00e1vel, estimulando o movimento, o conv\u00edvio social e o equil\u00edbrio emocional de crian\u00e7as e jovens.<\/p>\n\n\n\n<p>O futebol, por sua pr\u00f3pria din\u00e2mica, favorece a socializa\u00e7\u00e3o e a inclus\u00e3o. No campo, diferen\u00e7as sociais, culturais ou econ\u00f4micas perdem espa\u00e7o para o esp\u00edrito coletivo. Cada passe, cada jogada constru\u00edda em conjunto refor\u00e7a a ideia de pertencimento e coopera\u00e7\u00e3o \u2014 valores essenciais para a vida em comunidade.<\/p>\n\n\n\n<p>Ao apoiar a Escolinha de Futebol CTM, o Grupo Potiguar e Governo do Maranh\u00e3o n\u00e3o investem apenas em esporte, mas em desenvolvimento humano. Investem na preven\u00e7\u00e3o da evas\u00e3o escolar, no combate ao sedentarismo e na forma\u00e7\u00e3o de uma gera\u00e7\u00e3o mais saud\u00e1vel, disciplinada e consciente de seu papel na sociedade.<\/p>\n\n\n\n<p>O som da bola rolando no campo do CTM ecoa como um lembrete poderoso: o esporte ainda \u00e9 um dos caminhos mais eficazes para educar, incluir e transformar. E, na Escolinha de Futebol CTM, cada treino \u00e9 um passo a mais na constru\u00e7\u00e3o de futuros que v\u00e3o muito al\u00e9m do placar final. Os maiores gols acontecem diariamente, e s\u00e3o bem longe do campo.<\/p>\n\n\n\n<p><strong>Sobre o projeto social<\/strong><\/p>\n\n\n\n<p>Criada em 2017, a Escolinha de Futebol CTM atende hoje cerca de 120 jovens, de 7 e 17 anos, divididos nas categorias Sub-11, Sub-13 e Sub-15; moradores do bairro do Pinda\u00ed e adjac\u00eancias, em S\u00e3o Jos\u00e9 de Ribamar.<\/p>\n\n\n\n<p>A proposta do projeto vai al\u00e9m dos fundamentos esportivos. A CTM mant\u00e9m um acompanhamento psicossocial e pedag\u00f3gico constante junto aos alunos, envolvendo psic\u00f3logos, pedagogos e educadores f\u00edsicos.<\/p>\n\n\n\n<p>As atividades do projeto social tamb\u00e9m englobam as fam\u00edlias dos atletas, e incluem palestras, campanhas educativas, refor\u00e7o escolar e aconselhamento familiar \u2014 sempre com foco na preven\u00e7\u00e3o ao uso de drogas e no fortalecimento dos la\u00e7os comunit\u00e1rios.<\/p>\n","protected":false},"excerpt":{"rendered":"<p>Projeto social desenvolvido no Pinda\u00ed, em S\u00e3o Jos\u00e9 de Ribamar, j\u00e1 iniciou treinos de 2026 Em tempos em que telas [&hellip;]<\/p>\n","protected":false},"author":2,"featured_media":0,"comment_status":"open","ping_status":"open","sticky":false,"template":"","format":"standard","meta":{"site-sidebar-layout":"default","site-content-layout":"","ast-site-content-layout":"default","site-content-style":"default","site-sidebar-style":"default","ast-global-header-display":"","ast-banner-title-visibility":"","ast-main-header-display":"","ast-hfb-above-header-display":"","ast-hfb-below-header-display":"","ast-hfb-mobile-header-display":"","site-post-title":"","ast-breadcrumbs-content":"","ast-featured-img":"","footer-sml-layout":"","ast-disable-related-posts":"","theme-transparent-header-meta":"","adv-header-id-meta":"","stick-header-meta":"","header-above-stick-meta":"","header-main-stick-meta":"","header-below-stick-meta":"","astra-migrate-meta-layouts":"default","ast-page-background-enabled":"default","ast-page-background-meta":{"desktop":{"background-color":"var(--ast-global-color-5)","background-image":"","background-repeat":"repeat","background-position":"center center","background-size":"auto","background-attachment":"scroll","background-type":"","background-media":"","overlay-type":"","overlay-color":"","overlay-opacity":"","overlay-gradient":""},"tablet":{"background-color":"","background-image":"","background-repeat":"repeat","background-position":"center center","background-size":"auto","background-attachment":"scroll","background-type":"","background-media":"","overlay-type":"","overlay-color":"","overlay-opacity":"","overlay-gradient":""},"mobile":{"background-color":"","background-image":"","background-repeat":"repeat","background-position":"center center","background-size":"auto","background-attachment":"scroll","background-type":"","background-media":"","overlay-type":"","overlay-color":"","overlay-opacity":"","overlay-gradient":""}},"ast-content-background-meta":{"desktop":{"background-color":"var(--ast-global-color-4)","background-image":"","background-repeat":"repeat","background-position":"center center","background-size":"auto","background-attachment":"scroll","background-type":"","background-media":"","overlay-type":"","overlay-color":"","overlay-opacity":"","overlay-gradient":""},"tablet":{"background-color":"var(--ast-global-color-4)","background-image":"","background-repeat":"repeat","background-position":"center center","background-size":"auto","background-attachment":"scroll","background-type":"","background-media":"","overlay-type":"","overlay-color":"","overlay-opacity":"","overlay-gradient":""},"mobile":{"background-color":"var(--ast-global-color-4)","background-image":"","background-repeat":"repeat","background-position":"center center","background-size":"auto","background-attachment":"scroll","background-type":"","background-media":"","overlay-type":"","overlay-color":"","overlay-opacity":"","overlay-gradient":""}},"footnotes":""},"categories":[1],"tags":[],"class_list":["post-153374","post","type-post","status-publish","format-standard","hentry","category-sem-categoria"],"yoast_head":"<!-- This site is optimized with the Yoast SEO plugin v26.6 - https:\/\/yoast.com\/wordpress\/plugins\/seo\/ -->\n<title>Muito al\u00e9m das quatro linhas: Forma\u00e7\u00e3o de futuros cidad\u00e3os na Escolinha de Futebol CTM - Daniel Matos<\/title>\n<meta name=\"robots\" content=\"index, follow, max-snippet:-1, max-image-preview:large, max-video-preview:-1\" \/>\n<link rel=\"canonical\" href=\"https:\/\/www.blogsoestado.com\/danielmatos\/muito-alem-das-quatro-linhas-formacao-de-futuros-cidadaos-na-escolinha-de-futebol-ctm\/\" \/>\n<meta property=\"og:locale\" content=\"pt_BR\" \/>\n<meta property=\"og:type\" content=\"article\" \/>\n<meta property=\"og:title\" content=\"Muito al\u00e9m das quatro linhas: Forma\u00e7\u00e3o de futuros cidad\u00e3os na Escolinha de Futebol CTM - Daniel Matos\" \/>\n<meta property=\"og:description\" content=\"Projeto social desenvolvido no Pinda\u00ed, em S\u00e3o Jos\u00e9 de Ribamar, j\u00e1 iniciou treinos de 2026 Em tempos em que telas [&hellip;]\" \/>\n<meta property=\"og:url\" content=\"https:\/\/www.blogsoestado.com\/danielmatos\/muito-alem-das-quatro-linhas-formacao-de-futuros-cidadaos-na-escolinha-de-futebol-ctm\/\" \/>\n<meta property=\"og:site_name\" content=\"Daniel Matos\" \/>\n<meta property=\"article:published_time\" content=\"2026-01-10T14:35:20+00:00\" \/>\n<meta property=\"article:modified_time\" content=\"2026-01-10T14:35:29+00:00\" \/>\n<meta property=\"og:image\" content=\"https:\/\/www.blogsoestado.com\/danielmatos\/wp-content\/uploads\/sites\/2\/2026\/01\/1004755920.jpg\" \/>\n\t<meta property=\"og:image:width\" content=\"960\" \/>\n\t<meta property=\"og:image:height\" content=\"1280\" \/>\n\t<meta property=\"og:image:type\" content=\"image\/jpeg\" \/>\n<meta name=\"author\" content=\"Daniel Matos\" \/>\n<meta name=\"twitter:card\" content=\"summary_large_image\" \/>\n<meta name=\"twitter:label1\" content=\"Escrito por\" \/>\n\t<meta name=\"twitter:data1\" content=\"Daniel Matos\" \/>\n\t<meta name=\"twitter:label2\" content=\"Est. tempo de leitura\" \/>\n\t<meta name=\"twitter:data2\" content=\"5 minutos\" \/>\n<script type=\"application\/ld+json\" class=\"yoast-schema-graph\">{\"@context\":\"https:\/\/schema.org\",\"@graph\":[{\"@type\":\"WebPage\",\"@id\":\"https:\/\/www.blogsoestado.com\/danielmatos\/muito-alem-das-quatro-linhas-formacao-de-futuros-cidadaos-na-escolinha-de-futebol-ctm\/\",\"url\":\"https:\/\/www.blogsoestado.com\/danielmatos\/muito-alem-das-quatro-linhas-formacao-de-futuros-cidadaos-na-escolinha-de-futebol-ctm\/\",\"name\":\"Muito al\u00e9m das quatro linhas: Forma\u00e7\u00e3o de futuros cidad\u00e3os na Escolinha de Futebol CTM - Daniel Matos\",\"isPartOf\":{\"@id\":\"https:\/\/www.blogsoestado.com\/danielmatos\/#website\"},\"primaryImageOfPage\":{\"@id\":\"https:\/\/www.blogsoestado.com\/danielmatos\/muito-alem-das-quatro-linhas-formacao-de-futuros-cidadaos-na-escolinha-de-futebol-ctm\/#primaryimage\"},\"image\":{\"@id\":\"https:\/\/www.blogsoestado.com\/danielmatos\/muito-alem-das-quatro-linhas-formacao-de-futuros-cidadaos-na-escolinha-de-futebol-ctm\/#primaryimage\"},\"thumbnailUrl\":\"https:\/\/www.blogsoestado.com\/danielmatos\/wp-content\/uploads\/sites\/2\/2026\/01\/1004755920-768x1024.jpg\",\"datePublished\":\"2026-01-10T14:35:20+00:00\",\"dateModified\":\"2026-01-10T14:35:29+00:00\",\"author\":{\"@id\":\"https:\/\/www.blogsoestado.com\/danielmatos\/#\/schema\/person\/9a209d407cd45631f131e1285b661bb0\"},\"breadcrumb\":{\"@id\":\"https:\/\/www.blogsoestado.com\/danielmatos\/muito-alem-das-quatro-linhas-formacao-de-futuros-cidadaos-na-escolinha-de-futebol-ctm\/#breadcrumb\"},\"inLanguage\":\"pt-BR\",\"potentialAction\":[{\"@type\":\"ReadAction\",\"target\":[\"https:\/\/www.blogsoestado.com\/danielmatos\/muito-alem-das-quatro-linhas-formacao-de-futuros-cidadaos-na-escolinha-de-futebol-ctm\/\"]}]},{\"@type\":\"ImageObject\",\"inLanguage\":\"pt-BR\",\"@id\":\"https:\/\/www.blogsoestado.com\/danielmatos\/muito-alem-das-quatro-linhas-formacao-de-futuros-cidadaos-na-escolinha-de-futebol-ctm\/#primaryimage\",\"url\":\"https:\/\/www.blogsoestado.com\/danielmatos\/wp-content\/uploads\/sites\/2\/2026\/01\/1004755920.jpg\",\"contentUrl\":\"https:\/\/www.blogsoestado.com\/danielmatos\/wp-content\/uploads\/sites\/2\/2026\/01\/1004755920.jpg\",\"width\":960,\"height\":1280},{\"@type\":\"BreadcrumbList\",\"@id\":\"https:\/\/www.blogsoestado.com\/danielmatos\/muito-alem-das-quatro-linhas-formacao-de-futuros-cidadaos-na-escolinha-de-futebol-ctm\/#breadcrumb\",\"itemListElement\":[{\"@type\":\"ListItem\",\"position\":1,\"name\":\"In\u00edcio\",\"item\":\"https:\/\/www.blogsoestado.com\/danielmatos\/\"},{\"@type\":\"ListItem\",\"position\":2,\"name\":\"Muito al\u00e9m das quatro linhas: Forma\u00e7\u00e3o de futuros cidad\u00e3os na Escolinha de Futebol CTM\"}]},{\"@type\":\"WebSite\",\"@id\":\"https:\/\/www.blogsoestado.com\/danielmatos\/#website\",\"url\":\"https:\/\/www.blogsoestado.com\/danielmatos\/\",\"name\":\"Daniel Matos\",\"description\":\"\",\"potentialAction\":[{\"@type\":\"SearchAction\",\"target\":{\"@type\":\"EntryPoint\",\"urlTemplate\":\"https:\/\/www.blogsoestado.com\/danielmatos\/?s={search_term_string}\"},\"query-input\":{\"@type\":\"PropertyValueSpecification\",\"valueRequired\":true,\"valueName\":\"search_term_string\"}}],\"inLanguage\":\"pt-BR\"},{\"@type\":\"Person\",\"@id\":\"https:\/\/www.blogsoestado.com\/danielmatos\/#\/schema\/person\/9a209d407cd45631f131e1285b661bb0\",\"name\":\"Daniel Matos\",\"image\":{\"@type\":\"ImageObject\",\"inLanguage\":\"pt-BR\",\"@id\":\"https:\/\/www.blogsoestado.com\/danielmatos\/#\/schema\/person\/image\/\",\"url\":\"https:\/\/secure.gravatar.com\/avatar\/2f26c36ee355da19a257f0dfef43952a2588b324ca35d6719e859fe338ac0392?s=96&d=mm&r=g\",\"contentUrl\":\"https:\/\/secure.gravatar.com\/avatar\/2f26c36ee355da19a257f0dfef43952a2588b324ca35d6719e859fe338ac0392?s=96&d=mm&r=g\",\"caption\":\"Daniel Matos\"},\"url\":\"https:\/\/www.blogsoestado.com\/danielmatos\/author\/danielmatos\/\"}]}<\/script>\n<!-- \/ Yoast SEO plugin. -->","yoast_head_json":{"title":"Muito al\u00e9m das quatro linhas: Forma\u00e7\u00e3o de futuros cidad\u00e3os na Escolinha de Futebol CTM - Daniel Matos","robots":{"index":"index","follow":"follow","max-snippet":"max-snippet:-1","max-image-preview":"max-image-preview:large","max-video-preview":"max-video-preview:-1"},"canonical":"https:\/\/www.blogsoestado.com\/danielmatos\/muito-alem-das-quatro-linhas-formacao-de-futuros-cidadaos-na-escolinha-de-futebol-ctm\/","og_locale":"pt_BR","og_type":"article","og_title":"Muito al\u00e9m das quatro linhas: Forma\u00e7\u00e3o de futuros cidad\u00e3os na Escolinha de Futebol CTM - Daniel Matos","og_description":"Projeto social desenvolvido no Pinda\u00ed, em S\u00e3o Jos\u00e9 de Ribamar, j\u00e1 iniciou treinos de 2026 Em tempos em que telas [&hellip;]","og_url":"https:\/\/www.blogsoestado.com\/danielmatos\/muito-alem-das-quatro-linhas-formacao-de-futuros-cidadaos-na-escolinha-de-futebol-ctm\/","og_site_name":"Daniel Matos","article_published_time":"2026-01-10T14:35:20+00:00","article_modified_time":"2026-01-10T14:35:29+00:00","og_image":[{"width":960,"height":1280,"url":"https:\/\/www.blogsoestado.com\/danielmatos\/wp-content\/uploads\/sites\/2\/2026\/01\/1004755920.jpg","type":"image\/jpeg"}],"author":"Daniel Matos","twitter_card":"summary_large_image","twitter_misc":{"Escrito por":"Daniel Matos","Est. tempo de leitura":"5 minutos"},"schema":{"@context":"https:\/\/schema.org","@graph":[{"@type":"WebPage","@id":"https:\/\/www.blogsoestado.com\/danielmatos\/muito-alem-das-quatro-linhas-formacao-de-futuros-cidadaos-na-escolinha-de-futebol-ctm\/","url":"https:\/\/www.blogsoestado.com\/danielmatos\/muito-alem-das-quatro-linhas-formacao-de-futuros-cidadaos-na-escolinha-de-futebol-ctm\/","name":"Muito al\u00e9m das quatro linhas: Forma\u00e7\u00e3o de futuros cidad\u00e3os na Escolinha de Futebol CTM - Daniel Matos","isPartOf":{"@id":"https:\/\/www.blogsoestado.com\/danielmatos\/#website"},"primaryImageOfPage":{"@id":"https:\/\/www.blogsoestado.com\/danielmatos\/muito-alem-das-quatro-linhas-formacao-de-futuros-cidadaos-na-escolinha-de-futebol-ctm\/#primaryimage"},"image":{"@id":"https:\/\/www.blogsoestado.com\/danielmatos\/muito-alem-das-quatro-linhas-formacao-de-futuros-cidadaos-na-escolinha-de-futebol-ctm\/#primaryimage"},"thumbnailUrl":"https:\/\/www.blogsoestado.com\/danielmatos\/wp-content\/uploads\/sites\/2\/2026\/01\/1004755920-768x1024.jpg","datePublished":"2026-01-10T14:35:20+00:00","dateModified":"2026-01-10T14:35:29+00:00","author":{"@id":"https:\/\/www.blogsoestado.com\/danielmatos\/#\/schema\/person\/9a209d407cd45631f131e1285b661bb0"},"breadcrumb":{"@id":"https:\/\/www.blogsoestado.com\/danielmatos\/muito-alem-das-quatro-linhas-formacao-de-futuros-cidadaos-na-escolinha-de-futebol-ctm\/#breadcrumb"},"inLanguage":"pt-BR","potentialAction":[{"@type":"ReadAction","target":["https:\/\/www.blogsoestado.com\/danielmatos\/muito-alem-das-quatro-linhas-formacao-de-futuros-cidadaos-na-escolinha-de-futebol-ctm\/"]}]},{"@type":"ImageObject","inLanguage":"pt-BR","@id":"https:\/\/www.blogsoestado.com\/danielmatos\/muito-alem-das-quatro-linhas-formacao-de-futuros-cidadaos-na-escolinha-de-futebol-ctm\/#primaryimage","url":"https:\/\/www.blogsoestado.com\/danielmatos\/wp-content\/uploads\/sites\/2\/2026\/01\/1004755920.jpg","contentUrl":"https:\/\/www.blogsoestado.com\/danielmatos\/wp-content\/uploads\/sites\/2\/2026\/01\/1004755920.jpg","width":960,"height":1280},{"@type":"BreadcrumbList","@id":"https:\/\/www.blogsoestado.com\/danielmatos\/muito-alem-das-quatro-linhas-formacao-de-futuros-cidadaos-na-escolinha-de-futebol-ctm\/#breadcrumb","itemListElement":[{"@type":"ListItem","position":1,"name":"In\u00edcio","item":"https:\/\/www.blogsoestado.com\/danielmatos\/"},{"@type":"ListItem","position":2,"name":"Muito al\u00e9m das quatro linhas: Forma\u00e7\u00e3o de futuros cidad\u00e3os na Escolinha de Futebol CTM"}]},{"@type":"WebSite","@id":"https:\/\/www.blogsoestado.com\/danielmatos\/#website","url":"https:\/\/www.blogsoestado.com\/danielmatos\/","name":"Daniel Matos","description":"","potentialAction":[{"@type":"SearchAction","target":{"@type":"EntryPoint","urlTemplate":"https:\/\/www.blogsoestado.com\/danielmatos\/?s={search_term_string}"},"query-input":{"@type":"PropertyValueSpecification","valueRequired":true,"valueName":"search_term_string"}}],"inLanguage":"pt-BR"},{"@type":"Person","@id":"https:\/\/www.blogsoestado.com\/danielmatos\/#\/schema\/person\/9a209d407cd45631f131e1285b661bb0","name":"Daniel Matos","image":{"@type":"ImageObject","inLanguage":"pt-BR","@id":"https:\/\/www.blogsoestado.com\/danielmatos\/#\/schema\/person\/image\/","url":"https:\/\/secure.gravatar.com\/avatar\/2f26c36ee355da19a257f0dfef43952a2588b324ca35d6719e859fe338ac0392?s=96&d=mm&r=g","contentUrl":"https:\/\/secure.gravatar.com\/avatar\/2f26c36ee355da19a257f0dfef43952a2588b324ca35d6719e859fe338ac0392?s=96&d=mm&r=g","caption":"Daniel Matos"},"url":"https:\/\/www.blogsoestado.com\/danielmatos\/author\/danielmatos\/"}]}},"jetpack_featured_media_url":"","_links":{"self":[{"href":"https:\/\/www.blogsoestado.com\/danielmatos\/wp-json\/wp\/v2\/posts\/153374","targetHints":{"allow":["GET"]}}],"collection":[{"href":"https:\/\/www.blogsoestado.com\/danielmatos\/wp-json\/wp\/v2\/posts"}],"about":[{"href":"https:\/\/www.blogsoestado.com\/danielmatos\/wp-json\/wp\/v2\/types\/post"}],"author":[{"embeddable":true,"href":"https:\/\/www.blogsoestado.com\/danielmatos\/wp-json\/wp\/v2\/users\/2"}],"replies":[{"embeddable":true,"href":"https:\/\/www.blogsoestado.com\/danielmatos\/wp-json\/wp\/v2\/comments?post=153374"}],"version-history":[{"count":1,"href":"https:\/\/www.blogsoestado.com\/danielmatos\/wp-json\/wp\/v2\/posts\/153374\/revisions"}],"predecessor-version":[{"id":153377,"href":"https:\/\/www.blogsoestado.com\/danielmatos\/wp-json\/wp\/v2\/posts\/153374\/revisions\/153377"}],"wp:attachment":[{"href":"https:\/\/www.blogsoestado.com\/danielmatos\/wp-json\/wp\/v2\/media?parent=153374"}],"wp:term":[{"taxonomy":"category","embeddable":true,"href":"https:\/\/www.blogsoestado.com\/danielmatos\/wp-json\/wp\/v2\/categories?post=153374"},{"taxonomy":"post_tag","embeddable":true,"href":"https:\/\/www.blogsoestado.com\/danielmatos\/wp-json\/wp\/v2\/tags?post=153374"}],"curies":[{"name":"wp","href":"https:\/\/api.w.org\/{rel}","templated":true}]}}