{"id":153456,"date":"2026-01-13T10:22:46","date_gmt":"2026-01-13T13:22:46","guid":{"rendered":"https:\/\/www.blogsoestado.com\/danielmatos\/?p=153456"},"modified":"2026-01-13T10:22:59","modified_gmt":"2026-01-13T13:22:59","slug":"grupo-ceuma-parabeniza-seu-idealizador-e-fundador-mauro-fecury-por-mais-um-ano-de-vida","status":"publish","type":"post","link":"https:\/\/www.blogsoestado.com\/danielmatos\/grupo-ceuma-parabeniza-seu-idealizador-e-fundador-mauro-fecury-por-mais-um-ano-de-vida\/","title":{"rendered":"Grupo Ceuma parabeniza seu idealizador e fundador, Mauro Fecury, por mais um ano de vida"},"content":{"rendered":"\n<figure class=\"wp-block-image aligncenter size-large\"><img fetchpriority=\"high\" decoding=\"async\" width=\"770\" height=\"1024\" src=\"https:\/\/www.blogsoestado.com\/danielmatos\/wp-content\/uploads\/sites\/2\/2026\/01\/1004776361-1-770x1024.png\" alt=\"\" class=\"wp-image-153458\" srcset=\"https:\/\/www.blogsoestado.com\/danielmatos\/wp-content\/uploads\/sites\/2\/2026\/01\/1004776361-1-770x1024.png 770w, https:\/\/www.blogsoestado.com\/danielmatos\/wp-content\/uploads\/sites\/2\/2026\/01\/1004776361-1-226x300.png 226w, https:\/\/www.blogsoestado.com\/danielmatos\/wp-content\/uploads\/sites\/2\/2026\/01\/1004776361-1-768x1021.png 768w, https:\/\/www.blogsoestado.com\/danielmatos\/wp-content\/uploads\/sites\/2\/2026\/01\/1004776361-1.png 1080w\" sizes=\"(max-width: 770px) 100vw, 770px\" \/><\/figure>\n\n\n\n<p>O Grupo Educacional Ceuma transmitiu mensagem de felicita\u00e7\u00f5es ao seu idealizador e fundador, Mauro Fecury, que comemora mais um ano de vida nesta ter\u00e7a-feira, 13 de janeiro, cercado pelo amor e pelo carinho de familiares, amigos e admiradores. Em meio \u00e0 sua trajet\u00f3ria marcante na pol\u00edtica, como prefeito de S\u00e3o Lu\u00eds (por duas vezes), deputado estadual, deputado federal e senador da Rep\u00fablica, ele empregou todo o seu talento empreendedor e dom vision\u00e1rio para criar aquele que se tornaria o maior conglomerado de educa\u00e7\u00e3o privada do Maranh\u00e3o e um dos maiores do Norte\/Nordeste.<\/p>\n\n\n\n<p>Com conhecimento, habilidade e not\u00e1vel for\u00e7a de trabalho, Mauro Fecury vem dando valorosa contribui\u00e7\u00e3o para o desenvolvimento do Maranh\u00e3o por meio do ensino superior de qualidade e da forma\u00e7\u00e3o de profissionais de alto n\u00edvel para atuar no mercado.<\/p>\n\n\n\n<p>Sem d\u00favida, uma biografia inspiradora, digna do melhor registro e reconhecimento, e um legado que j\u00e1 entrou para a hist\u00f3ria.<\/p>\n\n\n\n<p>Abaixo, a mensagem de parab\u00e9ns a Mauro Fecury do Grupo Educacional Ceuma:<\/p>\n\n\n\n<p><em>Hoje, 13 de janeiro, celebramos uma data muito especial para o Grupo Educacional Ceuma e para todos n\u00f3s que fazemos parte dessa trajet\u00f3ria: o anivers\u00e1rio do nosso idealizador e fundador, o Engenheiro Dr. Mauro de Alencar Fecury.<\/em><\/p>\n\n\n\n<p><em>Mais do que um l\u00edder vision\u00e1rio, Dr. Mauro \u00e9 algu\u00e9m que acredita profundamente no poder da educa\u00e7\u00e3o para transformar vidas. Ao longo de 35 anos, sua dedica\u00e7\u00e3o, coragem e vis\u00e3o ajudaram a construir uma hist\u00f3ria que impacta diariamente milhares de pessoas no Maranh\u00e3o e no Brasil.<\/em><\/p>\n\n\n\n<p><em>Seu legado vai muito al\u00e9m de n\u00fameros ou estruturas: ele est\u00e1 presente nas oportunidades criadas, nos sonhos que se tornaram poss\u00edveis e nas hist\u00f3rias de quem teve a vida transformada por meio do ensino. \u00c9 um orgulho fazer parte de um projeto guiado por valores t\u00e3o s\u00f3lidos e por uma vis\u00e3o t\u00e3o humana.<\/em><\/p>\n\n\n\n<p><em>Neste dia especial, expressamos nossa gratid\u00e3o e admira\u00e7\u00e3o. Desejamos ao Dr. Mauro Fecury sa\u00fade, felicidades e muitos anos de realiza\u00e7\u00f5es. Que sua hist\u00f3ria continue inspirando gera\u00e7\u00f5es e fortalecendo, todos os dias, o poder transformador da educa\u00e7\u00e3o.<\/em><\/p>\n","protected":false},"excerpt":{"rendered":"<p>O Grupo Educacional Ceuma transmitiu mensagem de felicita\u00e7\u00f5es ao seu idealizador e fundador, Mauro Fecury, que comemora mais um ano [&hellip;]<\/p>\n","protected":false},"author":2,"featured_media":0,"comment_status":"open","ping_status":"open","sticky":false,"template":"","format":"standard","meta":{"site-sidebar-layout":"default","site-content-layout":"","ast-site-content-layout":"default","site-content-style":"default","site-sidebar-style":"default","ast-global-header-display":"","ast-banner-title-visibility":"","ast-main-header-display":"","ast-hfb-above-header-display":"","ast-hfb-below-header-display":"","ast-hfb-mobile-header-display":"","site-post-title":"","ast-breadcrumbs-content":"","ast-featured-img":"","footer-sml-layout":"","ast-disable-related-posts":"","theme-transparent-header-meta":"","adv-header-id-meta":"","stick-header-meta":"","header-above-stick-meta":"","header-main-stick-meta":"","header-below-stick-meta":"","astra-migrate-meta-layouts":"default","ast-page-background-enabled":"default","ast-page-background-meta":{"desktop":{"background-color":"var(--ast-global-color-5)","background-image":"","background-repeat":"repeat","background-position":"center center","background-size":"auto","background-attachment":"scroll","background-type":"","background-media":"","overlay-type":"","overlay-color":"","overlay-opacity":"","overlay-gradient":""},"tablet":{"background-color":"","background-image":"","background-repeat":"repeat","background-position":"center center","background-size":"auto","background-attachment":"scroll","background-type":"","background-media":"","overlay-type":"","overlay-color":"","overlay-opacity":"","overlay-gradient":""},"mobile":{"background-color":"","background-image":"","background-repeat":"repeat","background-position":"center center","background-size":"auto","background-attachment":"scroll","background-type":"","background-media":"","overlay-type":"","overlay-color":"","overlay-opacity":"","overlay-gradient":""}},"ast-content-background-meta":{"desktop":{"background-color":"var(--ast-global-color-4)","background-image":"","background-repeat":"repeat","background-position":"center center","background-size":"auto","background-attachment":"scroll","background-type":"","background-media":"","overlay-type":"","overlay-color":"","overlay-opacity":"","overlay-gradient":""},"tablet":{"background-color":"var(--ast-global-color-4)","background-image":"","background-repeat":"repeat","background-position":"center center","background-size":"auto","background-attachment":"scroll","background-type":"","background-media":"","overlay-type":"","overlay-color":"","overlay-opacity":"","overlay-gradient":""},"mobile":{"background-color":"var(--ast-global-color-4)","background-image":"","background-repeat":"repeat","background-position":"center center","background-size":"auto","background-attachment":"scroll","background-type":"","background-media":"","overlay-type":"","overlay-color":"","overlay-opacity":"","overlay-gradient":""}},"footnotes":""},"categories":[1],"tags":[],"class_list":["post-153456","post","type-post","status-publish","format-standard","hentry","category-sem-categoria"],"yoast_head":"<!-- This site is optimized with the Yoast SEO plugin v26.6 - https:\/\/yoast.com\/wordpress\/plugins\/seo\/ -->\n<title>Grupo Ceuma parabeniza seu idealizador e fundador, Mauro Fecury, por mais um ano de vida - Daniel Matos<\/title>\n<meta name=\"robots\" content=\"index, follow, max-snippet:-1, max-image-preview:large, max-video-preview:-1\" \/>\n<link rel=\"canonical\" href=\"https:\/\/www.blogsoestado.com\/danielmatos\/grupo-ceuma-parabeniza-seu-idealizador-e-fundador-mauro-fecury-por-mais-um-ano-de-vida\/\" \/>\n<meta property=\"og:locale\" content=\"pt_BR\" \/>\n<meta property=\"og:type\" content=\"article\" \/>\n<meta property=\"og:title\" content=\"Grupo Ceuma parabeniza seu idealizador e fundador, Mauro Fecury, por mais um ano de vida - Daniel Matos\" \/>\n<meta property=\"og:description\" content=\"O Grupo Educacional Ceuma transmitiu mensagem de felicita\u00e7\u00f5es ao seu idealizador e fundador, Mauro Fecury, que comemora mais um ano [&hellip;]\" \/>\n<meta property=\"og:url\" content=\"https:\/\/www.blogsoestado.com\/danielmatos\/grupo-ceuma-parabeniza-seu-idealizador-e-fundador-mauro-fecury-por-mais-um-ano-de-vida\/\" \/>\n<meta property=\"og:site_name\" content=\"Daniel Matos\" \/>\n<meta property=\"article:published_time\" content=\"2026-01-13T13:22:46+00:00\" \/>\n<meta property=\"article:modified_time\" content=\"2026-01-13T13:22:59+00:00\" \/>\n<meta property=\"og:image\" content=\"https:\/\/www.blogsoestado.com\/danielmatos\/wp-content\/uploads\/sites\/2\/2026\/01\/1004776361-1-770x1024.png\" \/>\n\t<meta property=\"og:image:width\" content=\"770\" \/>\n\t<meta property=\"og:image:height\" content=\"1024\" \/>\n\t<meta property=\"og:image:type\" content=\"image\/png\" \/>\n<meta name=\"author\" content=\"Daniel Matos\" \/>\n<meta name=\"twitter:card\" content=\"summary_large_image\" \/>\n<meta name=\"twitter:label1\" content=\"Escrito por\" \/>\n\t<meta name=\"twitter:data1\" content=\"Daniel Matos\" \/>\n\t<meta name=\"twitter:label2\" content=\"Est. tempo de leitura\" \/>\n\t<meta name=\"twitter:data2\" content=\"3 minutos\" \/>\n<script type=\"application\/ld+json\" class=\"yoast-schema-graph\">{\"@context\":\"https:\/\/schema.org\",\"@graph\":[{\"@type\":\"WebPage\",\"@id\":\"https:\/\/www.blogsoestado.com\/danielmatos\/grupo-ceuma-parabeniza-seu-idealizador-e-fundador-mauro-fecury-por-mais-um-ano-de-vida\/\",\"url\":\"https:\/\/www.blogsoestado.com\/danielmatos\/grupo-ceuma-parabeniza-seu-idealizador-e-fundador-mauro-fecury-por-mais-um-ano-de-vida\/\",\"name\":\"Grupo Ceuma parabeniza seu idealizador e fundador, Mauro Fecury, por mais um ano de vida - Daniel Matos\",\"isPartOf\":{\"@id\":\"https:\/\/www.blogsoestado.com\/danielmatos\/#website\"},\"primaryImageOfPage\":{\"@id\":\"https:\/\/www.blogsoestado.com\/danielmatos\/grupo-ceuma-parabeniza-seu-idealizador-e-fundador-mauro-fecury-por-mais-um-ano-de-vida\/#primaryimage\"},\"image\":{\"@id\":\"https:\/\/www.blogsoestado.com\/danielmatos\/grupo-ceuma-parabeniza-seu-idealizador-e-fundador-mauro-fecury-por-mais-um-ano-de-vida\/#primaryimage\"},\"thumbnailUrl\":\"https:\/\/www.blogsoestado.com\/danielmatos\/wp-content\/uploads\/sites\/2\/2026\/01\/1004776361-1-770x1024.png\",\"datePublished\":\"2026-01-13T13:22:46+00:00\",\"dateModified\":\"2026-01-13T13:22:59+00:00\",\"author\":{\"@id\":\"https:\/\/www.blogsoestado.com\/danielmatos\/#\/schema\/person\/9a209d407cd45631f131e1285b661bb0\"},\"breadcrumb\":{\"@id\":\"https:\/\/www.blogsoestado.com\/danielmatos\/grupo-ceuma-parabeniza-seu-idealizador-e-fundador-mauro-fecury-por-mais-um-ano-de-vida\/#breadcrumb\"},\"inLanguage\":\"pt-BR\",\"potentialAction\":[{\"@type\":\"ReadAction\",\"target\":[\"https:\/\/www.blogsoestado.com\/danielmatos\/grupo-ceuma-parabeniza-seu-idealizador-e-fundador-mauro-fecury-por-mais-um-ano-de-vida\/\"]}]},{\"@type\":\"ImageObject\",\"inLanguage\":\"pt-BR\",\"@id\":\"https:\/\/www.blogsoestado.com\/danielmatos\/grupo-ceuma-parabeniza-seu-idealizador-e-fundador-mauro-fecury-por-mais-um-ano-de-vida\/#primaryimage\",\"url\":\"https:\/\/www.blogsoestado.com\/danielmatos\/wp-content\/uploads\/sites\/2\/2026\/01\/1004776361-1.png\",\"contentUrl\":\"https:\/\/www.blogsoestado.com\/danielmatos\/wp-content\/uploads\/sites\/2\/2026\/01\/1004776361-1.png\",\"width\":1080,\"height\":1436},{\"@type\":\"BreadcrumbList\",\"@id\":\"https:\/\/www.blogsoestado.com\/danielmatos\/grupo-ceuma-parabeniza-seu-idealizador-e-fundador-mauro-fecury-por-mais-um-ano-de-vida\/#breadcrumb\",\"itemListElement\":[{\"@type\":\"ListItem\",\"position\":1,\"name\":\"In\u00edcio\",\"item\":\"https:\/\/www.blogsoestado.com\/danielmatos\/\"},{\"@type\":\"ListItem\",\"position\":2,\"name\":\"Grupo Ceuma parabeniza seu idealizador e fundador, Mauro Fecury, por mais um ano de vida\"}]},{\"@type\":\"WebSite\",\"@id\":\"https:\/\/www.blogsoestado.com\/danielmatos\/#website\",\"url\":\"https:\/\/www.blogsoestado.com\/danielmatos\/\",\"name\":\"Daniel Matos\",\"description\":\"\",\"potentialAction\":[{\"@type\":\"SearchAction\",\"target\":{\"@type\":\"EntryPoint\",\"urlTemplate\":\"https:\/\/www.blogsoestado.com\/danielmatos\/?s={search_term_string}\"},\"query-input\":{\"@type\":\"PropertyValueSpecification\",\"valueRequired\":true,\"valueName\":\"search_term_string\"}}],\"inLanguage\":\"pt-BR\"},{\"@type\":\"Person\",\"@id\":\"https:\/\/www.blogsoestado.com\/danielmatos\/#\/schema\/person\/9a209d407cd45631f131e1285b661bb0\",\"name\":\"Daniel Matos\",\"image\":{\"@type\":\"ImageObject\",\"inLanguage\":\"pt-BR\",\"@id\":\"https:\/\/www.blogsoestado.com\/danielmatos\/#\/schema\/person\/image\/\",\"url\":\"https:\/\/secure.gravatar.com\/avatar\/2f26c36ee355da19a257f0dfef43952a2588b324ca35d6719e859fe338ac0392?s=96&d=mm&r=g\",\"contentUrl\":\"https:\/\/secure.gravatar.com\/avatar\/2f26c36ee355da19a257f0dfef43952a2588b324ca35d6719e859fe338ac0392?s=96&d=mm&r=g\",\"caption\":\"Daniel Matos\"},\"url\":\"https:\/\/www.blogsoestado.com\/danielmatos\/author\/danielmatos\/\"}]}<\/script>\n<!-- \/ Yoast SEO plugin. -->","yoast_head_json":{"title":"Grupo Ceuma parabeniza seu idealizador e fundador, Mauro Fecury, por mais um ano de vida - Daniel Matos","robots":{"index":"index","follow":"follow","max-snippet":"max-snippet:-1","max-image-preview":"max-image-preview:large","max-video-preview":"max-video-preview:-1"},"canonical":"https:\/\/www.blogsoestado.com\/danielmatos\/grupo-ceuma-parabeniza-seu-idealizador-e-fundador-mauro-fecury-por-mais-um-ano-de-vida\/","og_locale":"pt_BR","og_type":"article","og_title":"Grupo Ceuma parabeniza seu idealizador e fundador, Mauro Fecury, por mais um ano de vida - Daniel Matos","og_description":"O Grupo Educacional Ceuma transmitiu mensagem de felicita\u00e7\u00f5es ao seu idealizador e fundador, Mauro Fecury, que comemora mais um ano [&hellip;]","og_url":"https:\/\/www.blogsoestado.com\/danielmatos\/grupo-ceuma-parabeniza-seu-idealizador-e-fundador-mauro-fecury-por-mais-um-ano-de-vida\/","og_site_name":"Daniel Matos","article_published_time":"2026-01-13T13:22:46+00:00","article_modified_time":"2026-01-13T13:22:59+00:00","og_image":[{"width":770,"height":1024,"url":"https:\/\/www.blogsoestado.com\/danielmatos\/wp-content\/uploads\/sites\/2\/2026\/01\/1004776361-1-770x1024.png","type":"image\/png"}],"author":"Daniel Matos","twitter_card":"summary_large_image","twitter_misc":{"Escrito por":"Daniel Matos","Est. tempo de leitura":"3 minutos"},"schema":{"@context":"https:\/\/schema.org","@graph":[{"@type":"WebPage","@id":"https:\/\/www.blogsoestado.com\/danielmatos\/grupo-ceuma-parabeniza-seu-idealizador-e-fundador-mauro-fecury-por-mais-um-ano-de-vida\/","url":"https:\/\/www.blogsoestado.com\/danielmatos\/grupo-ceuma-parabeniza-seu-idealizador-e-fundador-mauro-fecury-por-mais-um-ano-de-vida\/","name":"Grupo Ceuma parabeniza seu idealizador e fundador, Mauro Fecury, por mais um ano de vida - Daniel Matos","isPartOf":{"@id":"https:\/\/www.blogsoestado.com\/danielmatos\/#website"},"primaryImageOfPage":{"@id":"https:\/\/www.blogsoestado.com\/danielmatos\/grupo-ceuma-parabeniza-seu-idealizador-e-fundador-mauro-fecury-por-mais-um-ano-de-vida\/#primaryimage"},"image":{"@id":"https:\/\/www.blogsoestado.com\/danielmatos\/grupo-ceuma-parabeniza-seu-idealizador-e-fundador-mauro-fecury-por-mais-um-ano-de-vida\/#primaryimage"},"thumbnailUrl":"https:\/\/www.blogsoestado.com\/danielmatos\/wp-content\/uploads\/sites\/2\/2026\/01\/1004776361-1-770x1024.png","datePublished":"2026-01-13T13:22:46+00:00","dateModified":"2026-01-13T13:22:59+00:00","author":{"@id":"https:\/\/www.blogsoestado.com\/danielmatos\/#\/schema\/person\/9a209d407cd45631f131e1285b661bb0"},"breadcrumb":{"@id":"https:\/\/www.blogsoestado.com\/danielmatos\/grupo-ceuma-parabeniza-seu-idealizador-e-fundador-mauro-fecury-por-mais-um-ano-de-vida\/#breadcrumb"},"inLanguage":"pt-BR","potentialAction":[{"@type":"ReadAction","target":["https:\/\/www.blogsoestado.com\/danielmatos\/grupo-ceuma-parabeniza-seu-idealizador-e-fundador-mauro-fecury-por-mais-um-ano-de-vida\/"]}]},{"@type":"ImageObject","inLanguage":"pt-BR","@id":"https:\/\/www.blogsoestado.com\/danielmatos\/grupo-ceuma-parabeniza-seu-idealizador-e-fundador-mauro-fecury-por-mais-um-ano-de-vida\/#primaryimage","url":"https:\/\/www.blogsoestado.com\/danielmatos\/wp-content\/uploads\/sites\/2\/2026\/01\/1004776361-1.png","contentUrl":"https:\/\/www.blogsoestado.com\/danielmatos\/wp-content\/uploads\/sites\/2\/2026\/01\/1004776361-1.png","width":1080,"height":1436},{"@type":"BreadcrumbList","@id":"https:\/\/www.blogsoestado.com\/danielmatos\/grupo-ceuma-parabeniza-seu-idealizador-e-fundador-mauro-fecury-por-mais-um-ano-de-vida\/#breadcrumb","itemListElement":[{"@type":"ListItem","position":1,"name":"In\u00edcio","item":"https:\/\/www.blogsoestado.com\/danielmatos\/"},{"@type":"ListItem","position":2,"name":"Grupo Ceuma parabeniza seu idealizador e fundador, Mauro Fecury, por mais um ano de vida"}]},{"@type":"WebSite","@id":"https:\/\/www.blogsoestado.com\/danielmatos\/#website","url":"https:\/\/www.blogsoestado.com\/danielmatos\/","name":"Daniel Matos","description":"","potentialAction":[{"@type":"SearchAction","target":{"@type":"EntryPoint","urlTemplate":"https:\/\/www.blogsoestado.com\/danielmatos\/?s={search_term_string}"},"query-input":{"@type":"PropertyValueSpecification","valueRequired":true,"valueName":"search_term_string"}}],"inLanguage":"pt-BR"},{"@type":"Person","@id":"https:\/\/www.blogsoestado.com\/danielmatos\/#\/schema\/person\/9a209d407cd45631f131e1285b661bb0","name":"Daniel Matos","image":{"@type":"ImageObject","inLanguage":"pt-BR","@id":"https:\/\/www.blogsoestado.com\/danielmatos\/#\/schema\/person\/image\/","url":"https:\/\/secure.gravatar.com\/avatar\/2f26c36ee355da19a257f0dfef43952a2588b324ca35d6719e859fe338ac0392?s=96&d=mm&r=g","contentUrl":"https:\/\/secure.gravatar.com\/avatar\/2f26c36ee355da19a257f0dfef43952a2588b324ca35d6719e859fe338ac0392?s=96&d=mm&r=g","caption":"Daniel Matos"},"url":"https:\/\/www.blogsoestado.com\/danielmatos\/author\/danielmatos\/"}]}},"jetpack_featured_media_url":"","_links":{"self":[{"href":"https:\/\/www.blogsoestado.com\/danielmatos\/wp-json\/wp\/v2\/posts\/153456","targetHints":{"allow":["GET"]}}],"collection":[{"href":"https:\/\/www.blogsoestado.com\/danielmatos\/wp-json\/wp\/v2\/posts"}],"about":[{"href":"https:\/\/www.blogsoestado.com\/danielmatos\/wp-json\/wp\/v2\/types\/post"}],"author":[{"embeddable":true,"href":"https:\/\/www.blogsoestado.com\/danielmatos\/wp-json\/wp\/v2\/users\/2"}],"replies":[{"embeddable":true,"href":"https:\/\/www.blogsoestado.com\/danielmatos\/wp-json\/wp\/v2\/comments?post=153456"}],"version-history":[{"count":1,"href":"https:\/\/www.blogsoestado.com\/danielmatos\/wp-json\/wp\/v2\/posts\/153456\/revisions"}],"predecessor-version":[{"id":153459,"href":"https:\/\/www.blogsoestado.com\/danielmatos\/wp-json\/wp\/v2\/posts\/153456\/revisions\/153459"}],"wp:attachment":[{"href":"https:\/\/www.blogsoestado.com\/danielmatos\/wp-json\/wp\/v2\/media?parent=153456"}],"wp:term":[{"taxonomy":"category","embeddable":true,"href":"https:\/\/www.blogsoestado.com\/danielmatos\/wp-json\/wp\/v2\/categories?post=153456"},{"taxonomy":"post_tag","embeddable":true,"href":"https:\/\/www.blogsoestado.com\/danielmatos\/wp-json\/wp\/v2\/tags?post=153456"}],"curies":[{"name":"wp","href":"https:\/\/api.w.org\/{rel}","templated":true}]}}