{"id":153672,"date":"2026-01-18T12:11:42","date_gmt":"2026-01-18T15:11:42","guid":{"rendered":"https:\/\/www.blogsoestado.com\/danielmatos\/?p=153672"},"modified":"2026-01-18T12:11:56","modified_gmt":"2026-01-18T15:11:56","slug":"operadora-maxx-patrocina-camarote-no-carnaval-da-av-litoranea-com-acoes-de-ativacao-de-marca-e-brindes","status":"publish","type":"post","link":"https:\/\/www.blogsoestado.com\/danielmatos\/operadora-maxx-patrocina-camarote-no-carnaval-da-av-litoranea-com-acoes-de-ativacao-de-marca-e-brindes\/","title":{"rendered":"Operadora Maxx patrocina camarote no Carnaval da Av. Litor\u00e2nea com a\u00e7\u00f5es de ativa\u00e7\u00e3o de marca e brindes"},"content":{"rendered":"\n<figure class=\"wp-block-image aligncenter size-large\"><img fetchpriority=\"high\" decoding=\"async\" width=\"576\" height=\"1024\" src=\"https:\/\/www.blogsoestado.com\/danielmatos\/wp-content\/uploads\/sites\/2\/2026\/01\/1004816093-576x1024.jpg\" alt=\"\" class=\"wp-image-153673\" srcset=\"https:\/\/www.blogsoestado.com\/danielmatos\/wp-content\/uploads\/sites\/2\/2026\/01\/1004816093-576x1024.jpg 576w, https:\/\/www.blogsoestado.com\/danielmatos\/wp-content\/uploads\/sites\/2\/2026\/01\/1004816093-169x300.jpg 169w, https:\/\/www.blogsoestado.com\/danielmatos\/wp-content\/uploads\/sites\/2\/2026\/01\/1004816093.jpg 720w\" sizes=\"(max-width: 576px) 100vw, 576px\" \/><figcaption class=\"wp-element-caption\">Os promotores da operadora Maxx aguardam os convidados do Camarote Orla com muitos brindes e a\u00e7\u00f5es no stand da Maxx no per\u00edodo da folia na Av. Litor\u00e2nea<\/figcaption><\/figure>\n\n\n\n<p>Depois do sucesso da a\u00e7\u00e3o de ativa\u00e7\u00e3o de marca realizada no R\u00e9veillon, a empresa volta \u00e0 Avenida Litor\u00e2nea, no Circuito Vem pro Mar; nessa temporada de pr\u00e9-carnaval e carnaval, dentro do Camarote Premium Orla \u2014 espa\u00e7o do qual \u00e9 uma das patrocinadoras.<\/p>\n\n\n\n<p>Instalado dentro desse super camarote, o estande da Maxx convida os foli\u00f5es a participar de um desafio simples e l\u00fadico: testar a pontaria em tr\u00eas arremessos de basquete. Quem consegue acertar duas das tr\u00eas tentativas \u00e9 premiado com um copo t\u00e9rmico personalizado da operadora.<\/p>\n\n\n\n<figure class=\"wp-block-image aligncenter size-large\"><img decoding=\"async\" width=\"768\" height=\"1024\" src=\"https:\/\/www.blogsoestado.com\/danielmatos\/wp-content\/uploads\/sites\/2\/2026\/01\/1004816094-768x1024.jpg\" alt=\"\" class=\"wp-image-153674\" srcset=\"https:\/\/www.blogsoestado.com\/danielmatos\/wp-content\/uploads\/sites\/2\/2026\/01\/1004816094-768x1024.jpg 768w, https:\/\/www.blogsoestado.com\/danielmatos\/wp-content\/uploads\/sites\/2\/2026\/01\/1004816094-225x300.jpg 225w, https:\/\/www.blogsoestado.com\/danielmatos\/wp-content\/uploads\/sites\/2\/2026\/01\/1004816094-1152x1536.jpg 1152w, https:\/\/www.blogsoestado.com\/danielmatos\/wp-content\/uploads\/sites\/2\/2026\/01\/1004816094.jpg 1200w\" sizes=\"(max-width: 768px) 100vw, 768px\" \/><figcaption class=\"wp-element-caption\">Para ganhar o copo t\u00e9rmica da Maxx basta participar do desfaio do basquete e acertar no m\u00ednimo duas das tr\u00eas tentativas de arremesso<\/figcaption><\/figure>\n\n\n\n<p>A din\u00e2mica fez sucesso junto ao p\u00fablico no Rev\u00e9illon, e tem tudo para repetir o sucesso de engajamento, na temprada de folia que come\u00e7a nesse domingo (18.01).<\/p>\n\n\n\n<p>Mais do que distribuir brindes, a a\u00e7\u00e3o carrega uma mensagem alinhada a pautas contempor\u00e2neas. Ao oferecer copos t\u00e9rmicos reutiliz\u00e1veis, a Maxx refor\u00e7a um discurso de apoio \u00e0 sustentabilidade, incentivando a redu\u00e7\u00e3o do uso de copos pl\u00e1sticos e descart\u00e1veis durante os eventos de grande concentra\u00e7\u00e3o popular.<\/p>\n\n\n\n<figure class=\"wp-block-image aligncenter size-large\"><img decoding=\"async\" width=\"768\" height=\"1024\" src=\"https:\/\/www.blogsoestado.com\/danielmatos\/wp-content\/uploads\/sites\/2\/2026\/01\/1004816096-768x1024.jpg\" alt=\"\" class=\"wp-image-153675\" srcset=\"https:\/\/www.blogsoestado.com\/danielmatos\/wp-content\/uploads\/sites\/2\/2026\/01\/1004816096-768x1024.jpg 768w, https:\/\/www.blogsoestado.com\/danielmatos\/wp-content\/uploads\/sites\/2\/2026\/01\/1004816096-225x300.jpg 225w, https:\/\/www.blogsoestado.com\/danielmatos\/wp-content\/uploads\/sites\/2\/2026\/01\/1004816096-1152x1536.jpg 1152w, https:\/\/www.blogsoestado.com\/danielmatos\/wp-content\/uploads\/sites\/2\/2026\/01\/1004816096.jpg 1200w\" sizes=\"(max-width: 768px) 100vw, 768px\" \/><figcaption class=\"wp-element-caption\">O p\u00fablico do Camarote Orla j\u00e1 tem o stand da Maxx como parada obrigat\u00f3ria nos dias de folia<\/figcaption><\/figure>\n\n\n\n<p>Em um per\u00edodo marcado pelo aumento expressivo da gera\u00e7\u00e3o de res\u00edduos como o carbaval, a iniciativa dialoga com a preocupa\u00e7\u00e3o ambiental que come\u00e7a a ganhar espa\u00e7o tamb\u00e9m no universo do entretenimento e do marketing de experi\u00eancia.<\/p>\n\n\n\n<p>A presen\u00e7a da operadora no Camarote Orla integra ainda uma estrat\u00e9gia mais ampla de visibilidade de marca, que busca associar a Maxx a momentos de lazer, conviv\u00eancia e celebra\u00e7\u00e3o coletiva, nos quais tem tudo a ver a miss\u00e3o da empresa, que \u00e9 garantir tecnologia de ponta para que as pessoas se mantenham conectadas.<\/p>\n\n\n\n<figure class=\"wp-block-image aligncenter size-large\"><img loading=\"lazy\" decoding=\"async\" width=\"768\" height=\"1024\" src=\"https:\/\/www.blogsoestado.com\/danielmatos\/wp-content\/uploads\/sites\/2\/2026\/01\/1004816098-768x1024.jpg\" alt=\"\" class=\"wp-image-153676\" srcset=\"https:\/\/www.blogsoestado.com\/danielmatos\/wp-content\/uploads\/sites\/2\/2026\/01\/1004816098-768x1024.jpg 768w, https:\/\/www.blogsoestado.com\/danielmatos\/wp-content\/uploads\/sites\/2\/2026\/01\/1004816098-225x300.jpg 225w, https:\/\/www.blogsoestado.com\/danielmatos\/wp-content\/uploads\/sites\/2\/2026\/01\/1004816098-1152x1536.jpg 1152w, https:\/\/www.blogsoestado.com\/danielmatos\/wp-content\/uploads\/sites\/2\/2026\/01\/1004816098.jpg 1200w\" sizes=\"(max-width: 768px) 100vw, 768px\" \/><figcaption class=\"wp-element-caption\">Al\u00e9m de promover conex\u00f5es, a Maxx acertou no brinde. Ao oferecer copos t\u00e9rmicos reutiliz\u00e1veis, a empresa apoia a sustentabilidade e ajuda na redu\u00e7\u00e3o do uso de copos pl\u00e1sticos na folia<\/figcaption><\/figure>\n\n\n\n<p>Para quem vai trabalhar ou se divertir na folia, e quiser compartilhar seus melhores momentos com qualidade e velocidade m\u00e1ximas, a dica \u00e9 apostar no novo pacote premium de internet 100% Fibra \u201c1000 Mega Maxx\u201d.<\/p>\n","protected":false},"excerpt":{"rendered":"<p>Depois do sucesso da a\u00e7\u00e3o de ativa\u00e7\u00e3o de marca realizada no R\u00e9veillon, a empresa volta \u00e0 Avenida Litor\u00e2nea, no Circuito [&hellip;]<\/p>\n","protected":false},"author":2,"featured_media":0,"comment_status":"open","ping_status":"open","sticky":false,"template":"","format":"standard","meta":{"site-sidebar-layout":"default","site-content-layout":"","ast-site-content-layout":"default","site-content-style":"default","site-sidebar-style":"default","ast-global-header-display":"","ast-banner-title-visibility":"","ast-main-header-display":"","ast-hfb-above-header-display":"","ast-hfb-below-header-display":"","ast-hfb-mobile-header-display":"","site-post-title":"","ast-breadcrumbs-content":"","ast-featured-img":"","footer-sml-layout":"","ast-disable-related-posts":"","theme-transparent-header-meta":"","adv-header-id-meta":"","stick-header-meta":"","header-above-stick-meta":"","header-main-stick-meta":"","header-below-stick-meta":"","astra-migrate-meta-layouts":"default","ast-page-background-enabled":"default","ast-page-background-meta":{"desktop":{"background-color":"var(--ast-global-color-5)","background-image":"","background-repeat":"repeat","background-position":"center center","background-size":"auto","background-attachment":"scroll","background-type":"","background-media":"","overlay-type":"","overlay-color":"","overlay-opacity":"","overlay-gradient":""},"tablet":{"background-color":"","background-image":"","background-repeat":"repeat","background-position":"center center","background-size":"auto","background-attachment":"scroll","background-type":"","background-media":"","overlay-type":"","overlay-color":"","overlay-opacity":"","overlay-gradient":""},"mobile":{"background-color":"","background-image":"","background-repeat":"repeat","background-position":"center center","background-size":"auto","background-attachment":"scroll","background-type":"","background-media":"","overlay-type":"","overlay-color":"","overlay-opacity":"","overlay-gradient":""}},"ast-content-background-meta":{"desktop":{"background-color":"var(--ast-global-color-4)","background-image":"","background-repeat":"repeat","background-position":"center center","background-size":"auto","background-attachment":"scroll","background-type":"","background-media":"","overlay-type":"","overlay-color":"","overlay-opacity":"","overlay-gradient":""},"tablet":{"background-color":"var(--ast-global-color-4)","background-image":"","background-repeat":"repeat","background-position":"center center","background-size":"auto","background-attachment":"scroll","background-type":"","background-media":"","overlay-type":"","overlay-color":"","overlay-opacity":"","overlay-gradient":""},"mobile":{"background-color":"var(--ast-global-color-4)","background-image":"","background-repeat":"repeat","background-position":"center center","background-size":"auto","background-attachment":"scroll","background-type":"","background-media":"","overlay-type":"","overlay-color":"","overlay-opacity":"","overlay-gradient":""}},"footnotes":""},"categories":[1],"tags":[],"class_list":["post-153672","post","type-post","status-publish","format-standard","hentry","category-sem-categoria"],"yoast_head":"<!-- This site is optimized with the Yoast SEO plugin v26.6 - https:\/\/yoast.com\/wordpress\/plugins\/seo\/ -->\n<title>Operadora Maxx patrocina camarote no Carnaval da Av. Litor\u00e2nea com a\u00e7\u00f5es de ativa\u00e7\u00e3o de marca e brindes - Daniel Matos<\/title>\n<meta name=\"robots\" content=\"index, follow, max-snippet:-1, max-image-preview:large, max-video-preview:-1\" \/>\n<link rel=\"canonical\" href=\"https:\/\/www.blogsoestado.com\/danielmatos\/operadora-maxx-patrocina-camarote-no-carnaval-da-av-litoranea-com-acoes-de-ativacao-de-marca-e-brindes\/\" \/>\n<meta property=\"og:locale\" content=\"pt_BR\" \/>\n<meta property=\"og:type\" content=\"article\" \/>\n<meta property=\"og:title\" content=\"Operadora Maxx patrocina camarote no Carnaval da Av. Litor\u00e2nea com a\u00e7\u00f5es de ativa\u00e7\u00e3o de marca e brindes - Daniel Matos\" \/>\n<meta property=\"og:description\" content=\"Depois do sucesso da a\u00e7\u00e3o de ativa\u00e7\u00e3o de marca realizada no R\u00e9veillon, a empresa volta \u00e0 Avenida Litor\u00e2nea, no Circuito [&hellip;]\" \/>\n<meta property=\"og:url\" content=\"https:\/\/www.blogsoestado.com\/danielmatos\/operadora-maxx-patrocina-camarote-no-carnaval-da-av-litoranea-com-acoes-de-ativacao-de-marca-e-brindes\/\" \/>\n<meta property=\"og:site_name\" content=\"Daniel Matos\" \/>\n<meta property=\"article:published_time\" content=\"2026-01-18T15:11:42+00:00\" \/>\n<meta property=\"article:modified_time\" content=\"2026-01-18T15:11:56+00:00\" \/>\n<meta property=\"og:image\" content=\"https:\/\/www.blogsoestado.com\/danielmatos\/wp-content\/uploads\/sites\/2\/2026\/01\/1004816093.jpg\" \/>\n\t<meta property=\"og:image:width\" content=\"720\" \/>\n\t<meta property=\"og:image:height\" content=\"1280\" \/>\n\t<meta property=\"og:image:type\" content=\"image\/jpeg\" \/>\n<meta name=\"author\" content=\"Daniel Matos\" \/>\n<meta name=\"twitter:card\" content=\"summary_large_image\" \/>\n<meta name=\"twitter:label1\" content=\"Escrito por\" \/>\n\t<meta name=\"twitter:data1\" content=\"Daniel Matos\" \/>\n\t<meta name=\"twitter:label2\" content=\"Est. tempo de leitura\" \/>\n\t<meta name=\"twitter:data2\" content=\"3 minutos\" \/>\n<script type=\"application\/ld+json\" class=\"yoast-schema-graph\">{\"@context\":\"https:\/\/schema.org\",\"@graph\":[{\"@type\":\"WebPage\",\"@id\":\"https:\/\/www.blogsoestado.com\/danielmatos\/operadora-maxx-patrocina-camarote-no-carnaval-da-av-litoranea-com-acoes-de-ativacao-de-marca-e-brindes\/\",\"url\":\"https:\/\/www.blogsoestado.com\/danielmatos\/operadora-maxx-patrocina-camarote-no-carnaval-da-av-litoranea-com-acoes-de-ativacao-de-marca-e-brindes\/\",\"name\":\"Operadora Maxx patrocina camarote no Carnaval da Av. Litor\u00e2nea com a\u00e7\u00f5es de ativa\u00e7\u00e3o de marca e brindes - Daniel Matos\",\"isPartOf\":{\"@id\":\"https:\/\/www.blogsoestado.com\/danielmatos\/#website\"},\"primaryImageOfPage\":{\"@id\":\"https:\/\/www.blogsoestado.com\/danielmatos\/operadora-maxx-patrocina-camarote-no-carnaval-da-av-litoranea-com-acoes-de-ativacao-de-marca-e-brindes\/#primaryimage\"},\"image\":{\"@id\":\"https:\/\/www.blogsoestado.com\/danielmatos\/operadora-maxx-patrocina-camarote-no-carnaval-da-av-litoranea-com-acoes-de-ativacao-de-marca-e-brindes\/#primaryimage\"},\"thumbnailUrl\":\"https:\/\/www.blogsoestado.com\/danielmatos\/wp-content\/uploads\/sites\/2\/2026\/01\/1004816093-576x1024.jpg\",\"datePublished\":\"2026-01-18T15:11:42+00:00\",\"dateModified\":\"2026-01-18T15:11:56+00:00\",\"author\":{\"@id\":\"https:\/\/www.blogsoestado.com\/danielmatos\/#\/schema\/person\/9a209d407cd45631f131e1285b661bb0\"},\"breadcrumb\":{\"@id\":\"https:\/\/www.blogsoestado.com\/danielmatos\/operadora-maxx-patrocina-camarote-no-carnaval-da-av-litoranea-com-acoes-de-ativacao-de-marca-e-brindes\/#breadcrumb\"},\"inLanguage\":\"pt-BR\",\"potentialAction\":[{\"@type\":\"ReadAction\",\"target\":[\"https:\/\/www.blogsoestado.com\/danielmatos\/operadora-maxx-patrocina-camarote-no-carnaval-da-av-litoranea-com-acoes-de-ativacao-de-marca-e-brindes\/\"]}]},{\"@type\":\"ImageObject\",\"inLanguage\":\"pt-BR\",\"@id\":\"https:\/\/www.blogsoestado.com\/danielmatos\/operadora-maxx-patrocina-camarote-no-carnaval-da-av-litoranea-com-acoes-de-ativacao-de-marca-e-brindes\/#primaryimage\",\"url\":\"https:\/\/www.blogsoestado.com\/danielmatos\/wp-content\/uploads\/sites\/2\/2026\/01\/1004816093.jpg\",\"contentUrl\":\"https:\/\/www.blogsoestado.com\/danielmatos\/wp-content\/uploads\/sites\/2\/2026\/01\/1004816093.jpg\",\"width\":720,\"height\":1280},{\"@type\":\"BreadcrumbList\",\"@id\":\"https:\/\/www.blogsoestado.com\/danielmatos\/operadora-maxx-patrocina-camarote-no-carnaval-da-av-litoranea-com-acoes-de-ativacao-de-marca-e-brindes\/#breadcrumb\",\"itemListElement\":[{\"@type\":\"ListItem\",\"position\":1,\"name\":\"In\u00edcio\",\"item\":\"https:\/\/www.blogsoestado.com\/danielmatos\/\"},{\"@type\":\"ListItem\",\"position\":2,\"name\":\"Operadora Maxx patrocina camarote no Carnaval da Av. Litor\u00e2nea com a\u00e7\u00f5es de ativa\u00e7\u00e3o de marca e brindes\"}]},{\"@type\":\"WebSite\",\"@id\":\"https:\/\/www.blogsoestado.com\/danielmatos\/#website\",\"url\":\"https:\/\/www.blogsoestado.com\/danielmatos\/\",\"name\":\"Daniel Matos\",\"description\":\"\",\"potentialAction\":[{\"@type\":\"SearchAction\",\"target\":{\"@type\":\"EntryPoint\",\"urlTemplate\":\"https:\/\/www.blogsoestado.com\/danielmatos\/?s={search_term_string}\"},\"query-input\":{\"@type\":\"PropertyValueSpecification\",\"valueRequired\":true,\"valueName\":\"search_term_string\"}}],\"inLanguage\":\"pt-BR\"},{\"@type\":\"Person\",\"@id\":\"https:\/\/www.blogsoestado.com\/danielmatos\/#\/schema\/person\/9a209d407cd45631f131e1285b661bb0\",\"name\":\"Daniel Matos\",\"image\":{\"@type\":\"ImageObject\",\"inLanguage\":\"pt-BR\",\"@id\":\"https:\/\/www.blogsoestado.com\/danielmatos\/#\/schema\/person\/image\/\",\"url\":\"https:\/\/secure.gravatar.com\/avatar\/2f26c36ee355da19a257f0dfef43952a2588b324ca35d6719e859fe338ac0392?s=96&d=mm&r=g\",\"contentUrl\":\"https:\/\/secure.gravatar.com\/avatar\/2f26c36ee355da19a257f0dfef43952a2588b324ca35d6719e859fe338ac0392?s=96&d=mm&r=g\",\"caption\":\"Daniel Matos\"},\"url\":\"https:\/\/www.blogsoestado.com\/danielmatos\/author\/danielmatos\/\"}]}<\/script>\n<!-- \/ Yoast SEO plugin. -->","yoast_head_json":{"title":"Operadora Maxx patrocina camarote no Carnaval da Av. Litor\u00e2nea com a\u00e7\u00f5es de ativa\u00e7\u00e3o de marca e brindes - Daniel Matos","robots":{"index":"index","follow":"follow","max-snippet":"max-snippet:-1","max-image-preview":"max-image-preview:large","max-video-preview":"max-video-preview:-1"},"canonical":"https:\/\/www.blogsoestado.com\/danielmatos\/operadora-maxx-patrocina-camarote-no-carnaval-da-av-litoranea-com-acoes-de-ativacao-de-marca-e-brindes\/","og_locale":"pt_BR","og_type":"article","og_title":"Operadora Maxx patrocina camarote no Carnaval da Av. Litor\u00e2nea com a\u00e7\u00f5es de ativa\u00e7\u00e3o de marca e brindes - Daniel Matos","og_description":"Depois do sucesso da a\u00e7\u00e3o de ativa\u00e7\u00e3o de marca realizada no R\u00e9veillon, a empresa volta \u00e0 Avenida Litor\u00e2nea, no Circuito [&hellip;]","og_url":"https:\/\/www.blogsoestado.com\/danielmatos\/operadora-maxx-patrocina-camarote-no-carnaval-da-av-litoranea-com-acoes-de-ativacao-de-marca-e-brindes\/","og_site_name":"Daniel Matos","article_published_time":"2026-01-18T15:11:42+00:00","article_modified_time":"2026-01-18T15:11:56+00:00","og_image":[{"width":720,"height":1280,"url":"https:\/\/www.blogsoestado.com\/danielmatos\/wp-content\/uploads\/sites\/2\/2026\/01\/1004816093.jpg","type":"image\/jpeg"}],"author":"Daniel Matos","twitter_card":"summary_large_image","twitter_misc":{"Escrito por":"Daniel Matos","Est. tempo de leitura":"3 minutos"},"schema":{"@context":"https:\/\/schema.org","@graph":[{"@type":"WebPage","@id":"https:\/\/www.blogsoestado.com\/danielmatos\/operadora-maxx-patrocina-camarote-no-carnaval-da-av-litoranea-com-acoes-de-ativacao-de-marca-e-brindes\/","url":"https:\/\/www.blogsoestado.com\/danielmatos\/operadora-maxx-patrocina-camarote-no-carnaval-da-av-litoranea-com-acoes-de-ativacao-de-marca-e-brindes\/","name":"Operadora Maxx patrocina camarote no Carnaval da Av. Litor\u00e2nea com a\u00e7\u00f5es de ativa\u00e7\u00e3o de marca e brindes - Daniel Matos","isPartOf":{"@id":"https:\/\/www.blogsoestado.com\/danielmatos\/#website"},"primaryImageOfPage":{"@id":"https:\/\/www.blogsoestado.com\/danielmatos\/operadora-maxx-patrocina-camarote-no-carnaval-da-av-litoranea-com-acoes-de-ativacao-de-marca-e-brindes\/#primaryimage"},"image":{"@id":"https:\/\/www.blogsoestado.com\/danielmatos\/operadora-maxx-patrocina-camarote-no-carnaval-da-av-litoranea-com-acoes-de-ativacao-de-marca-e-brindes\/#primaryimage"},"thumbnailUrl":"https:\/\/www.blogsoestado.com\/danielmatos\/wp-content\/uploads\/sites\/2\/2026\/01\/1004816093-576x1024.jpg","datePublished":"2026-01-18T15:11:42+00:00","dateModified":"2026-01-18T15:11:56+00:00","author":{"@id":"https:\/\/www.blogsoestado.com\/danielmatos\/#\/schema\/person\/9a209d407cd45631f131e1285b661bb0"},"breadcrumb":{"@id":"https:\/\/www.blogsoestado.com\/danielmatos\/operadora-maxx-patrocina-camarote-no-carnaval-da-av-litoranea-com-acoes-de-ativacao-de-marca-e-brindes\/#breadcrumb"},"inLanguage":"pt-BR","potentialAction":[{"@type":"ReadAction","target":["https:\/\/www.blogsoestado.com\/danielmatos\/operadora-maxx-patrocina-camarote-no-carnaval-da-av-litoranea-com-acoes-de-ativacao-de-marca-e-brindes\/"]}]},{"@type":"ImageObject","inLanguage":"pt-BR","@id":"https:\/\/www.blogsoestado.com\/danielmatos\/operadora-maxx-patrocina-camarote-no-carnaval-da-av-litoranea-com-acoes-de-ativacao-de-marca-e-brindes\/#primaryimage","url":"https:\/\/www.blogsoestado.com\/danielmatos\/wp-content\/uploads\/sites\/2\/2026\/01\/1004816093.jpg","contentUrl":"https:\/\/www.blogsoestado.com\/danielmatos\/wp-content\/uploads\/sites\/2\/2026\/01\/1004816093.jpg","width":720,"height":1280},{"@type":"BreadcrumbList","@id":"https:\/\/www.blogsoestado.com\/danielmatos\/operadora-maxx-patrocina-camarote-no-carnaval-da-av-litoranea-com-acoes-de-ativacao-de-marca-e-brindes\/#breadcrumb","itemListElement":[{"@type":"ListItem","position":1,"name":"In\u00edcio","item":"https:\/\/www.blogsoestado.com\/danielmatos\/"},{"@type":"ListItem","position":2,"name":"Operadora Maxx patrocina camarote no Carnaval da Av. Litor\u00e2nea com a\u00e7\u00f5es de ativa\u00e7\u00e3o de marca e brindes"}]},{"@type":"WebSite","@id":"https:\/\/www.blogsoestado.com\/danielmatos\/#website","url":"https:\/\/www.blogsoestado.com\/danielmatos\/","name":"Daniel Matos","description":"","potentialAction":[{"@type":"SearchAction","target":{"@type":"EntryPoint","urlTemplate":"https:\/\/www.blogsoestado.com\/danielmatos\/?s={search_term_string}"},"query-input":{"@type":"PropertyValueSpecification","valueRequired":true,"valueName":"search_term_string"}}],"inLanguage":"pt-BR"},{"@type":"Person","@id":"https:\/\/www.blogsoestado.com\/danielmatos\/#\/schema\/person\/9a209d407cd45631f131e1285b661bb0","name":"Daniel Matos","image":{"@type":"ImageObject","inLanguage":"pt-BR","@id":"https:\/\/www.blogsoestado.com\/danielmatos\/#\/schema\/person\/image\/","url":"https:\/\/secure.gravatar.com\/avatar\/2f26c36ee355da19a257f0dfef43952a2588b324ca35d6719e859fe338ac0392?s=96&d=mm&r=g","contentUrl":"https:\/\/secure.gravatar.com\/avatar\/2f26c36ee355da19a257f0dfef43952a2588b324ca35d6719e859fe338ac0392?s=96&d=mm&r=g","caption":"Daniel Matos"},"url":"https:\/\/www.blogsoestado.com\/danielmatos\/author\/danielmatos\/"}]}},"jetpack_featured_media_url":"","_links":{"self":[{"href":"https:\/\/www.blogsoestado.com\/danielmatos\/wp-json\/wp\/v2\/posts\/153672","targetHints":{"allow":["GET"]}}],"collection":[{"href":"https:\/\/www.blogsoestado.com\/danielmatos\/wp-json\/wp\/v2\/posts"}],"about":[{"href":"https:\/\/www.blogsoestado.com\/danielmatos\/wp-json\/wp\/v2\/types\/post"}],"author":[{"embeddable":true,"href":"https:\/\/www.blogsoestado.com\/danielmatos\/wp-json\/wp\/v2\/users\/2"}],"replies":[{"embeddable":true,"href":"https:\/\/www.blogsoestado.com\/danielmatos\/wp-json\/wp\/v2\/comments?post=153672"}],"version-history":[{"count":1,"href":"https:\/\/www.blogsoestado.com\/danielmatos\/wp-json\/wp\/v2\/posts\/153672\/revisions"}],"predecessor-version":[{"id":153677,"href":"https:\/\/www.blogsoestado.com\/danielmatos\/wp-json\/wp\/v2\/posts\/153672\/revisions\/153677"}],"wp:attachment":[{"href":"https:\/\/www.blogsoestado.com\/danielmatos\/wp-json\/wp\/v2\/media?parent=153672"}],"wp:term":[{"taxonomy":"category","embeddable":true,"href":"https:\/\/www.blogsoestado.com\/danielmatos\/wp-json\/wp\/v2\/categories?post=153672"},{"taxonomy":"post_tag","embeddable":true,"href":"https:\/\/www.blogsoestado.com\/danielmatos\/wp-json\/wp\/v2\/tags?post=153672"}],"curies":[{"name":"wp","href":"https:\/\/api.w.org\/{rel}","templated":true}]}}