{"id":153806,"date":"2026-01-21T09:19:47","date_gmt":"2026-01-21T12:19:47","guid":{"rendered":"https:\/\/www.blogsoestado.com\/danielmatos\/?p=153806"},"modified":"2026-01-21T09:19:52","modified_gmt":"2026-01-21T12:19:52","slug":"menor-custo-de-vidancesta-basica-registra-queda-de-395-em-sao-luis-no-segundo-semestre-de-2025","status":"publish","type":"post","link":"https:\/\/www.blogsoestado.com\/danielmatos\/menor-custo-de-vidancesta-basica-registra-queda-de-395-em-sao-luis-no-segundo-semestre-de-2025\/","title":{"rendered":"Menor custo de vida:ncesta b\u00e1sica registra queda de 3,95% em S\u00e3o Lu\u00eds no segundo semestre de 2025"},"content":{"rendered":"\n<p><strong><mark style=\"color:#cf2e2e\" class=\"has-inline-color\">Tomate, arroz e leite est\u00e3o entre os itens que mais contribu\u00edram para a diminui\u00e7\u00e3o do custo dos alimentos<\/mark><\/strong><\/p>\n\n\n\n<figure class=\"wp-block-image aligncenter size-full\"><img fetchpriority=\"high\" decoding=\"async\" width=\"768\" height=\"512\" src=\"https:\/\/www.blogsoestado.com\/danielmatos\/wp-content\/uploads\/sites\/2\/2026\/01\/1004838850.jpg\" alt=\"\" class=\"wp-image-153807\" srcset=\"https:\/\/www.blogsoestado.com\/danielmatos\/wp-content\/uploads\/sites\/2\/2026\/01\/1004838850.jpg 768w, https:\/\/www.blogsoestado.com\/danielmatos\/wp-content\/uploads\/sites\/2\/2026\/01\/1004838850-300x200.jpg 300w\" sizes=\"(max-width: 768px) 100vw, 768px\" \/><figcaption class=\"wp-element-caption\">O tomate teve queda expressiva de pre\u00e7o em todas as 27 capitais ao longo do segundo semestre de 2025 &#8211; Foto: Vitor Vasconcelos \/ Secom-PR<\/figcaption><\/figure>\n\n\n\n<p>S\u00e3o Lu\u00eds registrou queda de 3,95% no pre\u00e7o da cesta b\u00e1sica de alimentos no segundo semestre de 2025, saindo de R$ 664,52 em julho para R$ 629,43 em dezembro \u2013 valor R$ 35,09 menor ao fim do ano. O balan\u00e7o das 27 capitais foi divulgado nesta ter\u00e7a-feira, 20 de janeiro, pela Companhia Nacional de Abastecimento (Conab).<\/p>\n\n\n\n<p>O levantamento integra a An\u00e1lise Mensal da Pesquisa Nacional de Pre\u00e7o da Cesta B\u00e1sica de Alimentos, realizada pela Conab e pelo Departamento Intersindical de Estat\u00edstica e Estudos Socioecon\u00f4micos (Dieese). Firmada oficialmente em 20 de agosto do ano passado, a parceria entre os \u00f3rg\u00e3os passou a acompanhar os pre\u00e7os em todas as 27 capitais brasileiras.<\/p>\n\n\n\n<p><strong>ITENS ESSENCIAIS<\/strong>&nbsp;\u2013 Em S\u00e3o Lu\u00eds, a redu\u00e7\u00e3o foi puxada principalmente pela queda expressiva nos pre\u00e7os de itens essenciais. O tomate apresentou recuo de 16,96%, seguido pelo arroz (-15,81%) e pelo leite (-11,39%). Tamb\u00e9m tiveram diminui\u00e7\u00e3o relevante os pre\u00e7os da manteiga (-6,58%), da banana (-4,91%) e do caf\u00e9 (-3,57%).<\/p>\n\n\n\n<p>Esses resultados contribu\u00edram diretamente para aliviar o or\u00e7amento das fam\u00edlias s\u00e3o-luisenses, especialmente aquelas em situa\u00e7\u00e3o de maior vulnerabilidade social, para as quais a alimenta\u00e7\u00e3o representa parcela significativa da renda mensal.<\/p>\n\n\n\n<figure class=\"wp-block-image aligncenter size-large\"><img decoding=\"async\" width=\"884\" height=\"1024\" src=\"https:\/\/www.blogsoestado.com\/danielmatos\/wp-content\/uploads\/sites\/2\/2026\/01\/1004838864-884x1024.jpg\" alt=\"\" class=\"wp-image-153808\" srcset=\"https:\/\/www.blogsoestado.com\/danielmatos\/wp-content\/uploads\/sites\/2\/2026\/01\/1004838864-884x1024.jpg 884w, https:\/\/www.blogsoestado.com\/danielmatos\/wp-content\/uploads\/sites\/2\/2026\/01\/1004838864-259x300.jpg 259w, https:\/\/www.blogsoestado.com\/danielmatos\/wp-content\/uploads\/sites\/2\/2026\/01\/1004838864-768x890.jpg 768w, https:\/\/www.blogsoestado.com\/danielmatos\/wp-content\/uploads\/sites\/2\/2026\/01\/1004838864.jpg 1080w\" sizes=\"(max-width: 884px) 100vw, 884px\" \/><\/figure>\n\n\n\n<p><strong>POL\u00cdTICA AGR\u00cdCOLA E ABASTECIMENTO<\/strong>&nbsp;\u2013 De acordo com o presidente da Conab, Edegar Pretto, a queda generalizada no pre\u00e7o da cesta b\u00e1sica em todas as capitais reflete os efeitos positivos da pol\u00edtica agr\u00edcola do Governo do Brasil. \u201cEssa queda generalizada \u00e9 fruto dos investimentos que o Governo do Brasil vem fazendo no setor agropecu\u00e1rio brasileiro, aumentando a produ\u00e7\u00e3o de alimentos para o consumo interno nacional\u201d, afirmou.<\/p>\n\n\n\n<p>Segundo Pretto, os Planos Safra \u2014 tanto o empresarial quanto o da Agricultura Familiar \u2014 v\u00eam registrando valores recordes, com amplia\u00e7\u00e3o do cr\u00e9dito e juros subsidiados. \u201cO efeito \u00e9 a maior safra da s\u00e9rie hist\u00f3rica, o que se traduz em mais comida dispon\u00edvel e pre\u00e7os mais acess\u00edveis para a popula\u00e7\u00e3o\u201d, destacou.<\/p>\n\n\n\n<p><strong><mark style=\"color:#cf2e2e\" class=\"has-inline-color\">Saiba mais <a href=\"https:\/\/www.gov.br\/secom\/pt-br\/assuntos\/noticias-regionalizadas\/cesta-basica\/cesta-basica-2o-semestre-2025\/cesta-basica-registra-queda-de-3-95-em-sao-luis-no-segundo-semestre-de-2025\">aqui<\/a>.<\/mark><\/strong><\/p>\n","protected":false},"excerpt":{"rendered":"<p>Tomate, arroz e leite est\u00e3o entre os itens que mais contribu\u00edram para a diminui\u00e7\u00e3o do custo dos alimentos S\u00e3o Lu\u00eds [&hellip;]<\/p>\n","protected":false},"author":2,"featured_media":0,"comment_status":"open","ping_status":"open","sticky":false,"template":"","format":"standard","meta":{"site-sidebar-layout":"default","site-content-layout":"","ast-site-content-layout":"default","site-content-style":"default","site-sidebar-style":"default","ast-global-header-display":"","ast-banner-title-visibility":"","ast-main-header-display":"","ast-hfb-above-header-display":"","ast-hfb-below-header-display":"","ast-hfb-mobile-header-display":"","site-post-title":"","ast-breadcrumbs-content":"","ast-featured-img":"","footer-sml-layout":"","ast-disable-related-posts":"","theme-transparent-header-meta":"","adv-header-id-meta":"","stick-header-meta":"","header-above-stick-meta":"","header-main-stick-meta":"","header-below-stick-meta":"","astra-migrate-meta-layouts":"default","ast-page-background-enabled":"default","ast-page-background-meta":{"desktop":{"background-color":"var(--ast-global-color-5)","background-image":"","background-repeat":"repeat","background-position":"center center","background-size":"auto","background-attachment":"scroll","background-type":"","background-media":"","overlay-type":"","overlay-color":"","overlay-opacity":"","overlay-gradient":""},"tablet":{"background-color":"","background-image":"","background-repeat":"repeat","background-position":"center center","background-size":"auto","background-attachment":"scroll","background-type":"","background-media":"","overlay-type":"","overlay-color":"","overlay-opacity":"","overlay-gradient":""},"mobile":{"background-color":"","background-image":"","background-repeat":"repeat","background-position":"center center","background-size":"auto","background-attachment":"scroll","background-type":"","background-media":"","overlay-type":"","overlay-color":"","overlay-opacity":"","overlay-gradient":""}},"ast-content-background-meta":{"desktop":{"background-color":"var(--ast-global-color-4)","background-image":"","background-repeat":"repeat","background-position":"center center","background-size":"auto","background-attachment":"scroll","background-type":"","background-media":"","overlay-type":"","overlay-color":"","overlay-opacity":"","overlay-gradient":""},"tablet":{"background-color":"var(--ast-global-color-4)","background-image":"","background-repeat":"repeat","background-position":"center center","background-size":"auto","background-attachment":"scroll","background-type":"","background-media":"","overlay-type":"","overlay-color":"","overlay-opacity":"","overlay-gradient":""},"mobile":{"background-color":"var(--ast-global-color-4)","background-image":"","background-repeat":"repeat","background-position":"center center","background-size":"auto","background-attachment":"scroll","background-type":"","background-media":"","overlay-type":"","overlay-color":"","overlay-opacity":"","overlay-gradient":""}},"footnotes":""},"categories":[1],"tags":[],"class_list":["post-153806","post","type-post","status-publish","format-standard","hentry","category-sem-categoria"],"yoast_head":"<!-- This site is optimized with the Yoast SEO plugin v26.6 - https:\/\/yoast.com\/wordpress\/plugins\/seo\/ -->\n<title>Menor custo de vida:ncesta b\u00e1sica registra queda de 3,95% em S\u00e3o Lu\u00eds no segundo semestre de 2025 - Daniel Matos<\/title>\n<meta name=\"robots\" content=\"index, follow, max-snippet:-1, max-image-preview:large, max-video-preview:-1\" \/>\n<link rel=\"canonical\" href=\"https:\/\/www.blogsoestado.com\/danielmatos\/menor-custo-de-vidancesta-basica-registra-queda-de-395-em-sao-luis-no-segundo-semestre-de-2025\/\" \/>\n<meta property=\"og:locale\" content=\"pt_BR\" \/>\n<meta property=\"og:type\" content=\"article\" \/>\n<meta property=\"og:title\" content=\"Menor custo de vida:ncesta b\u00e1sica registra queda de 3,95% em S\u00e3o Lu\u00eds no segundo semestre de 2025 - Daniel Matos\" \/>\n<meta property=\"og:description\" content=\"Tomate, arroz e leite est\u00e3o entre os itens que mais contribu\u00edram para a diminui\u00e7\u00e3o do custo dos alimentos S\u00e3o Lu\u00eds [&hellip;]\" \/>\n<meta property=\"og:url\" content=\"https:\/\/www.blogsoestado.com\/danielmatos\/menor-custo-de-vidancesta-basica-registra-queda-de-395-em-sao-luis-no-segundo-semestre-de-2025\/\" \/>\n<meta property=\"og:site_name\" content=\"Daniel Matos\" \/>\n<meta property=\"article:published_time\" content=\"2026-01-21T12:19:47+00:00\" \/>\n<meta property=\"article:modified_time\" content=\"2026-01-21T12:19:52+00:00\" \/>\n<meta property=\"og:image\" content=\"https:\/\/www.blogsoestado.com\/danielmatos\/wp-content\/uploads\/sites\/2\/2026\/01\/1004838850.jpg\" \/>\n\t<meta property=\"og:image:width\" content=\"768\" \/>\n\t<meta property=\"og:image:height\" content=\"512\" \/>\n\t<meta property=\"og:image:type\" content=\"image\/jpeg\" \/>\n<meta name=\"author\" content=\"Daniel Matos\" \/>\n<meta name=\"twitter:card\" content=\"summary_large_image\" \/>\n<meta name=\"twitter:label1\" content=\"Escrito por\" \/>\n\t<meta name=\"twitter:data1\" content=\"Daniel Matos\" \/>\n\t<meta name=\"twitter:label2\" content=\"Est. tempo de leitura\" \/>\n\t<meta name=\"twitter:data2\" content=\"3 minutos\" \/>\n<script type=\"application\/ld+json\" class=\"yoast-schema-graph\">{\"@context\":\"https:\/\/schema.org\",\"@graph\":[{\"@type\":\"WebPage\",\"@id\":\"https:\/\/www.blogsoestado.com\/danielmatos\/menor-custo-de-vidancesta-basica-registra-queda-de-395-em-sao-luis-no-segundo-semestre-de-2025\/\",\"url\":\"https:\/\/www.blogsoestado.com\/danielmatos\/menor-custo-de-vidancesta-basica-registra-queda-de-395-em-sao-luis-no-segundo-semestre-de-2025\/\",\"name\":\"Menor custo de vida:ncesta b\u00e1sica registra queda de 3,95% em S\u00e3o Lu\u00eds no segundo semestre de 2025 - Daniel Matos\",\"isPartOf\":{\"@id\":\"https:\/\/www.blogsoestado.com\/danielmatos\/#website\"},\"primaryImageOfPage\":{\"@id\":\"https:\/\/www.blogsoestado.com\/danielmatos\/menor-custo-de-vidancesta-basica-registra-queda-de-395-em-sao-luis-no-segundo-semestre-de-2025\/#primaryimage\"},\"image\":{\"@id\":\"https:\/\/www.blogsoestado.com\/danielmatos\/menor-custo-de-vidancesta-basica-registra-queda-de-395-em-sao-luis-no-segundo-semestre-de-2025\/#primaryimage\"},\"thumbnailUrl\":\"https:\/\/www.blogsoestado.com\/danielmatos\/wp-content\/uploads\/sites\/2\/2026\/01\/1004838850.jpg\",\"datePublished\":\"2026-01-21T12:19:47+00:00\",\"dateModified\":\"2026-01-21T12:19:52+00:00\",\"author\":{\"@id\":\"https:\/\/www.blogsoestado.com\/danielmatos\/#\/schema\/person\/9a209d407cd45631f131e1285b661bb0\"},\"breadcrumb\":{\"@id\":\"https:\/\/www.blogsoestado.com\/danielmatos\/menor-custo-de-vidancesta-basica-registra-queda-de-395-em-sao-luis-no-segundo-semestre-de-2025\/#breadcrumb\"},\"inLanguage\":\"pt-BR\",\"potentialAction\":[{\"@type\":\"ReadAction\",\"target\":[\"https:\/\/www.blogsoestado.com\/danielmatos\/menor-custo-de-vidancesta-basica-registra-queda-de-395-em-sao-luis-no-segundo-semestre-de-2025\/\"]}]},{\"@type\":\"ImageObject\",\"inLanguage\":\"pt-BR\",\"@id\":\"https:\/\/www.blogsoestado.com\/danielmatos\/menor-custo-de-vidancesta-basica-registra-queda-de-395-em-sao-luis-no-segundo-semestre-de-2025\/#primaryimage\",\"url\":\"https:\/\/www.blogsoestado.com\/danielmatos\/wp-content\/uploads\/sites\/2\/2026\/01\/1004838850.jpg\",\"contentUrl\":\"https:\/\/www.blogsoestado.com\/danielmatos\/wp-content\/uploads\/sites\/2\/2026\/01\/1004838850.jpg\",\"width\":768,\"height\":512},{\"@type\":\"BreadcrumbList\",\"@id\":\"https:\/\/www.blogsoestado.com\/danielmatos\/menor-custo-de-vidancesta-basica-registra-queda-de-395-em-sao-luis-no-segundo-semestre-de-2025\/#breadcrumb\",\"itemListElement\":[{\"@type\":\"ListItem\",\"position\":1,\"name\":\"In\u00edcio\",\"item\":\"https:\/\/www.blogsoestado.com\/danielmatos\/\"},{\"@type\":\"ListItem\",\"position\":2,\"name\":\"Menor custo de vida:ncesta b\u00e1sica registra queda de 3,95% em S\u00e3o Lu\u00eds no segundo semestre de 2025\"}]},{\"@type\":\"WebSite\",\"@id\":\"https:\/\/www.blogsoestado.com\/danielmatos\/#website\",\"url\":\"https:\/\/www.blogsoestado.com\/danielmatos\/\",\"name\":\"Daniel Matos\",\"description\":\"\",\"potentialAction\":[{\"@type\":\"SearchAction\",\"target\":{\"@type\":\"EntryPoint\",\"urlTemplate\":\"https:\/\/www.blogsoestado.com\/danielmatos\/?s={search_term_string}\"},\"query-input\":{\"@type\":\"PropertyValueSpecification\",\"valueRequired\":true,\"valueName\":\"search_term_string\"}}],\"inLanguage\":\"pt-BR\"},{\"@type\":\"Person\",\"@id\":\"https:\/\/www.blogsoestado.com\/danielmatos\/#\/schema\/person\/9a209d407cd45631f131e1285b661bb0\",\"name\":\"Daniel Matos\",\"image\":{\"@type\":\"ImageObject\",\"inLanguage\":\"pt-BR\",\"@id\":\"https:\/\/www.blogsoestado.com\/danielmatos\/#\/schema\/person\/image\/\",\"url\":\"https:\/\/secure.gravatar.com\/avatar\/2f26c36ee355da19a257f0dfef43952a2588b324ca35d6719e859fe338ac0392?s=96&d=mm&r=g\",\"contentUrl\":\"https:\/\/secure.gravatar.com\/avatar\/2f26c36ee355da19a257f0dfef43952a2588b324ca35d6719e859fe338ac0392?s=96&d=mm&r=g\",\"caption\":\"Daniel Matos\"},\"url\":\"https:\/\/www.blogsoestado.com\/danielmatos\/author\/danielmatos\/\"}]}<\/script>\n<!-- \/ Yoast SEO plugin. -->","yoast_head_json":{"title":"Menor custo de vida:ncesta b\u00e1sica registra queda de 3,95% em S\u00e3o Lu\u00eds no segundo semestre de 2025 - Daniel Matos","robots":{"index":"index","follow":"follow","max-snippet":"max-snippet:-1","max-image-preview":"max-image-preview:large","max-video-preview":"max-video-preview:-1"},"canonical":"https:\/\/www.blogsoestado.com\/danielmatos\/menor-custo-de-vidancesta-basica-registra-queda-de-395-em-sao-luis-no-segundo-semestre-de-2025\/","og_locale":"pt_BR","og_type":"article","og_title":"Menor custo de vida:ncesta b\u00e1sica registra queda de 3,95% em S\u00e3o Lu\u00eds no segundo semestre de 2025 - Daniel Matos","og_description":"Tomate, arroz e leite est\u00e3o entre os itens que mais contribu\u00edram para a diminui\u00e7\u00e3o do custo dos alimentos S\u00e3o Lu\u00eds [&hellip;]","og_url":"https:\/\/www.blogsoestado.com\/danielmatos\/menor-custo-de-vidancesta-basica-registra-queda-de-395-em-sao-luis-no-segundo-semestre-de-2025\/","og_site_name":"Daniel Matos","article_published_time":"2026-01-21T12:19:47+00:00","article_modified_time":"2026-01-21T12:19:52+00:00","og_image":[{"width":768,"height":512,"url":"https:\/\/www.blogsoestado.com\/danielmatos\/wp-content\/uploads\/sites\/2\/2026\/01\/1004838850.jpg","type":"image\/jpeg"}],"author":"Daniel Matos","twitter_card":"summary_large_image","twitter_misc":{"Escrito por":"Daniel Matos","Est. tempo de leitura":"3 minutos"},"schema":{"@context":"https:\/\/schema.org","@graph":[{"@type":"WebPage","@id":"https:\/\/www.blogsoestado.com\/danielmatos\/menor-custo-de-vidancesta-basica-registra-queda-de-395-em-sao-luis-no-segundo-semestre-de-2025\/","url":"https:\/\/www.blogsoestado.com\/danielmatos\/menor-custo-de-vidancesta-basica-registra-queda-de-395-em-sao-luis-no-segundo-semestre-de-2025\/","name":"Menor custo de vida:ncesta b\u00e1sica registra queda de 3,95% em S\u00e3o Lu\u00eds no segundo semestre de 2025 - Daniel Matos","isPartOf":{"@id":"https:\/\/www.blogsoestado.com\/danielmatos\/#website"},"primaryImageOfPage":{"@id":"https:\/\/www.blogsoestado.com\/danielmatos\/menor-custo-de-vidancesta-basica-registra-queda-de-395-em-sao-luis-no-segundo-semestre-de-2025\/#primaryimage"},"image":{"@id":"https:\/\/www.blogsoestado.com\/danielmatos\/menor-custo-de-vidancesta-basica-registra-queda-de-395-em-sao-luis-no-segundo-semestre-de-2025\/#primaryimage"},"thumbnailUrl":"https:\/\/www.blogsoestado.com\/danielmatos\/wp-content\/uploads\/sites\/2\/2026\/01\/1004838850.jpg","datePublished":"2026-01-21T12:19:47+00:00","dateModified":"2026-01-21T12:19:52+00:00","author":{"@id":"https:\/\/www.blogsoestado.com\/danielmatos\/#\/schema\/person\/9a209d407cd45631f131e1285b661bb0"},"breadcrumb":{"@id":"https:\/\/www.blogsoestado.com\/danielmatos\/menor-custo-de-vidancesta-basica-registra-queda-de-395-em-sao-luis-no-segundo-semestre-de-2025\/#breadcrumb"},"inLanguage":"pt-BR","potentialAction":[{"@type":"ReadAction","target":["https:\/\/www.blogsoestado.com\/danielmatos\/menor-custo-de-vidancesta-basica-registra-queda-de-395-em-sao-luis-no-segundo-semestre-de-2025\/"]}]},{"@type":"ImageObject","inLanguage":"pt-BR","@id":"https:\/\/www.blogsoestado.com\/danielmatos\/menor-custo-de-vidancesta-basica-registra-queda-de-395-em-sao-luis-no-segundo-semestre-de-2025\/#primaryimage","url":"https:\/\/www.blogsoestado.com\/danielmatos\/wp-content\/uploads\/sites\/2\/2026\/01\/1004838850.jpg","contentUrl":"https:\/\/www.blogsoestado.com\/danielmatos\/wp-content\/uploads\/sites\/2\/2026\/01\/1004838850.jpg","width":768,"height":512},{"@type":"BreadcrumbList","@id":"https:\/\/www.blogsoestado.com\/danielmatos\/menor-custo-de-vidancesta-basica-registra-queda-de-395-em-sao-luis-no-segundo-semestre-de-2025\/#breadcrumb","itemListElement":[{"@type":"ListItem","position":1,"name":"In\u00edcio","item":"https:\/\/www.blogsoestado.com\/danielmatos\/"},{"@type":"ListItem","position":2,"name":"Menor custo de vida:ncesta b\u00e1sica registra queda de 3,95% em S\u00e3o Lu\u00eds no segundo semestre de 2025"}]},{"@type":"WebSite","@id":"https:\/\/www.blogsoestado.com\/danielmatos\/#website","url":"https:\/\/www.blogsoestado.com\/danielmatos\/","name":"Daniel Matos","description":"","potentialAction":[{"@type":"SearchAction","target":{"@type":"EntryPoint","urlTemplate":"https:\/\/www.blogsoestado.com\/danielmatos\/?s={search_term_string}"},"query-input":{"@type":"PropertyValueSpecification","valueRequired":true,"valueName":"search_term_string"}}],"inLanguage":"pt-BR"},{"@type":"Person","@id":"https:\/\/www.blogsoestado.com\/danielmatos\/#\/schema\/person\/9a209d407cd45631f131e1285b661bb0","name":"Daniel Matos","image":{"@type":"ImageObject","inLanguage":"pt-BR","@id":"https:\/\/www.blogsoestado.com\/danielmatos\/#\/schema\/person\/image\/","url":"https:\/\/secure.gravatar.com\/avatar\/2f26c36ee355da19a257f0dfef43952a2588b324ca35d6719e859fe338ac0392?s=96&d=mm&r=g","contentUrl":"https:\/\/secure.gravatar.com\/avatar\/2f26c36ee355da19a257f0dfef43952a2588b324ca35d6719e859fe338ac0392?s=96&d=mm&r=g","caption":"Daniel Matos"},"url":"https:\/\/www.blogsoestado.com\/danielmatos\/author\/danielmatos\/"}]}},"jetpack_featured_media_url":"","_links":{"self":[{"href":"https:\/\/www.blogsoestado.com\/danielmatos\/wp-json\/wp\/v2\/posts\/153806","targetHints":{"allow":["GET"]}}],"collection":[{"href":"https:\/\/www.blogsoestado.com\/danielmatos\/wp-json\/wp\/v2\/posts"}],"about":[{"href":"https:\/\/www.blogsoestado.com\/danielmatos\/wp-json\/wp\/v2\/types\/post"}],"author":[{"embeddable":true,"href":"https:\/\/www.blogsoestado.com\/danielmatos\/wp-json\/wp\/v2\/users\/2"}],"replies":[{"embeddable":true,"href":"https:\/\/www.blogsoestado.com\/danielmatos\/wp-json\/wp\/v2\/comments?post=153806"}],"version-history":[{"count":1,"href":"https:\/\/www.blogsoestado.com\/danielmatos\/wp-json\/wp\/v2\/posts\/153806\/revisions"}],"predecessor-version":[{"id":153809,"href":"https:\/\/www.blogsoestado.com\/danielmatos\/wp-json\/wp\/v2\/posts\/153806\/revisions\/153809"}],"wp:attachment":[{"href":"https:\/\/www.blogsoestado.com\/danielmatos\/wp-json\/wp\/v2\/media?parent=153806"}],"wp:term":[{"taxonomy":"category","embeddable":true,"href":"https:\/\/www.blogsoestado.com\/danielmatos\/wp-json\/wp\/v2\/categories?post=153806"},{"taxonomy":"post_tag","embeddable":true,"href":"https:\/\/www.blogsoestado.com\/danielmatos\/wp-json\/wp\/v2\/tags?post=153806"}],"curies":[{"name":"wp","href":"https:\/\/api.w.org\/{rel}","templated":true}]}}