{"id":153835,"date":"2026-01-22T06:50:08","date_gmt":"2026-01-22T09:50:08","guid":{"rendered":"https:\/\/www.blogsoestado.com\/danielmatos\/?p=153835"},"modified":"2026-01-22T06:50:12","modified_gmt":"2026-01-22T09:50:12","slug":"marca-consagrada-no-nordeste-dom-ferreira-inaugura-sua-primeira-unidade-no-maranhao","status":"publish","type":"post","link":"https:\/\/www.blogsoestado.com\/danielmatos\/marca-consagrada-no-nordeste-dom-ferreira-inaugura-sua-primeira-unidade-no-maranhao\/","title":{"rendered":"Marca consagrada no Nordeste, Dom Ferreira inaugura sua primeira unidade no Maranh\u00e3o"},"content":{"rendered":"\n<figure class=\"wp-block-image aligncenter size-full\"><img fetchpriority=\"high\" decoding=\"async\" width=\"946\" height=\"699\" src=\"https:\/\/www.blogsoestado.com\/danielmatos\/wp-content\/uploads\/sites\/2\/2026\/01\/1004846373.png\" alt=\"\" class=\"wp-image-153836\" srcset=\"https:\/\/www.blogsoestado.com\/danielmatos\/wp-content\/uploads\/sites\/2\/2026\/01\/1004846373.png 946w, https:\/\/www.blogsoestado.com\/danielmatos\/wp-content\/uploads\/sites\/2\/2026\/01\/1004846373-300x222.png 300w, https:\/\/www.blogsoestado.com\/danielmatos\/wp-content\/uploads\/sites\/2\/2026\/01\/1004846373-768x567.png 768w\" sizes=\"(max-width: 946px) 100vw, 946px\" \/><figcaption class=\"wp-element-caption\">O restaurante fica na Pra\u00e7a de Alimenta\u00e7\u00e3o do Shopping da Ilha, piso L3<\/figcaption><\/figure>\n\n\n\n<p>Reconhecida como uma das marcas gastron\u00f4micas mais conceituadas do Nordeste, a Dom Ferreira Forneria desembarca pela primeira vez no Maranh\u00e3o e escolhe o Shopping da Ilha, em S\u00e3o Lu\u00eds, para inaugurar sua unidade. A chegada da marca refor\u00e7a o movimento de expans\u00e3o do grupo e amplia a oferta de gastronomia de alto padr\u00e3o na capital maranhense.<\/p>\n\n\n\n<p>Refer\u00eancia em culin\u00e1ria franco-italiana com influ\u00eancia brasileira, o Dom Ferreira Forneria se destaca pela proposta que combina sofistica\u00e7\u00e3o, variedade e experi\u00eancia completa. O restaurante oferece um card\u00e1pio diversificado, com buffet de alta qualidade no almo\u00e7o, pratos \u00e0 la carte, rod\u00edzios especiais, parrilla com carnes premium, pizzas artesanais e uma carta de vinhos cuidadosamente selecionada, atendendo, desde encontros familiares, at\u00e9 momentos especiais a dois ou entre amigos.<\/p>\n\n\n\n<p>Instalado na Pra\u00e7a de Alimenta\u00e7\u00e3o do Shopping da Ilha, no piso L3, o novo restaurante amplia o mix gastron\u00f4mico do empreendimento e chega como uma op\u00e7\u00e3o diferenciada para o p\u00fablico que valoriza boa comida e experi\u00eancias marcantes. \u201cA chegada do Dom Ferreira fortalece ainda mais a nossa oferta gastron\u00f4mica, trazendo ao p\u00fablico maranhense uma marca exclusiva e reconhecida pela excel\u00eancia. Ganha o shopping e, principalmente, ganha o nosso cliente\u201d, destaca Ana Paula Taborda, gerente de marketing do Shopping da Ilha.<\/p>\n\n\n\n<p>Presente em cidades como Recife, Natal e Jaboat\u00e3o dos Guararapes, o Dom Ferreira Forneria consolida sua presen\u00e7a no Nordeste e aposta em S\u00e3o Lu\u00eds como um mercado estrat\u00e9gico. Mais do que um restaurante, a nova unidade nasce como um ponto de encontro, unindo gastronomia, conforto e atendimento de excel\u00eancia.<\/p>\n\n\n\n<p>Com 14 anos de atua\u00e7\u00e3o, o Shopping da Ilha reafirma sua posi\u00e7\u00e3o como principal centro de compras, servi\u00e7os e lazer do Maranh\u00e3o, reunindo mais de 320 opera\u00e7\u00f5es, dezenas de marcas exclusivas e recebendo mensalmente cerca de 1,2 milh\u00e3o de visitantes.<\/p>\n\n\n\n<p><strong>Sobre o Shopping da Ilha<\/strong><\/p>\n\n\n\n<p>Inaugurado h\u00e1 14 anos, o Shopping da Ilha \u00e9 o principal centro de compras, lazer e conviv\u00eancia do Maranh\u00e3o. Localizado em S\u00e3o Lu\u00eds, re\u00fane mais de 320 opera\u00e7\u00f5es, com mais de 80 marcas exclusivas no estado, entre elas Calvin Klein, Le Lis Blanc, Lacoste, Tommy Hilfiger, Nike, Farm, Tok&amp;Stok, Bodytech, Lindt, Outback Steakhouse e Camarada Camar\u00e3o, recebendo cerca de 1,2 milh\u00e3o de visitantes por m\u00eas.<\/p>\n","protected":false},"excerpt":{"rendered":"<p>Reconhecida como uma das marcas gastron\u00f4micas mais conceituadas do Nordeste, a Dom Ferreira Forneria desembarca pela primeira vez no Maranh\u00e3o [&hellip;]<\/p>\n","protected":false},"author":2,"featured_media":0,"comment_status":"open","ping_status":"open","sticky":false,"template":"","format":"standard","meta":{"site-sidebar-layout":"default","site-content-layout":"","ast-site-content-layout":"default","site-content-style":"default","site-sidebar-style":"default","ast-global-header-display":"","ast-banner-title-visibility":"","ast-main-header-display":"","ast-hfb-above-header-display":"","ast-hfb-below-header-display":"","ast-hfb-mobile-header-display":"","site-post-title":"","ast-breadcrumbs-content":"","ast-featured-img":"","footer-sml-layout":"","ast-disable-related-posts":"","theme-transparent-header-meta":"","adv-header-id-meta":"","stick-header-meta":"","header-above-stick-meta":"","header-main-stick-meta":"","header-below-stick-meta":"","astra-migrate-meta-layouts":"default","ast-page-background-enabled":"default","ast-page-background-meta":{"desktop":{"background-color":"var(--ast-global-color-5)","background-image":"","background-repeat":"repeat","background-position":"center center","background-size":"auto","background-attachment":"scroll","background-type":"","background-media":"","overlay-type":"","overlay-color":"","overlay-opacity":"","overlay-gradient":""},"tablet":{"background-color":"","background-image":"","background-repeat":"repeat","background-position":"center center","background-size":"auto","background-attachment":"scroll","background-type":"","background-media":"","overlay-type":"","overlay-color":"","overlay-opacity":"","overlay-gradient":""},"mobile":{"background-color":"","background-image":"","background-repeat":"repeat","background-position":"center center","background-size":"auto","background-attachment":"scroll","background-type":"","background-media":"","overlay-type":"","overlay-color":"","overlay-opacity":"","overlay-gradient":""}},"ast-content-background-meta":{"desktop":{"background-color":"var(--ast-global-color-4)","background-image":"","background-repeat":"repeat","background-position":"center center","background-size":"auto","background-attachment":"scroll","background-type":"","background-media":"","overlay-type":"","overlay-color":"","overlay-opacity":"","overlay-gradient":""},"tablet":{"background-color":"var(--ast-global-color-4)","background-image":"","background-repeat":"repeat","background-position":"center center","background-size":"auto","background-attachment":"scroll","background-type":"","background-media":"","overlay-type":"","overlay-color":"","overlay-opacity":"","overlay-gradient":""},"mobile":{"background-color":"var(--ast-global-color-4)","background-image":"","background-repeat":"repeat","background-position":"center center","background-size":"auto","background-attachment":"scroll","background-type":"","background-media":"","overlay-type":"","overlay-color":"","overlay-opacity":"","overlay-gradient":""}},"footnotes":""},"categories":[1],"tags":[],"class_list":["post-153835","post","type-post","status-publish","format-standard","hentry","category-sem-categoria"],"yoast_head":"<!-- This site is optimized with the Yoast SEO plugin v26.6 - https:\/\/yoast.com\/wordpress\/plugins\/seo\/ -->\n<title>Marca consagrada no Nordeste, Dom Ferreira inaugura sua primeira unidade no Maranh\u00e3o - Daniel Matos<\/title>\n<meta name=\"robots\" content=\"index, follow, max-snippet:-1, max-image-preview:large, max-video-preview:-1\" \/>\n<link rel=\"canonical\" href=\"https:\/\/www.blogsoestado.com\/danielmatos\/marca-consagrada-no-nordeste-dom-ferreira-inaugura-sua-primeira-unidade-no-maranhao\/\" \/>\n<meta property=\"og:locale\" content=\"pt_BR\" \/>\n<meta property=\"og:type\" content=\"article\" \/>\n<meta property=\"og:title\" content=\"Marca consagrada no Nordeste, Dom Ferreira inaugura sua primeira unidade no Maranh\u00e3o - Daniel Matos\" \/>\n<meta property=\"og:description\" content=\"Reconhecida como uma das marcas gastron\u00f4micas mais conceituadas do Nordeste, a Dom Ferreira Forneria desembarca pela primeira vez no Maranh\u00e3o [&hellip;]\" \/>\n<meta property=\"og:url\" content=\"https:\/\/www.blogsoestado.com\/danielmatos\/marca-consagrada-no-nordeste-dom-ferreira-inaugura-sua-primeira-unidade-no-maranhao\/\" \/>\n<meta property=\"og:site_name\" content=\"Daniel Matos\" \/>\n<meta property=\"article:published_time\" content=\"2026-01-22T09:50:08+00:00\" \/>\n<meta property=\"article:modified_time\" content=\"2026-01-22T09:50:12+00:00\" \/>\n<meta property=\"og:image\" content=\"https:\/\/www.blogsoestado.com\/danielmatos\/wp-content\/uploads\/sites\/2\/2026\/01\/1004846373.png\" \/>\n\t<meta property=\"og:image:width\" content=\"946\" \/>\n\t<meta property=\"og:image:height\" content=\"699\" \/>\n\t<meta property=\"og:image:type\" content=\"image\/png\" \/>\n<meta name=\"author\" content=\"Daniel Matos\" \/>\n<meta name=\"twitter:card\" content=\"summary_large_image\" \/>\n<meta name=\"twitter:label1\" content=\"Escrito por\" \/>\n\t<meta name=\"twitter:data1\" content=\"Daniel Matos\" \/>\n\t<meta name=\"twitter:label2\" content=\"Est. tempo de leitura\" \/>\n\t<meta name=\"twitter:data2\" content=\"3 minutos\" \/>\n<script type=\"application\/ld+json\" class=\"yoast-schema-graph\">{\"@context\":\"https:\/\/schema.org\",\"@graph\":[{\"@type\":\"WebPage\",\"@id\":\"https:\/\/www.blogsoestado.com\/danielmatos\/marca-consagrada-no-nordeste-dom-ferreira-inaugura-sua-primeira-unidade-no-maranhao\/\",\"url\":\"https:\/\/www.blogsoestado.com\/danielmatos\/marca-consagrada-no-nordeste-dom-ferreira-inaugura-sua-primeira-unidade-no-maranhao\/\",\"name\":\"Marca consagrada no Nordeste, Dom Ferreira inaugura sua primeira unidade no Maranh\u00e3o - Daniel Matos\",\"isPartOf\":{\"@id\":\"https:\/\/www.blogsoestado.com\/danielmatos\/#website\"},\"primaryImageOfPage\":{\"@id\":\"https:\/\/www.blogsoestado.com\/danielmatos\/marca-consagrada-no-nordeste-dom-ferreira-inaugura-sua-primeira-unidade-no-maranhao\/#primaryimage\"},\"image\":{\"@id\":\"https:\/\/www.blogsoestado.com\/danielmatos\/marca-consagrada-no-nordeste-dom-ferreira-inaugura-sua-primeira-unidade-no-maranhao\/#primaryimage\"},\"thumbnailUrl\":\"https:\/\/www.blogsoestado.com\/danielmatos\/wp-content\/uploads\/sites\/2\/2026\/01\/1004846373.png\",\"datePublished\":\"2026-01-22T09:50:08+00:00\",\"dateModified\":\"2026-01-22T09:50:12+00:00\",\"author\":{\"@id\":\"https:\/\/www.blogsoestado.com\/danielmatos\/#\/schema\/person\/9a209d407cd45631f131e1285b661bb0\"},\"breadcrumb\":{\"@id\":\"https:\/\/www.blogsoestado.com\/danielmatos\/marca-consagrada-no-nordeste-dom-ferreira-inaugura-sua-primeira-unidade-no-maranhao\/#breadcrumb\"},\"inLanguage\":\"pt-BR\",\"potentialAction\":[{\"@type\":\"ReadAction\",\"target\":[\"https:\/\/www.blogsoestado.com\/danielmatos\/marca-consagrada-no-nordeste-dom-ferreira-inaugura-sua-primeira-unidade-no-maranhao\/\"]}]},{\"@type\":\"ImageObject\",\"inLanguage\":\"pt-BR\",\"@id\":\"https:\/\/www.blogsoestado.com\/danielmatos\/marca-consagrada-no-nordeste-dom-ferreira-inaugura-sua-primeira-unidade-no-maranhao\/#primaryimage\",\"url\":\"https:\/\/www.blogsoestado.com\/danielmatos\/wp-content\/uploads\/sites\/2\/2026\/01\/1004846373.png\",\"contentUrl\":\"https:\/\/www.blogsoestado.com\/danielmatos\/wp-content\/uploads\/sites\/2\/2026\/01\/1004846373.png\",\"width\":946,\"height\":699},{\"@type\":\"BreadcrumbList\",\"@id\":\"https:\/\/www.blogsoestado.com\/danielmatos\/marca-consagrada-no-nordeste-dom-ferreira-inaugura-sua-primeira-unidade-no-maranhao\/#breadcrumb\",\"itemListElement\":[{\"@type\":\"ListItem\",\"position\":1,\"name\":\"In\u00edcio\",\"item\":\"https:\/\/www.blogsoestado.com\/danielmatos\/\"},{\"@type\":\"ListItem\",\"position\":2,\"name\":\"Marca consagrada no Nordeste, Dom Ferreira inaugura sua primeira unidade no Maranh\u00e3o\"}]},{\"@type\":\"WebSite\",\"@id\":\"https:\/\/www.blogsoestado.com\/danielmatos\/#website\",\"url\":\"https:\/\/www.blogsoestado.com\/danielmatos\/\",\"name\":\"Daniel Matos\",\"description\":\"\",\"potentialAction\":[{\"@type\":\"SearchAction\",\"target\":{\"@type\":\"EntryPoint\",\"urlTemplate\":\"https:\/\/www.blogsoestado.com\/danielmatos\/?s={search_term_string}\"},\"query-input\":{\"@type\":\"PropertyValueSpecification\",\"valueRequired\":true,\"valueName\":\"search_term_string\"}}],\"inLanguage\":\"pt-BR\"},{\"@type\":\"Person\",\"@id\":\"https:\/\/www.blogsoestado.com\/danielmatos\/#\/schema\/person\/9a209d407cd45631f131e1285b661bb0\",\"name\":\"Daniel Matos\",\"image\":{\"@type\":\"ImageObject\",\"inLanguage\":\"pt-BR\",\"@id\":\"https:\/\/www.blogsoestado.com\/danielmatos\/#\/schema\/person\/image\/\",\"url\":\"https:\/\/secure.gravatar.com\/avatar\/2f26c36ee355da19a257f0dfef43952a2588b324ca35d6719e859fe338ac0392?s=96&d=mm&r=g\",\"contentUrl\":\"https:\/\/secure.gravatar.com\/avatar\/2f26c36ee355da19a257f0dfef43952a2588b324ca35d6719e859fe338ac0392?s=96&d=mm&r=g\",\"caption\":\"Daniel Matos\"},\"url\":\"https:\/\/www.blogsoestado.com\/danielmatos\/author\/danielmatos\/\"}]}<\/script>\n<!-- \/ Yoast SEO plugin. -->","yoast_head_json":{"title":"Marca consagrada no Nordeste, Dom Ferreira inaugura sua primeira unidade no Maranh\u00e3o - Daniel Matos","robots":{"index":"index","follow":"follow","max-snippet":"max-snippet:-1","max-image-preview":"max-image-preview:large","max-video-preview":"max-video-preview:-1"},"canonical":"https:\/\/www.blogsoestado.com\/danielmatos\/marca-consagrada-no-nordeste-dom-ferreira-inaugura-sua-primeira-unidade-no-maranhao\/","og_locale":"pt_BR","og_type":"article","og_title":"Marca consagrada no Nordeste, Dom Ferreira inaugura sua primeira unidade no Maranh\u00e3o - Daniel Matos","og_description":"Reconhecida como uma das marcas gastron\u00f4micas mais conceituadas do Nordeste, a Dom Ferreira Forneria desembarca pela primeira vez no Maranh\u00e3o [&hellip;]","og_url":"https:\/\/www.blogsoestado.com\/danielmatos\/marca-consagrada-no-nordeste-dom-ferreira-inaugura-sua-primeira-unidade-no-maranhao\/","og_site_name":"Daniel Matos","article_published_time":"2026-01-22T09:50:08+00:00","article_modified_time":"2026-01-22T09:50:12+00:00","og_image":[{"width":946,"height":699,"url":"https:\/\/www.blogsoestado.com\/danielmatos\/wp-content\/uploads\/sites\/2\/2026\/01\/1004846373.png","type":"image\/png"}],"author":"Daniel Matos","twitter_card":"summary_large_image","twitter_misc":{"Escrito por":"Daniel Matos","Est. tempo de leitura":"3 minutos"},"schema":{"@context":"https:\/\/schema.org","@graph":[{"@type":"WebPage","@id":"https:\/\/www.blogsoestado.com\/danielmatos\/marca-consagrada-no-nordeste-dom-ferreira-inaugura-sua-primeira-unidade-no-maranhao\/","url":"https:\/\/www.blogsoestado.com\/danielmatos\/marca-consagrada-no-nordeste-dom-ferreira-inaugura-sua-primeira-unidade-no-maranhao\/","name":"Marca consagrada no Nordeste, Dom Ferreira inaugura sua primeira unidade no Maranh\u00e3o - Daniel Matos","isPartOf":{"@id":"https:\/\/www.blogsoestado.com\/danielmatos\/#website"},"primaryImageOfPage":{"@id":"https:\/\/www.blogsoestado.com\/danielmatos\/marca-consagrada-no-nordeste-dom-ferreira-inaugura-sua-primeira-unidade-no-maranhao\/#primaryimage"},"image":{"@id":"https:\/\/www.blogsoestado.com\/danielmatos\/marca-consagrada-no-nordeste-dom-ferreira-inaugura-sua-primeira-unidade-no-maranhao\/#primaryimage"},"thumbnailUrl":"https:\/\/www.blogsoestado.com\/danielmatos\/wp-content\/uploads\/sites\/2\/2026\/01\/1004846373.png","datePublished":"2026-01-22T09:50:08+00:00","dateModified":"2026-01-22T09:50:12+00:00","author":{"@id":"https:\/\/www.blogsoestado.com\/danielmatos\/#\/schema\/person\/9a209d407cd45631f131e1285b661bb0"},"breadcrumb":{"@id":"https:\/\/www.blogsoestado.com\/danielmatos\/marca-consagrada-no-nordeste-dom-ferreira-inaugura-sua-primeira-unidade-no-maranhao\/#breadcrumb"},"inLanguage":"pt-BR","potentialAction":[{"@type":"ReadAction","target":["https:\/\/www.blogsoestado.com\/danielmatos\/marca-consagrada-no-nordeste-dom-ferreira-inaugura-sua-primeira-unidade-no-maranhao\/"]}]},{"@type":"ImageObject","inLanguage":"pt-BR","@id":"https:\/\/www.blogsoestado.com\/danielmatos\/marca-consagrada-no-nordeste-dom-ferreira-inaugura-sua-primeira-unidade-no-maranhao\/#primaryimage","url":"https:\/\/www.blogsoestado.com\/danielmatos\/wp-content\/uploads\/sites\/2\/2026\/01\/1004846373.png","contentUrl":"https:\/\/www.blogsoestado.com\/danielmatos\/wp-content\/uploads\/sites\/2\/2026\/01\/1004846373.png","width":946,"height":699},{"@type":"BreadcrumbList","@id":"https:\/\/www.blogsoestado.com\/danielmatos\/marca-consagrada-no-nordeste-dom-ferreira-inaugura-sua-primeira-unidade-no-maranhao\/#breadcrumb","itemListElement":[{"@type":"ListItem","position":1,"name":"In\u00edcio","item":"https:\/\/www.blogsoestado.com\/danielmatos\/"},{"@type":"ListItem","position":2,"name":"Marca consagrada no Nordeste, Dom Ferreira inaugura sua primeira unidade no Maranh\u00e3o"}]},{"@type":"WebSite","@id":"https:\/\/www.blogsoestado.com\/danielmatos\/#website","url":"https:\/\/www.blogsoestado.com\/danielmatos\/","name":"Daniel Matos","description":"","potentialAction":[{"@type":"SearchAction","target":{"@type":"EntryPoint","urlTemplate":"https:\/\/www.blogsoestado.com\/danielmatos\/?s={search_term_string}"},"query-input":{"@type":"PropertyValueSpecification","valueRequired":true,"valueName":"search_term_string"}}],"inLanguage":"pt-BR"},{"@type":"Person","@id":"https:\/\/www.blogsoestado.com\/danielmatos\/#\/schema\/person\/9a209d407cd45631f131e1285b661bb0","name":"Daniel Matos","image":{"@type":"ImageObject","inLanguage":"pt-BR","@id":"https:\/\/www.blogsoestado.com\/danielmatos\/#\/schema\/person\/image\/","url":"https:\/\/secure.gravatar.com\/avatar\/2f26c36ee355da19a257f0dfef43952a2588b324ca35d6719e859fe338ac0392?s=96&d=mm&r=g","contentUrl":"https:\/\/secure.gravatar.com\/avatar\/2f26c36ee355da19a257f0dfef43952a2588b324ca35d6719e859fe338ac0392?s=96&d=mm&r=g","caption":"Daniel Matos"},"url":"https:\/\/www.blogsoestado.com\/danielmatos\/author\/danielmatos\/"}]}},"jetpack_featured_media_url":"","_links":{"self":[{"href":"https:\/\/www.blogsoestado.com\/danielmatos\/wp-json\/wp\/v2\/posts\/153835","targetHints":{"allow":["GET"]}}],"collection":[{"href":"https:\/\/www.blogsoestado.com\/danielmatos\/wp-json\/wp\/v2\/posts"}],"about":[{"href":"https:\/\/www.blogsoestado.com\/danielmatos\/wp-json\/wp\/v2\/types\/post"}],"author":[{"embeddable":true,"href":"https:\/\/www.blogsoestado.com\/danielmatos\/wp-json\/wp\/v2\/users\/2"}],"replies":[{"embeddable":true,"href":"https:\/\/www.blogsoestado.com\/danielmatos\/wp-json\/wp\/v2\/comments?post=153835"}],"version-history":[{"count":1,"href":"https:\/\/www.blogsoestado.com\/danielmatos\/wp-json\/wp\/v2\/posts\/153835\/revisions"}],"predecessor-version":[{"id":153837,"href":"https:\/\/www.blogsoestado.com\/danielmatos\/wp-json\/wp\/v2\/posts\/153835\/revisions\/153837"}],"wp:attachment":[{"href":"https:\/\/www.blogsoestado.com\/danielmatos\/wp-json\/wp\/v2\/media?parent=153835"}],"wp:term":[{"taxonomy":"category","embeddable":true,"href":"https:\/\/www.blogsoestado.com\/danielmatos\/wp-json\/wp\/v2\/categories?post=153835"},{"taxonomy":"post_tag","embeddable":true,"href":"https:\/\/www.blogsoestado.com\/danielmatos\/wp-json\/wp\/v2\/tags?post=153835"}],"curies":[{"name":"wp","href":"https:\/\/api.w.org\/{rel}","templated":true}]}}