{"id":153853,"date":"2026-01-22T11:35:54","date_gmt":"2026-01-22T14:35:54","guid":{"rendered":"https:\/\/www.blogsoestado.com\/danielmatos\/?p=153853"},"modified":"2026-01-22T11:35:59","modified_gmt":"2026-01-22T14:35:59","slug":"tjma-julga-nesta-sexta-23-1-pedido-de-intervencao-estadual-no-municipio-de-turilandia","status":"publish","type":"post","link":"https:\/\/www.blogsoestado.com\/danielmatos\/tjma-julga-nesta-sexta-23-1-pedido-de-intervencao-estadual-no-municipio-de-turilandia\/","title":{"rendered":"TJMA julga nesta sexta (23\/1) pedido de interven\u00e7\u00e3o estadual no munic\u00edpio de Turil\u00e2ndia"},"content":{"rendered":"\n<figure class=\"wp-block-image aligncenter size-full\"><img fetchpriority=\"high\" decoding=\"async\" width=\"800\" height=\"532\" src=\"https:\/\/www.blogsoestado.com\/danielmatos\/wp-content\/uploads\/sites\/2\/2026\/01\/1004848632.jpg\" alt=\"\" class=\"wp-image-153854\" srcset=\"https:\/\/www.blogsoestado.com\/danielmatos\/wp-content\/uploads\/sites\/2\/2026\/01\/1004848632.jpg 800w, https:\/\/www.blogsoestado.com\/danielmatos\/wp-content\/uploads\/sites\/2\/2026\/01\/1004848632-300x200.jpg 300w, https:\/\/www.blogsoestado.com\/danielmatos\/wp-content\/uploads\/sites\/2\/2026\/01\/1004848632-768x511.jpg 768w\" sizes=\"(max-width: 800px) 100vw, 800px\" \/><figcaption class=\"wp-element-caption\">Pal\u00e1cio Cl\u00f3vis Bevil\u00e1qua, sede do Tribunal de Justi\u00e7a do Maranh\u00e3o <\/figcaption><\/figure>\n\n\n\n<p>O Tribunal de Justi\u00e7a do Maranh\u00e3o (TJMA), designou para esta sexta-feira (23\/1),&nbsp;<a href=\"https:\/\/novogerenciador.tjma.jus.br\/storage\/arquivos\/ascom_tjma\/pauta_da_sessao_extraordinaria_presencial_da_secao_de_direito_publico_23_01_26_20_01_2026_12_20_10.pdf\" target=\"_blank\" rel=\"noreferrer noopener\">Sess\u00e3o Extraordin\u00e1ria Presencial da Se\u00e7\u00e3o de Direito P\u00fablico<\/a>, pautando o julgamento da Representa\u00e7\u00e3o para Interven\u00e7\u00e3o Estadual proposta pelo Minist\u00e9rio P\u00fablico Estadual perante o Munic\u00edpio de Turil\u00e2ndia. A sess\u00e3o acontece&nbsp;<strong>\u00e0s 9h, na Sala do Pleninho, na sede do TJMA (Pra\u00e7a D. Pedro II, s\/n., Centro, segundo andar)<\/strong>.<\/p>\n\n\n\n<p>A representa\u00e7\u00e3o tem como relator o desembargador Gerv\u00e1sio Prot\u00e1sio dos Santos.&nbsp;<\/p>\n\n\n\n<p>Em despacho, o magistrado solicitou a designa\u00e7\u00e3o de sess\u00e3o extraordin\u00e1ria para aprecia\u00e7\u00e3o da Representa\u00e7\u00e3o do Minist\u00e9rio P\u00fablico, por meio do procurador-geral de Justi\u00e7a, que objetiva a interven\u00e7\u00e3o estadual no Munic\u00edpio de Turil\u00e2ndia, em raz\u00e3o da necessidade de restabelecimento da normalidade constitucional no referido ente federativo.&nbsp;<\/p>\n\n\n\n<p><a href=\"https:\/\/youtu.be\/_eQUq7JwYZQ\" target=\"_blank\" rel=\"noreferrer noopener\">A sess\u00e3o ser\u00e1 transmitida ao vivo no canal do TJMA no Youtube<\/a>.<\/p>\n","protected":false},"excerpt":{"rendered":"<p>O Tribunal de Justi\u00e7a do Maranh\u00e3o (TJMA), designou para esta sexta-feira (23\/1),&nbsp;Sess\u00e3o Extraordin\u00e1ria Presencial da Se\u00e7\u00e3o de Direito P\u00fablico, pautando [&hellip;]<\/p>\n","protected":false},"author":2,"featured_media":0,"comment_status":"open","ping_status":"open","sticky":false,"template":"","format":"standard","meta":{"site-sidebar-layout":"default","site-content-layout":"","ast-site-content-layout":"default","site-content-style":"default","site-sidebar-style":"default","ast-global-header-display":"","ast-banner-title-visibility":"","ast-main-header-display":"","ast-hfb-above-header-display":"","ast-hfb-below-header-display":"","ast-hfb-mobile-header-display":"","site-post-title":"","ast-breadcrumbs-content":"","ast-featured-img":"","footer-sml-layout":"","ast-disable-related-posts":"","theme-transparent-header-meta":"","adv-header-id-meta":"","stick-header-meta":"","header-above-stick-meta":"","header-main-stick-meta":"","header-below-stick-meta":"","astra-migrate-meta-layouts":"default","ast-page-background-enabled":"default","ast-page-background-meta":{"desktop":{"background-color":"var(--ast-global-color-5)","background-image":"","background-repeat":"repeat","background-position":"center center","background-size":"auto","background-attachment":"scroll","background-type":"","background-media":"","overlay-type":"","overlay-color":"","overlay-opacity":"","overlay-gradient":""},"tablet":{"background-color":"","background-image":"","background-repeat":"repeat","background-position":"center center","background-size":"auto","background-attachment":"scroll","background-type":"","background-media":"","overlay-type":"","overlay-color":"","overlay-opacity":"","overlay-gradient":""},"mobile":{"background-color":"","background-image":"","background-repeat":"repeat","background-position":"center center","background-size":"auto","background-attachment":"scroll","background-type":"","background-media":"","overlay-type":"","overlay-color":"","overlay-opacity":"","overlay-gradient":""}},"ast-content-background-meta":{"desktop":{"background-color":"var(--ast-global-color-4)","background-image":"","background-repeat":"repeat","background-position":"center center","background-size":"auto","background-attachment":"scroll","background-type":"","background-media":"","overlay-type":"","overlay-color":"","overlay-opacity":"","overlay-gradient":""},"tablet":{"background-color":"var(--ast-global-color-4)","background-image":"","background-repeat":"repeat","background-position":"center center","background-size":"auto","background-attachment":"scroll","background-type":"","background-media":"","overlay-type":"","overlay-color":"","overlay-opacity":"","overlay-gradient":""},"mobile":{"background-color":"var(--ast-global-color-4)","background-image":"","background-repeat":"repeat","background-position":"center center","background-size":"auto","background-attachment":"scroll","background-type":"","background-media":"","overlay-type":"","overlay-color":"","overlay-opacity":"","overlay-gradient":""}},"footnotes":""},"categories":[1],"tags":[],"class_list":["post-153853","post","type-post","status-publish","format-standard","hentry","category-sem-categoria"],"yoast_head":"<!-- This site is optimized with the Yoast SEO plugin v26.6 - https:\/\/yoast.com\/wordpress\/plugins\/seo\/ -->\n<title>TJMA julga nesta sexta (23\/1) pedido de interven\u00e7\u00e3o estadual no munic\u00edpio de Turil\u00e2ndia - Daniel Matos<\/title>\n<meta name=\"robots\" content=\"index, follow, max-snippet:-1, max-image-preview:large, max-video-preview:-1\" \/>\n<link rel=\"canonical\" href=\"https:\/\/www.blogsoestado.com\/danielmatos\/tjma-julga-nesta-sexta-23-1-pedido-de-intervencao-estadual-no-municipio-de-turilandia\/\" \/>\n<meta property=\"og:locale\" content=\"pt_BR\" \/>\n<meta property=\"og:type\" content=\"article\" \/>\n<meta property=\"og:title\" content=\"TJMA julga nesta sexta (23\/1) pedido de interven\u00e7\u00e3o estadual no munic\u00edpio de Turil\u00e2ndia - Daniel Matos\" \/>\n<meta property=\"og:description\" content=\"O Tribunal de Justi\u00e7a do Maranh\u00e3o (TJMA), designou para esta sexta-feira (23\/1),&nbsp;Sess\u00e3o Extraordin\u00e1ria Presencial da Se\u00e7\u00e3o de Direito P\u00fablico, pautando [&hellip;]\" \/>\n<meta property=\"og:url\" content=\"https:\/\/www.blogsoestado.com\/danielmatos\/tjma-julga-nesta-sexta-23-1-pedido-de-intervencao-estadual-no-municipio-de-turilandia\/\" \/>\n<meta property=\"og:site_name\" content=\"Daniel Matos\" \/>\n<meta property=\"article:published_time\" content=\"2026-01-22T14:35:54+00:00\" \/>\n<meta property=\"article:modified_time\" content=\"2026-01-22T14:35:59+00:00\" \/>\n<meta property=\"og:image\" content=\"https:\/\/www.blogsoestado.com\/danielmatos\/wp-content\/uploads\/sites\/2\/2026\/01\/1004848632.jpg\" \/>\n\t<meta property=\"og:image:width\" content=\"800\" \/>\n\t<meta property=\"og:image:height\" content=\"532\" \/>\n\t<meta property=\"og:image:type\" content=\"image\/jpeg\" \/>\n<meta name=\"author\" content=\"Daniel Matos\" \/>\n<meta name=\"twitter:card\" content=\"summary_large_image\" \/>\n<meta name=\"twitter:label1\" content=\"Escrito por\" \/>\n\t<meta name=\"twitter:data1\" content=\"Daniel Matos\" \/>\n\t<meta name=\"twitter:label2\" content=\"Est. tempo de leitura\" \/>\n\t<meta name=\"twitter:data2\" content=\"1 minuto\" \/>\n<script type=\"application\/ld+json\" class=\"yoast-schema-graph\">{\"@context\":\"https:\/\/schema.org\",\"@graph\":[{\"@type\":\"WebPage\",\"@id\":\"https:\/\/www.blogsoestado.com\/danielmatos\/tjma-julga-nesta-sexta-23-1-pedido-de-intervencao-estadual-no-municipio-de-turilandia\/\",\"url\":\"https:\/\/www.blogsoestado.com\/danielmatos\/tjma-julga-nesta-sexta-23-1-pedido-de-intervencao-estadual-no-municipio-de-turilandia\/\",\"name\":\"TJMA julga nesta sexta (23\/1) pedido de interven\u00e7\u00e3o estadual no munic\u00edpio de Turil\u00e2ndia - Daniel Matos\",\"isPartOf\":{\"@id\":\"https:\/\/www.blogsoestado.com\/danielmatos\/#website\"},\"primaryImageOfPage\":{\"@id\":\"https:\/\/www.blogsoestado.com\/danielmatos\/tjma-julga-nesta-sexta-23-1-pedido-de-intervencao-estadual-no-municipio-de-turilandia\/#primaryimage\"},\"image\":{\"@id\":\"https:\/\/www.blogsoestado.com\/danielmatos\/tjma-julga-nesta-sexta-23-1-pedido-de-intervencao-estadual-no-municipio-de-turilandia\/#primaryimage\"},\"thumbnailUrl\":\"https:\/\/www.blogsoestado.com\/danielmatos\/wp-content\/uploads\/sites\/2\/2026\/01\/1004848632.jpg\",\"datePublished\":\"2026-01-22T14:35:54+00:00\",\"dateModified\":\"2026-01-22T14:35:59+00:00\",\"author\":{\"@id\":\"https:\/\/www.blogsoestado.com\/danielmatos\/#\/schema\/person\/9a209d407cd45631f131e1285b661bb0\"},\"breadcrumb\":{\"@id\":\"https:\/\/www.blogsoestado.com\/danielmatos\/tjma-julga-nesta-sexta-23-1-pedido-de-intervencao-estadual-no-municipio-de-turilandia\/#breadcrumb\"},\"inLanguage\":\"pt-BR\",\"potentialAction\":[{\"@type\":\"ReadAction\",\"target\":[\"https:\/\/www.blogsoestado.com\/danielmatos\/tjma-julga-nesta-sexta-23-1-pedido-de-intervencao-estadual-no-municipio-de-turilandia\/\"]}]},{\"@type\":\"ImageObject\",\"inLanguage\":\"pt-BR\",\"@id\":\"https:\/\/www.blogsoestado.com\/danielmatos\/tjma-julga-nesta-sexta-23-1-pedido-de-intervencao-estadual-no-municipio-de-turilandia\/#primaryimage\",\"url\":\"https:\/\/www.blogsoestado.com\/danielmatos\/wp-content\/uploads\/sites\/2\/2026\/01\/1004848632.jpg\",\"contentUrl\":\"https:\/\/www.blogsoestado.com\/danielmatos\/wp-content\/uploads\/sites\/2\/2026\/01\/1004848632.jpg\",\"width\":800,\"height\":532},{\"@type\":\"BreadcrumbList\",\"@id\":\"https:\/\/www.blogsoestado.com\/danielmatos\/tjma-julga-nesta-sexta-23-1-pedido-de-intervencao-estadual-no-municipio-de-turilandia\/#breadcrumb\",\"itemListElement\":[{\"@type\":\"ListItem\",\"position\":1,\"name\":\"In\u00edcio\",\"item\":\"https:\/\/www.blogsoestado.com\/danielmatos\/\"},{\"@type\":\"ListItem\",\"position\":2,\"name\":\"TJMA julga nesta sexta (23\/1) pedido de interven\u00e7\u00e3o estadual no munic\u00edpio de Turil\u00e2ndia\"}]},{\"@type\":\"WebSite\",\"@id\":\"https:\/\/www.blogsoestado.com\/danielmatos\/#website\",\"url\":\"https:\/\/www.blogsoestado.com\/danielmatos\/\",\"name\":\"Daniel Matos\",\"description\":\"\",\"potentialAction\":[{\"@type\":\"SearchAction\",\"target\":{\"@type\":\"EntryPoint\",\"urlTemplate\":\"https:\/\/www.blogsoestado.com\/danielmatos\/?s={search_term_string}\"},\"query-input\":{\"@type\":\"PropertyValueSpecification\",\"valueRequired\":true,\"valueName\":\"search_term_string\"}}],\"inLanguage\":\"pt-BR\"},{\"@type\":\"Person\",\"@id\":\"https:\/\/www.blogsoestado.com\/danielmatos\/#\/schema\/person\/9a209d407cd45631f131e1285b661bb0\",\"name\":\"Daniel Matos\",\"image\":{\"@type\":\"ImageObject\",\"inLanguage\":\"pt-BR\",\"@id\":\"https:\/\/www.blogsoestado.com\/danielmatos\/#\/schema\/person\/image\/\",\"url\":\"https:\/\/secure.gravatar.com\/avatar\/2f26c36ee355da19a257f0dfef43952a2588b324ca35d6719e859fe338ac0392?s=96&d=mm&r=g\",\"contentUrl\":\"https:\/\/secure.gravatar.com\/avatar\/2f26c36ee355da19a257f0dfef43952a2588b324ca35d6719e859fe338ac0392?s=96&d=mm&r=g\",\"caption\":\"Daniel Matos\"},\"url\":\"https:\/\/www.blogsoestado.com\/danielmatos\/author\/danielmatos\/\"}]}<\/script>\n<!-- \/ Yoast SEO plugin. -->","yoast_head_json":{"title":"TJMA julga nesta sexta (23\/1) pedido de interven\u00e7\u00e3o estadual no munic\u00edpio de Turil\u00e2ndia - Daniel Matos","robots":{"index":"index","follow":"follow","max-snippet":"max-snippet:-1","max-image-preview":"max-image-preview:large","max-video-preview":"max-video-preview:-1"},"canonical":"https:\/\/www.blogsoestado.com\/danielmatos\/tjma-julga-nesta-sexta-23-1-pedido-de-intervencao-estadual-no-municipio-de-turilandia\/","og_locale":"pt_BR","og_type":"article","og_title":"TJMA julga nesta sexta (23\/1) pedido de interven\u00e7\u00e3o estadual no munic\u00edpio de Turil\u00e2ndia - Daniel Matos","og_description":"O Tribunal de Justi\u00e7a do Maranh\u00e3o (TJMA), designou para esta sexta-feira (23\/1),&nbsp;Sess\u00e3o Extraordin\u00e1ria Presencial da Se\u00e7\u00e3o de Direito P\u00fablico, pautando [&hellip;]","og_url":"https:\/\/www.blogsoestado.com\/danielmatos\/tjma-julga-nesta-sexta-23-1-pedido-de-intervencao-estadual-no-municipio-de-turilandia\/","og_site_name":"Daniel Matos","article_published_time":"2026-01-22T14:35:54+00:00","article_modified_time":"2026-01-22T14:35:59+00:00","og_image":[{"width":800,"height":532,"url":"https:\/\/www.blogsoestado.com\/danielmatos\/wp-content\/uploads\/sites\/2\/2026\/01\/1004848632.jpg","type":"image\/jpeg"}],"author":"Daniel Matos","twitter_card":"summary_large_image","twitter_misc":{"Escrito por":"Daniel Matos","Est. tempo de leitura":"1 minuto"},"schema":{"@context":"https:\/\/schema.org","@graph":[{"@type":"WebPage","@id":"https:\/\/www.blogsoestado.com\/danielmatos\/tjma-julga-nesta-sexta-23-1-pedido-de-intervencao-estadual-no-municipio-de-turilandia\/","url":"https:\/\/www.blogsoestado.com\/danielmatos\/tjma-julga-nesta-sexta-23-1-pedido-de-intervencao-estadual-no-municipio-de-turilandia\/","name":"TJMA julga nesta sexta (23\/1) pedido de interven\u00e7\u00e3o estadual no munic\u00edpio de Turil\u00e2ndia - Daniel Matos","isPartOf":{"@id":"https:\/\/www.blogsoestado.com\/danielmatos\/#website"},"primaryImageOfPage":{"@id":"https:\/\/www.blogsoestado.com\/danielmatos\/tjma-julga-nesta-sexta-23-1-pedido-de-intervencao-estadual-no-municipio-de-turilandia\/#primaryimage"},"image":{"@id":"https:\/\/www.blogsoestado.com\/danielmatos\/tjma-julga-nesta-sexta-23-1-pedido-de-intervencao-estadual-no-municipio-de-turilandia\/#primaryimage"},"thumbnailUrl":"https:\/\/www.blogsoestado.com\/danielmatos\/wp-content\/uploads\/sites\/2\/2026\/01\/1004848632.jpg","datePublished":"2026-01-22T14:35:54+00:00","dateModified":"2026-01-22T14:35:59+00:00","author":{"@id":"https:\/\/www.blogsoestado.com\/danielmatos\/#\/schema\/person\/9a209d407cd45631f131e1285b661bb0"},"breadcrumb":{"@id":"https:\/\/www.blogsoestado.com\/danielmatos\/tjma-julga-nesta-sexta-23-1-pedido-de-intervencao-estadual-no-municipio-de-turilandia\/#breadcrumb"},"inLanguage":"pt-BR","potentialAction":[{"@type":"ReadAction","target":["https:\/\/www.blogsoestado.com\/danielmatos\/tjma-julga-nesta-sexta-23-1-pedido-de-intervencao-estadual-no-municipio-de-turilandia\/"]}]},{"@type":"ImageObject","inLanguage":"pt-BR","@id":"https:\/\/www.blogsoestado.com\/danielmatos\/tjma-julga-nesta-sexta-23-1-pedido-de-intervencao-estadual-no-municipio-de-turilandia\/#primaryimage","url":"https:\/\/www.blogsoestado.com\/danielmatos\/wp-content\/uploads\/sites\/2\/2026\/01\/1004848632.jpg","contentUrl":"https:\/\/www.blogsoestado.com\/danielmatos\/wp-content\/uploads\/sites\/2\/2026\/01\/1004848632.jpg","width":800,"height":532},{"@type":"BreadcrumbList","@id":"https:\/\/www.blogsoestado.com\/danielmatos\/tjma-julga-nesta-sexta-23-1-pedido-de-intervencao-estadual-no-municipio-de-turilandia\/#breadcrumb","itemListElement":[{"@type":"ListItem","position":1,"name":"In\u00edcio","item":"https:\/\/www.blogsoestado.com\/danielmatos\/"},{"@type":"ListItem","position":2,"name":"TJMA julga nesta sexta (23\/1) pedido de interven\u00e7\u00e3o estadual no munic\u00edpio de Turil\u00e2ndia"}]},{"@type":"WebSite","@id":"https:\/\/www.blogsoestado.com\/danielmatos\/#website","url":"https:\/\/www.blogsoestado.com\/danielmatos\/","name":"Daniel Matos","description":"","potentialAction":[{"@type":"SearchAction","target":{"@type":"EntryPoint","urlTemplate":"https:\/\/www.blogsoestado.com\/danielmatos\/?s={search_term_string}"},"query-input":{"@type":"PropertyValueSpecification","valueRequired":true,"valueName":"search_term_string"}}],"inLanguage":"pt-BR"},{"@type":"Person","@id":"https:\/\/www.blogsoestado.com\/danielmatos\/#\/schema\/person\/9a209d407cd45631f131e1285b661bb0","name":"Daniel Matos","image":{"@type":"ImageObject","inLanguage":"pt-BR","@id":"https:\/\/www.blogsoestado.com\/danielmatos\/#\/schema\/person\/image\/","url":"https:\/\/secure.gravatar.com\/avatar\/2f26c36ee355da19a257f0dfef43952a2588b324ca35d6719e859fe338ac0392?s=96&d=mm&r=g","contentUrl":"https:\/\/secure.gravatar.com\/avatar\/2f26c36ee355da19a257f0dfef43952a2588b324ca35d6719e859fe338ac0392?s=96&d=mm&r=g","caption":"Daniel Matos"},"url":"https:\/\/www.blogsoestado.com\/danielmatos\/author\/danielmatos\/"}]}},"jetpack_featured_media_url":"","_links":{"self":[{"href":"https:\/\/www.blogsoestado.com\/danielmatos\/wp-json\/wp\/v2\/posts\/153853","targetHints":{"allow":["GET"]}}],"collection":[{"href":"https:\/\/www.blogsoestado.com\/danielmatos\/wp-json\/wp\/v2\/posts"}],"about":[{"href":"https:\/\/www.blogsoestado.com\/danielmatos\/wp-json\/wp\/v2\/types\/post"}],"author":[{"embeddable":true,"href":"https:\/\/www.blogsoestado.com\/danielmatos\/wp-json\/wp\/v2\/users\/2"}],"replies":[{"embeddable":true,"href":"https:\/\/www.blogsoestado.com\/danielmatos\/wp-json\/wp\/v2\/comments?post=153853"}],"version-history":[{"count":1,"href":"https:\/\/www.blogsoestado.com\/danielmatos\/wp-json\/wp\/v2\/posts\/153853\/revisions"}],"predecessor-version":[{"id":153855,"href":"https:\/\/www.blogsoestado.com\/danielmatos\/wp-json\/wp\/v2\/posts\/153853\/revisions\/153855"}],"wp:attachment":[{"href":"https:\/\/www.blogsoestado.com\/danielmatos\/wp-json\/wp\/v2\/media?parent=153853"}],"wp:term":[{"taxonomy":"category","embeddable":true,"href":"https:\/\/www.blogsoestado.com\/danielmatos\/wp-json\/wp\/v2\/categories?post=153853"},{"taxonomy":"post_tag","embeddable":true,"href":"https:\/\/www.blogsoestado.com\/danielmatos\/wp-json\/wp\/v2\/tags?post=153853"}],"curies":[{"name":"wp","href":"https:\/\/api.w.org\/{rel}","templated":true}]}}