{"id":155179,"date":"2026-03-01T10:25:26","date_gmt":"2026-03-01T13:25:26","guid":{"rendered":"https:\/\/www.blogsoestado.com\/danielmatos\/?p=155179"},"modified":"2026-03-01T10:25:37","modified_gmt":"2026-03-01T13:25:37","slug":"governo-do-maranhao-inicia-obras-de-pavimentacao-em-ruas-e-avenidas-de-sao-jose-de-ribamar","status":"publish","type":"post","link":"https:\/\/www.blogsoestado.com\/danielmatos\/governo-do-maranhao-inicia-obras-de-pavimentacao-em-ruas-e-avenidas-de-sao-jose-de-ribamar\/","title":{"rendered":"Governo do Maranh\u00e3o inicia obras de pavimenta\u00e7\u00e3o em ruas e avenidas de S\u00e3o Jos\u00e9 de Ribamar"},"content":{"rendered":"\n<figure class=\"wp-block-image aligncenter size-large\"><img fetchpriority=\"high\" decoding=\"async\" width=\"1024\" height=\"701\" src=\"https:\/\/www.blogsoestado.com\/danielmatos\/wp-content\/uploads\/sites\/2\/2026\/03\/1005122560-1024x701.jpg\" alt=\"\" class=\"wp-image-155180\" srcset=\"https:\/\/www.blogsoestado.com\/danielmatos\/wp-content\/uploads\/sites\/2\/2026\/03\/1005122560-1024x701.jpg 1024w, https:\/\/www.blogsoestado.com\/danielmatos\/wp-content\/uploads\/sites\/2\/2026\/03\/1005122560-300x205.jpg 300w, https:\/\/www.blogsoestado.com\/danielmatos\/wp-content\/uploads\/sites\/2\/2026\/03\/1005122560-768x526.jpg 768w, https:\/\/www.blogsoestado.com\/danielmatos\/wp-content\/uploads\/sites\/2\/2026\/03\/1005122560.jpg 1280w\" sizes=\"(max-width: 1024px) 100vw, 1024px\" \/><figcaption class=\"wp-element-caption\">Representantes do Governo do Estado no lan\u00e7amento das obras em S\u00e3o Jos\u00e9 de Ribamar<\/figcaption><\/figure>\n\n\n\n<p> O compromisso da gest\u00e3o estadual com a infraestrutura vi\u00e1ria \u00e9 um dos objetivos principais da agenda municipalista do Governo do Maranh\u00e3o, que iniciou\u00a0nessa\u00a0quarta-feira (25), com o programa de pavimenta\u00e7\u00e3o de ruas e avenidas de S\u00e3o Jos\u00e9 de Ribamar.<\/p>\n\n\n\n<p>A iniciativa integra o maior pacote de investimentos em infraestrutura vi\u00e1ria j\u00e1 executado pelo Governo do Estado na cidade e foi realizada nos bairros do Alto do Turu e Parque Jair.<\/p>\n\n\n\n<p>Na cerim\u00f4nia de lan\u00e7amento das obras, estiveram presentes: o secret\u00e1rio Extraordin\u00e1rio de Assuntos Municipalistas (Seam), Orleans Brand\u00e3o; o secret\u00e1rio de Governo (Segov), M\u00e1rcio Machado; o secret\u00e1rio-geral da Governadoria (SAG), Lu\u00eds Fernando; entre outros representantes.<\/p>\n\n\n\n<p>O secret\u00e1rio M\u00e1rcio Machado destacou que a pavimenta\u00e7\u00e3o em blocos de concreto visa garantir ruas mais organizadas, seguras e com melhor acesso para moradores e comerciantes, e refor\u00e7ou que \u00e9 um investimento hist\u00f3rico com foco na transforma\u00e7\u00e3o da cidade e em elevar a qualidade de vida da popula\u00e7\u00e3o.<\/p>\n\n\n\n<p>\u201c\u00c9 com muita felicidade poder perceber o avan\u00e7o da agenda municipalista do Governo do Maranh\u00e3o, com esta importante obra em S\u00e3o Jos\u00e9 de Ribamar. \u00c9 um dia hist\u00f3rico para a cidade, que agora conta com mais uma grande transforma\u00e7\u00e3o da nossa gest\u00e3o estadual\u201d, pontuou M\u00e1rcio Machado.<\/p>\n\n\n\n<p>\u201cAssumimos esse grande compromisso com S\u00e3o Jos\u00e9 de Ribamar em fazermos uma grande obra no eixo de infraestrutura. E trazer essa pavimenta\u00e7\u00e3o \u00e9 entender o qu\u00e3o ela \u00e9 importante para o munic\u00edpio e para sua popula\u00e7\u00e3o. Temos certeza de que a cidade vive um novo momento com mais esta importante obra do governador Carlos Brand\u00e3o\u201d, destacou o secret\u00e1rio Orleans Brand\u00e3o. \u201cUma obra que garante mais infraestrutura, mais desenvolvimento e mais qualidade de vida para a popula\u00e7\u00e3o\u201d, acrescentou o secret\u00e1rio Lu\u00eds Fernando.<\/p>\n\n\n\n<p>A pavimenta\u00e7\u00e3o foi bastante elogiada pelo p\u00fablico presente na cerim\u00f4nia de lan\u00e7amento da obra.&nbsp;Dionilson&nbsp;Pereira, morador h\u00e1 27 anos do Alto do Turu, parabenizou o Governo do Estado pelo programa de&nbsp;Pavimenta\u00e7\u00e3o&nbsp;de ruas e avenidas de S\u00e3o Jos\u00e9 de Ribamar.<\/p>\n\n\n\n<figure class=\"wp-block-image aligncenter size-large\"><img decoding=\"async\" width=\"1024\" height=\"683\" src=\"https:\/\/www.blogsoestado.com\/danielmatos\/wp-content\/uploads\/sites\/2\/2026\/03\/1005122561-1024x683.jpg\" alt=\"\" class=\"wp-image-155181\" srcset=\"https:\/\/www.blogsoestado.com\/danielmatos\/wp-content\/uploads\/sites\/2\/2026\/03\/1005122561-1024x683.jpg 1024w, https:\/\/www.blogsoestado.com\/danielmatos\/wp-content\/uploads\/sites\/2\/2026\/03\/1005122561-300x200.jpg 300w, https:\/\/www.blogsoestado.com\/danielmatos\/wp-content\/uploads\/sites\/2\/2026\/03\/1005122561-768x512.jpg 768w, https:\/\/www.blogsoestado.com\/danielmatos\/wp-content\/uploads\/sites\/2\/2026\/03\/1005122561.jpg 1280w\" sizes=\"(max-width: 1024px) 100vw, 1024px\" \/><figcaption class=\"wp-element-caption\">A iniciativa integra o maior pacote de investimentos em infraestrutura vi\u00e1ria j\u00e1 executado pelo Governo do Estado em S\u00e3o Jos\u00e9 de Ribamar <\/figcaption><\/figure>\n\n\n\n<p>\u201cN\u00f3s estamos muito gratos com estas obras aqui na regi\u00e3o, por vais nos dar muito mais qualidade de vida. Os com\u00e9rcios da regi\u00e3o eram muito prejudicados, sem infraestrutura, sem seguran\u00e7a. Agora, tudo vai melhorar. Estamos felizes em ver o poder p\u00fablico do nosso lado\u201d, agradeceu o morador.<\/p>\n\n\n\n<p><strong>Mais entregas<br><\/strong><br>Nos \u00faltimos dias, no interior do estado, a Segov deu continuidade \u00e0 agenda municipalista do Governo do Maranh\u00e3o, com a entrega de duas novas unidades da rede de Restaurantes Populares, sendo uma em Igarap\u00e9 do Meio e outra em Porto Rico do Maranh\u00e3o.<\/p>\n\n\n\n<p>Ainda nas cidades, foram realizadas uma s\u00e9rie de a\u00e7\u00f5es governamentais: Igarap\u00e9 do Meio contou com assinaturas de ordem de servi\u00e7o para implanta\u00e7\u00e3o de Areninha no povoado Lage Comprida e implanta\u00e7\u00e3o de um portal de entrada da cidade e de termo de autoriza\u00e7\u00e3o para implanta\u00e7\u00e3o de Esta\u00e7\u00e3o Tech; j\u00e1 em Porto Rico do Maranh\u00e3o, assinaturas de ordem de servi\u00e7o para implanta\u00e7\u00e3o do Col\u00e9gio Militar Tiradentes, reforma da Pra\u00e7a da Fam\u00edlia, do hospital da cidade, implanta\u00e7\u00e3o do Viva Procon e de termo de autoriza\u00e7\u00e3o para implanta\u00e7\u00e3o de um portal de entrada da cidade.<\/p>\n\n\n\n<p>Outro destaque foi em S\u00e3o F\u00e9lix de Balsas, com a entrega da ilumina\u00e7\u00e3o sobre o Rio Balsas at\u00e9 o in\u00edcio da Avenida Alexandre Costa, al\u00e9m de dois Sistemas Simplificados de Abastecimento de \u00c1gua (SSAA)&nbsp;e de um&nbsp;Viva\/Procon.<\/p>\n","protected":false},"excerpt":{"rendered":"<p>O compromisso da gest\u00e3o estadual com a infraestrutura vi\u00e1ria \u00e9 um dos objetivos principais da agenda municipalista do Governo do [&hellip;]<\/p>\n","protected":false},"author":2,"featured_media":0,"comment_status":"open","ping_status":"open","sticky":false,"template":"","format":"standard","meta":{"site-sidebar-layout":"default","site-content-layout":"","ast-site-content-layout":"default","site-content-style":"default","site-sidebar-style":"default","ast-global-header-display":"","ast-banner-title-visibility":"","ast-main-header-display":"","ast-hfb-above-header-display":"","ast-hfb-below-header-display":"","ast-hfb-mobile-header-display":"","site-post-title":"","ast-breadcrumbs-content":"","ast-featured-img":"","footer-sml-layout":"","ast-disable-related-posts":"","theme-transparent-header-meta":"","adv-header-id-meta":"","stick-header-meta":"","header-above-stick-meta":"","header-main-stick-meta":"","header-below-stick-meta":"","astra-migrate-meta-layouts":"default","ast-page-background-enabled":"default","ast-page-background-meta":{"desktop":{"background-color":"var(--ast-global-color-5)","background-image":"","background-repeat":"repeat","background-position":"center center","background-size":"auto","background-attachment":"scroll","background-type":"","background-media":"","overlay-type":"","overlay-color":"","overlay-opacity":"","overlay-gradient":""},"tablet":{"background-color":"","background-image":"","background-repeat":"repeat","background-position":"center center","background-size":"auto","background-attachment":"scroll","background-type":"","background-media":"","overlay-type":"","overlay-color":"","overlay-opacity":"","overlay-gradient":""},"mobile":{"background-color":"","background-image":"","background-repeat":"repeat","background-position":"center center","background-size":"auto","background-attachment":"scroll","background-type":"","background-media":"","overlay-type":"","overlay-color":"","overlay-opacity":"","overlay-gradient":""}},"ast-content-background-meta":{"desktop":{"background-color":"var(--ast-global-color-4)","background-image":"","background-repeat":"repeat","background-position":"center center","background-size":"auto","background-attachment":"scroll","background-type":"","background-media":"","overlay-type":"","overlay-color":"","overlay-opacity":"","overlay-gradient":""},"tablet":{"background-color":"var(--ast-global-color-4)","background-image":"","background-repeat":"repeat","background-position":"center center","background-size":"auto","background-attachment":"scroll","background-type":"","background-media":"","overlay-type":"","overlay-color":"","overlay-opacity":"","overlay-gradient":""},"mobile":{"background-color":"var(--ast-global-color-4)","background-image":"","background-repeat":"repeat","background-position":"center center","background-size":"auto","background-attachment":"scroll","background-type":"","background-media":"","overlay-type":"","overlay-color":"","overlay-opacity":"","overlay-gradient":""}},"footnotes":""},"categories":[1],"tags":[],"class_list":["post-155179","post","type-post","status-publish","format-standard","hentry","category-sem-categoria"],"yoast_head":"<!-- This site is optimized with the Yoast SEO plugin v26.6 - https:\/\/yoast.com\/wordpress\/plugins\/seo\/ -->\n<title>Governo do Maranh\u00e3o inicia obras de pavimenta\u00e7\u00e3o em ruas e avenidas de S\u00e3o Jos\u00e9 de Ribamar - Daniel Matos<\/title>\n<meta name=\"robots\" content=\"index, follow, max-snippet:-1, max-image-preview:large, max-video-preview:-1\" \/>\n<link rel=\"canonical\" href=\"https:\/\/www.blogsoestado.com\/danielmatos\/governo-do-maranhao-inicia-obras-de-pavimentacao-em-ruas-e-avenidas-de-sao-jose-de-ribamar\/\" \/>\n<meta property=\"og:locale\" content=\"pt_BR\" \/>\n<meta property=\"og:type\" content=\"article\" \/>\n<meta property=\"og:title\" content=\"Governo do Maranh\u00e3o inicia obras de pavimenta\u00e7\u00e3o em ruas e avenidas de S\u00e3o Jos\u00e9 de Ribamar - Daniel Matos\" \/>\n<meta property=\"og:description\" content=\"O compromisso da gest\u00e3o estadual com a infraestrutura vi\u00e1ria \u00e9 um dos objetivos principais da agenda municipalista do Governo do [&hellip;]\" \/>\n<meta property=\"og:url\" content=\"https:\/\/www.blogsoestado.com\/danielmatos\/governo-do-maranhao-inicia-obras-de-pavimentacao-em-ruas-e-avenidas-de-sao-jose-de-ribamar\/\" \/>\n<meta property=\"og:site_name\" content=\"Daniel Matos\" \/>\n<meta property=\"article:published_time\" content=\"2026-03-01T13:25:26+00:00\" \/>\n<meta property=\"article:modified_time\" content=\"2026-03-01T13:25:37+00:00\" \/>\n<meta property=\"og:image\" content=\"https:\/\/www.blogsoestado.com\/danielmatos\/wp-content\/uploads\/sites\/2\/2026\/03\/1005122560.jpg\" \/>\n\t<meta property=\"og:image:width\" content=\"1280\" \/>\n\t<meta property=\"og:image:height\" content=\"876\" \/>\n\t<meta property=\"og:image:type\" content=\"image\/jpeg\" \/>\n<meta name=\"author\" content=\"Daniel Matos\" \/>\n<meta name=\"twitter:card\" content=\"summary_large_image\" \/>\n<meta name=\"twitter:label1\" content=\"Escrito por\" \/>\n\t<meta name=\"twitter:data1\" content=\"Daniel Matos\" \/>\n\t<meta name=\"twitter:label2\" content=\"Est. tempo de leitura\" \/>\n\t<meta name=\"twitter:data2\" content=\"4 minutos\" \/>\n<script type=\"application\/ld+json\" class=\"yoast-schema-graph\">{\"@context\":\"https:\/\/schema.org\",\"@graph\":[{\"@type\":\"WebPage\",\"@id\":\"https:\/\/www.blogsoestado.com\/danielmatos\/governo-do-maranhao-inicia-obras-de-pavimentacao-em-ruas-e-avenidas-de-sao-jose-de-ribamar\/\",\"url\":\"https:\/\/www.blogsoestado.com\/danielmatos\/governo-do-maranhao-inicia-obras-de-pavimentacao-em-ruas-e-avenidas-de-sao-jose-de-ribamar\/\",\"name\":\"Governo do Maranh\u00e3o inicia obras de pavimenta\u00e7\u00e3o em ruas e avenidas de S\u00e3o Jos\u00e9 de Ribamar - Daniel Matos\",\"isPartOf\":{\"@id\":\"https:\/\/www.blogsoestado.com\/danielmatos\/#website\"},\"primaryImageOfPage\":{\"@id\":\"https:\/\/www.blogsoestado.com\/danielmatos\/governo-do-maranhao-inicia-obras-de-pavimentacao-em-ruas-e-avenidas-de-sao-jose-de-ribamar\/#primaryimage\"},\"image\":{\"@id\":\"https:\/\/www.blogsoestado.com\/danielmatos\/governo-do-maranhao-inicia-obras-de-pavimentacao-em-ruas-e-avenidas-de-sao-jose-de-ribamar\/#primaryimage\"},\"thumbnailUrl\":\"https:\/\/www.blogsoestado.com\/danielmatos\/wp-content\/uploads\/sites\/2\/2026\/03\/1005122560-1024x701.jpg\",\"datePublished\":\"2026-03-01T13:25:26+00:00\",\"dateModified\":\"2026-03-01T13:25:37+00:00\",\"author\":{\"@id\":\"https:\/\/www.blogsoestado.com\/danielmatos\/#\/schema\/person\/9a209d407cd45631f131e1285b661bb0\"},\"breadcrumb\":{\"@id\":\"https:\/\/www.blogsoestado.com\/danielmatos\/governo-do-maranhao-inicia-obras-de-pavimentacao-em-ruas-e-avenidas-de-sao-jose-de-ribamar\/#breadcrumb\"},\"inLanguage\":\"pt-BR\",\"potentialAction\":[{\"@type\":\"ReadAction\",\"target\":[\"https:\/\/www.blogsoestado.com\/danielmatos\/governo-do-maranhao-inicia-obras-de-pavimentacao-em-ruas-e-avenidas-de-sao-jose-de-ribamar\/\"]}]},{\"@type\":\"ImageObject\",\"inLanguage\":\"pt-BR\",\"@id\":\"https:\/\/www.blogsoestado.com\/danielmatos\/governo-do-maranhao-inicia-obras-de-pavimentacao-em-ruas-e-avenidas-de-sao-jose-de-ribamar\/#primaryimage\",\"url\":\"https:\/\/www.blogsoestado.com\/danielmatos\/wp-content\/uploads\/sites\/2\/2026\/03\/1005122560.jpg\",\"contentUrl\":\"https:\/\/www.blogsoestado.com\/danielmatos\/wp-content\/uploads\/sites\/2\/2026\/03\/1005122560.jpg\",\"width\":1280,\"height\":876},{\"@type\":\"BreadcrumbList\",\"@id\":\"https:\/\/www.blogsoestado.com\/danielmatos\/governo-do-maranhao-inicia-obras-de-pavimentacao-em-ruas-e-avenidas-de-sao-jose-de-ribamar\/#breadcrumb\",\"itemListElement\":[{\"@type\":\"ListItem\",\"position\":1,\"name\":\"In\u00edcio\",\"item\":\"https:\/\/www.blogsoestado.com\/danielmatos\/\"},{\"@type\":\"ListItem\",\"position\":2,\"name\":\"Governo do Maranh\u00e3o inicia obras de pavimenta\u00e7\u00e3o em ruas e avenidas de S\u00e3o Jos\u00e9 de Ribamar\"}]},{\"@type\":\"WebSite\",\"@id\":\"https:\/\/www.blogsoestado.com\/danielmatos\/#website\",\"url\":\"https:\/\/www.blogsoestado.com\/danielmatos\/\",\"name\":\"Daniel Matos\",\"description\":\"\",\"potentialAction\":[{\"@type\":\"SearchAction\",\"target\":{\"@type\":\"EntryPoint\",\"urlTemplate\":\"https:\/\/www.blogsoestado.com\/danielmatos\/?s={search_term_string}\"},\"query-input\":{\"@type\":\"PropertyValueSpecification\",\"valueRequired\":true,\"valueName\":\"search_term_string\"}}],\"inLanguage\":\"pt-BR\"},{\"@type\":\"Person\",\"@id\":\"https:\/\/www.blogsoestado.com\/danielmatos\/#\/schema\/person\/9a209d407cd45631f131e1285b661bb0\",\"name\":\"Daniel Matos\",\"image\":{\"@type\":\"ImageObject\",\"inLanguage\":\"pt-BR\",\"@id\":\"https:\/\/www.blogsoestado.com\/danielmatos\/#\/schema\/person\/image\/\",\"url\":\"https:\/\/secure.gravatar.com\/avatar\/2f26c36ee355da19a257f0dfef43952a2588b324ca35d6719e859fe338ac0392?s=96&d=mm&r=g\",\"contentUrl\":\"https:\/\/secure.gravatar.com\/avatar\/2f26c36ee355da19a257f0dfef43952a2588b324ca35d6719e859fe338ac0392?s=96&d=mm&r=g\",\"caption\":\"Daniel Matos\"},\"url\":\"https:\/\/www.blogsoestado.com\/danielmatos\/author\/danielmatos\/\"}]}<\/script>\n<!-- \/ Yoast SEO plugin. -->","yoast_head_json":{"title":"Governo do Maranh\u00e3o inicia obras de pavimenta\u00e7\u00e3o em ruas e avenidas de S\u00e3o Jos\u00e9 de Ribamar - Daniel Matos","robots":{"index":"index","follow":"follow","max-snippet":"max-snippet:-1","max-image-preview":"max-image-preview:large","max-video-preview":"max-video-preview:-1"},"canonical":"https:\/\/www.blogsoestado.com\/danielmatos\/governo-do-maranhao-inicia-obras-de-pavimentacao-em-ruas-e-avenidas-de-sao-jose-de-ribamar\/","og_locale":"pt_BR","og_type":"article","og_title":"Governo do Maranh\u00e3o inicia obras de pavimenta\u00e7\u00e3o em ruas e avenidas de S\u00e3o Jos\u00e9 de Ribamar - Daniel Matos","og_description":"O compromisso da gest\u00e3o estadual com a infraestrutura vi\u00e1ria \u00e9 um dos objetivos principais da agenda municipalista do Governo do [&hellip;]","og_url":"https:\/\/www.blogsoestado.com\/danielmatos\/governo-do-maranhao-inicia-obras-de-pavimentacao-em-ruas-e-avenidas-de-sao-jose-de-ribamar\/","og_site_name":"Daniel Matos","article_published_time":"2026-03-01T13:25:26+00:00","article_modified_time":"2026-03-01T13:25:37+00:00","og_image":[{"width":1280,"height":876,"url":"https:\/\/www.blogsoestado.com\/danielmatos\/wp-content\/uploads\/sites\/2\/2026\/03\/1005122560.jpg","type":"image\/jpeg"}],"author":"Daniel Matos","twitter_card":"summary_large_image","twitter_misc":{"Escrito por":"Daniel Matos","Est. tempo de leitura":"4 minutos"},"schema":{"@context":"https:\/\/schema.org","@graph":[{"@type":"WebPage","@id":"https:\/\/www.blogsoestado.com\/danielmatos\/governo-do-maranhao-inicia-obras-de-pavimentacao-em-ruas-e-avenidas-de-sao-jose-de-ribamar\/","url":"https:\/\/www.blogsoestado.com\/danielmatos\/governo-do-maranhao-inicia-obras-de-pavimentacao-em-ruas-e-avenidas-de-sao-jose-de-ribamar\/","name":"Governo do Maranh\u00e3o inicia obras de pavimenta\u00e7\u00e3o em ruas e avenidas de S\u00e3o Jos\u00e9 de Ribamar - Daniel Matos","isPartOf":{"@id":"https:\/\/www.blogsoestado.com\/danielmatos\/#website"},"primaryImageOfPage":{"@id":"https:\/\/www.blogsoestado.com\/danielmatos\/governo-do-maranhao-inicia-obras-de-pavimentacao-em-ruas-e-avenidas-de-sao-jose-de-ribamar\/#primaryimage"},"image":{"@id":"https:\/\/www.blogsoestado.com\/danielmatos\/governo-do-maranhao-inicia-obras-de-pavimentacao-em-ruas-e-avenidas-de-sao-jose-de-ribamar\/#primaryimage"},"thumbnailUrl":"https:\/\/www.blogsoestado.com\/danielmatos\/wp-content\/uploads\/sites\/2\/2026\/03\/1005122560-1024x701.jpg","datePublished":"2026-03-01T13:25:26+00:00","dateModified":"2026-03-01T13:25:37+00:00","author":{"@id":"https:\/\/www.blogsoestado.com\/danielmatos\/#\/schema\/person\/9a209d407cd45631f131e1285b661bb0"},"breadcrumb":{"@id":"https:\/\/www.blogsoestado.com\/danielmatos\/governo-do-maranhao-inicia-obras-de-pavimentacao-em-ruas-e-avenidas-de-sao-jose-de-ribamar\/#breadcrumb"},"inLanguage":"pt-BR","potentialAction":[{"@type":"ReadAction","target":["https:\/\/www.blogsoestado.com\/danielmatos\/governo-do-maranhao-inicia-obras-de-pavimentacao-em-ruas-e-avenidas-de-sao-jose-de-ribamar\/"]}]},{"@type":"ImageObject","inLanguage":"pt-BR","@id":"https:\/\/www.blogsoestado.com\/danielmatos\/governo-do-maranhao-inicia-obras-de-pavimentacao-em-ruas-e-avenidas-de-sao-jose-de-ribamar\/#primaryimage","url":"https:\/\/www.blogsoestado.com\/danielmatos\/wp-content\/uploads\/sites\/2\/2026\/03\/1005122560.jpg","contentUrl":"https:\/\/www.blogsoestado.com\/danielmatos\/wp-content\/uploads\/sites\/2\/2026\/03\/1005122560.jpg","width":1280,"height":876},{"@type":"BreadcrumbList","@id":"https:\/\/www.blogsoestado.com\/danielmatos\/governo-do-maranhao-inicia-obras-de-pavimentacao-em-ruas-e-avenidas-de-sao-jose-de-ribamar\/#breadcrumb","itemListElement":[{"@type":"ListItem","position":1,"name":"In\u00edcio","item":"https:\/\/www.blogsoestado.com\/danielmatos\/"},{"@type":"ListItem","position":2,"name":"Governo do Maranh\u00e3o inicia obras de pavimenta\u00e7\u00e3o em ruas e avenidas de S\u00e3o Jos\u00e9 de Ribamar"}]},{"@type":"WebSite","@id":"https:\/\/www.blogsoestado.com\/danielmatos\/#website","url":"https:\/\/www.blogsoestado.com\/danielmatos\/","name":"Daniel Matos","description":"","potentialAction":[{"@type":"SearchAction","target":{"@type":"EntryPoint","urlTemplate":"https:\/\/www.blogsoestado.com\/danielmatos\/?s={search_term_string}"},"query-input":{"@type":"PropertyValueSpecification","valueRequired":true,"valueName":"search_term_string"}}],"inLanguage":"pt-BR"},{"@type":"Person","@id":"https:\/\/www.blogsoestado.com\/danielmatos\/#\/schema\/person\/9a209d407cd45631f131e1285b661bb0","name":"Daniel Matos","image":{"@type":"ImageObject","inLanguage":"pt-BR","@id":"https:\/\/www.blogsoestado.com\/danielmatos\/#\/schema\/person\/image\/","url":"https:\/\/secure.gravatar.com\/avatar\/2f26c36ee355da19a257f0dfef43952a2588b324ca35d6719e859fe338ac0392?s=96&d=mm&r=g","contentUrl":"https:\/\/secure.gravatar.com\/avatar\/2f26c36ee355da19a257f0dfef43952a2588b324ca35d6719e859fe338ac0392?s=96&d=mm&r=g","caption":"Daniel Matos"},"url":"https:\/\/www.blogsoestado.com\/danielmatos\/author\/danielmatos\/"}]}},"jetpack_featured_media_url":"","_links":{"self":[{"href":"https:\/\/www.blogsoestado.com\/danielmatos\/wp-json\/wp\/v2\/posts\/155179","targetHints":{"allow":["GET"]}}],"collection":[{"href":"https:\/\/www.blogsoestado.com\/danielmatos\/wp-json\/wp\/v2\/posts"}],"about":[{"href":"https:\/\/www.blogsoestado.com\/danielmatos\/wp-json\/wp\/v2\/types\/post"}],"author":[{"embeddable":true,"href":"https:\/\/www.blogsoestado.com\/danielmatos\/wp-json\/wp\/v2\/users\/2"}],"replies":[{"embeddable":true,"href":"https:\/\/www.blogsoestado.com\/danielmatos\/wp-json\/wp\/v2\/comments?post=155179"}],"version-history":[{"count":1,"href":"https:\/\/www.blogsoestado.com\/danielmatos\/wp-json\/wp\/v2\/posts\/155179\/revisions"}],"predecessor-version":[{"id":155182,"href":"https:\/\/www.blogsoestado.com\/danielmatos\/wp-json\/wp\/v2\/posts\/155179\/revisions\/155182"}],"wp:attachment":[{"href":"https:\/\/www.blogsoestado.com\/danielmatos\/wp-json\/wp\/v2\/media?parent=155179"}],"wp:term":[{"taxonomy":"category","embeddable":true,"href":"https:\/\/www.blogsoestado.com\/danielmatos\/wp-json\/wp\/v2\/categories?post=155179"},{"taxonomy":"post_tag","embeddable":true,"href":"https:\/\/www.blogsoestado.com\/danielmatos\/wp-json\/wp\/v2\/tags?post=155179"}],"curies":[{"name":"wp","href":"https:\/\/api.w.org\/{rel}","templated":true}]}}