{"id":1553,"date":"2009-11-05T11:33:55","date_gmt":"2009-11-05T13:33:55","guid":{"rendered":"https:\/\/www.blogsoestado.com\/danielmatos\/?p=1553"},"modified":"2009-11-05T11:33:55","modified_gmt":"2009-11-05T13:33:55","slug":"policiais-cariocas-terao-formacao-especial-para-olimpiadas-2016","status":"publish","type":"post","link":"https:\/\/www.blogsoestado.com\/danielmatos\/policiais-cariocas-terao-formacao-especial-para-olimpiadas-2016\/","title":{"rendered":"Policiais cariocas ter\u00e3o forma\u00e7\u00e3o especial para Olimp\u00edadas 2016"},"content":{"rendered":"<p><a href=\"https:\/\/www.blogsoestado.com\/danielmatos\/files\/2009\/11\/policia2.jpg\"><img fetchpriority=\"high\" decoding=\"async\" class=\"alignleft size-medium wp-image-1554\" src=\"https:\/\/www.blogsoestado.com\/danielmatos\/files\/2009\/11\/policia2.jpg\" alt=\"\" width=\"320\" height=\"240\" \/><\/a>O governo federal vai criar uma nova gratifica\u00e7\u00e3o para policiais civis e militares do Rio de Janeiro. At\u00e9 o in\u00edcio do pr\u00f3ximo ano, o Minist\u00e9rio da Justi\u00e7a enviar\u00e1 ao Congresso Nacional projeto de lei que concede o benef\u00edcio aos policiais at\u00e9 2016, ano das Olimp\u00edadas.<\/p>\n<p>O projeto \u00e9 semelhante ao Bolsa Forma\u00e7\u00e3o do Programa Nacional de Seguran\u00e7a P\u00fablica com Cidadania (Pronasci), que oferece uma complementa\u00e7\u00e3o salarial de R$ 400 mensais a profissionais de seguran\u00e7a p\u00fablica que fizerem cursos de capacita\u00e7\u00e3o e especializa\u00e7\u00e3o promovidos pelo Minist\u00e9rio da Justi\u00e7a. O objetivo \u00e9 prepar\u00e1-los para uma melhor atua\u00e7\u00e3o antes, durante e depois dos jogos de 2016. Pela nova proposta, o benef\u00edcio ter\u00e1 valor maior que o da Bolsa Forma\u00e7\u00e3o e ser\u00e1 incorporado pelo estado do Rio ap\u00f3s a realiza\u00e7\u00e3o dos jogos.<\/p>\n<p>\u201cO governo federal tem a consci\u00eancia de que somente com uma ajuda real aos policiais do Rio de janeiro conseguiremos eliminar o bico e ter uma pol\u00edcia com condi\u00e7\u00f5es de fazer do Rio de Janeiro uma cidade segura\u201d, explica o secret\u00e1rio de Assuntos Legislativos do Minist\u00e9rio da Justi\u00e7a, Pedro Abramovay.<\/p>\n<p>Mais de 49 mil profissionais cariocas ser\u00e3o beneficiados com a chamada Bolsa Forma\u00e7\u00e3o das Olimp\u00edadas. O projeto \u00e9 fruto de um acordo firmado entre o Minist\u00e9rio da Justi\u00e7a e o Governo do Rio de Janeiro e a expectativa \u00e9 que passe a valer a partir de 2010.<\/p>\n<p>O Rio de Janeiro \u00e9 o estado com o maior n\u00famero de profissionais de seguran\u00e7a p\u00fablica beneficiados pelo Bolsa Forma\u00e7\u00e3o &#8211; 30 mil.<\/p>\n<p><strong>Seguran\u00e7a com Cidadania \u2013<\/strong> O Pronasci foi criado h\u00e1 dois anos pelo Minist\u00e9rio da Justi\u00e7a e inova ao articular as pol\u00edticas p\u00fablicas de seguran\u00e7a com programas sociais. Prioriza a\u00e7\u00f5es preventivas, o apoio das comunidades para o combate \u00e0 viol\u00eancia, a reestrutura\u00e7\u00e3o penitenci\u00e1ria e a valoriza\u00e7\u00e3o das institui\u00e7\u00f5es de seguran\u00e7a.<br \/>\n\u00a0<br \/>\nO Programa \u00e9 considerado um modelo mundial de pol\u00edtica p\u00fablica de seguran\u00e7a contra a criminalidade, segundo a Declara\u00e7\u00e3o de Genebra sobre Viol\u00eancia Armada e Desenvolvimento. Foi criado para diminuir a criminalidade das regi\u00f5es metropolitanas que apresentam os mais altos \u00edndices de homic\u00eddio. Atualmente, est\u00e1 presente em 21 estados, no Distrito Federal e em 109 munic\u00edpios.\u00a0<br \/>\n\u00a0<br \/>\nCom a chegada do Pronasci, os recursos destinados \u00e0 seguran\u00e7a duplicaram. Em 2007, todo o or\u00e7amento do Minist\u00e9rio da Justi\u00e7a (incluindo pol\u00edcias Federal e Rodovi\u00e1ria Federal, fundos Penitenci\u00e1rio e de Seguran\u00e7a) foi de R$ 1,7 bilh\u00e3o. No primeiro ano do Pronasci, em 2008, os investimentos atingiram R$ 2,5 bilh\u00f5es, sendo R$ 1,4 bilh\u00e3o do Pronasci. Neste ano, o governo federal aplicar\u00e1 R$ 2,4 bilh\u00f5es na seguran\u00e7a p\u00fablica, R$ 1,1 bilh\u00e3o em a\u00e7\u00f5es do Pronasci.<\/p>\n<p><strong>Fonte:<\/strong> Minist\u00e9rio da Justi\u00e7a<\/p>\n","protected":false},"excerpt":{"rendered":"<p>O governo federal vai criar uma nova gratifica\u00e7\u00e3o para policiais civis e militares do Rio de Janeiro. At\u00e9 o in\u00edcio [&hellip;]<\/p>\n","protected":false},"author":0,"featured_media":0,"comment_status":"open","ping_status":"open","sticky":false,"template":"","format":"standard","meta":{"site-sidebar-layout":"default","site-content-layout":"","ast-site-content-layout":"default","site-content-style":"default","site-sidebar-style":"default","ast-global-header-display":"","ast-banner-title-visibility":"","ast-main-header-display":"","ast-hfb-above-header-display":"","ast-hfb-below-header-display":"","ast-hfb-mobile-header-display":"","site-post-title":"","ast-breadcrumbs-content":"","ast-featured-img":"","footer-sml-layout":"","ast-disable-related-posts":"","theme-transparent-header-meta":"","adv-header-id-meta":"","stick-header-meta":"","header-above-stick-meta":"","header-main-stick-meta":"","header-below-stick-meta":"","astra-migrate-meta-layouts":"default","ast-page-background-enabled":"default","ast-page-background-meta":{"desktop":{"background-color":"var(--ast-global-color-5)","background-image":"","background-repeat":"repeat","background-position":"center center","background-size":"auto","background-attachment":"scroll","background-type":"","background-media":"","overlay-type":"","overlay-color":"","overlay-opacity":"","overlay-gradient":""},"tablet":{"background-color":"","background-image":"","background-repeat":"repeat","background-position":"center center","background-size":"auto","background-attachment":"scroll","background-type":"","background-media":"","overlay-type":"","overlay-color":"","overlay-opacity":"","overlay-gradient":""},"mobile":{"background-color":"","background-image":"","background-repeat":"repeat","background-position":"center center","background-size":"auto","background-attachment":"scroll","background-type":"","background-media":"","overlay-type":"","overlay-color":"","overlay-opacity":"","overlay-gradient":""}},"ast-content-background-meta":{"desktop":{"background-color":"var(--ast-global-color-4)","background-image":"","background-repeat":"repeat","background-position":"center center","background-size":"auto","background-attachment":"scroll","background-type":"","background-media":"","overlay-type":"","overlay-color":"","overlay-opacity":"","overlay-gradient":""},"tablet":{"background-color":"var(--ast-global-color-4)","background-image":"","background-repeat":"repeat","background-position":"center center","background-size":"auto","background-attachment":"scroll","background-type":"","background-media":"","overlay-type":"","overlay-color":"","overlay-opacity":"","overlay-gradient":""},"mobile":{"background-color":"var(--ast-global-color-4)","background-image":"","background-repeat":"repeat","background-position":"center center","background-size":"auto","background-attachment":"scroll","background-type":"","background-media":"","overlay-type":"","overlay-color":"","overlay-opacity":"","overlay-gradient":""}},"footnotes":""},"categories":[1],"tags":[],"class_list":["post-1553","post","type-post","status-publish","format-standard","hentry","category-sem-categoria"],"yoast_head":"<!-- This site is optimized with the Yoast SEO plugin v26.6 - https:\/\/yoast.com\/wordpress\/plugins\/seo\/ -->\n<title>Policiais cariocas ter\u00e3o forma\u00e7\u00e3o especial para Olimp\u00edadas 2016 - Daniel Matos<\/title>\n<meta name=\"robots\" content=\"index, follow, max-snippet:-1, max-image-preview:large, max-video-preview:-1\" \/>\n<link rel=\"canonical\" href=\"https:\/\/www.blogsoestado.com\/danielmatos\/policiais-cariocas-terao-formacao-especial-para-olimpiadas-2016\/\" \/>\n<meta property=\"og:locale\" content=\"pt_BR\" \/>\n<meta property=\"og:type\" content=\"article\" \/>\n<meta property=\"og:title\" content=\"Policiais cariocas ter\u00e3o forma\u00e7\u00e3o especial para Olimp\u00edadas 2016 - Daniel Matos\" \/>\n<meta property=\"og:description\" content=\"O governo federal vai criar uma nova gratifica\u00e7\u00e3o para policiais civis e militares do Rio de Janeiro. At\u00e9 o in\u00edcio [&hellip;]\" \/>\n<meta property=\"og:url\" content=\"https:\/\/www.blogsoestado.com\/danielmatos\/policiais-cariocas-terao-formacao-especial-para-olimpiadas-2016\/\" \/>\n<meta property=\"og:site_name\" content=\"Daniel Matos\" \/>\n<meta property=\"article:published_time\" content=\"2009-11-05T13:33:55+00:00\" \/>\n<meta property=\"og:image\" content=\"https:\/\/www.blogsoestado.com\/danielmatos\/files\/2009\/11\/policia2.jpg\" \/>\n<meta name=\"twitter:card\" content=\"summary_large_image\" \/>\n<meta name=\"twitter:label1\" content=\"Est. tempo de leitura\" \/>\n\t<meta name=\"twitter:data1\" content=\"2 minutos\" \/>\n<script type=\"application\/ld+json\" class=\"yoast-schema-graph\">{\"@context\":\"https:\/\/schema.org\",\"@graph\":[{\"@type\":\"WebPage\",\"@id\":\"https:\/\/www.blogsoestado.com\/danielmatos\/policiais-cariocas-terao-formacao-especial-para-olimpiadas-2016\/\",\"url\":\"https:\/\/www.blogsoestado.com\/danielmatos\/policiais-cariocas-terao-formacao-especial-para-olimpiadas-2016\/\",\"name\":\"Policiais cariocas ter\u00e3o forma\u00e7\u00e3o especial para Olimp\u00edadas 2016 - Daniel Matos\",\"isPartOf\":{\"@id\":\"https:\/\/www.blogsoestado.com\/danielmatos\/#website\"},\"primaryImageOfPage\":{\"@id\":\"https:\/\/www.blogsoestado.com\/danielmatos\/policiais-cariocas-terao-formacao-especial-para-olimpiadas-2016\/#primaryimage\"},\"image\":{\"@id\":\"https:\/\/www.blogsoestado.com\/danielmatos\/policiais-cariocas-terao-formacao-especial-para-olimpiadas-2016\/#primaryimage\"},\"thumbnailUrl\":\"https:\/\/www.blogsoestado.com\/danielmatos\/files\/2009\/11\/policia2.jpg\",\"datePublished\":\"2009-11-05T13:33:55+00:00\",\"author\":{\"@id\":\"\"},\"breadcrumb\":{\"@id\":\"https:\/\/www.blogsoestado.com\/danielmatos\/policiais-cariocas-terao-formacao-especial-para-olimpiadas-2016\/#breadcrumb\"},\"inLanguage\":\"pt-BR\",\"potentialAction\":[{\"@type\":\"ReadAction\",\"target\":[\"https:\/\/www.blogsoestado.com\/danielmatos\/policiais-cariocas-terao-formacao-especial-para-olimpiadas-2016\/\"]}]},{\"@type\":\"ImageObject\",\"inLanguage\":\"pt-BR\",\"@id\":\"https:\/\/www.blogsoestado.com\/danielmatos\/policiais-cariocas-terao-formacao-especial-para-olimpiadas-2016\/#primaryimage\",\"url\":\"https:\/\/www.blogsoestado.com\/danielmatos\/files\/2009\/11\/policia2.jpg\",\"contentUrl\":\"https:\/\/www.blogsoestado.com\/danielmatos\/files\/2009\/11\/policia2.jpg\"},{\"@type\":\"BreadcrumbList\",\"@id\":\"https:\/\/www.blogsoestado.com\/danielmatos\/policiais-cariocas-terao-formacao-especial-para-olimpiadas-2016\/#breadcrumb\",\"itemListElement\":[{\"@type\":\"ListItem\",\"position\":1,\"name\":\"In\u00edcio\",\"item\":\"https:\/\/www.blogsoestado.com\/danielmatos\/\"},{\"@type\":\"ListItem\",\"position\":2,\"name\":\"Policiais cariocas ter\u00e3o forma\u00e7\u00e3o especial para Olimp\u00edadas 2016\"}]},{\"@type\":\"WebSite\",\"@id\":\"https:\/\/www.blogsoestado.com\/danielmatos\/#website\",\"url\":\"https:\/\/www.blogsoestado.com\/danielmatos\/\",\"name\":\"Daniel Matos\",\"description\":\"\",\"potentialAction\":[{\"@type\":\"SearchAction\",\"target\":{\"@type\":\"EntryPoint\",\"urlTemplate\":\"https:\/\/www.blogsoestado.com\/danielmatos\/?s={search_term_string}\"},\"query-input\":{\"@type\":\"PropertyValueSpecification\",\"valueRequired\":true,\"valueName\":\"search_term_string\"}}],\"inLanguage\":\"pt-BR\"}]}<\/script>\n<!-- \/ Yoast SEO plugin. -->","yoast_head_json":{"title":"Policiais cariocas ter\u00e3o forma\u00e7\u00e3o especial para Olimp\u00edadas 2016 - Daniel Matos","robots":{"index":"index","follow":"follow","max-snippet":"max-snippet:-1","max-image-preview":"max-image-preview:large","max-video-preview":"max-video-preview:-1"},"canonical":"https:\/\/www.blogsoestado.com\/danielmatos\/policiais-cariocas-terao-formacao-especial-para-olimpiadas-2016\/","og_locale":"pt_BR","og_type":"article","og_title":"Policiais cariocas ter\u00e3o forma\u00e7\u00e3o especial para Olimp\u00edadas 2016 - Daniel Matos","og_description":"O governo federal vai criar uma nova gratifica\u00e7\u00e3o para policiais civis e militares do Rio de Janeiro. At\u00e9 o in\u00edcio [&hellip;]","og_url":"https:\/\/www.blogsoestado.com\/danielmatos\/policiais-cariocas-terao-formacao-especial-para-olimpiadas-2016\/","og_site_name":"Daniel Matos","article_published_time":"2009-11-05T13:33:55+00:00","og_image":[{"url":"https:\/\/www.blogsoestado.com\/danielmatos\/files\/2009\/11\/policia2.jpg","type":"","width":"","height":""}],"twitter_card":"summary_large_image","twitter_misc":{"Est. tempo de leitura":"2 minutos"},"schema":{"@context":"https:\/\/schema.org","@graph":[{"@type":"WebPage","@id":"https:\/\/www.blogsoestado.com\/danielmatos\/policiais-cariocas-terao-formacao-especial-para-olimpiadas-2016\/","url":"https:\/\/www.blogsoestado.com\/danielmatos\/policiais-cariocas-terao-formacao-especial-para-olimpiadas-2016\/","name":"Policiais cariocas ter\u00e3o forma\u00e7\u00e3o especial para Olimp\u00edadas 2016 - Daniel Matos","isPartOf":{"@id":"https:\/\/www.blogsoestado.com\/danielmatos\/#website"},"primaryImageOfPage":{"@id":"https:\/\/www.blogsoestado.com\/danielmatos\/policiais-cariocas-terao-formacao-especial-para-olimpiadas-2016\/#primaryimage"},"image":{"@id":"https:\/\/www.blogsoestado.com\/danielmatos\/policiais-cariocas-terao-formacao-especial-para-olimpiadas-2016\/#primaryimage"},"thumbnailUrl":"https:\/\/www.blogsoestado.com\/danielmatos\/files\/2009\/11\/policia2.jpg","datePublished":"2009-11-05T13:33:55+00:00","author":{"@id":""},"breadcrumb":{"@id":"https:\/\/www.blogsoestado.com\/danielmatos\/policiais-cariocas-terao-formacao-especial-para-olimpiadas-2016\/#breadcrumb"},"inLanguage":"pt-BR","potentialAction":[{"@type":"ReadAction","target":["https:\/\/www.blogsoestado.com\/danielmatos\/policiais-cariocas-terao-formacao-especial-para-olimpiadas-2016\/"]}]},{"@type":"ImageObject","inLanguage":"pt-BR","@id":"https:\/\/www.blogsoestado.com\/danielmatos\/policiais-cariocas-terao-formacao-especial-para-olimpiadas-2016\/#primaryimage","url":"https:\/\/www.blogsoestado.com\/danielmatos\/files\/2009\/11\/policia2.jpg","contentUrl":"https:\/\/www.blogsoestado.com\/danielmatos\/files\/2009\/11\/policia2.jpg"},{"@type":"BreadcrumbList","@id":"https:\/\/www.blogsoestado.com\/danielmatos\/policiais-cariocas-terao-formacao-especial-para-olimpiadas-2016\/#breadcrumb","itemListElement":[{"@type":"ListItem","position":1,"name":"In\u00edcio","item":"https:\/\/www.blogsoestado.com\/danielmatos\/"},{"@type":"ListItem","position":2,"name":"Policiais cariocas ter\u00e3o forma\u00e7\u00e3o especial para Olimp\u00edadas 2016"}]},{"@type":"WebSite","@id":"https:\/\/www.blogsoestado.com\/danielmatos\/#website","url":"https:\/\/www.blogsoestado.com\/danielmatos\/","name":"Daniel Matos","description":"","potentialAction":[{"@type":"SearchAction","target":{"@type":"EntryPoint","urlTemplate":"https:\/\/www.blogsoestado.com\/danielmatos\/?s={search_term_string}"},"query-input":{"@type":"PropertyValueSpecification","valueRequired":true,"valueName":"search_term_string"}}],"inLanguage":"pt-BR"}]}},"jetpack_featured_media_url":"","_links":{"self":[{"href":"https:\/\/www.blogsoestado.com\/danielmatos\/wp-json\/wp\/v2\/posts\/1553","targetHints":{"allow":["GET"]}}],"collection":[{"href":"https:\/\/www.blogsoestado.com\/danielmatos\/wp-json\/wp\/v2\/posts"}],"about":[{"href":"https:\/\/www.blogsoestado.com\/danielmatos\/wp-json\/wp\/v2\/types\/post"}],"replies":[{"embeddable":true,"href":"https:\/\/www.blogsoestado.com\/danielmatos\/wp-json\/wp\/v2\/comments?post=1553"}],"version-history":[{"count":0,"href":"https:\/\/www.blogsoestado.com\/danielmatos\/wp-json\/wp\/v2\/posts\/1553\/revisions"}],"wp:attachment":[{"href":"https:\/\/www.blogsoestado.com\/danielmatos\/wp-json\/wp\/v2\/media?parent=1553"}],"wp:term":[{"taxonomy":"category","embeddable":true,"href":"https:\/\/www.blogsoestado.com\/danielmatos\/wp-json\/wp\/v2\/categories?post=1553"},{"taxonomy":"post_tag","embeddable":true,"href":"https:\/\/www.blogsoestado.com\/danielmatos\/wp-json\/wp\/v2\/tags?post=1553"}],"curies":[{"name":"wp","href":"https:\/\/api.w.org\/{rel}","templated":true}]}}