{"id":155539,"date":"2026-03-09T18:39:08","date_gmt":"2026-03-09T21:39:08","guid":{"rendered":"https:\/\/www.blogsoestado.com\/danielmatos\/?p=155539"},"modified":"2026-03-09T18:39:13","modified_gmt":"2026-03-09T21:39:13","slug":"senappen-apresenta-em-brasilia-plano-com-medidas-de-melhoria-para-o-complexo-penitenciario-de-pedrinhas","status":"publish","type":"post","link":"https:\/\/www.blogsoestado.com\/danielmatos\/senappen-apresenta-em-brasilia-plano-com-medidas-de-melhoria-para-o-complexo-penitenciario-de-pedrinhas\/","title":{"rendered":"SENAPPEN apresenta, em Bras\u00edlia, plano com medidas de melhoria para o Complexo Penitenci\u00e1rio de Pedrinhas"},"content":{"rendered":"\n<p><strong><mark style=\"color:#cf2e2e\" class=\"has-inline-color\">Documento apresenta a\u00e7\u00f5es estruturadas em quatro eixos para enfrentar a superpopula\u00e7\u00e3o, garantir direitos e fortalecer o monitoramento do sistema prisional maranhense<\/mark><\/strong><\/p>\n\n\n\n<figure class=\"wp-block-image aligncenter size-full\"><img fetchpriority=\"high\" decoding=\"async\" width=\"768\" height=\"512\" src=\"https:\/\/www.blogsoestado.com\/danielmatos\/wp-content\/uploads\/sites\/2\/2026\/03\/1005180344-1.jpg\" alt=\"\" class=\"wp-image-155541\" srcset=\"https:\/\/www.blogsoestado.com\/danielmatos\/wp-content\/uploads\/sites\/2\/2026\/03\/1005180344-1.jpg 768w, https:\/\/www.blogsoestado.com\/danielmatos\/wp-content\/uploads\/sites\/2\/2026\/03\/1005180344-1-300x200.jpg 300w\" sizes=\"(max-width: 768px) 100vw, 768px\" \/><figcaption class=\"wp-element-caption\">Reuni\u00e3o em Bras\u00edlia \u00e9 resultado de quatro meses de articula\u00e7\u00f5es interinstitucionais com mais de 20 \u00f3rg\u00e3os do Governo Federal, do governo estadual maranhense, do sistema de justi\u00e7a e das organiza\u00e7\u00f5es peticion\u00e1rias do caso<\/figcaption><\/figure>\n\n\n\n<p><strong>Bras\u00edlia\/DF, 09\/03\/2026 \u2013<\/strong> A Secretaria Nacional de Pol\u00edticas Penais (SENAPPEN) apresentou, nesta quinta-feira (05), o Plano de Cumprimento das Medidas Provis\u00f3rias para o Complexo Penitenci\u00e1rio de Pedrinhas, no\u00a0Maranh\u00e3o. A proposta, apresentada durante uma reuni\u00e3o em Bras\u00edlia, \u00e9 resultado de quatro meses de articula\u00e7\u00f5es interinstitucionais com mais de 20 \u00f3rg\u00e3os do Governo Federal, do governo estadual maranhense, do sistema de justi\u00e7a e das organiza\u00e7\u00f5es peticion\u00e1rias do caso.<\/p>\n\n\n\n<p>Elaborado a partir da decis\u00e3o da Corte Interamericana de Direitos Humanos, que determinou \u00e0 Equipe de Monitoramento e Acompanhamento das Decis\u00f5es do Sistema Interamericano de Direitos Humanos Envolvendo o Sistema Penal Nacional (EMA\/SENAPPEN) a coordena\u00e7\u00e3o de uma Mesa de Trabalho destinada a promover o di\u00e1logo entre o Estado brasileiro e os representantes dos benefici\u00e1rios das medidas provis\u00f3rias, o documento \u00e9 dividido em quatro eixos estruturantes alinhados ao Plano Nacional Pena Justa.<\/p>\n\n\n\n<p><strong>Enfrentamento \u00e0 superpopula\u00e7\u00e3o e melhoria nas condi\u00e7\u00f5es de ambi\u00eancia<\/strong><\/p>\n\n\n\n<p>Entre as a\u00e7\u00f5es previstas neste eixo est\u00e3o o aprimoramento dos mecanismos de controle de entrada e sa\u00edda do sistema prisional e os mutir\u00f5es de revis\u00e3o processual, com o objetivo de garantir que cada custodiado esteja cumprindo pena em conformidade ao per\u00edodo estipulado para seu caso. Al\u00e9m de prever fomento \u00e0s medidas alternativas \u00e0 pris\u00e3o, como a monitora\u00e7\u00e3o eletr\u00f4nica e melhorias estruturais nos ambientes prisionais.<\/p>\n\n\n\n<p><strong>Dignidade e acesso a direitos<\/strong><\/p>\n\n\n\n<p>Neste eixo, o foco \u00e9 promover a garantia de direitos b\u00e1sicos da pessoa privada de liberdade, como o acesso \u00e0 educa\u00e7\u00e3o, ao trabalho prisional e \u00e0 sa\u00fade f\u00edsica e mental. Tamb\u00e9m est\u00e3o previstas medidas voltadas \u00e0s especificidades de grupos vulner\u00e1veis, como o p\u00fablico feminino. As a\u00e7\u00f5es incluem ainda o fortalecimento da atua\u00e7\u00e3o das Comiss\u00f5es T\u00e9cnicas de Classifica\u00e7\u00e3o (CTC), equipes respons\u00e1veis por avaliar os custodiados de acordo com suas necessidades espec\u00edficas.<\/p>\n\n\n\n<p><strong>Acesso \u00e0 justi\u00e7a e combate \u00e0 tortura<\/strong><\/p>\n\n\n\n<p>A proposta prev\u00ea a elabora\u00e7\u00e3o de um protocolo de den\u00fancia de maus-tratos e a revis\u00e3o dos fluxos de apura\u00e7\u00e3o de faltas disciplinares. Al\u00e9m disso, este eixo aponta para a regulamenta\u00e7\u00e3o do uso de instrumentos de menor potencial ofensivo, com o objetivo de prevenir viola\u00e7\u00f5es de direitos, padronizar procedimentos e assegurar a adequada apura\u00e7\u00e3o de eventuais ocorr\u00eancias no sistema prisional.<\/p>\n\n\n\n<p><strong>Monitoramento e participa\u00e7\u00e3o social<\/strong><\/p>\n\n\n\n<p>No \u00faltimo eixo do documento, as propostas se concentram no fortalecimento do di\u00e1logo cont\u00ednuo com os peticion\u00e1rios e a administra\u00e7\u00e3o penitenci\u00e1ria, na cria\u00e7\u00e3o de uma estrutura de monitoramento e avalia\u00e7\u00e3o (EMA) no&nbsp;Maranh\u00e3o&nbsp;e na capacita\u00e7\u00e3o dos servidores que atuam na execu\u00e7\u00e3o penal.<\/p>\n\n\n\n<p>A proposta apresentada prev\u00ea que essas a\u00e7\u00f5es sejam desenvolvidas de forma articulada entre diferentes institui\u00e7\u00f5es. A partir da apresenta\u00e7\u00e3o do documento, foram iniciadas as tratativas finais para o refinamento das propostas, com vistas \u00e0 sua consolida\u00e7\u00e3o e implementa\u00e7\u00e3o conjunta.<\/p>\n\n\n\n<p>Esse compromisso tamb\u00e9m se expressa em investimentos concretos. Desde 2014, a SENAPPEN, repassou ao estado do&nbsp;Maranh\u00e3o&nbsp;R$ 321.562.436,51, destinado ao fortalecimento e ao aprimoramento das pol\u00edticas penais e das a\u00e7\u00f5es no sistema prisional estadual. Os recursos foram viabilizados por meio da formaliza\u00e7\u00e3o de conv\u00eanios, repasses do Fundo Penitenci\u00e1rio Nacional (FUNPEN) e contratos de repasse. Esses instrumentos materializam a coopera\u00e7\u00e3o federativa voltada ao desenvolvimento e \u00e0 qualifica\u00e7\u00e3o das pol\u00edticas penais nos estados.<\/p>\n\n\n\n<p>Para o Ouvidor Nacional de Servi\u00e7os Penais e Coordenador Executivo da EMA-SENAPPEN, Jo\u00e3o Vitor Ferreira, \u201ca constru\u00e7\u00e3o desta proposta representa um passo importante no cumprimento das medidas estabelecidas no \u00e2mbito do Sistema Interamericano de Direitos Humanos e no fortalecimento das pol\u00edticas penais no pa\u00eds. O objetivo \u00e9 estruturar a\u00e7\u00f5es concretas e coordenadas entre os diferentes \u00f3rg\u00e3os envolvidos, promovendo melhorias nas condi\u00e7\u00f5es do sistema prisional e garantindo a observ\u00e2ncia dos direitos fundamentais das pessoas privadas de liberdade. A expectativa \u00e9 que, a partir desse trabalho conjunto, possamos avan\u00e7ar na implementa\u00e7\u00e3o de solu\u00e7\u00f5es sustent\u00e1veis, capazes de qualificar a gest\u00e3o penitenci\u00e1ria e contribuir para a supera\u00e7\u00e3o dos desafios identificados no Complexo Penitenci\u00e1rio de Pedrinhas\u201d, destacou.<\/p>\n\n\n\n<p><\/p>\n","protected":false},"excerpt":{"rendered":"<p>Documento apresenta a\u00e7\u00f5es estruturadas em quatro eixos para enfrentar a superpopula\u00e7\u00e3o, garantir direitos e fortalecer o monitoramento do sistema prisional [&hellip;]<\/p>\n","protected":false},"author":2,"featured_media":0,"comment_status":"open","ping_status":"open","sticky":false,"template":"","format":"standard","meta":{"site-sidebar-layout":"default","site-content-layout":"","ast-site-content-layout":"default","site-content-style":"default","site-sidebar-style":"default","ast-global-header-display":"","ast-banner-title-visibility":"","ast-main-header-display":"","ast-hfb-above-header-display":"","ast-hfb-below-header-display":"","ast-hfb-mobile-header-display":"","site-post-title":"","ast-breadcrumbs-content":"","ast-featured-img":"","footer-sml-layout":"","ast-disable-related-posts":"","theme-transparent-header-meta":"","adv-header-id-meta":"","stick-header-meta":"","header-above-stick-meta":"","header-main-stick-meta":"","header-below-stick-meta":"","astra-migrate-meta-layouts":"default","ast-page-background-enabled":"default","ast-page-background-meta":{"desktop":{"background-color":"var(--ast-global-color-5)","background-image":"","background-repeat":"repeat","background-position":"center center","background-size":"auto","background-attachment":"scroll","background-type":"","background-media":"","overlay-type":"","overlay-color":"","overlay-opacity":"","overlay-gradient":""},"tablet":{"background-color":"","background-image":"","background-repeat":"repeat","background-position":"center center","background-size":"auto","background-attachment":"scroll","background-type":"","background-media":"","overlay-type":"","overlay-color":"","overlay-opacity":"","overlay-gradient":""},"mobile":{"background-color":"","background-image":"","background-repeat":"repeat","background-position":"center center","background-size":"auto","background-attachment":"scroll","background-type":"","background-media":"","overlay-type":"","overlay-color":"","overlay-opacity":"","overlay-gradient":""}},"ast-content-background-meta":{"desktop":{"background-color":"var(--ast-global-color-4)","background-image":"","background-repeat":"repeat","background-position":"center center","background-size":"auto","background-attachment":"scroll","background-type":"","background-media":"","overlay-type":"","overlay-color":"","overlay-opacity":"","overlay-gradient":""},"tablet":{"background-color":"var(--ast-global-color-4)","background-image":"","background-repeat":"repeat","background-position":"center center","background-size":"auto","background-attachment":"scroll","background-type":"","background-media":"","overlay-type":"","overlay-color":"","overlay-opacity":"","overlay-gradient":""},"mobile":{"background-color":"var(--ast-global-color-4)","background-image":"","background-repeat":"repeat","background-position":"center center","background-size":"auto","background-attachment":"scroll","background-type":"","background-media":"","overlay-type":"","overlay-color":"","overlay-opacity":"","overlay-gradient":""}},"footnotes":""},"categories":[1],"tags":[],"class_list":["post-155539","post","type-post","status-publish","format-standard","hentry","category-sem-categoria"],"yoast_head":"<!-- This site is optimized with the Yoast SEO plugin v26.6 - https:\/\/yoast.com\/wordpress\/plugins\/seo\/ -->\n<title>SENAPPEN apresenta, em Bras\u00edlia, plano com medidas de melhoria para o Complexo Penitenci\u00e1rio de Pedrinhas - Daniel Matos<\/title>\n<meta name=\"robots\" content=\"index, follow, max-snippet:-1, max-image-preview:large, max-video-preview:-1\" \/>\n<link rel=\"canonical\" href=\"https:\/\/www.blogsoestado.com\/danielmatos\/senappen-apresenta-em-brasilia-plano-com-medidas-de-melhoria-para-o-complexo-penitenciario-de-pedrinhas\/\" \/>\n<meta property=\"og:locale\" content=\"pt_BR\" \/>\n<meta property=\"og:type\" content=\"article\" \/>\n<meta property=\"og:title\" content=\"SENAPPEN apresenta, em Bras\u00edlia, plano com medidas de melhoria para o Complexo Penitenci\u00e1rio de Pedrinhas - Daniel Matos\" \/>\n<meta property=\"og:description\" content=\"Documento apresenta a\u00e7\u00f5es estruturadas em quatro eixos para enfrentar a superpopula\u00e7\u00e3o, garantir direitos e fortalecer o monitoramento do sistema prisional [&hellip;]\" \/>\n<meta property=\"og:url\" content=\"https:\/\/www.blogsoestado.com\/danielmatos\/senappen-apresenta-em-brasilia-plano-com-medidas-de-melhoria-para-o-complexo-penitenciario-de-pedrinhas\/\" \/>\n<meta property=\"og:site_name\" content=\"Daniel Matos\" \/>\n<meta property=\"article:published_time\" content=\"2026-03-09T21:39:08+00:00\" \/>\n<meta property=\"article:modified_time\" content=\"2026-03-09T21:39:13+00:00\" \/>\n<meta property=\"og:image\" content=\"https:\/\/www.blogsoestado.com\/danielmatos\/wp-content\/uploads\/sites\/2\/2026\/03\/1005180344-1.jpg\" \/>\n\t<meta property=\"og:image:width\" content=\"768\" \/>\n\t<meta property=\"og:image:height\" content=\"512\" \/>\n\t<meta property=\"og:image:type\" content=\"image\/jpeg\" \/>\n<meta name=\"author\" content=\"Daniel Matos\" \/>\n<meta name=\"twitter:card\" content=\"summary_large_image\" \/>\n<meta name=\"twitter:label1\" content=\"Escrito por\" \/>\n\t<meta name=\"twitter:data1\" content=\"Daniel Matos\" \/>\n\t<meta name=\"twitter:label2\" content=\"Est. tempo de leitura\" \/>\n\t<meta name=\"twitter:data2\" content=\"4 minutos\" \/>\n<script type=\"application\/ld+json\" class=\"yoast-schema-graph\">{\"@context\":\"https:\/\/schema.org\",\"@graph\":[{\"@type\":\"WebPage\",\"@id\":\"https:\/\/www.blogsoestado.com\/danielmatos\/senappen-apresenta-em-brasilia-plano-com-medidas-de-melhoria-para-o-complexo-penitenciario-de-pedrinhas\/\",\"url\":\"https:\/\/www.blogsoestado.com\/danielmatos\/senappen-apresenta-em-brasilia-plano-com-medidas-de-melhoria-para-o-complexo-penitenciario-de-pedrinhas\/\",\"name\":\"SENAPPEN apresenta, em Bras\u00edlia, plano com medidas de melhoria para o Complexo Penitenci\u00e1rio de Pedrinhas - Daniel Matos\",\"isPartOf\":{\"@id\":\"https:\/\/www.blogsoestado.com\/danielmatos\/#website\"},\"primaryImageOfPage\":{\"@id\":\"https:\/\/www.blogsoestado.com\/danielmatos\/senappen-apresenta-em-brasilia-plano-com-medidas-de-melhoria-para-o-complexo-penitenciario-de-pedrinhas\/#primaryimage\"},\"image\":{\"@id\":\"https:\/\/www.blogsoestado.com\/danielmatos\/senappen-apresenta-em-brasilia-plano-com-medidas-de-melhoria-para-o-complexo-penitenciario-de-pedrinhas\/#primaryimage\"},\"thumbnailUrl\":\"https:\/\/www.blogsoestado.com\/danielmatos\/wp-content\/uploads\/sites\/2\/2026\/03\/1005180344-1.jpg\",\"datePublished\":\"2026-03-09T21:39:08+00:00\",\"dateModified\":\"2026-03-09T21:39:13+00:00\",\"author\":{\"@id\":\"https:\/\/www.blogsoestado.com\/danielmatos\/#\/schema\/person\/9a209d407cd45631f131e1285b661bb0\"},\"breadcrumb\":{\"@id\":\"https:\/\/www.blogsoestado.com\/danielmatos\/senappen-apresenta-em-brasilia-plano-com-medidas-de-melhoria-para-o-complexo-penitenciario-de-pedrinhas\/#breadcrumb\"},\"inLanguage\":\"pt-BR\",\"potentialAction\":[{\"@type\":\"ReadAction\",\"target\":[\"https:\/\/www.blogsoestado.com\/danielmatos\/senappen-apresenta-em-brasilia-plano-com-medidas-de-melhoria-para-o-complexo-penitenciario-de-pedrinhas\/\"]}]},{\"@type\":\"ImageObject\",\"inLanguage\":\"pt-BR\",\"@id\":\"https:\/\/www.blogsoestado.com\/danielmatos\/senappen-apresenta-em-brasilia-plano-com-medidas-de-melhoria-para-o-complexo-penitenciario-de-pedrinhas\/#primaryimage\",\"url\":\"https:\/\/www.blogsoestado.com\/danielmatos\/wp-content\/uploads\/sites\/2\/2026\/03\/1005180344-1.jpg\",\"contentUrl\":\"https:\/\/www.blogsoestado.com\/danielmatos\/wp-content\/uploads\/sites\/2\/2026\/03\/1005180344-1.jpg\",\"width\":768,\"height\":512},{\"@type\":\"BreadcrumbList\",\"@id\":\"https:\/\/www.blogsoestado.com\/danielmatos\/senappen-apresenta-em-brasilia-plano-com-medidas-de-melhoria-para-o-complexo-penitenciario-de-pedrinhas\/#breadcrumb\",\"itemListElement\":[{\"@type\":\"ListItem\",\"position\":1,\"name\":\"In\u00edcio\",\"item\":\"https:\/\/www.blogsoestado.com\/danielmatos\/\"},{\"@type\":\"ListItem\",\"position\":2,\"name\":\"SENAPPEN apresenta, em Bras\u00edlia, plano com medidas de melhoria para o Complexo Penitenci\u00e1rio de Pedrinhas\"}]},{\"@type\":\"WebSite\",\"@id\":\"https:\/\/www.blogsoestado.com\/danielmatos\/#website\",\"url\":\"https:\/\/www.blogsoestado.com\/danielmatos\/\",\"name\":\"Daniel Matos\",\"description\":\"\",\"potentialAction\":[{\"@type\":\"SearchAction\",\"target\":{\"@type\":\"EntryPoint\",\"urlTemplate\":\"https:\/\/www.blogsoestado.com\/danielmatos\/?s={search_term_string}\"},\"query-input\":{\"@type\":\"PropertyValueSpecification\",\"valueRequired\":true,\"valueName\":\"search_term_string\"}}],\"inLanguage\":\"pt-BR\"},{\"@type\":\"Person\",\"@id\":\"https:\/\/www.blogsoestado.com\/danielmatos\/#\/schema\/person\/9a209d407cd45631f131e1285b661bb0\",\"name\":\"Daniel Matos\",\"image\":{\"@type\":\"ImageObject\",\"inLanguage\":\"pt-BR\",\"@id\":\"https:\/\/www.blogsoestado.com\/danielmatos\/#\/schema\/person\/image\/\",\"url\":\"https:\/\/secure.gravatar.com\/avatar\/2f26c36ee355da19a257f0dfef43952a2588b324ca35d6719e859fe338ac0392?s=96&d=mm&r=g\",\"contentUrl\":\"https:\/\/secure.gravatar.com\/avatar\/2f26c36ee355da19a257f0dfef43952a2588b324ca35d6719e859fe338ac0392?s=96&d=mm&r=g\",\"caption\":\"Daniel Matos\"},\"url\":\"https:\/\/www.blogsoestado.com\/danielmatos\/author\/danielmatos\/\"}]}<\/script>\n<!-- \/ Yoast SEO plugin. -->","yoast_head_json":{"title":"SENAPPEN apresenta, em Bras\u00edlia, plano com medidas de melhoria para o Complexo Penitenci\u00e1rio de Pedrinhas - Daniel Matos","robots":{"index":"index","follow":"follow","max-snippet":"max-snippet:-1","max-image-preview":"max-image-preview:large","max-video-preview":"max-video-preview:-1"},"canonical":"https:\/\/www.blogsoestado.com\/danielmatos\/senappen-apresenta-em-brasilia-plano-com-medidas-de-melhoria-para-o-complexo-penitenciario-de-pedrinhas\/","og_locale":"pt_BR","og_type":"article","og_title":"SENAPPEN apresenta, em Bras\u00edlia, plano com medidas de melhoria para o Complexo Penitenci\u00e1rio de Pedrinhas - Daniel Matos","og_description":"Documento apresenta a\u00e7\u00f5es estruturadas em quatro eixos para enfrentar a superpopula\u00e7\u00e3o, garantir direitos e fortalecer o monitoramento do sistema prisional [&hellip;]","og_url":"https:\/\/www.blogsoestado.com\/danielmatos\/senappen-apresenta-em-brasilia-plano-com-medidas-de-melhoria-para-o-complexo-penitenciario-de-pedrinhas\/","og_site_name":"Daniel Matos","article_published_time":"2026-03-09T21:39:08+00:00","article_modified_time":"2026-03-09T21:39:13+00:00","og_image":[{"width":768,"height":512,"url":"https:\/\/www.blogsoestado.com\/danielmatos\/wp-content\/uploads\/sites\/2\/2026\/03\/1005180344-1.jpg","type":"image\/jpeg"}],"author":"Daniel Matos","twitter_card":"summary_large_image","twitter_misc":{"Escrito por":"Daniel Matos","Est. tempo de leitura":"4 minutos"},"schema":{"@context":"https:\/\/schema.org","@graph":[{"@type":"WebPage","@id":"https:\/\/www.blogsoestado.com\/danielmatos\/senappen-apresenta-em-brasilia-plano-com-medidas-de-melhoria-para-o-complexo-penitenciario-de-pedrinhas\/","url":"https:\/\/www.blogsoestado.com\/danielmatos\/senappen-apresenta-em-brasilia-plano-com-medidas-de-melhoria-para-o-complexo-penitenciario-de-pedrinhas\/","name":"SENAPPEN apresenta, em Bras\u00edlia, plano com medidas de melhoria para o Complexo Penitenci\u00e1rio de Pedrinhas - Daniel Matos","isPartOf":{"@id":"https:\/\/www.blogsoestado.com\/danielmatos\/#website"},"primaryImageOfPage":{"@id":"https:\/\/www.blogsoestado.com\/danielmatos\/senappen-apresenta-em-brasilia-plano-com-medidas-de-melhoria-para-o-complexo-penitenciario-de-pedrinhas\/#primaryimage"},"image":{"@id":"https:\/\/www.blogsoestado.com\/danielmatos\/senappen-apresenta-em-brasilia-plano-com-medidas-de-melhoria-para-o-complexo-penitenciario-de-pedrinhas\/#primaryimage"},"thumbnailUrl":"https:\/\/www.blogsoestado.com\/danielmatos\/wp-content\/uploads\/sites\/2\/2026\/03\/1005180344-1.jpg","datePublished":"2026-03-09T21:39:08+00:00","dateModified":"2026-03-09T21:39:13+00:00","author":{"@id":"https:\/\/www.blogsoestado.com\/danielmatos\/#\/schema\/person\/9a209d407cd45631f131e1285b661bb0"},"breadcrumb":{"@id":"https:\/\/www.blogsoestado.com\/danielmatos\/senappen-apresenta-em-brasilia-plano-com-medidas-de-melhoria-para-o-complexo-penitenciario-de-pedrinhas\/#breadcrumb"},"inLanguage":"pt-BR","potentialAction":[{"@type":"ReadAction","target":["https:\/\/www.blogsoestado.com\/danielmatos\/senappen-apresenta-em-brasilia-plano-com-medidas-de-melhoria-para-o-complexo-penitenciario-de-pedrinhas\/"]}]},{"@type":"ImageObject","inLanguage":"pt-BR","@id":"https:\/\/www.blogsoestado.com\/danielmatos\/senappen-apresenta-em-brasilia-plano-com-medidas-de-melhoria-para-o-complexo-penitenciario-de-pedrinhas\/#primaryimage","url":"https:\/\/www.blogsoestado.com\/danielmatos\/wp-content\/uploads\/sites\/2\/2026\/03\/1005180344-1.jpg","contentUrl":"https:\/\/www.blogsoestado.com\/danielmatos\/wp-content\/uploads\/sites\/2\/2026\/03\/1005180344-1.jpg","width":768,"height":512},{"@type":"BreadcrumbList","@id":"https:\/\/www.blogsoestado.com\/danielmatos\/senappen-apresenta-em-brasilia-plano-com-medidas-de-melhoria-para-o-complexo-penitenciario-de-pedrinhas\/#breadcrumb","itemListElement":[{"@type":"ListItem","position":1,"name":"In\u00edcio","item":"https:\/\/www.blogsoestado.com\/danielmatos\/"},{"@type":"ListItem","position":2,"name":"SENAPPEN apresenta, em Bras\u00edlia, plano com medidas de melhoria para o Complexo Penitenci\u00e1rio de Pedrinhas"}]},{"@type":"WebSite","@id":"https:\/\/www.blogsoestado.com\/danielmatos\/#website","url":"https:\/\/www.blogsoestado.com\/danielmatos\/","name":"Daniel Matos","description":"","potentialAction":[{"@type":"SearchAction","target":{"@type":"EntryPoint","urlTemplate":"https:\/\/www.blogsoestado.com\/danielmatos\/?s={search_term_string}"},"query-input":{"@type":"PropertyValueSpecification","valueRequired":true,"valueName":"search_term_string"}}],"inLanguage":"pt-BR"},{"@type":"Person","@id":"https:\/\/www.blogsoestado.com\/danielmatos\/#\/schema\/person\/9a209d407cd45631f131e1285b661bb0","name":"Daniel Matos","image":{"@type":"ImageObject","inLanguage":"pt-BR","@id":"https:\/\/www.blogsoestado.com\/danielmatos\/#\/schema\/person\/image\/","url":"https:\/\/secure.gravatar.com\/avatar\/2f26c36ee355da19a257f0dfef43952a2588b324ca35d6719e859fe338ac0392?s=96&d=mm&r=g","contentUrl":"https:\/\/secure.gravatar.com\/avatar\/2f26c36ee355da19a257f0dfef43952a2588b324ca35d6719e859fe338ac0392?s=96&d=mm&r=g","caption":"Daniel Matos"},"url":"https:\/\/www.blogsoestado.com\/danielmatos\/author\/danielmatos\/"}]}},"jetpack_featured_media_url":"","_links":{"self":[{"href":"https:\/\/www.blogsoestado.com\/danielmatos\/wp-json\/wp\/v2\/posts\/155539","targetHints":{"allow":["GET"]}}],"collection":[{"href":"https:\/\/www.blogsoestado.com\/danielmatos\/wp-json\/wp\/v2\/posts"}],"about":[{"href":"https:\/\/www.blogsoestado.com\/danielmatos\/wp-json\/wp\/v2\/types\/post"}],"author":[{"embeddable":true,"href":"https:\/\/www.blogsoestado.com\/danielmatos\/wp-json\/wp\/v2\/users\/2"}],"replies":[{"embeddable":true,"href":"https:\/\/www.blogsoestado.com\/danielmatos\/wp-json\/wp\/v2\/comments?post=155539"}],"version-history":[{"count":1,"href":"https:\/\/www.blogsoestado.com\/danielmatos\/wp-json\/wp\/v2\/posts\/155539\/revisions"}],"predecessor-version":[{"id":155542,"href":"https:\/\/www.blogsoestado.com\/danielmatos\/wp-json\/wp\/v2\/posts\/155539\/revisions\/155542"}],"wp:attachment":[{"href":"https:\/\/www.blogsoestado.com\/danielmatos\/wp-json\/wp\/v2\/media?parent=155539"}],"wp:term":[{"taxonomy":"category","embeddable":true,"href":"https:\/\/www.blogsoestado.com\/danielmatos\/wp-json\/wp\/v2\/categories?post=155539"},{"taxonomy":"post_tag","embeddable":true,"href":"https:\/\/www.blogsoestado.com\/danielmatos\/wp-json\/wp\/v2\/tags?post=155539"}],"curies":[{"name":"wp","href":"https:\/\/api.w.org\/{rel}","templated":true}]}}