{"id":155543,"date":"2026-03-09T18:54:58","date_gmt":"2026-03-09T21:54:58","guid":{"rendered":"https:\/\/www.blogsoestado.com\/danielmatos\/?p=155543"},"modified":"2026-03-09T18:55:01","modified_gmt":"2026-03-09T21:55:01","slug":"justica-federal-em-parceria-com-prefeitura-de-caxias-realizam-a-praca-de-justica-e-cidadania-no-municipio","status":"publish","type":"post","link":"https:\/\/www.blogsoestado.com\/danielmatos\/justica-federal-em-parceria-com-prefeitura-de-caxias-realizam-a-praca-de-justica-e-cidadania-no-municipio\/","title":{"rendered":"Justi\u00e7a Federal em parceria com Prefeitura de Caxias realizam a Pra\u00e7a de Justi\u00e7a e Cidadania no munic\u00edpio"},"content":{"rendered":"\n<figure class=\"wp-block-image aligncenter size-large\"><img fetchpriority=\"high\" decoding=\"async\" width=\"1024\" height=\"681\" src=\"https:\/\/www.blogsoestado.com\/danielmatos\/wp-content\/uploads\/sites\/2\/2026\/03\/1005180456-1024x681.jpg\" alt=\"\" class=\"wp-image-155544\" srcset=\"https:\/\/www.blogsoestado.com\/danielmatos\/wp-content\/uploads\/sites\/2\/2026\/03\/1005180456-1024x681.jpg 1024w, https:\/\/www.blogsoestado.com\/danielmatos\/wp-content\/uploads\/sites\/2\/2026\/03\/1005180456-300x200.jpg 300w, https:\/\/www.blogsoestado.com\/danielmatos\/wp-content\/uploads\/sites\/2\/2026\/03\/1005180456-768x511.jpg 768w, https:\/\/www.blogsoestado.com\/danielmatos\/wp-content\/uploads\/sites\/2\/2026\/03\/1005180456-1536x1022.jpg 1536w, https:\/\/www.blogsoestado.com\/danielmatos\/wp-content\/uploads\/sites\/2\/2026\/03\/1005180456-2048x1362.jpg 2048w\" sizes=\"(max-width: 1024px) 100vw, 1024px\" \/><figcaption class=\"wp-element-caption\">A Pra\u00e7a de Justi\u00e7a &amp; Cidadania, realizada no Caxias Shopping Center, re\u00fane autoridades e oferece diversos servi\u00e7os \u00e0 popula\u00e7\u00e3o <\/figcaption><\/figure>\n\n\n\n<p>Caxias recebe um importante evento voltado \u00e0 cidadania e ao acesso \u00e0 justi\u00e7a: a Pra\u00e7a de Justi\u00e7a &amp; Cidadania, realizada no Caxias Shopping Center. A iniciativa re\u00fane diversas institui\u00e7\u00f5es p\u00fablicas e entidades parceiras com o objetivo de oferecer servi\u00e7os gratuitos e orienta\u00e7\u00e3o \u00e0 popula\u00e7\u00e3o.<\/p>\n\n\n\n<p>Durante o evento, os cidad\u00e3os t\u00eam acesso a atendimentos jur\u00eddicos, servi\u00e7os de sa\u00fade, assist\u00eancia social, orienta\u00e7\u00e3o sobre direitos, regulariza\u00e7\u00e3o fundi\u00e1ria e capacita\u00e7\u00e3o profissional. A proposta \u00e9 facilitar o acesso da popula\u00e7\u00e3o a servi\u00e7os essenciais, reunindo em um \u00fanico espa\u00e7o \u00f3rg\u00e3os que atuam diretamente na garantia de direitos.<\/p>\n\n\n\n<p>A a\u00e7\u00e3o \u00e9 coordenada pela Justi\u00e7a Federal da 1\u00aa Regi\u00e3o e conta com a parceria da Prefeitura de Caxias, al\u00e9m da participa\u00e7\u00e3o de diversas institui\u00e7\u00f5es do sistema de justi\u00e7a, como Justi\u00e7a do Trabalho, Justi\u00e7a Eleitoral, Tribunal de Justi\u00e7a do Maranh\u00e3o, Minist\u00e9rio P\u00fablico e Defensoria P\u00fablica, al\u00e9m de universidades e institui\u00e7\u00f5es de capacita\u00e7\u00e3o.<\/p>\n\n\n\n<p>A presen\u00e7a dessas institui\u00e7\u00f5es refor\u00e7a a import\u00e2ncia da coopera\u00e7\u00e3o entre os poderes e entidades para ampliar o acesso da popula\u00e7\u00e3o aos servi\u00e7os p\u00fablicos e fortalecer a cidadania.<\/p>\n\n\n\n<p>O prefeito Gentil Neto destacou a import\u00e2ncia da iniciativa para o munic\u00edpio e para os caxienses.<\/p>\n\n\n\n<figure class=\"wp-block-image aligncenter size-large\"><img decoding=\"async\" width=\"681\" height=\"1024\" src=\"https:\/\/www.blogsoestado.com\/danielmatos\/wp-content\/uploads\/sites\/2\/2026\/03\/1005180458-681x1024.jpg\" alt=\"\" class=\"wp-image-155545\" srcset=\"https:\/\/www.blogsoestado.com\/danielmatos\/wp-content\/uploads\/sites\/2\/2026\/03\/1005180458-681x1024.jpg 681w, https:\/\/www.blogsoestado.com\/danielmatos\/wp-content\/uploads\/sites\/2\/2026\/03\/1005180458-200x300.jpg 200w, https:\/\/www.blogsoestado.com\/danielmatos\/wp-content\/uploads\/sites\/2\/2026\/03\/1005180458-768x1154.jpg 768w, https:\/\/www.blogsoestado.com\/danielmatos\/wp-content\/uploads\/sites\/2\/2026\/03\/1005180458-1022x1536.jpg 1022w, https:\/\/www.blogsoestado.com\/danielmatos\/wp-content\/uploads\/sites\/2\/2026\/03\/1005180458-1362x2048.jpg 1362w, https:\/\/www.blogsoestado.com\/danielmatos\/wp-content\/uploads\/sites\/2\/2026\/03\/1005180458.jpg 1703w\" sizes=\"(max-width: 681px) 100vw, 681px\" \/><figcaption class=\"wp-element-caption\">Durante o evento, os cidad\u00e3os t\u00eam acesso a atendimentos jur\u00eddicos, servi\u00e7os de sa\u00fade, assist\u00eancia social, orienta\u00e7\u00e3o sobre direitos, regulariza\u00e7\u00e3o fundi\u00e1ria e capacita\u00e7\u00e3o profissional<\/figcaption><\/figure>\n\n\n\n<p>\u201cEssa \u00e9 uma a\u00e7\u00e3o muito importante porque aproxima a justi\u00e7a e os servi\u00e7os p\u00fablicos da popula\u00e7\u00e3o. Quando as institui\u00e7\u00f5es trabalham juntas, quem ganha \u00e9 o cidad\u00e3o. A Prefeitura de Caxias tem orgulho de ser parceira de um evento que garante direitos, orienta a popula\u00e7\u00e3o e facilita o acesso a servi\u00e7os essenciais\u201d, afirmou o prefeito.<\/p>\n\n\n\n<p>O evento tamb\u00e9m contou com a presen\u00e7a do secret\u00e1rio de Estado F\u00e1bio Gentil, representando o governador Carlos Brand\u00e3o, da deputada estadual Daniella e do desembargador Roberto Veloso, al\u00e9m de outras autoridades do Judici\u00e1rio, representantes de institui\u00e7\u00f5es p\u00fablicas e membros da sociedade civil.<\/p>\n\n\n\n<p>A programa\u00e7\u00e3o inclui atendimentos, orienta\u00e7\u00f5es e entrevistas com autoridades presentes no evento.<\/p>\n\n\n\n<p>A Pra\u00e7a de Justi\u00e7a &amp; Cidadania mostra o compromisso das institui\u00e7\u00f5es em levar servi\u00e7os diretamente \u00e0 popula\u00e7\u00e3o, promovendo inclus\u00e3o, orienta\u00e7\u00e3o e fortalecimento da cidadania em Caxias.<\/p>\n","protected":false},"excerpt":{"rendered":"<p>Caxias recebe um importante evento voltado \u00e0 cidadania e ao acesso \u00e0 justi\u00e7a: a Pra\u00e7a de Justi\u00e7a &amp; Cidadania, realizada [&hellip;]<\/p>\n","protected":false},"author":2,"featured_media":0,"comment_status":"open","ping_status":"open","sticky":false,"template":"","format":"standard","meta":{"site-sidebar-layout":"default","site-content-layout":"","ast-site-content-layout":"default","site-content-style":"default","site-sidebar-style":"default","ast-global-header-display":"","ast-banner-title-visibility":"","ast-main-header-display":"","ast-hfb-above-header-display":"","ast-hfb-below-header-display":"","ast-hfb-mobile-header-display":"","site-post-title":"","ast-breadcrumbs-content":"","ast-featured-img":"","footer-sml-layout":"","ast-disable-related-posts":"","theme-transparent-header-meta":"","adv-header-id-meta":"","stick-header-meta":"","header-above-stick-meta":"","header-main-stick-meta":"","header-below-stick-meta":"","astra-migrate-meta-layouts":"default","ast-page-background-enabled":"default","ast-page-background-meta":{"desktop":{"background-color":"var(--ast-global-color-5)","background-image":"","background-repeat":"repeat","background-position":"center center","background-size":"auto","background-attachment":"scroll","background-type":"","background-media":"","overlay-type":"","overlay-color":"","overlay-opacity":"","overlay-gradient":""},"tablet":{"background-color":"","background-image":"","background-repeat":"repeat","background-position":"center center","background-size":"auto","background-attachment":"scroll","background-type":"","background-media":"","overlay-type":"","overlay-color":"","overlay-opacity":"","overlay-gradient":""},"mobile":{"background-color":"","background-image":"","background-repeat":"repeat","background-position":"center center","background-size":"auto","background-attachment":"scroll","background-type":"","background-media":"","overlay-type":"","overlay-color":"","overlay-opacity":"","overlay-gradient":""}},"ast-content-background-meta":{"desktop":{"background-color":"var(--ast-global-color-4)","background-image":"","background-repeat":"repeat","background-position":"center center","background-size":"auto","background-attachment":"scroll","background-type":"","background-media":"","overlay-type":"","overlay-color":"","overlay-opacity":"","overlay-gradient":""},"tablet":{"background-color":"var(--ast-global-color-4)","background-image":"","background-repeat":"repeat","background-position":"center center","background-size":"auto","background-attachment":"scroll","background-type":"","background-media":"","overlay-type":"","overlay-color":"","overlay-opacity":"","overlay-gradient":""},"mobile":{"background-color":"var(--ast-global-color-4)","background-image":"","background-repeat":"repeat","background-position":"center center","background-size":"auto","background-attachment":"scroll","background-type":"","background-media":"","overlay-type":"","overlay-color":"","overlay-opacity":"","overlay-gradient":""}},"footnotes":""},"categories":[1],"tags":[],"class_list":["post-155543","post","type-post","status-publish","format-standard","hentry","category-sem-categoria"],"yoast_head":"<!-- This site is optimized with the Yoast SEO plugin v26.6 - https:\/\/yoast.com\/wordpress\/plugins\/seo\/ -->\n<title>Justi\u00e7a Federal em parceria com Prefeitura de Caxias realizam a Pra\u00e7a de Justi\u00e7a e Cidadania no munic\u00edpio - Daniel Matos<\/title>\n<meta name=\"robots\" content=\"index, follow, max-snippet:-1, max-image-preview:large, max-video-preview:-1\" \/>\n<link rel=\"canonical\" href=\"https:\/\/www.blogsoestado.com\/danielmatos\/justica-federal-em-parceria-com-prefeitura-de-caxias-realizam-a-praca-de-justica-e-cidadania-no-municipio\/\" \/>\n<meta property=\"og:locale\" content=\"pt_BR\" \/>\n<meta property=\"og:type\" content=\"article\" \/>\n<meta property=\"og:title\" content=\"Justi\u00e7a Federal em parceria com Prefeitura de Caxias realizam a Pra\u00e7a de Justi\u00e7a e Cidadania no munic\u00edpio - Daniel Matos\" \/>\n<meta property=\"og:description\" content=\"Caxias recebe um importante evento voltado \u00e0 cidadania e ao acesso \u00e0 justi\u00e7a: a Pra\u00e7a de Justi\u00e7a &amp; Cidadania, realizada [&hellip;]\" \/>\n<meta property=\"og:url\" content=\"https:\/\/www.blogsoestado.com\/danielmatos\/justica-federal-em-parceria-com-prefeitura-de-caxias-realizam-a-praca-de-justica-e-cidadania-no-municipio\/\" \/>\n<meta property=\"og:site_name\" content=\"Daniel Matos\" \/>\n<meta property=\"article:published_time\" content=\"2026-03-09T21:54:58+00:00\" \/>\n<meta property=\"article:modified_time\" content=\"2026-03-09T21:55:01+00:00\" \/>\n<meta property=\"og:image\" content=\"https:\/\/www.blogsoestado.com\/danielmatos\/wp-content\/uploads\/sites\/2\/2026\/03\/1005180456.jpg\" \/>\n\t<meta property=\"og:image:width\" content=\"2560\" \/>\n\t<meta property=\"og:image:height\" content=\"1703\" \/>\n\t<meta property=\"og:image:type\" content=\"image\/jpeg\" \/>\n<meta name=\"author\" content=\"Daniel Matos\" \/>\n<meta name=\"twitter:card\" content=\"summary_large_image\" \/>\n<meta name=\"twitter:label1\" content=\"Escrito por\" \/>\n\t<meta name=\"twitter:data1\" content=\"Daniel Matos\" \/>\n\t<meta name=\"twitter:label2\" content=\"Est. tempo de leitura\" \/>\n\t<meta name=\"twitter:data2\" content=\"3 minutos\" \/>\n<script type=\"application\/ld+json\" class=\"yoast-schema-graph\">{\"@context\":\"https:\/\/schema.org\",\"@graph\":[{\"@type\":\"WebPage\",\"@id\":\"https:\/\/www.blogsoestado.com\/danielmatos\/justica-federal-em-parceria-com-prefeitura-de-caxias-realizam-a-praca-de-justica-e-cidadania-no-municipio\/\",\"url\":\"https:\/\/www.blogsoestado.com\/danielmatos\/justica-federal-em-parceria-com-prefeitura-de-caxias-realizam-a-praca-de-justica-e-cidadania-no-municipio\/\",\"name\":\"Justi\u00e7a Federal em parceria com Prefeitura de Caxias realizam a Pra\u00e7a de Justi\u00e7a e Cidadania no munic\u00edpio - Daniel Matos\",\"isPartOf\":{\"@id\":\"https:\/\/www.blogsoestado.com\/danielmatos\/#website\"},\"primaryImageOfPage\":{\"@id\":\"https:\/\/www.blogsoestado.com\/danielmatos\/justica-federal-em-parceria-com-prefeitura-de-caxias-realizam-a-praca-de-justica-e-cidadania-no-municipio\/#primaryimage\"},\"image\":{\"@id\":\"https:\/\/www.blogsoestado.com\/danielmatos\/justica-federal-em-parceria-com-prefeitura-de-caxias-realizam-a-praca-de-justica-e-cidadania-no-municipio\/#primaryimage\"},\"thumbnailUrl\":\"https:\/\/www.blogsoestado.com\/danielmatos\/wp-content\/uploads\/sites\/2\/2026\/03\/1005180456-1024x681.jpg\",\"datePublished\":\"2026-03-09T21:54:58+00:00\",\"dateModified\":\"2026-03-09T21:55:01+00:00\",\"author\":{\"@id\":\"https:\/\/www.blogsoestado.com\/danielmatos\/#\/schema\/person\/9a209d407cd45631f131e1285b661bb0\"},\"breadcrumb\":{\"@id\":\"https:\/\/www.blogsoestado.com\/danielmatos\/justica-federal-em-parceria-com-prefeitura-de-caxias-realizam-a-praca-de-justica-e-cidadania-no-municipio\/#breadcrumb\"},\"inLanguage\":\"pt-BR\",\"potentialAction\":[{\"@type\":\"ReadAction\",\"target\":[\"https:\/\/www.blogsoestado.com\/danielmatos\/justica-federal-em-parceria-com-prefeitura-de-caxias-realizam-a-praca-de-justica-e-cidadania-no-municipio\/\"]}]},{\"@type\":\"ImageObject\",\"inLanguage\":\"pt-BR\",\"@id\":\"https:\/\/www.blogsoestado.com\/danielmatos\/justica-federal-em-parceria-com-prefeitura-de-caxias-realizam-a-praca-de-justica-e-cidadania-no-municipio\/#primaryimage\",\"url\":\"https:\/\/www.blogsoestado.com\/danielmatos\/wp-content\/uploads\/sites\/2\/2026\/03\/1005180456.jpg\",\"contentUrl\":\"https:\/\/www.blogsoestado.com\/danielmatos\/wp-content\/uploads\/sites\/2\/2026\/03\/1005180456.jpg\",\"width\":2560,\"height\":1703},{\"@type\":\"BreadcrumbList\",\"@id\":\"https:\/\/www.blogsoestado.com\/danielmatos\/justica-federal-em-parceria-com-prefeitura-de-caxias-realizam-a-praca-de-justica-e-cidadania-no-municipio\/#breadcrumb\",\"itemListElement\":[{\"@type\":\"ListItem\",\"position\":1,\"name\":\"In\u00edcio\",\"item\":\"https:\/\/www.blogsoestado.com\/danielmatos\/\"},{\"@type\":\"ListItem\",\"position\":2,\"name\":\"Justi\u00e7a Federal em parceria com Prefeitura de Caxias realizam a Pra\u00e7a de Justi\u00e7a e Cidadania no munic\u00edpio\"}]},{\"@type\":\"WebSite\",\"@id\":\"https:\/\/www.blogsoestado.com\/danielmatos\/#website\",\"url\":\"https:\/\/www.blogsoestado.com\/danielmatos\/\",\"name\":\"Daniel Matos\",\"description\":\"\",\"potentialAction\":[{\"@type\":\"SearchAction\",\"target\":{\"@type\":\"EntryPoint\",\"urlTemplate\":\"https:\/\/www.blogsoestado.com\/danielmatos\/?s={search_term_string}\"},\"query-input\":{\"@type\":\"PropertyValueSpecification\",\"valueRequired\":true,\"valueName\":\"search_term_string\"}}],\"inLanguage\":\"pt-BR\"},{\"@type\":\"Person\",\"@id\":\"https:\/\/www.blogsoestado.com\/danielmatos\/#\/schema\/person\/9a209d407cd45631f131e1285b661bb0\",\"name\":\"Daniel Matos\",\"image\":{\"@type\":\"ImageObject\",\"inLanguage\":\"pt-BR\",\"@id\":\"https:\/\/www.blogsoestado.com\/danielmatos\/#\/schema\/person\/image\/\",\"url\":\"https:\/\/secure.gravatar.com\/avatar\/2f26c36ee355da19a257f0dfef43952a2588b324ca35d6719e859fe338ac0392?s=96&d=mm&r=g\",\"contentUrl\":\"https:\/\/secure.gravatar.com\/avatar\/2f26c36ee355da19a257f0dfef43952a2588b324ca35d6719e859fe338ac0392?s=96&d=mm&r=g\",\"caption\":\"Daniel Matos\"},\"url\":\"https:\/\/www.blogsoestado.com\/danielmatos\/author\/danielmatos\/\"}]}<\/script>\n<!-- \/ Yoast SEO plugin. -->","yoast_head_json":{"title":"Justi\u00e7a Federal em parceria com Prefeitura de Caxias realizam a Pra\u00e7a de Justi\u00e7a e Cidadania no munic\u00edpio - Daniel Matos","robots":{"index":"index","follow":"follow","max-snippet":"max-snippet:-1","max-image-preview":"max-image-preview:large","max-video-preview":"max-video-preview:-1"},"canonical":"https:\/\/www.blogsoestado.com\/danielmatos\/justica-federal-em-parceria-com-prefeitura-de-caxias-realizam-a-praca-de-justica-e-cidadania-no-municipio\/","og_locale":"pt_BR","og_type":"article","og_title":"Justi\u00e7a Federal em parceria com Prefeitura de Caxias realizam a Pra\u00e7a de Justi\u00e7a e Cidadania no munic\u00edpio - Daniel Matos","og_description":"Caxias recebe um importante evento voltado \u00e0 cidadania e ao acesso \u00e0 justi\u00e7a: a Pra\u00e7a de Justi\u00e7a &amp; Cidadania, realizada [&hellip;]","og_url":"https:\/\/www.blogsoestado.com\/danielmatos\/justica-federal-em-parceria-com-prefeitura-de-caxias-realizam-a-praca-de-justica-e-cidadania-no-municipio\/","og_site_name":"Daniel Matos","article_published_time":"2026-03-09T21:54:58+00:00","article_modified_time":"2026-03-09T21:55:01+00:00","og_image":[{"width":2560,"height":1703,"url":"https:\/\/www.blogsoestado.com\/danielmatos\/wp-content\/uploads\/sites\/2\/2026\/03\/1005180456.jpg","type":"image\/jpeg"}],"author":"Daniel Matos","twitter_card":"summary_large_image","twitter_misc":{"Escrito por":"Daniel Matos","Est. tempo de leitura":"3 minutos"},"schema":{"@context":"https:\/\/schema.org","@graph":[{"@type":"WebPage","@id":"https:\/\/www.blogsoestado.com\/danielmatos\/justica-federal-em-parceria-com-prefeitura-de-caxias-realizam-a-praca-de-justica-e-cidadania-no-municipio\/","url":"https:\/\/www.blogsoestado.com\/danielmatos\/justica-federal-em-parceria-com-prefeitura-de-caxias-realizam-a-praca-de-justica-e-cidadania-no-municipio\/","name":"Justi\u00e7a Federal em parceria com Prefeitura de Caxias realizam a Pra\u00e7a de Justi\u00e7a e Cidadania no munic\u00edpio - Daniel Matos","isPartOf":{"@id":"https:\/\/www.blogsoestado.com\/danielmatos\/#website"},"primaryImageOfPage":{"@id":"https:\/\/www.blogsoestado.com\/danielmatos\/justica-federal-em-parceria-com-prefeitura-de-caxias-realizam-a-praca-de-justica-e-cidadania-no-municipio\/#primaryimage"},"image":{"@id":"https:\/\/www.blogsoestado.com\/danielmatos\/justica-federal-em-parceria-com-prefeitura-de-caxias-realizam-a-praca-de-justica-e-cidadania-no-municipio\/#primaryimage"},"thumbnailUrl":"https:\/\/www.blogsoestado.com\/danielmatos\/wp-content\/uploads\/sites\/2\/2026\/03\/1005180456-1024x681.jpg","datePublished":"2026-03-09T21:54:58+00:00","dateModified":"2026-03-09T21:55:01+00:00","author":{"@id":"https:\/\/www.blogsoestado.com\/danielmatos\/#\/schema\/person\/9a209d407cd45631f131e1285b661bb0"},"breadcrumb":{"@id":"https:\/\/www.blogsoestado.com\/danielmatos\/justica-federal-em-parceria-com-prefeitura-de-caxias-realizam-a-praca-de-justica-e-cidadania-no-municipio\/#breadcrumb"},"inLanguage":"pt-BR","potentialAction":[{"@type":"ReadAction","target":["https:\/\/www.blogsoestado.com\/danielmatos\/justica-federal-em-parceria-com-prefeitura-de-caxias-realizam-a-praca-de-justica-e-cidadania-no-municipio\/"]}]},{"@type":"ImageObject","inLanguage":"pt-BR","@id":"https:\/\/www.blogsoestado.com\/danielmatos\/justica-federal-em-parceria-com-prefeitura-de-caxias-realizam-a-praca-de-justica-e-cidadania-no-municipio\/#primaryimage","url":"https:\/\/www.blogsoestado.com\/danielmatos\/wp-content\/uploads\/sites\/2\/2026\/03\/1005180456.jpg","contentUrl":"https:\/\/www.blogsoestado.com\/danielmatos\/wp-content\/uploads\/sites\/2\/2026\/03\/1005180456.jpg","width":2560,"height":1703},{"@type":"BreadcrumbList","@id":"https:\/\/www.blogsoestado.com\/danielmatos\/justica-federal-em-parceria-com-prefeitura-de-caxias-realizam-a-praca-de-justica-e-cidadania-no-municipio\/#breadcrumb","itemListElement":[{"@type":"ListItem","position":1,"name":"In\u00edcio","item":"https:\/\/www.blogsoestado.com\/danielmatos\/"},{"@type":"ListItem","position":2,"name":"Justi\u00e7a Federal em parceria com Prefeitura de Caxias realizam a Pra\u00e7a de Justi\u00e7a e Cidadania no munic\u00edpio"}]},{"@type":"WebSite","@id":"https:\/\/www.blogsoestado.com\/danielmatos\/#website","url":"https:\/\/www.blogsoestado.com\/danielmatos\/","name":"Daniel Matos","description":"","potentialAction":[{"@type":"SearchAction","target":{"@type":"EntryPoint","urlTemplate":"https:\/\/www.blogsoestado.com\/danielmatos\/?s={search_term_string}"},"query-input":{"@type":"PropertyValueSpecification","valueRequired":true,"valueName":"search_term_string"}}],"inLanguage":"pt-BR"},{"@type":"Person","@id":"https:\/\/www.blogsoestado.com\/danielmatos\/#\/schema\/person\/9a209d407cd45631f131e1285b661bb0","name":"Daniel Matos","image":{"@type":"ImageObject","inLanguage":"pt-BR","@id":"https:\/\/www.blogsoestado.com\/danielmatos\/#\/schema\/person\/image\/","url":"https:\/\/secure.gravatar.com\/avatar\/2f26c36ee355da19a257f0dfef43952a2588b324ca35d6719e859fe338ac0392?s=96&d=mm&r=g","contentUrl":"https:\/\/secure.gravatar.com\/avatar\/2f26c36ee355da19a257f0dfef43952a2588b324ca35d6719e859fe338ac0392?s=96&d=mm&r=g","caption":"Daniel Matos"},"url":"https:\/\/www.blogsoestado.com\/danielmatos\/author\/danielmatos\/"}]}},"jetpack_featured_media_url":"","_links":{"self":[{"href":"https:\/\/www.blogsoestado.com\/danielmatos\/wp-json\/wp\/v2\/posts\/155543","targetHints":{"allow":["GET"]}}],"collection":[{"href":"https:\/\/www.blogsoestado.com\/danielmatos\/wp-json\/wp\/v2\/posts"}],"about":[{"href":"https:\/\/www.blogsoestado.com\/danielmatos\/wp-json\/wp\/v2\/types\/post"}],"author":[{"embeddable":true,"href":"https:\/\/www.blogsoestado.com\/danielmatos\/wp-json\/wp\/v2\/users\/2"}],"replies":[{"embeddable":true,"href":"https:\/\/www.blogsoestado.com\/danielmatos\/wp-json\/wp\/v2\/comments?post=155543"}],"version-history":[{"count":1,"href":"https:\/\/www.blogsoestado.com\/danielmatos\/wp-json\/wp\/v2\/posts\/155543\/revisions"}],"predecessor-version":[{"id":155546,"href":"https:\/\/www.blogsoestado.com\/danielmatos\/wp-json\/wp\/v2\/posts\/155543\/revisions\/155546"}],"wp:attachment":[{"href":"https:\/\/www.blogsoestado.com\/danielmatos\/wp-json\/wp\/v2\/media?parent=155543"}],"wp:term":[{"taxonomy":"category","embeddable":true,"href":"https:\/\/www.blogsoestado.com\/danielmatos\/wp-json\/wp\/v2\/categories?post=155543"},{"taxonomy":"post_tag","embeddable":true,"href":"https:\/\/www.blogsoestado.com\/danielmatos\/wp-json\/wp\/v2\/tags?post=155543"}],"curies":[{"name":"wp","href":"https:\/\/api.w.org\/{rel}","templated":true}]}}