{"id":155644,"date":"2026-03-12T09:41:24","date_gmt":"2026-03-12T12:41:24","guid":{"rendered":"https:\/\/www.blogsoestado.com\/danielmatos\/?p=155644"},"modified":"2026-03-12T09:41:29","modified_gmt":"2026-03-12T12:41:29","slug":"tolerancia-zero-ao-assedio-e-a-discriminacao-grupo-fribal-coloca-respeito-e-diversidade-no-centro-da-estrategia","status":"publish","type":"post","link":"https:\/\/www.blogsoestado.com\/danielmatos\/tolerancia-zero-ao-assedio-e-a-discriminacao-grupo-fribal-coloca-respeito-e-diversidade-no-centro-da-estrategia\/","title":{"rendered":"Toler\u00e2ncia zero ao ass\u00e9dio e \u00e0 discrimina\u00e7\u00e3o: Grupo Fribal coloca respeito e diversidade no centro da estrat\u00e9gia"},"content":{"rendered":"\n<p><strong><mark style=\"color:#cf2e2e\" class=\"has-inline-color\">Programa Cada Voz Importa Fribal (CVI) inclui eventos de conscientiza\u00e7\u00e3o, canal de den\u00fancias, cartilha educativa e pol\u00edtica de toler\u00e2ncia zero<\/mark><\/strong><\/p>\n\n\n\n<figure class=\"wp-block-image aligncenter size-large\"><img fetchpriority=\"high\" decoding=\"async\" width=\"1024\" height=\"907\" src=\"https:\/\/www.blogsoestado.com\/danielmatos\/wp-content\/uploads\/sites\/2\/2026\/03\/1005197147-1024x907.jpg\" alt=\"\" class=\"wp-image-155645\" srcset=\"https:\/\/www.blogsoestado.com\/danielmatos\/wp-content\/uploads\/sites\/2\/2026\/03\/1005197147-1024x907.jpg 1024w, https:\/\/www.blogsoestado.com\/danielmatos\/wp-content\/uploads\/sites\/2\/2026\/03\/1005197147-300x266.jpg 300w, https:\/\/www.blogsoestado.com\/danielmatos\/wp-content\/uploads\/sites\/2\/2026\/03\/1005197147-768x680.jpg 768w, https:\/\/www.blogsoestado.com\/danielmatos\/wp-content\/uploads\/sites\/2\/2026\/03\/1005197147-1536x1360.jpg 1536w, https:\/\/www.blogsoestado.com\/danielmatos\/wp-content\/uploads\/sites\/2\/2026\/03\/1005197147.jpg 1600w\" sizes=\"(max-width: 1024px) 100vw, 1024px\" \/><figcaption class=\"wp-element-caption\">A especialista em Gest\u00e3o de Gente da Fribal, Janusia Sena Navarro, junto ao totem do programa Cada Voz Importa, de apoio \u00e0 diversidade e combate aos ass\u00e9dios e discrimina\u00e7\u00f5es<\/figcaption><\/figure>\n\n\n\n<p>A busca por ambientes corporativos mais justos, seguros e inclusivos deixou de ser apenas uma pauta de recursos humanos para se tornar um tema estrat\u00e9gico nas empresas. Em um cen\u00e1rio em que quest\u00f5es como diversidade, equidade e respeito \u00e0s pessoas influenciam diretamente a reputa\u00e7\u00e3o, a produtividade e a atra\u00e7\u00e3o de talentos, cresce o n\u00famero de organiza\u00e7\u00f5es que investem em programas estruturados de preven\u00e7\u00e3o ao ass\u00e9dio, \u00e0 discrimina\u00e7\u00e3o e \u00e0 viol\u00eancia no ambiente de trabalho.<\/p>\n\n\n\n<p>Especialistas apontam que as mulheres continuam sendo um dos grupos mais vulner\u00e1veis nesse cen\u00e1rio, seja pela desigualdade hist\u00f3rica no mercado de trabalho, seja pela maior incid\u00eancia de casos de ass\u00e9dio moral e sexual. A resposta das empresas tem sido investir cada vez mais em programas de conscientiza\u00e7\u00e3o, letramento das equipes e mecanismos institucionais de prote\u00e7\u00e3o.<\/p>\n\n\n\n<p>Mais do que cumprir exig\u00eancias legais \u2014 como as previstas na Lei n\u00ba 14.457\/2022, que determina medidas de preven\u00e7\u00e3o ao ass\u00e9dio e \u00e0 viol\u00eancia no ambiente de trabalho \u2014 companhias come\u00e7am a tratar o tema como parte essencial da cultura organizacional, a exemplo do Grupo Fribal.<\/p>\n\n\n\n<p><strong>Conscientiza\u00e7\u00e3o como ponto de partida<\/strong><\/p>\n\n\n\n<p>Na pr\u00e1tica, a transforma\u00e7\u00e3o cultural come\u00e7a com informa\u00e7\u00e3o. Programas de letramento corporativo t\u00eam se consolidado como ferramentas importantes para ajudar equipes a identificar comportamentos abusivos que muitas vezes permanecem invis\u00edveis no cotidiano organizacional.<\/p>\n\n\n\n<p>O ass\u00e9dio moral, por exemplo, pode se manifestar por meio de condutas repetitivas que desestabilizam emocionalmente o trabalhador, como humilha\u00e7\u00f5es, intimida\u00e7\u00f5es ou isolamento. Esse tipo de pr\u00e1tica pode gerar impactos tanto individuais quanto corporativos, incluindo queda de produtividade, aumento do absente\u00edsmo e danos \u00e0 reputa\u00e7\u00e3o da empresa.<\/p>\n\n\n\n<p>O ass\u00e9dio sexual tamb\u00e9m tem defini\u00e7\u00e3o clara na legisla\u00e7\u00e3o brasileira e pode ocorrer por meio de coment\u00e1rios, insinua\u00e7\u00f5es, gestos ou qualquer comportamento de natureza sexual n\u00e3o desejado pela v\u00edtima \u2014 mesmo sem contato f\u00edsico. Esses epis\u00f3dios, quando ignorados ou minimizados, contribuem para a deteriora\u00e7\u00e3o do clima organizacional e para a perda de talentos.<\/p>\n\n\n\n<p><strong>Cultura de toler\u00e2ncia zero e cartilha adotadas na Fribal<\/strong><\/p>\n\n\n\n<p>O Grupo Fribal desenvolve o programa CVI \u2014 Cada Voz Importa, iniciativa conduzida pela Diretoria de Gest\u00e3o de Gente.<\/p>\n\n\n\n<p>\u201cA iniciativa inclui cartilha educativa, treinamentos de sensibiliza\u00e7\u00e3o, programas de letramento corporativo e um canal independente de den\u00fancias dispon\u00edvel 24 horas por dia, garantindo confidencialidade e prote\u00e7\u00e3o aos colaboradores\u201d, destaca a especialista em Gest\u00e3o de Gente da Fribal, Janusia Sena Navarro.<\/p>\n\n\n\n<p>O objetivo \u00e9 refor\u00e7ar uma cultura organizacional baseada no respeito, na inclus\u00e3o e na responsabiliza\u00e7\u00e3o diante de qualquer forma de viol\u00eancia ou discrimina\u00e7\u00e3o.<\/p>\n\n\n\n<p>Para o fundador e presidente do Grupo Fribal, Carlos Francisco de Oliveira, o compromisso da empresa vai al\u00e9m do cumprimento da legisla\u00e7\u00e3o.<\/p>\n\n\n\n<p>\u201cNossa prioridade \u00e9 assegurar que cada colaborador se sinta valorizado, protegido e apoiado em suas fun\u00e7\u00f5es. A preven\u00e7\u00e3o e o combate ao ass\u00e9dio moral, sexual, \u00e0 discrimina\u00e7\u00e3o e a qualquer forma de viol\u00eancia s\u00e3o elementos essenciais para o bem-estar da nossa equipe. Nossa empresa adota uma pol\u00edtica de toler\u00e2ncia zero com essas pr\u00e1ticas. \u00c9 assim que constru\u00edmos uma empresa mais forte, mais justa e mais humana\u201d, afirma o presidente do Grupo Fribal.<\/p>\n\n\n\n<p><strong>Lideran\u00e7a e exemplo<\/strong><\/p>\n\n\n\n<p>Especialistas em governan\u00e7a corporativa afirmam que iniciativas desse tipo s\u00f3 se consolidam quando h\u00e1 engajamento da lideran\u00e7a. Programas de diversidade e respeito precisam partir do topo da organiza\u00e7\u00e3o e se desdobrar em pol\u00edticas claras, treinamento cont\u00ednuo e canais confi\u00e1veis de den\u00fancia.<\/p>\n\n\n\n<p>Entre as medidas consideradas essenciais est\u00e3o: comunica\u00e7\u00e3o transparente das pol\u00edticas internas; treinamentos peri\u00f3dicos para todos os colaboradores; canais seguros e independentes para den\u00fancias; apoio psicol\u00f3gico e institucional \u00e0s v\u00edtimas; al\u00e9m de investiga\u00e7\u00e3o r\u00e1pida e imparcial de cada caso.<\/p>\n\n\n\n<p>A tend\u00eancia global aponta que ambientes corporativos inclusivos se tornar\u00e3o cada vez mais um diferencial competitivo. Empresas que promovem diversidade e respeito n\u00e3o apenas fortalecem sua reputa\u00e7\u00e3o institucional, como tamb\u00e9m ampliam sua capacidade de inova\u00e7\u00e3o.<\/p>\n","protected":false},"excerpt":{"rendered":"<p>Programa Cada Voz Importa Fribal (CVI) inclui eventos de conscientiza\u00e7\u00e3o, canal de den\u00fancias, cartilha educativa e pol\u00edtica de toler\u00e2ncia zero [&hellip;]<\/p>\n","protected":false},"author":2,"featured_media":0,"comment_status":"open","ping_status":"open","sticky":false,"template":"","format":"standard","meta":{"site-sidebar-layout":"default","site-content-layout":"","ast-site-content-layout":"default","site-content-style":"default","site-sidebar-style":"default","ast-global-header-display":"","ast-banner-title-visibility":"","ast-main-header-display":"","ast-hfb-above-header-display":"","ast-hfb-below-header-display":"","ast-hfb-mobile-header-display":"","site-post-title":"","ast-breadcrumbs-content":"","ast-featured-img":"","footer-sml-layout":"","ast-disable-related-posts":"","theme-transparent-header-meta":"","adv-header-id-meta":"","stick-header-meta":"","header-above-stick-meta":"","header-main-stick-meta":"","header-below-stick-meta":"","astra-migrate-meta-layouts":"default","ast-page-background-enabled":"default","ast-page-background-meta":{"desktop":{"background-color":"var(--ast-global-color-5)","background-image":"","background-repeat":"repeat","background-position":"center center","background-size":"auto","background-attachment":"scroll","background-type":"","background-media":"","overlay-type":"","overlay-color":"","overlay-opacity":"","overlay-gradient":""},"tablet":{"background-color":"","background-image":"","background-repeat":"repeat","background-position":"center center","background-size":"auto","background-attachment":"scroll","background-type":"","background-media":"","overlay-type":"","overlay-color":"","overlay-opacity":"","overlay-gradient":""},"mobile":{"background-color":"","background-image":"","background-repeat":"repeat","background-position":"center center","background-size":"auto","background-attachment":"scroll","background-type":"","background-media":"","overlay-type":"","overlay-color":"","overlay-opacity":"","overlay-gradient":""}},"ast-content-background-meta":{"desktop":{"background-color":"var(--ast-global-color-4)","background-image":"","background-repeat":"repeat","background-position":"center center","background-size":"auto","background-attachment":"scroll","background-type":"","background-media":"","overlay-type":"","overlay-color":"","overlay-opacity":"","overlay-gradient":""},"tablet":{"background-color":"var(--ast-global-color-4)","background-image":"","background-repeat":"repeat","background-position":"center center","background-size":"auto","background-attachment":"scroll","background-type":"","background-media":"","overlay-type":"","overlay-color":"","overlay-opacity":"","overlay-gradient":""},"mobile":{"background-color":"var(--ast-global-color-4)","background-image":"","background-repeat":"repeat","background-position":"center center","background-size":"auto","background-attachment":"scroll","background-type":"","background-media":"","overlay-type":"","overlay-color":"","overlay-opacity":"","overlay-gradient":""}},"footnotes":""},"categories":[1],"tags":[],"class_list":["post-155644","post","type-post","status-publish","format-standard","hentry","category-sem-categoria"],"yoast_head":"<!-- This site is optimized with the Yoast SEO plugin v26.6 - https:\/\/yoast.com\/wordpress\/plugins\/seo\/ -->\n<title>Toler\u00e2ncia zero ao ass\u00e9dio e \u00e0 discrimina\u00e7\u00e3o: Grupo Fribal coloca respeito e diversidade no centro da estrat\u00e9gia - Daniel Matos<\/title>\n<meta name=\"robots\" content=\"index, follow, max-snippet:-1, max-image-preview:large, max-video-preview:-1\" \/>\n<link rel=\"canonical\" href=\"https:\/\/www.blogsoestado.com\/danielmatos\/tolerancia-zero-ao-assedio-e-a-discriminacao-grupo-fribal-coloca-respeito-e-diversidade-no-centro-da-estrategia\/\" \/>\n<meta property=\"og:locale\" content=\"pt_BR\" \/>\n<meta property=\"og:type\" content=\"article\" \/>\n<meta property=\"og:title\" content=\"Toler\u00e2ncia zero ao ass\u00e9dio e \u00e0 discrimina\u00e7\u00e3o: Grupo Fribal coloca respeito e diversidade no centro da estrat\u00e9gia - Daniel Matos\" \/>\n<meta property=\"og:description\" content=\"Programa Cada Voz Importa Fribal (CVI) inclui eventos de conscientiza\u00e7\u00e3o, canal de den\u00fancias, cartilha educativa e pol\u00edtica de toler\u00e2ncia zero [&hellip;]\" \/>\n<meta property=\"og:url\" content=\"https:\/\/www.blogsoestado.com\/danielmatos\/tolerancia-zero-ao-assedio-e-a-discriminacao-grupo-fribal-coloca-respeito-e-diversidade-no-centro-da-estrategia\/\" \/>\n<meta property=\"og:site_name\" content=\"Daniel Matos\" \/>\n<meta property=\"article:published_time\" content=\"2026-03-12T12:41:24+00:00\" \/>\n<meta property=\"article:modified_time\" content=\"2026-03-12T12:41:29+00:00\" \/>\n<meta property=\"og:image\" content=\"https:\/\/www.blogsoestado.com\/danielmatos\/wp-content\/uploads\/sites\/2\/2026\/03\/1005197147.jpg\" \/>\n\t<meta property=\"og:image:width\" content=\"1600\" \/>\n\t<meta property=\"og:image:height\" content=\"1417\" \/>\n\t<meta property=\"og:image:type\" content=\"image\/jpeg\" \/>\n<meta name=\"author\" content=\"Daniel Matos\" \/>\n<meta name=\"twitter:card\" content=\"summary_large_image\" \/>\n<meta name=\"twitter:label1\" content=\"Escrito por\" \/>\n\t<meta name=\"twitter:data1\" content=\"Daniel Matos\" \/>\n\t<meta name=\"twitter:label2\" content=\"Est. tempo de leitura\" \/>\n\t<meta name=\"twitter:data2\" content=\"4 minutos\" \/>\n<script type=\"application\/ld+json\" class=\"yoast-schema-graph\">{\"@context\":\"https:\/\/schema.org\",\"@graph\":[{\"@type\":\"WebPage\",\"@id\":\"https:\/\/www.blogsoestado.com\/danielmatos\/tolerancia-zero-ao-assedio-e-a-discriminacao-grupo-fribal-coloca-respeito-e-diversidade-no-centro-da-estrategia\/\",\"url\":\"https:\/\/www.blogsoestado.com\/danielmatos\/tolerancia-zero-ao-assedio-e-a-discriminacao-grupo-fribal-coloca-respeito-e-diversidade-no-centro-da-estrategia\/\",\"name\":\"Toler\u00e2ncia zero ao ass\u00e9dio e \u00e0 discrimina\u00e7\u00e3o: Grupo Fribal coloca respeito e diversidade no centro da estrat\u00e9gia - Daniel Matos\",\"isPartOf\":{\"@id\":\"https:\/\/www.blogsoestado.com\/danielmatos\/#website\"},\"primaryImageOfPage\":{\"@id\":\"https:\/\/www.blogsoestado.com\/danielmatos\/tolerancia-zero-ao-assedio-e-a-discriminacao-grupo-fribal-coloca-respeito-e-diversidade-no-centro-da-estrategia\/#primaryimage\"},\"image\":{\"@id\":\"https:\/\/www.blogsoestado.com\/danielmatos\/tolerancia-zero-ao-assedio-e-a-discriminacao-grupo-fribal-coloca-respeito-e-diversidade-no-centro-da-estrategia\/#primaryimage\"},\"thumbnailUrl\":\"https:\/\/www.blogsoestado.com\/danielmatos\/wp-content\/uploads\/sites\/2\/2026\/03\/1005197147-1024x907.jpg\",\"datePublished\":\"2026-03-12T12:41:24+00:00\",\"dateModified\":\"2026-03-12T12:41:29+00:00\",\"author\":{\"@id\":\"https:\/\/www.blogsoestado.com\/danielmatos\/#\/schema\/person\/9a209d407cd45631f131e1285b661bb0\"},\"breadcrumb\":{\"@id\":\"https:\/\/www.blogsoestado.com\/danielmatos\/tolerancia-zero-ao-assedio-e-a-discriminacao-grupo-fribal-coloca-respeito-e-diversidade-no-centro-da-estrategia\/#breadcrumb\"},\"inLanguage\":\"pt-BR\",\"potentialAction\":[{\"@type\":\"ReadAction\",\"target\":[\"https:\/\/www.blogsoestado.com\/danielmatos\/tolerancia-zero-ao-assedio-e-a-discriminacao-grupo-fribal-coloca-respeito-e-diversidade-no-centro-da-estrategia\/\"]}]},{\"@type\":\"ImageObject\",\"inLanguage\":\"pt-BR\",\"@id\":\"https:\/\/www.blogsoestado.com\/danielmatos\/tolerancia-zero-ao-assedio-e-a-discriminacao-grupo-fribal-coloca-respeito-e-diversidade-no-centro-da-estrategia\/#primaryimage\",\"url\":\"https:\/\/www.blogsoestado.com\/danielmatos\/wp-content\/uploads\/sites\/2\/2026\/03\/1005197147.jpg\",\"contentUrl\":\"https:\/\/www.blogsoestado.com\/danielmatos\/wp-content\/uploads\/sites\/2\/2026\/03\/1005197147.jpg\",\"width\":1600,\"height\":1417},{\"@type\":\"BreadcrumbList\",\"@id\":\"https:\/\/www.blogsoestado.com\/danielmatos\/tolerancia-zero-ao-assedio-e-a-discriminacao-grupo-fribal-coloca-respeito-e-diversidade-no-centro-da-estrategia\/#breadcrumb\",\"itemListElement\":[{\"@type\":\"ListItem\",\"position\":1,\"name\":\"In\u00edcio\",\"item\":\"https:\/\/www.blogsoestado.com\/danielmatos\/\"},{\"@type\":\"ListItem\",\"position\":2,\"name\":\"Toler\u00e2ncia zero ao ass\u00e9dio e \u00e0 discrimina\u00e7\u00e3o: Grupo Fribal coloca respeito e diversidade no centro da estrat\u00e9gia\"}]},{\"@type\":\"WebSite\",\"@id\":\"https:\/\/www.blogsoestado.com\/danielmatos\/#website\",\"url\":\"https:\/\/www.blogsoestado.com\/danielmatos\/\",\"name\":\"Daniel Matos\",\"description\":\"\",\"potentialAction\":[{\"@type\":\"SearchAction\",\"target\":{\"@type\":\"EntryPoint\",\"urlTemplate\":\"https:\/\/www.blogsoestado.com\/danielmatos\/?s={search_term_string}\"},\"query-input\":{\"@type\":\"PropertyValueSpecification\",\"valueRequired\":true,\"valueName\":\"search_term_string\"}}],\"inLanguage\":\"pt-BR\"},{\"@type\":\"Person\",\"@id\":\"https:\/\/www.blogsoestado.com\/danielmatos\/#\/schema\/person\/9a209d407cd45631f131e1285b661bb0\",\"name\":\"Daniel Matos\",\"image\":{\"@type\":\"ImageObject\",\"inLanguage\":\"pt-BR\",\"@id\":\"https:\/\/www.blogsoestado.com\/danielmatos\/#\/schema\/person\/image\/\",\"url\":\"https:\/\/secure.gravatar.com\/avatar\/2f26c36ee355da19a257f0dfef43952a2588b324ca35d6719e859fe338ac0392?s=96&d=mm&r=g\",\"contentUrl\":\"https:\/\/secure.gravatar.com\/avatar\/2f26c36ee355da19a257f0dfef43952a2588b324ca35d6719e859fe338ac0392?s=96&d=mm&r=g\",\"caption\":\"Daniel Matos\"},\"url\":\"https:\/\/www.blogsoestado.com\/danielmatos\/author\/danielmatos\/\"}]}<\/script>\n<!-- \/ Yoast SEO plugin. -->","yoast_head_json":{"title":"Toler\u00e2ncia zero ao ass\u00e9dio e \u00e0 discrimina\u00e7\u00e3o: Grupo Fribal coloca respeito e diversidade no centro da estrat\u00e9gia - Daniel Matos","robots":{"index":"index","follow":"follow","max-snippet":"max-snippet:-1","max-image-preview":"max-image-preview:large","max-video-preview":"max-video-preview:-1"},"canonical":"https:\/\/www.blogsoestado.com\/danielmatos\/tolerancia-zero-ao-assedio-e-a-discriminacao-grupo-fribal-coloca-respeito-e-diversidade-no-centro-da-estrategia\/","og_locale":"pt_BR","og_type":"article","og_title":"Toler\u00e2ncia zero ao ass\u00e9dio e \u00e0 discrimina\u00e7\u00e3o: Grupo Fribal coloca respeito e diversidade no centro da estrat\u00e9gia - Daniel Matos","og_description":"Programa Cada Voz Importa Fribal (CVI) inclui eventos de conscientiza\u00e7\u00e3o, canal de den\u00fancias, cartilha educativa e pol\u00edtica de toler\u00e2ncia zero [&hellip;]","og_url":"https:\/\/www.blogsoestado.com\/danielmatos\/tolerancia-zero-ao-assedio-e-a-discriminacao-grupo-fribal-coloca-respeito-e-diversidade-no-centro-da-estrategia\/","og_site_name":"Daniel Matos","article_published_time":"2026-03-12T12:41:24+00:00","article_modified_time":"2026-03-12T12:41:29+00:00","og_image":[{"width":1600,"height":1417,"url":"https:\/\/www.blogsoestado.com\/danielmatos\/wp-content\/uploads\/sites\/2\/2026\/03\/1005197147.jpg","type":"image\/jpeg"}],"author":"Daniel Matos","twitter_card":"summary_large_image","twitter_misc":{"Escrito por":"Daniel Matos","Est. tempo de leitura":"4 minutos"},"schema":{"@context":"https:\/\/schema.org","@graph":[{"@type":"WebPage","@id":"https:\/\/www.blogsoestado.com\/danielmatos\/tolerancia-zero-ao-assedio-e-a-discriminacao-grupo-fribal-coloca-respeito-e-diversidade-no-centro-da-estrategia\/","url":"https:\/\/www.blogsoestado.com\/danielmatos\/tolerancia-zero-ao-assedio-e-a-discriminacao-grupo-fribal-coloca-respeito-e-diversidade-no-centro-da-estrategia\/","name":"Toler\u00e2ncia zero ao ass\u00e9dio e \u00e0 discrimina\u00e7\u00e3o: Grupo Fribal coloca respeito e diversidade no centro da estrat\u00e9gia - Daniel Matos","isPartOf":{"@id":"https:\/\/www.blogsoestado.com\/danielmatos\/#website"},"primaryImageOfPage":{"@id":"https:\/\/www.blogsoestado.com\/danielmatos\/tolerancia-zero-ao-assedio-e-a-discriminacao-grupo-fribal-coloca-respeito-e-diversidade-no-centro-da-estrategia\/#primaryimage"},"image":{"@id":"https:\/\/www.blogsoestado.com\/danielmatos\/tolerancia-zero-ao-assedio-e-a-discriminacao-grupo-fribal-coloca-respeito-e-diversidade-no-centro-da-estrategia\/#primaryimage"},"thumbnailUrl":"https:\/\/www.blogsoestado.com\/danielmatos\/wp-content\/uploads\/sites\/2\/2026\/03\/1005197147-1024x907.jpg","datePublished":"2026-03-12T12:41:24+00:00","dateModified":"2026-03-12T12:41:29+00:00","author":{"@id":"https:\/\/www.blogsoestado.com\/danielmatos\/#\/schema\/person\/9a209d407cd45631f131e1285b661bb0"},"breadcrumb":{"@id":"https:\/\/www.blogsoestado.com\/danielmatos\/tolerancia-zero-ao-assedio-e-a-discriminacao-grupo-fribal-coloca-respeito-e-diversidade-no-centro-da-estrategia\/#breadcrumb"},"inLanguage":"pt-BR","potentialAction":[{"@type":"ReadAction","target":["https:\/\/www.blogsoestado.com\/danielmatos\/tolerancia-zero-ao-assedio-e-a-discriminacao-grupo-fribal-coloca-respeito-e-diversidade-no-centro-da-estrategia\/"]}]},{"@type":"ImageObject","inLanguage":"pt-BR","@id":"https:\/\/www.blogsoestado.com\/danielmatos\/tolerancia-zero-ao-assedio-e-a-discriminacao-grupo-fribal-coloca-respeito-e-diversidade-no-centro-da-estrategia\/#primaryimage","url":"https:\/\/www.blogsoestado.com\/danielmatos\/wp-content\/uploads\/sites\/2\/2026\/03\/1005197147.jpg","contentUrl":"https:\/\/www.blogsoestado.com\/danielmatos\/wp-content\/uploads\/sites\/2\/2026\/03\/1005197147.jpg","width":1600,"height":1417},{"@type":"BreadcrumbList","@id":"https:\/\/www.blogsoestado.com\/danielmatos\/tolerancia-zero-ao-assedio-e-a-discriminacao-grupo-fribal-coloca-respeito-e-diversidade-no-centro-da-estrategia\/#breadcrumb","itemListElement":[{"@type":"ListItem","position":1,"name":"In\u00edcio","item":"https:\/\/www.blogsoestado.com\/danielmatos\/"},{"@type":"ListItem","position":2,"name":"Toler\u00e2ncia zero ao ass\u00e9dio e \u00e0 discrimina\u00e7\u00e3o: Grupo Fribal coloca respeito e diversidade no centro da estrat\u00e9gia"}]},{"@type":"WebSite","@id":"https:\/\/www.blogsoestado.com\/danielmatos\/#website","url":"https:\/\/www.blogsoestado.com\/danielmatos\/","name":"Daniel Matos","description":"","potentialAction":[{"@type":"SearchAction","target":{"@type":"EntryPoint","urlTemplate":"https:\/\/www.blogsoestado.com\/danielmatos\/?s={search_term_string}"},"query-input":{"@type":"PropertyValueSpecification","valueRequired":true,"valueName":"search_term_string"}}],"inLanguage":"pt-BR"},{"@type":"Person","@id":"https:\/\/www.blogsoestado.com\/danielmatos\/#\/schema\/person\/9a209d407cd45631f131e1285b661bb0","name":"Daniel Matos","image":{"@type":"ImageObject","inLanguage":"pt-BR","@id":"https:\/\/www.blogsoestado.com\/danielmatos\/#\/schema\/person\/image\/","url":"https:\/\/secure.gravatar.com\/avatar\/2f26c36ee355da19a257f0dfef43952a2588b324ca35d6719e859fe338ac0392?s=96&d=mm&r=g","contentUrl":"https:\/\/secure.gravatar.com\/avatar\/2f26c36ee355da19a257f0dfef43952a2588b324ca35d6719e859fe338ac0392?s=96&d=mm&r=g","caption":"Daniel Matos"},"url":"https:\/\/www.blogsoestado.com\/danielmatos\/author\/danielmatos\/"}]}},"jetpack_featured_media_url":"","_links":{"self":[{"href":"https:\/\/www.blogsoestado.com\/danielmatos\/wp-json\/wp\/v2\/posts\/155644","targetHints":{"allow":["GET"]}}],"collection":[{"href":"https:\/\/www.blogsoestado.com\/danielmatos\/wp-json\/wp\/v2\/posts"}],"about":[{"href":"https:\/\/www.blogsoestado.com\/danielmatos\/wp-json\/wp\/v2\/types\/post"}],"author":[{"embeddable":true,"href":"https:\/\/www.blogsoestado.com\/danielmatos\/wp-json\/wp\/v2\/users\/2"}],"replies":[{"embeddable":true,"href":"https:\/\/www.blogsoestado.com\/danielmatos\/wp-json\/wp\/v2\/comments?post=155644"}],"version-history":[{"count":1,"href":"https:\/\/www.blogsoestado.com\/danielmatos\/wp-json\/wp\/v2\/posts\/155644\/revisions"}],"predecessor-version":[{"id":155646,"href":"https:\/\/www.blogsoestado.com\/danielmatos\/wp-json\/wp\/v2\/posts\/155644\/revisions\/155646"}],"wp:attachment":[{"href":"https:\/\/www.blogsoestado.com\/danielmatos\/wp-json\/wp\/v2\/media?parent=155644"}],"wp:term":[{"taxonomy":"category","embeddable":true,"href":"https:\/\/www.blogsoestado.com\/danielmatos\/wp-json\/wp\/v2\/categories?post=155644"},{"taxonomy":"post_tag","embeddable":true,"href":"https:\/\/www.blogsoestado.com\/danielmatos\/wp-json\/wp\/v2\/tags?post=155644"}],"curies":[{"name":"wp","href":"https:\/\/api.w.org\/{rel}","templated":true}]}}