{"id":155674,"date":"2026-03-13T07:18:28","date_gmt":"2026-03-13T10:18:28","guid":{"rendered":"https:\/\/www.blogsoestado.com\/danielmatos\/?p=155674"},"modified":"2026-03-13T07:18:32","modified_gmt":"2026-03-13T10:18:32","slug":"justica-obriga-uber-99-indrive-e-concessionaria-a-organizar-embarque-e-desembarque-de-passageiros-no-aeroporto-de-sao-luis","status":"publish","type":"post","link":"https:\/\/www.blogsoestado.com\/danielmatos\/justica-obriga-uber-99-indrive-e-concessionaria-a-organizar-embarque-e-desembarque-de-passageiros-no-aeroporto-de-sao-luis\/","title":{"rendered":"Justi\u00e7a obriga Uber, 99, InDrive e concession\u00e1ria a organizar embarque e desembarque de passageiros no Aeroporto de S\u00e3o Lu\u00eds"},"content":{"rendered":"\n<h3 class=\"wp-block-heading\"><mark style=\"color:#cf2e2e\" class=\"has-inline-color\">Concession\u00e1ria e empresas de transporte por aplicativo respondem, de forma solid\u00e1ria, pelas obriga\u00e7\u00f5es<\/mark><\/h3>\n\n\n\n<figure class=\"wp-block-image aligncenter size-large\"><img fetchpriority=\"high\" decoding=\"async\" width=\"1024\" height=\"682\" src=\"https:\/\/www.blogsoestado.com\/danielmatos\/wp-content\/uploads\/sites\/2\/2026\/03\/1005203675-1024x682.jpg\" alt=\"\" class=\"wp-image-155675\" srcset=\"https:\/\/www.blogsoestado.com\/danielmatos\/wp-content\/uploads\/sites\/2\/2026\/03\/1005203675-1024x682.jpg 1024w, https:\/\/www.blogsoestado.com\/danielmatos\/wp-content\/uploads\/sites\/2\/2026\/03\/1005203675-300x200.jpg 300w, https:\/\/www.blogsoestado.com\/danielmatos\/wp-content\/uploads\/sites\/2\/2026\/03\/1005203675-768x512.jpg 768w, https:\/\/www.blogsoestado.com\/danielmatos\/wp-content\/uploads\/sites\/2\/2026\/03\/1005203675.jpg 1280w\" sizes=\"(max-width: 1024px) 100vw, 1024px\" \/><figcaption class=\"wp-element-caption\">\u00c1rea de embarque e desembarque de passageiros no Aeroporto de S\u00e3o Lu\u00eds<\/figcaption><\/figure>\n\n\n\n<p>A Justi\u00e7a condenou as empresas de transporte UBER, 99, InDrive e a Concession\u00e1ria do Bloco Central a indicar, disponibilizar, adequar, sinalizar e organizar pontos espec\u00edficos de embarque e desembarque para passageiros no Aeroporto Internacional \u201cMarechal Cunha Machado\u201d, em S\u00e3o Lu\u00eds.<\/p>\n\n\n\n<p>A senten\u00e7a, da Vara de Interesses Difusos e Coletivos (VIDC) de S\u00e3o Lu\u00eds, determina que as empresas devem, de forma solid\u00e1ria, garantir ampla sinaliza\u00e7\u00e3o e divulga\u00e7\u00e3o das informa\u00e7\u00f5es, respeitando integralmente as normas de acessibilidade.<\/p>\n\n\n\n<p>Na decis\u00e3o, o juiz Douglas de Melo Martins obriga, ainda, cada empresa a pagar indeniza\u00e7\u00e3o dos danos morais coletivos no valor de R$ 200 mil ao Fundo Estadual de Direitos Difusos.<\/p>\n\n\n\n<p><strong>DESORGANIZA\u00c7\u00c3O E INSEGURAN\u00c7A<\/strong><\/p>\n\n\n\n<p>Douglas Martins acatou pedido do PROCON, que alegou falhas na presta\u00e7\u00e3o do servi\u00e7o, desorganiza\u00e7\u00e3o, inseguran\u00e7a e conflitos com taxistas no embarque e desembarque no Aeroporto.<\/p>\n\n\n\n<p>Na decis\u00e3o, o juiz afirma que a concession\u00e1ria do aeroporto tem o dever de garantir a infraestrutura, a organiza\u00e7\u00e3o e a seguran\u00e7a em suas depend\u00eancias. E as empresas de aplicativo de transporte, que exploram economicamente a infraestrutura aeroportu\u00e1ria, t\u00eam o dever de zelar para que o servi\u00e7o seja prestado em condi\u00e7\u00f5es adequadas.&nbsp;<\/p>\n\n\n\n<p>\u201cA desorganiza\u00e7\u00e3o, a inseguran\u00e7a e os conflitos recorrentes no ambiente de embarque e desembarque geram uma sensa\u00e7\u00e3o de apreens\u00e3o e frustra\u00e7\u00e3o que ultrapassa o mero aborrecimento individual, atingindo a tranquilidade e a seguran\u00e7a da coletividade de consumidores e configurando dano moral coletivo\u201d, diz a decis\u00e3o.&nbsp;<\/p>\n\n\n\n<p><strong>DEN\u00daNCIAS&nbsp;<\/strong><\/p>\n\n\n\n<p>Conforme provas produzidas no processo, h\u00e1 den\u00fancias de motoristas e mat\u00e9rias jornal\u00edsticas sobre brigas e conflitos noticiados que demonstram a persist\u00eancia de um cen\u00e1rio de desorganiza\u00e7\u00e3o e inseguran\u00e7a no Aeroporto Internacional de S\u00e3o Lu\u00eds.<\/p>\n\n\n\n<p>Um Auto de Infra\u00e7\u00e3o e relat\u00f3rios t\u00e9cnicos demonstram que a din\u00e2mica de embarque e desembarque de passageiros por aplicativos operava em condi\u00e7\u00f5es de severa desorganiza\u00e7\u00e3o, gerando tumultos, riscos de atropelamento e transtornos generalizados.&nbsp;<\/p>\n\n\n\n<p>Dentre as falhas apontadas, a&nbsp;falta de pontos espec\u00edficos e sinalizados para embarque e desembarque de ve\u00edculos por aplicativo de transporte&nbsp;e a aus\u00eancia de informa\u00e7\u00f5es adequadas no terminal geram confus\u00e3o, disputas por espa\u00e7o e riscos \u00e0 seguran\u00e7a dos consumidores.<\/p>\n\n\n\n<p><strong>DEFESA DO CONSUMIDOR<\/strong><\/p>\n\n\n\n<p>De acordo com a senten\u00e7a, o C\u00f3digo de Defesa do Consumidor (CDC) define fornecedor como toda pessoa f\u00edsica ou jur\u00eddica que desenvolve atividade de produ\u00e7\u00e3o, montagem, cria\u00e7\u00e3o, constru\u00e7\u00e3o, transforma\u00e7\u00e3o, importa\u00e7\u00e3o, exporta\u00e7\u00e3o, distribui\u00e7\u00e3o ou comercializa\u00e7\u00e3o de produtos ou presta\u00e7\u00e3o de servi\u00e7os.&nbsp;<\/p>\n\n\n\n<p>Nesse caso, as empresas, em suas \u00e1reas de atua\u00e7\u00e3o, se enquadram nessa defini\u00e7\u00e3o e possuem responsabilidade solid\u00e1ria, pois todas que participam da cadeia de consumo respondem solidariamente pela repara\u00e7\u00e3o dos danos previstos nas normas de consumo.<\/p>\n\n\n\n<p>\u201cAdemais, a responsabilidade \u00e9 objetiva, conforme o artigo 14 do CDC, que atribui ao fornecedor de servi\u00e7os a responsabilidade, independentemente da exist\u00eancia de culpa, pelos danos causados aos consumidores por defeitos relativos \u00e0 presta\u00e7\u00e3o dos servi\u00e7os, bem como por informa\u00e7\u00f5es insuficientes ou inadequadas sobre sua frui\u00e7\u00e3o e riscos\u201d, concluiu o juiz na senten\u00e7a.<\/p>\n","protected":false},"excerpt":{"rendered":"<p>Concession\u00e1ria e empresas de transporte por aplicativo respondem, de forma solid\u00e1ria, pelas obriga\u00e7\u00f5es A Justi\u00e7a condenou as empresas de transporte [&hellip;]<\/p>\n","protected":false},"author":2,"featured_media":0,"comment_status":"open","ping_status":"open","sticky":false,"template":"","format":"standard","meta":{"site-sidebar-layout":"default","site-content-layout":"","ast-site-content-layout":"default","site-content-style":"default","site-sidebar-style":"default","ast-global-header-display":"","ast-banner-title-visibility":"","ast-main-header-display":"","ast-hfb-above-header-display":"","ast-hfb-below-header-display":"","ast-hfb-mobile-header-display":"","site-post-title":"","ast-breadcrumbs-content":"","ast-featured-img":"","footer-sml-layout":"","ast-disable-related-posts":"","theme-transparent-header-meta":"","adv-header-id-meta":"","stick-header-meta":"","header-above-stick-meta":"","header-main-stick-meta":"","header-below-stick-meta":"","astra-migrate-meta-layouts":"default","ast-page-background-enabled":"default","ast-page-background-meta":{"desktop":{"background-color":"var(--ast-global-color-5)","background-image":"","background-repeat":"repeat","background-position":"center center","background-size":"auto","background-attachment":"scroll","background-type":"","background-media":"","overlay-type":"","overlay-color":"","overlay-opacity":"","overlay-gradient":""},"tablet":{"background-color":"","background-image":"","background-repeat":"repeat","background-position":"center center","background-size":"auto","background-attachment":"scroll","background-type":"","background-media":"","overlay-type":"","overlay-color":"","overlay-opacity":"","overlay-gradient":""},"mobile":{"background-color":"","background-image":"","background-repeat":"repeat","background-position":"center center","background-size":"auto","background-attachment":"scroll","background-type":"","background-media":"","overlay-type":"","overlay-color":"","overlay-opacity":"","overlay-gradient":""}},"ast-content-background-meta":{"desktop":{"background-color":"var(--ast-global-color-4)","background-image":"","background-repeat":"repeat","background-position":"center center","background-size":"auto","background-attachment":"scroll","background-type":"","background-media":"","overlay-type":"","overlay-color":"","overlay-opacity":"","overlay-gradient":""},"tablet":{"background-color":"var(--ast-global-color-4)","background-image":"","background-repeat":"repeat","background-position":"center center","background-size":"auto","background-attachment":"scroll","background-type":"","background-media":"","overlay-type":"","overlay-color":"","overlay-opacity":"","overlay-gradient":""},"mobile":{"background-color":"var(--ast-global-color-4)","background-image":"","background-repeat":"repeat","background-position":"center center","background-size":"auto","background-attachment":"scroll","background-type":"","background-media":"","overlay-type":"","overlay-color":"","overlay-opacity":"","overlay-gradient":""}},"footnotes":""},"categories":[1],"tags":[],"class_list":["post-155674","post","type-post","status-publish","format-standard","hentry","category-sem-categoria"],"yoast_head":"<!-- This site is optimized with the Yoast SEO plugin v26.6 - https:\/\/yoast.com\/wordpress\/plugins\/seo\/ -->\n<title>Justi\u00e7a obriga Uber, 99, InDrive e concession\u00e1ria a organizar embarque e desembarque de passageiros no Aeroporto de S\u00e3o Lu\u00eds - Daniel Matos<\/title>\n<meta name=\"robots\" content=\"index, follow, max-snippet:-1, max-image-preview:large, max-video-preview:-1\" \/>\n<link rel=\"canonical\" href=\"https:\/\/www.blogsoestado.com\/danielmatos\/justica-obriga-uber-99-indrive-e-concessionaria-a-organizar-embarque-e-desembarque-de-passageiros-no-aeroporto-de-sao-luis\/\" \/>\n<meta property=\"og:locale\" content=\"pt_BR\" \/>\n<meta property=\"og:type\" content=\"article\" \/>\n<meta property=\"og:title\" content=\"Justi\u00e7a obriga Uber, 99, InDrive e concession\u00e1ria a organizar embarque e desembarque de passageiros no Aeroporto de S\u00e3o Lu\u00eds - Daniel Matos\" \/>\n<meta property=\"og:description\" content=\"Concession\u00e1ria e empresas de transporte por aplicativo respondem, de forma solid\u00e1ria, pelas obriga\u00e7\u00f5es A Justi\u00e7a condenou as empresas de transporte [&hellip;]\" \/>\n<meta property=\"og:url\" content=\"https:\/\/www.blogsoestado.com\/danielmatos\/justica-obriga-uber-99-indrive-e-concessionaria-a-organizar-embarque-e-desembarque-de-passageiros-no-aeroporto-de-sao-luis\/\" \/>\n<meta property=\"og:site_name\" content=\"Daniel Matos\" \/>\n<meta property=\"article:published_time\" content=\"2026-03-13T10:18:28+00:00\" \/>\n<meta property=\"article:modified_time\" content=\"2026-03-13T10:18:32+00:00\" \/>\n<meta property=\"og:image\" content=\"https:\/\/www.blogsoestado.com\/danielmatos\/wp-content\/uploads\/sites\/2\/2026\/03\/1005203675.jpg\" \/>\n\t<meta property=\"og:image:width\" content=\"1280\" \/>\n\t<meta property=\"og:image:height\" content=\"853\" \/>\n\t<meta property=\"og:image:type\" content=\"image\/jpeg\" \/>\n<meta name=\"author\" content=\"Daniel Matos\" \/>\n<meta name=\"twitter:card\" content=\"summary_large_image\" \/>\n<meta name=\"twitter:label1\" content=\"Escrito por\" \/>\n\t<meta name=\"twitter:data1\" content=\"Daniel Matos\" \/>\n\t<meta name=\"twitter:label2\" content=\"Est. tempo de leitura\" \/>\n\t<meta name=\"twitter:data2\" content=\"3 minutos\" \/>\n<script type=\"application\/ld+json\" class=\"yoast-schema-graph\">{\"@context\":\"https:\/\/schema.org\",\"@graph\":[{\"@type\":\"WebPage\",\"@id\":\"https:\/\/www.blogsoestado.com\/danielmatos\/justica-obriga-uber-99-indrive-e-concessionaria-a-organizar-embarque-e-desembarque-de-passageiros-no-aeroporto-de-sao-luis\/\",\"url\":\"https:\/\/www.blogsoestado.com\/danielmatos\/justica-obriga-uber-99-indrive-e-concessionaria-a-organizar-embarque-e-desembarque-de-passageiros-no-aeroporto-de-sao-luis\/\",\"name\":\"Justi\u00e7a obriga Uber, 99, InDrive e concession\u00e1ria a organizar embarque e desembarque de passageiros no Aeroporto de S\u00e3o Lu\u00eds - Daniel Matos\",\"isPartOf\":{\"@id\":\"https:\/\/www.blogsoestado.com\/danielmatos\/#website\"},\"primaryImageOfPage\":{\"@id\":\"https:\/\/www.blogsoestado.com\/danielmatos\/justica-obriga-uber-99-indrive-e-concessionaria-a-organizar-embarque-e-desembarque-de-passageiros-no-aeroporto-de-sao-luis\/#primaryimage\"},\"image\":{\"@id\":\"https:\/\/www.blogsoestado.com\/danielmatos\/justica-obriga-uber-99-indrive-e-concessionaria-a-organizar-embarque-e-desembarque-de-passageiros-no-aeroporto-de-sao-luis\/#primaryimage\"},\"thumbnailUrl\":\"https:\/\/www.blogsoestado.com\/danielmatos\/wp-content\/uploads\/sites\/2\/2026\/03\/1005203675-1024x682.jpg\",\"datePublished\":\"2026-03-13T10:18:28+00:00\",\"dateModified\":\"2026-03-13T10:18:32+00:00\",\"author\":{\"@id\":\"https:\/\/www.blogsoestado.com\/danielmatos\/#\/schema\/person\/9a209d407cd45631f131e1285b661bb0\"},\"breadcrumb\":{\"@id\":\"https:\/\/www.blogsoestado.com\/danielmatos\/justica-obriga-uber-99-indrive-e-concessionaria-a-organizar-embarque-e-desembarque-de-passageiros-no-aeroporto-de-sao-luis\/#breadcrumb\"},\"inLanguage\":\"pt-BR\",\"potentialAction\":[{\"@type\":\"ReadAction\",\"target\":[\"https:\/\/www.blogsoestado.com\/danielmatos\/justica-obriga-uber-99-indrive-e-concessionaria-a-organizar-embarque-e-desembarque-de-passageiros-no-aeroporto-de-sao-luis\/\"]}]},{\"@type\":\"ImageObject\",\"inLanguage\":\"pt-BR\",\"@id\":\"https:\/\/www.blogsoestado.com\/danielmatos\/justica-obriga-uber-99-indrive-e-concessionaria-a-organizar-embarque-e-desembarque-de-passageiros-no-aeroporto-de-sao-luis\/#primaryimage\",\"url\":\"https:\/\/www.blogsoestado.com\/danielmatos\/wp-content\/uploads\/sites\/2\/2026\/03\/1005203675.jpg\",\"contentUrl\":\"https:\/\/www.blogsoestado.com\/danielmatos\/wp-content\/uploads\/sites\/2\/2026\/03\/1005203675.jpg\",\"width\":1280,\"height\":853},{\"@type\":\"BreadcrumbList\",\"@id\":\"https:\/\/www.blogsoestado.com\/danielmatos\/justica-obriga-uber-99-indrive-e-concessionaria-a-organizar-embarque-e-desembarque-de-passageiros-no-aeroporto-de-sao-luis\/#breadcrumb\",\"itemListElement\":[{\"@type\":\"ListItem\",\"position\":1,\"name\":\"In\u00edcio\",\"item\":\"https:\/\/www.blogsoestado.com\/danielmatos\/\"},{\"@type\":\"ListItem\",\"position\":2,\"name\":\"Justi\u00e7a obriga Uber, 99, InDrive e concession\u00e1ria a organizar embarque e desembarque de passageiros no Aeroporto de S\u00e3o Lu\u00eds\"}]},{\"@type\":\"WebSite\",\"@id\":\"https:\/\/www.blogsoestado.com\/danielmatos\/#website\",\"url\":\"https:\/\/www.blogsoestado.com\/danielmatos\/\",\"name\":\"Daniel Matos\",\"description\":\"\",\"potentialAction\":[{\"@type\":\"SearchAction\",\"target\":{\"@type\":\"EntryPoint\",\"urlTemplate\":\"https:\/\/www.blogsoestado.com\/danielmatos\/?s={search_term_string}\"},\"query-input\":{\"@type\":\"PropertyValueSpecification\",\"valueRequired\":true,\"valueName\":\"search_term_string\"}}],\"inLanguage\":\"pt-BR\"},{\"@type\":\"Person\",\"@id\":\"https:\/\/www.blogsoestado.com\/danielmatos\/#\/schema\/person\/9a209d407cd45631f131e1285b661bb0\",\"name\":\"Daniel Matos\",\"image\":{\"@type\":\"ImageObject\",\"inLanguage\":\"pt-BR\",\"@id\":\"https:\/\/www.blogsoestado.com\/danielmatos\/#\/schema\/person\/image\/\",\"url\":\"https:\/\/secure.gravatar.com\/avatar\/2f26c36ee355da19a257f0dfef43952a2588b324ca35d6719e859fe338ac0392?s=96&d=mm&r=g\",\"contentUrl\":\"https:\/\/secure.gravatar.com\/avatar\/2f26c36ee355da19a257f0dfef43952a2588b324ca35d6719e859fe338ac0392?s=96&d=mm&r=g\",\"caption\":\"Daniel Matos\"},\"url\":\"https:\/\/www.blogsoestado.com\/danielmatos\/author\/danielmatos\/\"}]}<\/script>\n<!-- \/ Yoast SEO plugin. -->","yoast_head_json":{"title":"Justi\u00e7a obriga Uber, 99, InDrive e concession\u00e1ria a organizar embarque e desembarque de passageiros no Aeroporto de S\u00e3o Lu\u00eds - Daniel Matos","robots":{"index":"index","follow":"follow","max-snippet":"max-snippet:-1","max-image-preview":"max-image-preview:large","max-video-preview":"max-video-preview:-1"},"canonical":"https:\/\/www.blogsoestado.com\/danielmatos\/justica-obriga-uber-99-indrive-e-concessionaria-a-organizar-embarque-e-desembarque-de-passageiros-no-aeroporto-de-sao-luis\/","og_locale":"pt_BR","og_type":"article","og_title":"Justi\u00e7a obriga Uber, 99, InDrive e concession\u00e1ria a organizar embarque e desembarque de passageiros no Aeroporto de S\u00e3o Lu\u00eds - Daniel Matos","og_description":"Concession\u00e1ria e empresas de transporte por aplicativo respondem, de forma solid\u00e1ria, pelas obriga\u00e7\u00f5es A Justi\u00e7a condenou as empresas de transporte [&hellip;]","og_url":"https:\/\/www.blogsoestado.com\/danielmatos\/justica-obriga-uber-99-indrive-e-concessionaria-a-organizar-embarque-e-desembarque-de-passageiros-no-aeroporto-de-sao-luis\/","og_site_name":"Daniel Matos","article_published_time":"2026-03-13T10:18:28+00:00","article_modified_time":"2026-03-13T10:18:32+00:00","og_image":[{"width":1280,"height":853,"url":"https:\/\/www.blogsoestado.com\/danielmatos\/wp-content\/uploads\/sites\/2\/2026\/03\/1005203675.jpg","type":"image\/jpeg"}],"author":"Daniel Matos","twitter_card":"summary_large_image","twitter_misc":{"Escrito por":"Daniel Matos","Est. tempo de leitura":"3 minutos"},"schema":{"@context":"https:\/\/schema.org","@graph":[{"@type":"WebPage","@id":"https:\/\/www.blogsoestado.com\/danielmatos\/justica-obriga-uber-99-indrive-e-concessionaria-a-organizar-embarque-e-desembarque-de-passageiros-no-aeroporto-de-sao-luis\/","url":"https:\/\/www.blogsoestado.com\/danielmatos\/justica-obriga-uber-99-indrive-e-concessionaria-a-organizar-embarque-e-desembarque-de-passageiros-no-aeroporto-de-sao-luis\/","name":"Justi\u00e7a obriga Uber, 99, InDrive e concession\u00e1ria a organizar embarque e desembarque de passageiros no Aeroporto de S\u00e3o Lu\u00eds - Daniel Matos","isPartOf":{"@id":"https:\/\/www.blogsoestado.com\/danielmatos\/#website"},"primaryImageOfPage":{"@id":"https:\/\/www.blogsoestado.com\/danielmatos\/justica-obriga-uber-99-indrive-e-concessionaria-a-organizar-embarque-e-desembarque-de-passageiros-no-aeroporto-de-sao-luis\/#primaryimage"},"image":{"@id":"https:\/\/www.blogsoestado.com\/danielmatos\/justica-obriga-uber-99-indrive-e-concessionaria-a-organizar-embarque-e-desembarque-de-passageiros-no-aeroporto-de-sao-luis\/#primaryimage"},"thumbnailUrl":"https:\/\/www.blogsoestado.com\/danielmatos\/wp-content\/uploads\/sites\/2\/2026\/03\/1005203675-1024x682.jpg","datePublished":"2026-03-13T10:18:28+00:00","dateModified":"2026-03-13T10:18:32+00:00","author":{"@id":"https:\/\/www.blogsoestado.com\/danielmatos\/#\/schema\/person\/9a209d407cd45631f131e1285b661bb0"},"breadcrumb":{"@id":"https:\/\/www.blogsoestado.com\/danielmatos\/justica-obriga-uber-99-indrive-e-concessionaria-a-organizar-embarque-e-desembarque-de-passageiros-no-aeroporto-de-sao-luis\/#breadcrumb"},"inLanguage":"pt-BR","potentialAction":[{"@type":"ReadAction","target":["https:\/\/www.blogsoestado.com\/danielmatos\/justica-obriga-uber-99-indrive-e-concessionaria-a-organizar-embarque-e-desembarque-de-passageiros-no-aeroporto-de-sao-luis\/"]}]},{"@type":"ImageObject","inLanguage":"pt-BR","@id":"https:\/\/www.blogsoestado.com\/danielmatos\/justica-obriga-uber-99-indrive-e-concessionaria-a-organizar-embarque-e-desembarque-de-passageiros-no-aeroporto-de-sao-luis\/#primaryimage","url":"https:\/\/www.blogsoestado.com\/danielmatos\/wp-content\/uploads\/sites\/2\/2026\/03\/1005203675.jpg","contentUrl":"https:\/\/www.blogsoestado.com\/danielmatos\/wp-content\/uploads\/sites\/2\/2026\/03\/1005203675.jpg","width":1280,"height":853},{"@type":"BreadcrumbList","@id":"https:\/\/www.blogsoestado.com\/danielmatos\/justica-obriga-uber-99-indrive-e-concessionaria-a-organizar-embarque-e-desembarque-de-passageiros-no-aeroporto-de-sao-luis\/#breadcrumb","itemListElement":[{"@type":"ListItem","position":1,"name":"In\u00edcio","item":"https:\/\/www.blogsoestado.com\/danielmatos\/"},{"@type":"ListItem","position":2,"name":"Justi\u00e7a obriga Uber, 99, InDrive e concession\u00e1ria a organizar embarque e desembarque de passageiros no Aeroporto de S\u00e3o Lu\u00eds"}]},{"@type":"WebSite","@id":"https:\/\/www.blogsoestado.com\/danielmatos\/#website","url":"https:\/\/www.blogsoestado.com\/danielmatos\/","name":"Daniel Matos","description":"","potentialAction":[{"@type":"SearchAction","target":{"@type":"EntryPoint","urlTemplate":"https:\/\/www.blogsoestado.com\/danielmatos\/?s={search_term_string}"},"query-input":{"@type":"PropertyValueSpecification","valueRequired":true,"valueName":"search_term_string"}}],"inLanguage":"pt-BR"},{"@type":"Person","@id":"https:\/\/www.blogsoestado.com\/danielmatos\/#\/schema\/person\/9a209d407cd45631f131e1285b661bb0","name":"Daniel Matos","image":{"@type":"ImageObject","inLanguage":"pt-BR","@id":"https:\/\/www.blogsoestado.com\/danielmatos\/#\/schema\/person\/image\/","url":"https:\/\/secure.gravatar.com\/avatar\/2f26c36ee355da19a257f0dfef43952a2588b324ca35d6719e859fe338ac0392?s=96&d=mm&r=g","contentUrl":"https:\/\/secure.gravatar.com\/avatar\/2f26c36ee355da19a257f0dfef43952a2588b324ca35d6719e859fe338ac0392?s=96&d=mm&r=g","caption":"Daniel Matos"},"url":"https:\/\/www.blogsoestado.com\/danielmatos\/author\/danielmatos\/"}]}},"jetpack_featured_media_url":"","_links":{"self":[{"href":"https:\/\/www.blogsoestado.com\/danielmatos\/wp-json\/wp\/v2\/posts\/155674","targetHints":{"allow":["GET"]}}],"collection":[{"href":"https:\/\/www.blogsoestado.com\/danielmatos\/wp-json\/wp\/v2\/posts"}],"about":[{"href":"https:\/\/www.blogsoestado.com\/danielmatos\/wp-json\/wp\/v2\/types\/post"}],"author":[{"embeddable":true,"href":"https:\/\/www.blogsoestado.com\/danielmatos\/wp-json\/wp\/v2\/users\/2"}],"replies":[{"embeddable":true,"href":"https:\/\/www.blogsoestado.com\/danielmatos\/wp-json\/wp\/v2\/comments?post=155674"}],"version-history":[{"count":1,"href":"https:\/\/www.blogsoestado.com\/danielmatos\/wp-json\/wp\/v2\/posts\/155674\/revisions"}],"predecessor-version":[{"id":155676,"href":"https:\/\/www.blogsoestado.com\/danielmatos\/wp-json\/wp\/v2\/posts\/155674\/revisions\/155676"}],"wp:attachment":[{"href":"https:\/\/www.blogsoestado.com\/danielmatos\/wp-json\/wp\/v2\/media?parent=155674"}],"wp:term":[{"taxonomy":"category","embeddable":true,"href":"https:\/\/www.blogsoestado.com\/danielmatos\/wp-json\/wp\/v2\/categories?post=155674"},{"taxonomy":"post_tag","embeddable":true,"href":"https:\/\/www.blogsoestado.com\/danielmatos\/wp-json\/wp\/v2\/tags?post=155674"}],"curies":[{"name":"wp","href":"https:\/\/api.w.org\/{rel}","templated":true}]}}