{"id":155677,"date":"2026-03-13T09:52:16","date_gmt":"2026-03-13T12:52:16","guid":{"rendered":"https:\/\/www.blogsoestado.com\/danielmatos\/?p=155677"},"modified":"2026-03-13T09:52:22","modified_gmt":"2026-03-13T12:52:22","slug":"grupo-equatorial-inicia-primeira-edicao-do-desafio-equatorial-game","status":"publish","type":"post","link":"https:\/\/www.blogsoestado.com\/danielmatos\/grupo-equatorial-inicia-primeira-edicao-do-desafio-equatorial-game\/","title":{"rendered":"Grupo Equatorial inicia primeira edi\u00e7\u00e3o do Desafio Equatorial Game"},"content":{"rendered":"\n<figure class=\"wp-block-image aligncenter size-large\"><img fetchpriority=\"high\" decoding=\"async\" width=\"576\" height=\"1024\" src=\"https:\/\/www.blogsoestado.com\/danielmatos\/wp-content\/uploads\/sites\/2\/2026\/03\/1005204294-576x1024.jpg\" alt=\"\" class=\"wp-image-155678\" srcset=\"https:\/\/www.blogsoestado.com\/danielmatos\/wp-content\/uploads\/sites\/2\/2026\/03\/1005204294-576x1024.jpg 576w, https:\/\/www.blogsoestado.com\/danielmatos\/wp-content\/uploads\/sites\/2\/2026\/03\/1005204294-169x300.jpg 169w, https:\/\/www.blogsoestado.com\/danielmatos\/wp-content\/uploads\/sites\/2\/2026\/03\/1005204294.jpg 720w\" sizes=\"(max-width: 576px) 100vw, 576px\" \/><\/figure>\n\n\n\n<p><br>A iniciativa deve mobilizar mais de 120 mil estudantes do Ensino Fundamental II e professores de 168 escolas p\u00fablicas nos estados do Maranh\u00e3o, Par\u00e1, Piau\u00ed, Alagoas, Goi\u00e1s, Amap\u00e1 e Rio Grande do Sul<br>Teve in\u00edcio no dia 11 de mar\u00e7o a primeira edi\u00e7\u00e3o do <\/p>\n\n\n\n<p>Equatorial Game, projeto t\u00e9cnico-cient\u00edfico e educativo do Grupo Equatorial no \u00e2mbito do Programa de Efici\u00eancia Energ\u00e9tica (PEE\/ANEEL). A iniciativa representa a evolu\u00e7\u00e3o do tradicional Programa E+ Educa\u00e7\u00e3o, que j\u00e1 impactou mais de 90 mil estudantes com palestras e a\u00e7\u00f5es sobre consumo consciente de energia.<\/p>\n\n\n\n<p>O novo formato do projeto tem como meta mobilizar mais de 120 mil estudantes do Ensino Fundamental II (6\u00ba ao 9\u00ba ano), al\u00e9m de professores de escolas p\u00fablicas localizadas em comunidades de baixa renda nos sete estados de atua\u00e7\u00e3o das distribuidoras do Grupo Equatorial: Maranh\u00e3o, Par\u00e1, Piau\u00ed, Alagoas, Goi\u00e1s, Amap\u00e1 e Rio Grande do Sul. Nesta primeira edi\u00e7\u00e3o, o Equatorial Game, desenvolvido no site https:\/\/equatorial.educacao.online\/, envolve 168 escolas selecionadas, sendo 24 por estado.<\/p>\n\n\n\n<p>Totalmente digital e gratuito, o projeto oferece conte\u00fados interativos sobre efici\u00eancia energ\u00e9tica, sustentabilidade e uso seguro da energia el\u00e9trica, com trilhas pedag\u00f3gicas que incluem gamifica\u00e7\u00e3o, recursos interativos e desafios pr\u00e1ticos para o ambiente escolar. A primeira etapa consiste na forma\u00e7\u00e3o de professores e alunos, com e-book animado e cursos on-line.<\/p>\n\n\n\n<p>&#8220;Com o Equatorial Game, unimos educa\u00e7\u00e3o, tecnologia, inova\u00e7\u00e3o e cidadania para formar uma gera\u00e7\u00e3o protagonista na efici\u00eancia energ\u00e9tica e na sustentabilidade. A forma\u00e7\u00e3o que come\u00e7ou agora \u00e9 a base para que professores e estudantes avancem com autonomia pelas pr\u00f3ximas etapas e alcancem resultados concretos dentro e fora da escola\u201d, afirmou J\u00falio Cesar Mendes, executivo de P&amp;D e PEE do Grupo Equatorial.<\/p>\n\n\n\n<figure class=\"wp-block-image aligncenter size-full\"><img decoding=\"async\" width=\"433\" height=\"577\" src=\"https:\/\/www.blogsoestado.com\/danielmatos\/wp-content\/uploads\/sites\/2\/2026\/03\/1005204295.jpg\" alt=\"\" class=\"wp-image-155679\" srcset=\"https:\/\/www.blogsoestado.com\/danielmatos\/wp-content\/uploads\/sites\/2\/2026\/03\/1005204295.jpg 433w, https:\/\/www.blogsoestado.com\/danielmatos\/wp-content\/uploads\/sites\/2\/2026\/03\/1005204295-225x300.jpg 225w\" sizes=\"(max-width: 433px) 100vw, 433px\" \/><\/figure>\n\n\n\n<p>Haver\u00e1 tamb\u00e9m a realiza\u00e7\u00e3o de diagn\u00f3sticos energ\u00e9ticos para identificar oportunidades de efici\u00eancia nas resid\u00eancias dos estudantes e nas escolas participantes. A a\u00e7\u00e3o inclui o mapeamento de equipamentos el\u00e9tricos e eletr\u00f4nicos que podem ser substitu\u00eddos por vers\u00f5es mais eficientes. Outra atividade prevista \u00e9 o Minha Casa Econ\u00f4mica, momento em que os estudantes compartilham com suas fam\u00edlias e comunidades o conhecimento adquirido sobre o uso eficiente e seguro da energia el\u00e9trica. Essas atividades seguem at\u00e9 5 de maio de 2026 no portal.<\/p>\n\n\n\n<p>As pr\u00f3ximas fases incluem o tutorial da Casa Eficiente, com jogo pr\u00e1tico para preparar o aluno para os desafios digitais; o Dia Game, com a\u00e7\u00f5es presenciais, atividades pr\u00e1ticas e experi\u00eancias em realidade virtual; al\u00e9m de dois Desafios Digitais que avaliam o conhecimento dos estudantes. A plataforma disponibilizar\u00e1 um ranking para cada participante por estado, e os primeiros colocados receber\u00e3o trof\u00e9us, kits sustent\u00e1veis e eficientiza\u00e7\u00e3o das resid\u00eancias.<\/p>\n\n\n\n<p>As escolas vencedoras ser\u00e3o contempladas com a instala\u00e7\u00e3o de sistema fotovoltaico e a substitui\u00e7\u00e3o por equipamentos mais eficientes. J\u00e1 os professores receber\u00e3o trof\u00e9us nas categorias ouro, prata e bronze. Todos os participantes do projeto ter\u00e3o direito a certificado de participa\u00e7\u00e3o. A cerim\u00f4nia de premia\u00e7\u00e3o est\u00e1 prevista para ocorrer em junho de 2026.<\/p>\n\n\n\n<p><strong>Servi\u00e7o<\/strong><\/p>\n\n\n\n<p>O que: Desafio Equatorial Game<br>Quando: mar\u00e7o a junho de 2026<br>P\u00fablico-alvo: 120 mil estudantes do Ensino Fundamental II (6\u00ba ao 9\u00ba ano)<br>Local: ambiente virtual https:\/\/equatorial.educacao.online\/ e algumas atividades nas escolas p\u00fablicas do MA, PA, PI, AL, GO, AP e RS, \u00e1reas de atua\u00e7\u00e3o das Distribuidoras do Grupo Equatorial<br>Abrang\u00eancia: 168 escolas (24 por estado), edi\u00e7\u00e3o inicial nas regi\u00f5es metropolitanas.<\/p>\n","protected":false},"excerpt":{"rendered":"<p>A iniciativa deve mobilizar mais de 120 mil estudantes do Ensino Fundamental II e professores de 168 escolas p\u00fablicas nos [&hellip;]<\/p>\n","protected":false},"author":2,"featured_media":0,"comment_status":"open","ping_status":"open","sticky":false,"template":"","format":"standard","meta":{"site-sidebar-layout":"default","site-content-layout":"","ast-site-content-layout":"default","site-content-style":"default","site-sidebar-style":"default","ast-global-header-display":"","ast-banner-title-visibility":"","ast-main-header-display":"","ast-hfb-above-header-display":"","ast-hfb-below-header-display":"","ast-hfb-mobile-header-display":"","site-post-title":"","ast-breadcrumbs-content":"","ast-featured-img":"","footer-sml-layout":"","ast-disable-related-posts":"","theme-transparent-header-meta":"","adv-header-id-meta":"","stick-header-meta":"","header-above-stick-meta":"","header-main-stick-meta":"","header-below-stick-meta":"","astra-migrate-meta-layouts":"default","ast-page-background-enabled":"default","ast-page-background-meta":{"desktop":{"background-color":"var(--ast-global-color-5)","background-image":"","background-repeat":"repeat","background-position":"center center","background-size":"auto","background-attachment":"scroll","background-type":"","background-media":"","overlay-type":"","overlay-color":"","overlay-opacity":"","overlay-gradient":""},"tablet":{"background-color":"","background-image":"","background-repeat":"repeat","background-position":"center center","background-size":"auto","background-attachment":"scroll","background-type":"","background-media":"","overlay-type":"","overlay-color":"","overlay-opacity":"","overlay-gradient":""},"mobile":{"background-color":"","background-image":"","background-repeat":"repeat","background-position":"center center","background-size":"auto","background-attachment":"scroll","background-type":"","background-media":"","overlay-type":"","overlay-color":"","overlay-opacity":"","overlay-gradient":""}},"ast-content-background-meta":{"desktop":{"background-color":"var(--ast-global-color-4)","background-image":"","background-repeat":"repeat","background-position":"center center","background-size":"auto","background-attachment":"scroll","background-type":"","background-media":"","overlay-type":"","overlay-color":"","overlay-opacity":"","overlay-gradient":""},"tablet":{"background-color":"var(--ast-global-color-4)","background-image":"","background-repeat":"repeat","background-position":"center center","background-size":"auto","background-attachment":"scroll","background-type":"","background-media":"","overlay-type":"","overlay-color":"","overlay-opacity":"","overlay-gradient":""},"mobile":{"background-color":"var(--ast-global-color-4)","background-image":"","background-repeat":"repeat","background-position":"center center","background-size":"auto","background-attachment":"scroll","background-type":"","background-media":"","overlay-type":"","overlay-color":"","overlay-opacity":"","overlay-gradient":""}},"footnotes":""},"categories":[1],"tags":[],"class_list":["post-155677","post","type-post","status-publish","format-standard","hentry","category-sem-categoria"],"yoast_head":"<!-- This site is optimized with the Yoast SEO plugin v26.6 - https:\/\/yoast.com\/wordpress\/plugins\/seo\/ -->\n<title>Grupo Equatorial inicia primeira edi\u00e7\u00e3o do Desafio Equatorial Game - Daniel Matos<\/title>\n<meta name=\"robots\" content=\"index, follow, max-snippet:-1, max-image-preview:large, max-video-preview:-1\" \/>\n<link rel=\"canonical\" href=\"https:\/\/www.blogsoestado.com\/danielmatos\/grupo-equatorial-inicia-primeira-edicao-do-desafio-equatorial-game\/\" \/>\n<meta property=\"og:locale\" content=\"pt_BR\" \/>\n<meta property=\"og:type\" content=\"article\" \/>\n<meta property=\"og:title\" content=\"Grupo Equatorial inicia primeira edi\u00e7\u00e3o do Desafio Equatorial Game - Daniel Matos\" \/>\n<meta property=\"og:description\" content=\"A iniciativa deve mobilizar mais de 120 mil estudantes do Ensino Fundamental II e professores de 168 escolas p\u00fablicas nos [&hellip;]\" \/>\n<meta property=\"og:url\" content=\"https:\/\/www.blogsoestado.com\/danielmatos\/grupo-equatorial-inicia-primeira-edicao-do-desafio-equatorial-game\/\" \/>\n<meta property=\"og:site_name\" content=\"Daniel Matos\" \/>\n<meta property=\"article:published_time\" content=\"2026-03-13T12:52:16+00:00\" \/>\n<meta property=\"article:modified_time\" content=\"2026-03-13T12:52:22+00:00\" \/>\n<meta property=\"og:image\" content=\"https:\/\/www.blogsoestado.com\/danielmatos\/wp-content\/uploads\/sites\/2\/2026\/03\/1005204294.jpg\" \/>\n\t<meta property=\"og:image:width\" content=\"720\" \/>\n\t<meta property=\"og:image:height\" content=\"1280\" \/>\n\t<meta property=\"og:image:type\" content=\"image\/jpeg\" \/>\n<meta name=\"author\" content=\"Daniel Matos\" \/>\n<meta name=\"twitter:card\" content=\"summary_large_image\" \/>\n<meta name=\"twitter:label1\" content=\"Escrito por\" \/>\n\t<meta name=\"twitter:data1\" content=\"Daniel Matos\" \/>\n\t<meta name=\"twitter:label2\" content=\"Est. tempo de leitura\" \/>\n\t<meta name=\"twitter:data2\" content=\"4 minutos\" \/>\n<script type=\"application\/ld+json\" class=\"yoast-schema-graph\">{\"@context\":\"https:\/\/schema.org\",\"@graph\":[{\"@type\":\"WebPage\",\"@id\":\"https:\/\/www.blogsoestado.com\/danielmatos\/grupo-equatorial-inicia-primeira-edicao-do-desafio-equatorial-game\/\",\"url\":\"https:\/\/www.blogsoestado.com\/danielmatos\/grupo-equatorial-inicia-primeira-edicao-do-desafio-equatorial-game\/\",\"name\":\"Grupo Equatorial inicia primeira edi\u00e7\u00e3o do Desafio Equatorial Game - Daniel Matos\",\"isPartOf\":{\"@id\":\"https:\/\/www.blogsoestado.com\/danielmatos\/#website\"},\"primaryImageOfPage\":{\"@id\":\"https:\/\/www.blogsoestado.com\/danielmatos\/grupo-equatorial-inicia-primeira-edicao-do-desafio-equatorial-game\/#primaryimage\"},\"image\":{\"@id\":\"https:\/\/www.blogsoestado.com\/danielmatos\/grupo-equatorial-inicia-primeira-edicao-do-desafio-equatorial-game\/#primaryimage\"},\"thumbnailUrl\":\"https:\/\/www.blogsoestado.com\/danielmatos\/wp-content\/uploads\/sites\/2\/2026\/03\/1005204294-576x1024.jpg\",\"datePublished\":\"2026-03-13T12:52:16+00:00\",\"dateModified\":\"2026-03-13T12:52:22+00:00\",\"author\":{\"@id\":\"https:\/\/www.blogsoestado.com\/danielmatos\/#\/schema\/person\/9a209d407cd45631f131e1285b661bb0\"},\"breadcrumb\":{\"@id\":\"https:\/\/www.blogsoestado.com\/danielmatos\/grupo-equatorial-inicia-primeira-edicao-do-desafio-equatorial-game\/#breadcrumb\"},\"inLanguage\":\"pt-BR\",\"potentialAction\":[{\"@type\":\"ReadAction\",\"target\":[\"https:\/\/www.blogsoestado.com\/danielmatos\/grupo-equatorial-inicia-primeira-edicao-do-desafio-equatorial-game\/\"]}]},{\"@type\":\"ImageObject\",\"inLanguage\":\"pt-BR\",\"@id\":\"https:\/\/www.blogsoestado.com\/danielmatos\/grupo-equatorial-inicia-primeira-edicao-do-desafio-equatorial-game\/#primaryimage\",\"url\":\"https:\/\/www.blogsoestado.com\/danielmatos\/wp-content\/uploads\/sites\/2\/2026\/03\/1005204294.jpg\",\"contentUrl\":\"https:\/\/www.blogsoestado.com\/danielmatos\/wp-content\/uploads\/sites\/2\/2026\/03\/1005204294.jpg\",\"width\":720,\"height\":1280},{\"@type\":\"BreadcrumbList\",\"@id\":\"https:\/\/www.blogsoestado.com\/danielmatos\/grupo-equatorial-inicia-primeira-edicao-do-desafio-equatorial-game\/#breadcrumb\",\"itemListElement\":[{\"@type\":\"ListItem\",\"position\":1,\"name\":\"In\u00edcio\",\"item\":\"https:\/\/www.blogsoestado.com\/danielmatos\/\"},{\"@type\":\"ListItem\",\"position\":2,\"name\":\"Grupo Equatorial inicia primeira edi\u00e7\u00e3o do Desafio Equatorial Game\"}]},{\"@type\":\"WebSite\",\"@id\":\"https:\/\/www.blogsoestado.com\/danielmatos\/#website\",\"url\":\"https:\/\/www.blogsoestado.com\/danielmatos\/\",\"name\":\"Daniel Matos\",\"description\":\"\",\"potentialAction\":[{\"@type\":\"SearchAction\",\"target\":{\"@type\":\"EntryPoint\",\"urlTemplate\":\"https:\/\/www.blogsoestado.com\/danielmatos\/?s={search_term_string}\"},\"query-input\":{\"@type\":\"PropertyValueSpecification\",\"valueRequired\":true,\"valueName\":\"search_term_string\"}}],\"inLanguage\":\"pt-BR\"},{\"@type\":\"Person\",\"@id\":\"https:\/\/www.blogsoestado.com\/danielmatos\/#\/schema\/person\/9a209d407cd45631f131e1285b661bb0\",\"name\":\"Daniel Matos\",\"image\":{\"@type\":\"ImageObject\",\"inLanguage\":\"pt-BR\",\"@id\":\"https:\/\/www.blogsoestado.com\/danielmatos\/#\/schema\/person\/image\/\",\"url\":\"https:\/\/secure.gravatar.com\/avatar\/2f26c36ee355da19a257f0dfef43952a2588b324ca35d6719e859fe338ac0392?s=96&d=mm&r=g\",\"contentUrl\":\"https:\/\/secure.gravatar.com\/avatar\/2f26c36ee355da19a257f0dfef43952a2588b324ca35d6719e859fe338ac0392?s=96&d=mm&r=g\",\"caption\":\"Daniel Matos\"},\"url\":\"https:\/\/www.blogsoestado.com\/danielmatos\/author\/danielmatos\/\"}]}<\/script>\n<!-- \/ Yoast SEO plugin. -->","yoast_head_json":{"title":"Grupo Equatorial inicia primeira edi\u00e7\u00e3o do Desafio Equatorial Game - Daniel Matos","robots":{"index":"index","follow":"follow","max-snippet":"max-snippet:-1","max-image-preview":"max-image-preview:large","max-video-preview":"max-video-preview:-1"},"canonical":"https:\/\/www.blogsoestado.com\/danielmatos\/grupo-equatorial-inicia-primeira-edicao-do-desafio-equatorial-game\/","og_locale":"pt_BR","og_type":"article","og_title":"Grupo Equatorial inicia primeira edi\u00e7\u00e3o do Desafio Equatorial Game - Daniel Matos","og_description":"A iniciativa deve mobilizar mais de 120 mil estudantes do Ensino Fundamental II e professores de 168 escolas p\u00fablicas nos [&hellip;]","og_url":"https:\/\/www.blogsoestado.com\/danielmatos\/grupo-equatorial-inicia-primeira-edicao-do-desafio-equatorial-game\/","og_site_name":"Daniel Matos","article_published_time":"2026-03-13T12:52:16+00:00","article_modified_time":"2026-03-13T12:52:22+00:00","og_image":[{"width":720,"height":1280,"url":"https:\/\/www.blogsoestado.com\/danielmatos\/wp-content\/uploads\/sites\/2\/2026\/03\/1005204294.jpg","type":"image\/jpeg"}],"author":"Daniel Matos","twitter_card":"summary_large_image","twitter_misc":{"Escrito por":"Daniel Matos","Est. tempo de leitura":"4 minutos"},"schema":{"@context":"https:\/\/schema.org","@graph":[{"@type":"WebPage","@id":"https:\/\/www.blogsoestado.com\/danielmatos\/grupo-equatorial-inicia-primeira-edicao-do-desafio-equatorial-game\/","url":"https:\/\/www.blogsoestado.com\/danielmatos\/grupo-equatorial-inicia-primeira-edicao-do-desafio-equatorial-game\/","name":"Grupo Equatorial inicia primeira edi\u00e7\u00e3o do Desafio Equatorial Game - Daniel Matos","isPartOf":{"@id":"https:\/\/www.blogsoestado.com\/danielmatos\/#website"},"primaryImageOfPage":{"@id":"https:\/\/www.blogsoestado.com\/danielmatos\/grupo-equatorial-inicia-primeira-edicao-do-desafio-equatorial-game\/#primaryimage"},"image":{"@id":"https:\/\/www.blogsoestado.com\/danielmatos\/grupo-equatorial-inicia-primeira-edicao-do-desafio-equatorial-game\/#primaryimage"},"thumbnailUrl":"https:\/\/www.blogsoestado.com\/danielmatos\/wp-content\/uploads\/sites\/2\/2026\/03\/1005204294-576x1024.jpg","datePublished":"2026-03-13T12:52:16+00:00","dateModified":"2026-03-13T12:52:22+00:00","author":{"@id":"https:\/\/www.blogsoestado.com\/danielmatos\/#\/schema\/person\/9a209d407cd45631f131e1285b661bb0"},"breadcrumb":{"@id":"https:\/\/www.blogsoestado.com\/danielmatos\/grupo-equatorial-inicia-primeira-edicao-do-desafio-equatorial-game\/#breadcrumb"},"inLanguage":"pt-BR","potentialAction":[{"@type":"ReadAction","target":["https:\/\/www.blogsoestado.com\/danielmatos\/grupo-equatorial-inicia-primeira-edicao-do-desafio-equatorial-game\/"]}]},{"@type":"ImageObject","inLanguage":"pt-BR","@id":"https:\/\/www.blogsoestado.com\/danielmatos\/grupo-equatorial-inicia-primeira-edicao-do-desafio-equatorial-game\/#primaryimage","url":"https:\/\/www.blogsoestado.com\/danielmatos\/wp-content\/uploads\/sites\/2\/2026\/03\/1005204294.jpg","contentUrl":"https:\/\/www.blogsoestado.com\/danielmatos\/wp-content\/uploads\/sites\/2\/2026\/03\/1005204294.jpg","width":720,"height":1280},{"@type":"BreadcrumbList","@id":"https:\/\/www.blogsoestado.com\/danielmatos\/grupo-equatorial-inicia-primeira-edicao-do-desafio-equatorial-game\/#breadcrumb","itemListElement":[{"@type":"ListItem","position":1,"name":"In\u00edcio","item":"https:\/\/www.blogsoestado.com\/danielmatos\/"},{"@type":"ListItem","position":2,"name":"Grupo Equatorial inicia primeira edi\u00e7\u00e3o do Desafio Equatorial Game"}]},{"@type":"WebSite","@id":"https:\/\/www.blogsoestado.com\/danielmatos\/#website","url":"https:\/\/www.blogsoestado.com\/danielmatos\/","name":"Daniel Matos","description":"","potentialAction":[{"@type":"SearchAction","target":{"@type":"EntryPoint","urlTemplate":"https:\/\/www.blogsoestado.com\/danielmatos\/?s={search_term_string}"},"query-input":{"@type":"PropertyValueSpecification","valueRequired":true,"valueName":"search_term_string"}}],"inLanguage":"pt-BR"},{"@type":"Person","@id":"https:\/\/www.blogsoestado.com\/danielmatos\/#\/schema\/person\/9a209d407cd45631f131e1285b661bb0","name":"Daniel Matos","image":{"@type":"ImageObject","inLanguage":"pt-BR","@id":"https:\/\/www.blogsoestado.com\/danielmatos\/#\/schema\/person\/image\/","url":"https:\/\/secure.gravatar.com\/avatar\/2f26c36ee355da19a257f0dfef43952a2588b324ca35d6719e859fe338ac0392?s=96&d=mm&r=g","contentUrl":"https:\/\/secure.gravatar.com\/avatar\/2f26c36ee355da19a257f0dfef43952a2588b324ca35d6719e859fe338ac0392?s=96&d=mm&r=g","caption":"Daniel Matos"},"url":"https:\/\/www.blogsoestado.com\/danielmatos\/author\/danielmatos\/"}]}},"jetpack_featured_media_url":"","_links":{"self":[{"href":"https:\/\/www.blogsoestado.com\/danielmatos\/wp-json\/wp\/v2\/posts\/155677","targetHints":{"allow":["GET"]}}],"collection":[{"href":"https:\/\/www.blogsoestado.com\/danielmatos\/wp-json\/wp\/v2\/posts"}],"about":[{"href":"https:\/\/www.blogsoestado.com\/danielmatos\/wp-json\/wp\/v2\/types\/post"}],"author":[{"embeddable":true,"href":"https:\/\/www.blogsoestado.com\/danielmatos\/wp-json\/wp\/v2\/users\/2"}],"replies":[{"embeddable":true,"href":"https:\/\/www.blogsoestado.com\/danielmatos\/wp-json\/wp\/v2\/comments?post=155677"}],"version-history":[{"count":1,"href":"https:\/\/www.blogsoestado.com\/danielmatos\/wp-json\/wp\/v2\/posts\/155677\/revisions"}],"predecessor-version":[{"id":155680,"href":"https:\/\/www.blogsoestado.com\/danielmatos\/wp-json\/wp\/v2\/posts\/155677\/revisions\/155680"}],"wp:attachment":[{"href":"https:\/\/www.blogsoestado.com\/danielmatos\/wp-json\/wp\/v2\/media?parent=155677"}],"wp:term":[{"taxonomy":"category","embeddable":true,"href":"https:\/\/www.blogsoestado.com\/danielmatos\/wp-json\/wp\/v2\/categories?post=155677"},{"taxonomy":"post_tag","embeddable":true,"href":"https:\/\/www.blogsoestado.com\/danielmatos\/wp-json\/wp\/v2\/tags?post=155677"}],"curies":[{"name":"wp","href":"https:\/\/api.w.org\/{rel}","templated":true}]}}